{"id":9879,"date":"2015-04-01T17:25:05","date_gmt":"2015-04-01T15:25:05","guid":{"rendered":"http:\/\/www.robertosedda.it\/?p=9879"},"modified":"2023-04-05T09:22:12","modified_gmt":"2023-04-05T07:22:12","slug":"urgente11-fate-girare11","status":"publish","type":"post","link":"https:\/\/www.robertosedda.it\/?p=9879","title":{"rendered":"URGENTE!!1!!1! FATE GIRARE!!1!1!!"},"content":{"rendered":"<p>Ok, adesso che ho la vostra attenzione, il mio problema \u00e8 questo:<\/p>\n<p>&#8230;<\/p>\n<p>&#8230;<\/p>\n<p>pronti?<\/p>\n<p><a href=\"https:\/\/i0.wp.com\/www.robertosedda.it\/wp-content\/uploads\/2012\/12\/197882_4997567705416_1682811050_n.jpg\"><img data-attachment-id=\"1552\" data-permalink=\"https:\/\/www.robertosedda.it\/?attachment_id=1552\" data-orig-file=\"https:\/\/i0.wp.com\/www.robertosedda.it\/wp-content\/uploads\/2012\/12\/197882_4997567705416_1682811050_n.jpg?fit=750%2C865&amp;ssl=1\" data-orig-size=\"750,865\" data-comments-opened=\"1\" data-image-meta=\"{&quot;aperture&quot;:&quot;0&quot;,&quot;credit&quot;:&quot;&quot;,&quot;camera&quot;:&quot;&quot;,&quot;caption&quot;:&quot;&quot;,&quot;created_timestamp&quot;:&quot;0&quot;,&quot;copyright&quot;:&quot;&quot;,&quot;focal_length&quot;:&quot;0&quot;,&quot;iso&quot;:&quot;0&quot;,&quot;shutter_speed&quot;:&quot;0&quot;,&quot;title&quot;:&quot;&quot;}\" data-image-title=\"197882_4997567705416_1682811050_n\" data-image-description=\"\" data-image-caption=\"\" data-medium-file=\"https:\/\/i0.wp.com\/www.robertosedda.it\/wp-content\/uploads\/2012\/12\/197882_4997567705416_1682811050_n.jpg?fit=260%2C300&amp;ssl=1\" data-large-file=\"https:\/\/i0.wp.com\/www.robertosedda.it\/wp-content\/uploads\/2012\/12\/197882_4997567705416_1682811050_n.jpg?fit=510%2C588&amp;ssl=1\" decoding=\"async\" loading=\"lazy\" class=\"aligncenter size-full wp-image-1552\" src=\"https:\/\/i0.wp.com\/www.robertosedda.it\/wp-content\/uploads\/2012\/12\/197882_4997567705416_1682811050_n.jpg?resize=750%2C865\" alt=\"197882_4997567705416_1682811050_n\" width=\"750\" height=\"865\" srcset=\"https:\/\/i0.wp.com\/www.robertosedda.it\/wp-content\/uploads\/2012\/12\/197882_4997567705416_1682811050_n.jpg?w=750&amp;ssl=1 750w, https:\/\/i0.wp.com\/www.robertosedda.it\/wp-content\/uploads\/2012\/12\/197882_4997567705416_1682811050_n.jpg?resize=260%2C300&amp;ssl=1 260w, https:\/\/i0.wp.com\/www.robertosedda.it\/wp-content\/uploads\/2012\/12\/197882_4997567705416_1682811050_n.jpg?resize=700%2C807&amp;ssl=1 700w\" sizes=\"(max-width: 750px) 100vw, 750px\" data-recalc-dims=\"1\" \/><\/a>Insomma: sono quasi tre anni che faccio <em>Oggi parliamo di libri<\/em> e non ho <em>mai <\/em>nessuna reazione. Non so manco se qualcuno mi ascolta (a parte mia mamma, santa donna, e un paio di amici che vivono oltre il mare e ascoltano le puntate in <em>podcast<\/em>). Non so se piace, se interessa, se \u00e8 utile.<\/p>\n<p>Intendiamoci: non \u00e8 un problema, in un certo senso. Fare radio mi piace moltissimo e preparare le puntate \u00e8 una sfida che mi porta a scoprire molte cose nuove, anche in posti inaspettati. Ma con tutto questo non posso che chiedermi che rapporto la trasmissione abbia coi suoi ascoltatori, tanto pi\u00f9 per il fatto che vado in onda su uno strumento comunicativo di una radio diocesana che dovrebbe anche essere utile alla comunit\u00e0.<\/p>\n<p>E quindi lancio un grande sondaggio: siate buoni, scrivetemi qui sotto cosa vi sembra della trasmissione (vi ricordo che le puntate sono tutte sul <a href=\"http:\/\/www.youtube.com\/channel\/UC37IP50YwIadpe6Wqz4RpEw\">canale <em>YouTube<\/em><\/a>): scrivete quello che volete, non mi offendo mica. Sono particolarmente interessato a pareri della comunit\u00e0 ecclesiale, ma in generale di chiunque. Che ve ne pare? Vi piace? Non vi piace? Non riuscite a sentirla? La impostereste diversamente? Vorreste che parlassi di argomenti diversi, di altri libri? Ci sono argomenti che vi interesserebbero? Vorreste un maggiore collegamento con cose che fate nei gruppi o nelle parrocchie? Sostegno a gruppi di lettura? Iniziative? Altre cose che vi vengono in mente e che vorreste dirmi?<\/p>\n<p>Fate girare!<\/p>\n<p>No, scusate: FATE GIRARE!!!1!!1!1<\/p>\n","protected":false},"excerpt":{"rendered":"<p>Ok, adesso che ho la vostra attenzione, il mio problema \u00e8 questo: &#8230; &#8230; pronti? Insomma: sono quasi tre anni<\/p>\n","protected":false},"author":1,"featured_media":1552,"comment_status":"open","ping_status":"open","sticky":false,"template":"","format":"standard","meta":{"_mi_skip_tracking":false,"_monsterinsights_sitenote_active":false,"_monsterinsights_sitenote_note":"","_monsterinsights_sitenote_category":0,"jetpack_post_was_ever_published":false,"_jetpack_newsletter_access":"","jetpack_publicize_message":"","jetpack_is_tweetstorm":false,"jetpack_publicize_feature_enabled":true,"jetpack_social_post_already_shared":true,"jetpack_social_options":{"image_generator_settings":{"template":"highway","enabled":false}}},"categories":[52,55,77,15,12],"tags":[],"jetpack_publicize_connections":[],"jetpack_featured_media_url":"https:\/\/i0.wp.com\/www.robertosedda.it\/wp-content\/uploads\/2012\/12\/197882_4997567705416_1682811050_n.jpg?fit=750%2C865&ssl=1","jetpack_sharing_enabled":true,"jetpack_shortlink":"https:\/\/wp.me\/p4jV2T-2zl","jetpack_likes_enabled":true,"jetpack-related-posts":[{"id":10836,"url":"https:\/\/www.robertosedda.it\/?p=10836","url_meta":{"origin":9879,"position":0},"title":"Sono di nuovo on air (e anche on line!)","author":"Rufus","date":"15\/09\/2015","format":false,"excerpt":"Da gioved\u00ec prossimo ricomincia\u00a0Oggi parliamo di libri, al solito orario delle 19.10 e in replica il venerd\u00ec mattina alle 8.30. La grossa novit\u00e0 di quest'anno \u00e8 il\u00a0podcast, che permetter\u00e0 di riascoltare le puntate quasi immediatamente senza bisogno di aspettare che io le metta in rete per conto mio. Continuer\u00f2 comunque\u2026","rel":"","context":"In &quot;Coordinate&quot;","block_context":{"text":"Coordinate","link":"https:\/\/www.robertosedda.it\/?cat=52"},"img":{"alt_text":"","src":"https:\/\/i0.wp.com\/www.robertosedda.it\/wp-content\/uploads\/2015\/09\/Radio-Kalaritana-On-Air.jpg?fit=850%2C310&ssl=1&resize=350%2C200","width":350,"height":200,"srcset":"https:\/\/i0.wp.com\/www.robertosedda.it\/wp-content\/uploads\/2015\/09\/Radio-Kalaritana-On-Air.jpg?fit=850%2C310&ssl=1&resize=350%2C200 1x, https:\/\/i0.wp.com\/www.robertosedda.it\/wp-content\/uploads\/2015\/09\/Radio-Kalaritana-On-Air.jpg?fit=850%2C310&ssl=1&resize=700%2C400 2x"},"classes":[]},{"id":5743,"url":"https:\/\/www.robertosedda.it\/?p=5743","url_meta":{"origin":9879,"position":1},"title":"In viaggio per gli Stati Uniti esclusivamente col treno","author":"Rufus","date":"04\/01\/2014","format":false,"excerpt":"Non l'ho mai scritto qui ma mi piace molto Passioni, un programma di Radio3 che va in onda il sabato e la domenica mattina, alle undici meno dieci circa (e che completa, devo dire, un fior fior di mattinata che comprende Lezioni di musica e Uomini e profeti, che a\u2026","rel":"","context":"In &quot;Coordinate&quot;","block_context":{"text":"Coordinate","link":"https:\/\/www.robertosedda.it\/?cat=52"},"img":{"alt_text":"","src":"https:\/\/i0.wp.com\/www.robertosedda.it\/wp-content\/uploads\/2014\/01\/AMTRAK-22.jpg?fit=413%2C310&ssl=1&resize=350%2C200","width":350,"height":200},"classes":[]},{"id":10327,"url":"https:\/\/www.robertosedda.it\/?p=10327","url_meta":{"origin":9879,"position":2},"title":"La stand up comedy che in Italia non c&#8217;\u00e8 (e quella che c&#8217;\u00e8)","author":"Rufus","date":"08\/06\/2015","format":false,"excerpt":"Passioni \u00e8 un bel programma di Radio3 di cui ho gi\u00e0 parlato altre volte. Nello scorso fine settimana ho ascoltato due puntate dedicate alla stand up comedy, che erano molto interessanti e che vi invito a scaricare o a riascoltare in podcast (sono le puntate del 6 e 7 giugno\u2026","rel":"","context":"In &quot;Coordinate&quot;","block_context":{"text":"Coordinate","link":"https:\/\/www.robertosedda.it\/?cat=52"},"img":{"alt_text":"","src":"","width":0,"height":0},"classes":[]},{"id":18723,"url":"https:\/\/www.robertosedda.it\/?p=18723","url_meta":{"origin":9879,"position":3},"title":"L&#8217;amabile Rufus e il meraviglioso mondo dei podcast","author":"Rufus","date":"03\/06\/2021","format":false,"excerpt":"A fine agosto dell'anno scorso, quando gi\u00e0 si intuiva che avremmo passato altri lunghi mesi pi\u00f9 o meno reclusi, ho cominciato a camminare. Pu\u00f2 darsi che la cosa abbia avuto inizio perch\u00e9 mi sono detto che era meglio tenere d'occhio la pressione, ma in realt\u00e0 col senno di poi credo\u2026","rel":"","context":"In &quot;Coordinate&quot;","block_context":{"text":"Coordinate","link":"https:\/\/www.robertosedda.it\/?cat=52"},"img":{"alt_text":"","src":"https:\/\/i0.wp.com\/www.robertosedda.it\/wp-content\/uploads\/2021\/05\/La-riserva.jpg?fit=494%2C879&ssl=1&resize=350%2C200","width":350,"height":200},"classes":[]},{"id":2153,"url":"https:\/\/www.robertosedda.it\/?p=2153","url_meta":{"origin":9879,"position":4},"title":"Sono su Youtube!","author":"Rufus","date":"01\/02\/2013","format":"video","excerpt":"Bella gente, grandi novit\u00e0! L'impegno che mi ero preso, di trascrivere volta per volta le puntate di Oggi parliamo di libri, si sta rivelando troppo oneroso: sono rimasto alla quarta puntata e ne sono state trasmesse gi\u00e0 nove, ogni \"sbobinatura\" prende tempo e non sembra probabile che possa facilmente recuperare\u2026","rel":"","context":"In &quot;Coordinate&quot;","block_context":{"text":"Coordinate","link":"https:\/\/www.robertosedda.it\/?cat=52"},"img":{"alt_text":"","src":"https:\/\/i0.wp.com\/img.youtube.com\/vi\/mN9gq-HwVBA\/0.jpg?resize=350%2C200","width":350,"height":200},"classes":[]},{"id":16007,"url":"https:\/\/www.robertosedda.it\/?p=16007","url_meta":{"origin":9879,"position":5},"title":"Ripassare in radio","author":"Rufus","date":"17\/12\/2018","format":"video","excerpt":"Luned\u00ec scorso sono tornato brevemente dietro i microfoni di\u00a0Radio Kalaritana\u00a0per un'intervista che mi ha voluto fare Andrea Pala, ai tempi curatore di Oggi parliamo di libri\u00a0e oggi conduttore, fra le altre cose, de\u00a0La diocesi in diretta. \u00c8 stata un'occasione divertente, a partire dal fatto che Davide Toro, regista dalla memoria\u2026","rel":"","context":"In &quot;Coordinate&quot;","block_context":{"text":"Coordinate","link":"https:\/\/www.robertosedda.it\/?cat=52"},"img":{"alt_text":"","src":"https:\/\/i0.wp.com\/www.robertosedda.it\/wp-content\/uploads\/2018\/12\/Rufus-back-on-air.jpg?fit=1200%2C675&ssl=1&resize=350%2C200","width":350,"height":200,"srcset":"https:\/\/i0.wp.com\/www.robertosedda.it\/wp-content\/uploads\/2018\/12\/Rufus-back-on-air.jpg?fit=1200%2C675&ssl=1&resize=350%2C200 1x, https:\/\/i0.wp.com\/www.robertosedda.it\/wp-content\/uploads\/2018\/12\/Rufus-back-on-air.jpg?fit=1200%2C675&ssl=1&resize=700%2C400 2x, https:\/\/i0.wp.com\/www.robertosedda.it\/wp-content\/uploads\/2018\/12\/Rufus-back-on-air.jpg?fit=1200%2C675&ssl=1&resize=1050%2C600 3x"},"classes":[]}],"_links":{"self":[{"href":"https:\/\/www.robertosedda.it\/index.php?rest_route=\/wp\/v2\/posts\/9879"}],"collection":[{"href":"https:\/\/www.robertosedda.it\/index.php?rest_route=\/wp\/v2\/posts"}],"about":[{"href":"https:\/\/www.robertosedda.it\/index.php?rest_route=\/wp\/v2\/types\/post"}],"author":[{"embeddable":true,"href":"https:\/\/www.robertosedda.it\/index.php?rest_route=\/wp\/v2\/users\/1"}],"replies":[{"embeddable":true,"href":"https:\/\/www.robertosedda.it\/index.php?rest_route=%2Fwp%2Fv2%2Fcomments&post=9879"}],"version-history":[{"count":1,"href":"https:\/\/www.robertosedda.it\/index.php?rest_route=\/wp\/v2\/posts\/9879\/revisions"}],"predecessor-version":[{"id":9880,"href":"https:\/\/www.robertosedda.it\/index.php?rest_route=\/wp\/v2\/posts\/9879\/revisions\/9880"}],"wp:featuredmedia":[{"embeddable":true,"href":"https:\/\/www.robertosedda.it\/index.php?rest_route=\/wp\/v2\/media\/1552"}],"wp:attachment":[{"href":"https:\/\/www.robertosedda.it\/index.php?rest_route=%2Fwp%2Fv2%2Fmedia&parent=9879"}],"wp:term":[{"taxonomy":"category","embeddable":true,"href":"https:\/\/www.robertosedda.it\/index.php?rest_route=%2Fwp%2Fv2%2Fcategories&post=9879"},{"taxonomy":"post_tag","embeddable":true,"href":"https:\/\/www.robertosedda.it\/index.php?rest_route=%2Fwp%2Fv2%2Ftags&post=9879"}],"curies":[{"name":"wp","href":"https:\/\/api.w.org\/{rel}","templated":true}]}}