{"id":9871,"date":"2015-03-31T09:58:27","date_gmt":"2015-03-31T07:58:27","guid":{"rendered":"http:\/\/www.robertosedda.it\/?p=9871"},"modified":"2015-04-10T18:09:03","modified_gmt":"2015-04-10T16:09:03","slug":"la-sardegna-si-salva-tutta-o-non-si-salva-un-intervento-di-enrico-lobina","status":"publish","type":"post","link":"https:\/\/www.robertosedda.it\/?p=9871","title":{"rendered":"La Sardegna si salva tutta o non si salva (un intervento di Enrico Lobina)"},"content":{"rendered":"<p>Questo articolo viene pubblicato anche sui siti di <strong><em><a href=\"http:\/\/www.fondazionesardinia.eu\/ita\">Fondazione Sardinia<\/a><\/em><\/strong>, <strong><em><a href=\"http:\/\/tramasdeamistade.org\/htdocs\/cms\/index.php\">Tramasdeamistade<\/a><\/em><\/strong>, <strong><em><a href=\"http:\/\/www.sardegnasoprattutto.org\/\">Sardegna Soprattutto<\/a><\/em><\/strong>, <strong><em><a href=\"http:\/\/www.formaparis.com\/\">Sportello Formaparis<\/a><\/em><\/strong>,<strong><em><a href=\"http:\/\/tottusinpari.blog.tiscali.it\/\">Tottusinpari <\/a><\/em><\/strong>e sui <em>blog <\/em>di <strong><a href=\"http:\/\/www.enricolobina.org\/wp\/\">Enrico Lobina<\/a><\/strong>, <strong><a href=\"http:\/\/www.vitobiolchini.it\/\">Vito Biolchini <\/a><\/strong>e <strong><a href=\"http:\/\/madrigopolis.blogspot.it\/\">Francesca Madrigali<\/a><\/strong>.<\/p>\n<h2><b><a href=\"https:\/\/i0.wp.com\/www.robertosedda.it\/wp-content\/uploads\/2013\/04\/2013-04-25-10.33.37.jpg\"><img data-attachment-id=\"3003\" data-permalink=\"https:\/\/www.robertosedda.it\/?attachment_id=3003\" data-orig-file=\"https:\/\/i0.wp.com\/www.robertosedda.it\/wp-content\/uploads\/2013\/04\/2013-04-25-10.33.37.jpg?fit=1536%2C2048&amp;ssl=1\" data-orig-size=\"1536,2048\" data-comments-opened=\"1\" data-image-meta=\"{&quot;aperture&quot;:&quot;2.6&quot;,&quot;credit&quot;:&quot;&quot;,&quot;camera&quot;:&quot;YP-G70&quot;,&quot;caption&quot;:&quot;&quot;,&quot;created_timestamp&quot;:&quot;1366886017&quot;,&quot;copyright&quot;:&quot;&quot;,&quot;focal_length&quot;:&quot;3.79&quot;,&quot;iso&quot;:&quot;100&quot;,&quot;shutter_speed&quot;:&quot;0.00833333333333&quot;,&quot;title&quot;:&quot;&quot;}\" data-image-title=\"2013-04-25 10.33.37\" data-image-description=\"\" data-image-caption=\"\" data-medium-file=\"https:\/\/i0.wp.com\/www.robertosedda.it\/wp-content\/uploads\/2013\/04\/2013-04-25-10.33.37.jpg?fit=225%2C300&amp;ssl=1\" data-large-file=\"https:\/\/i0.wp.com\/www.robertosedda.it\/wp-content\/uploads\/2013\/04\/2013-04-25-10.33.37.jpg?fit=510%2C680&amp;ssl=1\" decoding=\"async\" loading=\"lazy\" class=\"aligncenter wp-image-3003 size-full\" src=\"https:\/\/i0.wp.com\/www.robertosedda.it\/wp-content\/uploads\/2013\/04\/2013-04-25-10.33.37.jpg?resize=800%2C1067\" alt=\"2013-04-25 10.33.37\" width=\"800\" height=\"1067\" srcset=\"https:\/\/i0.wp.com\/www.robertosedda.it\/wp-content\/uploads\/2013\/04\/2013-04-25-10.33.37.jpg?w=1536&amp;ssl=1 1536w, https:\/\/i0.wp.com\/www.robertosedda.it\/wp-content\/uploads\/2013\/04\/2013-04-25-10.33.37.jpg?resize=225%2C300&amp;ssl=1 225w, https:\/\/i0.wp.com\/www.robertosedda.it\/wp-content\/uploads\/2013\/04\/2013-04-25-10.33.37.jpg?resize=768%2C1024&amp;ssl=1 768w, https:\/\/i0.wp.com\/www.robertosedda.it\/wp-content\/uploads\/2013\/04\/2013-04-25-10.33.37.jpg?resize=700%2C933&amp;ssl=1 700w\" sizes=\"(max-width: 800px) 100vw, 800px\" data-recalc-dims=\"1\" \/><\/a>La Sardegna si salva tutta o non si salva \u2013 Un futuro produttivo e l\u2019estinzione gi\u00e0 in corso<\/b><\/h2>\n<h3>di Enrico Lobina<\/h3>\n<p>In consiglio comunale, a Cagliari, capita, anche nelle parole del Sindaco, di sentire frasi come: \u00abdobbiamo chiedere alla Regione ci\u00f2 che ci spetta, e cambiare le regole del Fondo Unico degli Enti Locali\u00bb, \u00abin Italia hanno fatto una legge per Roma capitale e per noi niente\u00bb, \u00abnoi smaltiamo i rifiuti di tutta l\u2019area vasta, e dobbiamo chiedere una compensazione\u00bb.<\/p>\n<p>Anche se ci fosse del vero, ed in qualche caso c\u2019\u00e8, mi stupisce la pochezza del ragionamento. I temi dell\u2019inurbamento, dello spopolamento, della Sardegna come ciambella (popolata sulle coste, vuota all\u2019interno) non si possono affrontare cos\u00ec.<\/p>\n<p>La Sardegna si salva tutta o non si salva. O la classe dirigente, a partire da quella della capitale, si pone il problema del futuro dell\u2019isola, oppure i prossimi cambiamenti istituzionali (abolizione delle province, accentramento a Cagliari in seguito ai tagli romani, riforma degli enti locali) produrranno solamente un po\u2019 di risentimento, che non porter\u00e0, nel medio periodo, a nulla neanche a Cagliari.<\/p>\n<p>Cagliari e la sua area metropolitana o ragionano di tutta la Sardegna o non si salvano, anche se met\u00e0 dei sardi si trasferisse a vivere qua, nell\u2019area urbana del sud.<\/p>\n<p>Ma bisogna ancor di pi\u00f9 allargare lo sguardo. O le citt\u00e0 sarde (Cagliari, Sassari, Oristano, Nuoro ed Olbia) ragionano complessivamente e insieme su se stesse, con leale spirito di collaborazione, ed ognuna si ritaglia un ruolo, oppure qualcuna persister\u00e0 con pi\u00f9 forza nel proprio declino, e le altre seguiranno qualche decennio dopo.<\/p>\n<p>L\u2019area metropolitana di Cagliari potrebbe essere, se nasce con un profilo alto, un bel contrappeso alla Regione e contribuire alla rinascita economica, sociale e culturale di un progetto per la Sardegna.<\/p>\n<p>Lo spopolamento dei paesi, drammatico ed inevitabile, pu\u00f2 essere combattuto con fortissime politiche anticicliche. Attualmente non se ne vedono all\u2019orizzonte.<\/p>\n<p>Dalla fine del 2010 il comune di Sadali ha istituito tre misure di incentivazione:<\/p>\n<ul>\n<li>un bonus beb\u00e8 di 200 \u20ac mensili per 24 mesi da erogare ai genitori (con almeno uno dei genitori con residenza a Sadali) di bambini iscritti al registro anagrafico del comune di Sadali;<\/li>\n<li>un bonus famiglia di 200 \u20ac mensili per 24 mesi da erogare a chi trasferisce la residenza da un Comune con popolazione superiore a 3 mila abitanti a Sadali;<\/li>\n<li>un bonus scuola di 200 \u20ac mensili per 24 mesi da erogare ai genitori dei bambini iscritti a scuola.<\/li>\n<\/ul>\n<p align=\"justify\">Il bonus consiste in un \u201cticket nominativo\u201d attraverso il quale il beneficiario pu\u00f2 acquistare, presso gli esercenti convenzionati, beni e servizi necessari per una vita dignitosa.<\/p>\n<p align=\"justify\">Dopo 20 anni di saldi negativi, negli anni 2011, 2012 e 2013 si registra un aumento complessivo della popolazione del 4% grazie all\u2019aumento di residenti.<\/p>\n<p>I nuovi residenti sono giovani, istruiti, propensi a riscoprire e svolgere, come lavoro, i mestieri tradizionali e in particolare quelli legati alla coltivazione e allevamento, quasi sempre con figli.<\/p>\n<p>A Sadali non tutti sono felici di queste politiche, ma \u00e8 un inizio.<\/p>\n<p>In Emilia-Romagna, Calabria, ma anche Galles e Finlandia, e per la verit\u00e0 in altre realt\u00e0 della Sardegna, si prova, quasi in maniera artigianale, a designare politiche contro lo spopolamento davvero efficaci e forti, concrete.<\/p>\n<p>La politica regionale, al contrario, non va oltre la normale amministrazione di politiche gi\u00e0 esistenti, che finora non hanno dato alcun risultato. Il gruppo consiliare regionale di <em>Sardegna Vera<\/em>, recentemente, ha proposto un emendamento alla proposta di legge sull\u2019edilizia, attualmente in discussione in aula, che prevede che nel caso un fabbricato di un\u2019area rurale sia in stato di degrado, mediante il Comune si arrivi alla riqualificazione dello stesso da parte di un privato che lo acquista ad un prezzo simbolico.<\/p>\n<p>Si tratta di mettere a sistema politiche che, ritagliate sulle esigenze di ogni singola comunit\u00e0, vadano tutte nella stessa direzione: salvare dall\u2019estinzione i sardi e ridare forza produttiva alla Sardegna.<\/p>\n<p>Da questo punto di vista, segnalo come il Comune di Cagliari spenda, quasi fosse un <em>bancomat<\/em>, milioni di euro in sussidi sociali che non provocano nessun incentivo alla riqualificazione produttiva e all\u2019emancipazione in chi li riceve. Al contrario, si abitua una piccola e povera casta all\u2019assistenzialismo.<\/p>\n<p>Se quelle stesse risorse, di concerto con altri comuni e con attivit\u00e0 di accompagnamento pubbliche, fossero spese per garantire una emancipazione personale ed uno sviluppo produttivo guidato da quei nuclei familiari, non avremmo fatto un enorme passo in avanti?<\/p>\n<p>Lavorare per una comunit\u00e0 produttiva, libera e felice significa anche rigettare l\u2019assistenzialismo, senza mai lasciare indietro nessuno.<\/p>\n","protected":false},"excerpt":{"rendered":"<p>Questo articolo viene pubblicato anche sui siti di Fondazione Sardinia, Tramasdeamistade, Sardegna Soprattutto, Sportello Formaparis,Tottusinpari e sui blog di Enrico<\/p>\n","protected":false},"author":1,"featured_media":3003,"comment_status":"open","ping_status":"open","sticky":false,"template":"","format":"standard","meta":{"_mi_skip_tracking":false,"_monsterinsights_sitenote_active":false,"_monsterinsights_sitenote_note":"","_monsterinsights_sitenote_category":0,"jetpack_post_was_ever_published":false,"_jetpack_newsletter_access":"","jetpack_publicize_message":"","jetpack_is_tweetstorm":false,"jetpack_publicize_feature_enabled":true,"jetpack_social_post_already_shared":true,"jetpack_social_options":{"image_generator_settings":{"template":"highway","enabled":false}}},"categories":[52,57,17,59,16],"tags":[],"jetpack_publicize_connections":[],"jetpack_featured_media_url":"https:\/\/i0.wp.com\/www.robertosedda.it\/wp-content\/uploads\/2013\/04\/2013-04-25-10.33.37.jpg?fit=1536%2C2048&ssl=1","jetpack_sharing_enabled":true,"jetpack_shortlink":"https:\/\/wp.me\/p4jV2T-2zd","jetpack_likes_enabled":true,"jetpack-related-posts":[{"id":5060,"url":"https:\/\/www.robertosedda.it\/?p=5060","url_meta":{"origin":9871,"position":0},"title":"La politica \u00e8 morta, viva la politica","author":"Rufus","date":"20\/11\/2013","format":false,"excerpt":"Questa settimana l'articolo collettivo \u00e8 stato scritto da Enrico Lobina. Come al solito viene pubblicato, oltre che su questo sito, su quelli di Fondazione Sardinia, Tramas de amistade, Aladin pensiero, Vito Biolchini, Sardegna soprattutto, Enrico Lobina, Madrigopolis, Forma paris\u00a0e Tottus in pari. Enrico sa, perch\u00e9 gliel'ho detto durante la discussione,\u2026","rel":"","context":"In &quot;Coordinate&quot;","block_context":{"text":"Coordinate","link":"https:\/\/www.robertosedda.it\/?cat=52"},"img":{"alt_text":"","src":"https:\/\/i0.wp.com\/www.robertosedda.it\/wp-content\/uploads\/2013\/11\/Politici-sotto-inchiesta.jpg?fit=302%2C282&ssl=1&resize=350%2C200","width":350,"height":200},"classes":[]},{"id":7294,"url":"https:\/\/www.robertosedda.it\/?p=7294","url_meta":{"origin":9871,"position":1},"title":"Pepe Mujica ed il coraggio del nuovo","author":"Rufus","date":"08\/05\/2014","format":false,"excerpt":"\u00c8 giunto molto gradito un nuovo articolo dei\u00a0blogger del luned\u00ec, che non ho pubblicato subito perch\u00e9 non avevo controllato la posta (ehm). Lo pubblico adesso insieme, come al solito, ai siti\u00a0della\u00a0Fondazione Sardinia,\u00a0Tramas de amistade,\u00a0Aladin pensiero,\u00a0Vito Biolchini,\u00a0Sardegna soprattutto,\u00a0Enrico Lobina,\u00a0Madrigopolis,\u00a0Forma paris\u00a0e\u00a0Tottus in pari. Pepe Mujica ed il coraggio del nuovo di Enrico\u2026","rel":"","context":"In &quot;Coordinate&quot;","block_context":{"text":"Coordinate","link":"https:\/\/www.robertosedda.it\/?cat=52"},"img":{"alt_text":"","src":"https:\/\/i0.wp.com\/www.robertosedda.it\/wp-content\/uploads\/2013\/04\/2013-04-25-10.33.37.jpg?fit=900%2C1200&ssl=1&resize=350%2C200","width":350,"height":200,"srcset":"https:\/\/i0.wp.com\/www.robertosedda.it\/wp-content\/uploads\/2013\/04\/2013-04-25-10.33.37.jpg?fit=900%2C1200&ssl=1&resize=350%2C200 1x, https:\/\/i0.wp.com\/www.robertosedda.it\/wp-content\/uploads\/2013\/04\/2013-04-25-10.33.37.jpg?fit=900%2C1200&ssl=1&resize=700%2C400 2x"},"classes":[]},{"id":5049,"url":"https:\/\/www.robertosedda.it\/?p=5049","url_meta":{"origin":9871,"position":2},"title":"Due cose brevissime sull&#8217;alluvione","author":"Rufus","date":"19\/11\/2013","format":false,"excerpt":"Prima di tutto ringrazio tutti gli amici del Continente, soprattutto di Banca Etica, che hanno chiamato per chiedere se tutto \u00e8 a posto. \u00c8 chiaro che non c'\u00e8 niente a posto, ma a Cagliari e nelle zone colpite dall'alluvione del 2008 i danni sembrano essere limitati. Per questo pomeriggio \u00e8\u2026","rel":"","context":"In &quot;Coordinate&quot;","block_context":{"text":"Coordinate","link":"https:\/\/www.robertosedda.it\/?cat=52"},"img":{"alt_text":"","src":"https:\/\/i0.wp.com\/www.robertosedda.it\/wp-content\/uploads\/2013\/11\/1464703_10201928877615449_164004127_n.jpg?fit=960%2C720&ssl=1&resize=350%2C200","width":350,"height":200,"srcset":"https:\/\/i0.wp.com\/www.robertosedda.it\/wp-content\/uploads\/2013\/11\/1464703_10201928877615449_164004127_n.jpg?fit=960%2C720&ssl=1&resize=350%2C200 1x, https:\/\/i0.wp.com\/www.robertosedda.it\/wp-content\/uploads\/2013\/11\/1464703_10201928877615449_164004127_n.jpg?fit=960%2C720&ssl=1&resize=700%2C400 2x"},"classes":[]},{"id":9650,"url":"https:\/\/www.robertosedda.it\/?p=9650","url_meta":{"origin":9871,"position":3},"title":"La Grecia sta meglio della Sardegna: perch\u00e9 almeno ha rialzato la testa","author":"Rufus","date":"23\/02\/2015","format":false,"excerpt":"Questo articolo viene pubblicato anche sui siti di\u00a0Fondazione Sardinia, Tramasdeamistade, Sardegna Soprattutto,\u00a0Sportello Formaparis,\u00a0Tottusinpari\u00a0e sui blog di\u00a0Enrico Lobina,\u00a0Vito Biolchini\u00a0e\u00a0Francesca Madrigali. La Grecia sta meglio della Sardegna: perch\u00e9 almeno ha rialzato la testa di Enrico Lobina La Grecia ha conosciuto, negli ultimi anni, la peggiore crisi economica nella sua storia recente. Dal\u2026","rel":"","context":"In &quot;Coordinate&quot;","block_context":{"text":"Coordinate","link":"https:\/\/www.robertosedda.it\/?cat=52"},"img":{"alt_text":"","src":"https:\/\/i0.wp.com\/www.robertosedda.it\/wp-content\/uploads\/2015\/02\/Atene-500x319.jpg?fit=500%2C319&ssl=1&resize=350%2C200","width":350,"height":200},"classes":[]},{"id":9559,"url":"https:\/\/www.robertosedda.it\/?p=9559","url_meta":{"origin":9871,"position":4},"title":"Bainzu Piliu, Pertini e Mattarella. E la Sardegna come l\u2019Alabama (di Piero Marcialis)","author":"Rufus","date":"10\/02\/2015","format":false,"excerpt":"Questo articolo viene\u00a0pubblicato anche dai siti\u00a0di\u00a0Fondazione Sardinia, Tramasdeamistade,\u00a0 SardegnaSoprattutto,\u00a0Sportello Formaparis,\u00a0Tottusinpari e sui blog\u00a0di\u00a0Enrico Lobina,\u00a0Vito Biolchini\u00a0e\u00a0Francesca Madrigali. Bainzu Piliu, Pertini e Mattarella. E la Sardegna come l\u2019Alabama di Piero Marcialis In questi primi giorni di febbraio sono impegnato a scrivere la riduzione teatrale del libro di Bainzu Piliu Cella n. 21.\u2026","rel":"","context":"In &quot;Coordinate&quot;","block_context":{"text":"Coordinate","link":"https:\/\/www.robertosedda.it\/?cat=52"},"img":{"alt_text":"","src":"https:\/\/i0.wp.com\/www.robertosedda.it\/wp-content\/uploads\/2015\/02\/Baizu-Piliu.jpg?fit=500%2C378&ssl=1&resize=350%2C200","width":350,"height":200},"classes":[]},{"id":8914,"url":"https:\/\/www.robertosedda.it\/?p=8914","url_meta":{"origin":9871,"position":5},"title":"Quali intellettuali in Sardegna? Un intervento di Piero Marcialis","author":"Rufus","date":"19\/11\/2014","format":false,"excerpt":"Oltre che su questo\u00a0blog questo articolo viene pubblicato anche sui siti di\u00a0Fondazione Sardinia,\u00a0Aladinpensiero,\u00a0Tramas de amistade,\u00a0Sardegna Soprattutto,\u00a0Sportello Formaparis,\u00a0Tottusinpari e sui blog di\u00a0Enrico Lobina,\u00a0Vito Biolchini\u00a0e\u00a0Francesca Madrigali. Quali intellettuali in Sardegna? di Piero Marcialis Si scalda (forse) il dibattito sugli intellettuali in Sardegna. Non mi soffermo a dire che intellettuali siamo un po\u2019\u2026","rel":"","context":"In &quot;Coordinate&quot;","block_context":{"text":"Coordinate","link":"https:\/\/www.robertosedda.it\/?cat=52"},"img":{"alt_text":"","src":"https:\/\/i0.wp.com\/www.robertosedda.it\/wp-content\/uploads\/2014\/11\/intellettuali1.jpg?fit=360%2C269&ssl=1&resize=350%2C200","width":350,"height":200},"classes":[]}],"_links":{"self":[{"href":"https:\/\/www.robertosedda.it\/index.php?rest_route=\/wp\/v2\/posts\/9871"}],"collection":[{"href":"https:\/\/www.robertosedda.it\/index.php?rest_route=\/wp\/v2\/posts"}],"about":[{"href":"https:\/\/www.robertosedda.it\/index.php?rest_route=\/wp\/v2\/types\/post"}],"author":[{"embeddable":true,"href":"https:\/\/www.robertosedda.it\/index.php?rest_route=\/wp\/v2\/users\/1"}],"replies":[{"embeddable":true,"href":"https:\/\/www.robertosedda.it\/index.php?rest_route=%2Fwp%2Fv2%2Fcomments&post=9871"}],"version-history":[{"count":1,"href":"https:\/\/www.robertosedda.it\/index.php?rest_route=\/wp\/v2\/posts\/9871\/revisions"}],"predecessor-version":[{"id":9874,"href":"https:\/\/www.robertosedda.it\/index.php?rest_route=\/wp\/v2\/posts\/9871\/revisions\/9874"}],"wp:featuredmedia":[{"embeddable":true,"href":"https:\/\/www.robertosedda.it\/index.php?rest_route=\/wp\/v2\/media\/3003"}],"wp:attachment":[{"href":"https:\/\/www.robertosedda.it\/index.php?rest_route=%2Fwp%2Fv2%2Fmedia&parent=9871"}],"wp:term":[{"taxonomy":"category","embeddable":true,"href":"https:\/\/www.robertosedda.it\/index.php?rest_route=%2Fwp%2Fv2%2Fcategories&post=9871"},{"taxonomy":"post_tag","embeddable":true,"href":"https:\/\/www.robertosedda.it\/index.php?rest_route=%2Fwp%2Fv2%2Ftags&post=9871"}],"curies":[{"name":"wp","href":"https:\/\/api.w.org\/{rel}","templated":true}]}}