{"id":9870,"date":"2015-03-31T15:44:28","date_gmt":"2015-03-31T13:44:28","guid":{"rendered":"http:\/\/www.robertosedda.it\/?p=9870"},"modified":"2016-03-23T10:23:08","modified_gmt":"2016-03-23T09:23:08","slug":"inaspettate-lezioni-di-stili-di-vita-igienici-dalla-sardegna","status":"publish","type":"post","link":"https:\/\/www.robertosedda.it\/?p=9870","title":{"rendered":"Inaspettate lezioni di stili di vita igienici dalla Sardegna"},"content":{"rendered":"<p>I pi\u00f9 attenti fra voi avranno notato una stranezza nell&#8217;articolo sulla degustazione dei vini della cantina <em>Meloni<\/em>:<\/p>\n<blockquote><p>Terzo concetto che mi porto via dalla serata: magari una volta prendo una bottiglia ciascuna\u00a0di queste tre famiglie e <strong><em>metodicamente<\/em><\/strong> verifico la teoria [1].<\/p><\/blockquote>\n<p>La stranezza non sta, come potrebbero pensare i maligni, nella mia intenzione di portarmi a casa una bottiglia di Cannonau, una di Bordeaux e una di Borgogna e bermele <em>tutte<\/em>.<\/p>\n<p><a href=\"https:\/\/i0.wp.com\/www.robertosedda.it\/wp-content\/uploads\/2015\/03\/154127_1687078572181_1434662_n.jpg\"><img data-attachment-id=\"9875\" data-permalink=\"https:\/\/www.robertosedda.it\/?attachment_id=9875\" data-orig-file=\"https:\/\/i0.wp.com\/www.robertosedda.it\/wp-content\/uploads\/2015\/03\/154127_1687078572181_1434662_n.jpg?fit=720%2C540&amp;ssl=1\" data-orig-size=\"720,540\" data-comments-opened=\"1\" data-image-meta=\"{&quot;aperture&quot;:&quot;0&quot;,&quot;credit&quot;:&quot;&quot;,&quot;camera&quot;:&quot;&quot;,&quot;caption&quot;:&quot;&quot;,&quot;created_timestamp&quot;:&quot;0&quot;,&quot;copyright&quot;:&quot;&quot;,&quot;focal_length&quot;:&quot;0&quot;,&quot;iso&quot;:&quot;0&quot;,&quot;shutter_speed&quot;:&quot;0&quot;,&quot;title&quot;:&quot;&quot;,&quot;orientation&quot;:&quot;0&quot;}\" data-image-title=\"154127_1687078572181_1434662_n\" data-image-description=\"\" data-image-caption=\"\" data-medium-file=\"https:\/\/i0.wp.com\/www.robertosedda.it\/wp-content\/uploads\/2015\/03\/154127_1687078572181_1434662_n.jpg?fit=300%2C225&amp;ssl=1\" data-large-file=\"https:\/\/i0.wp.com\/www.robertosedda.it\/wp-content\/uploads\/2015\/03\/154127_1687078572181_1434662_n.jpg?fit=510%2C383&amp;ssl=1\" decoding=\"async\" loading=\"lazy\" class=\"aligncenter size-full wp-image-9875\" src=\"https:\/\/i0.wp.com\/www.robertosedda.it\/wp-content\/uploads\/2015\/03\/154127_1687078572181_1434662_n.jpg?resize=720%2C540\" alt=\"154127_1687078572181_1434662_n\" width=\"720\" height=\"540\" srcset=\"https:\/\/i0.wp.com\/www.robertosedda.it\/wp-content\/uploads\/2015\/03\/154127_1687078572181_1434662_n.jpg?w=720&amp;ssl=1 720w, https:\/\/i0.wp.com\/www.robertosedda.it\/wp-content\/uploads\/2015\/03\/154127_1687078572181_1434662_n.jpg?resize=150%2C113&amp;ssl=1 150w, https:\/\/i0.wp.com\/www.robertosedda.it\/wp-content\/uploads\/2015\/03\/154127_1687078572181_1434662_n.jpg?resize=300%2C225&amp;ssl=1 300w, https:\/\/i0.wp.com\/www.robertosedda.it\/wp-content\/uploads\/2015\/03\/154127_1687078572181_1434662_n.jpg?resize=510%2C383&amp;ssl=1 510w, https:\/\/i0.wp.com\/www.robertosedda.it\/wp-content\/uploads\/2015\/03\/154127_1687078572181_1434662_n.jpg?resize=268%2C200&amp;ssl=1 268w, https:\/\/i0.wp.com\/www.robertosedda.it\/wp-content\/uploads\/2015\/03\/154127_1687078572181_1434662_n.jpg?resize=700%2C525&amp;ssl=1 700w, https:\/\/i0.wp.com\/www.robertosedda.it\/wp-content\/uploads\/2015\/03\/154127_1687078572181_1434662_n.jpg?resize=50%2C38&amp;ssl=1 50w\" sizes=\"(max-width: 720px) 100vw, 720px\" data-recalc-dims=\"1\" \/><\/a>La stranezza sta in quel numero 1 messo fra parentesi. Una nota che volevo aggiungere e che poi mi \u00e8 rimasta sulla tastiera. Una nota che doveva servire a spiegare il senso con il quale in famiglia si utilizza l&#8217;aggettivo &#8220;metodico&#8221;.<\/p>\n<p>La storia \u00e8 questa: il fratello di mio nonno, Francesco Delitala, era un famoso chirurgo ortopedico e, ovviamente, aveva molti amici medici. Da Bologna, dove lavorava, spesso veniva ad Orani per le vacanze e talvolta veniva accompagnato da amici, magari perch\u00e9 c&#8217;era la caccia o per fargli visitare la Sardegna interna.<\/p>\n<p>Avvenne cos\u00ec che una volta si trovava a Orani con un amico, anche lui medico ma specializzato in igiene. E mentre passeggiavano videro\u00a0un bell&#8217;uomo anziano, con una gran barba bianca, dritto come un fuso sul suo mulo, palesemente di ritorno dalla campagna e dunque pienamente in grado, a un&#8217;et\u00e0 pi\u00f9 che rispettabile, di svolgere lavori agricoli anche pesanti. Un bel vecchio atletico, dal fisco visibilmente integro, di quelli che, come capita ancora nei nostri paesi, mentre si avvicinano agli ottanta o ai novanta sono capaci di caricarsi in spalla una fascina intera.<\/p>\n<p>E l&#8217;amico di mio zio, dopo essersi cortesemente informato dall&#8217;anziano circa la sua et\u00e0, le condizioni di salute (si, un doloretto qui e l\u00e0, ma insomma: nulla), alla fine non pot\u00e9 trattenersi: \u00abMa lei certamente ha fatto una vita molto\u00a0<em>metodica<\/em>!\u00bb, e intendeva alimentazione, riposo&#8230;<\/p>\n<p>\u00abIh!!\u00bb, fece quello, \u00abmetodicamente ubriaco tutti i giorni dall&#8217;et\u00e0 di sedici anni!\u00bb.<\/p>\n","protected":false},"excerpt":{"rendered":"<p>I pi\u00f9 attenti fra voi avranno notato una stranezza nell&#8217;articolo sulla degustazione dei vini della cantina Meloni: Terzo concetto che<\/p>\n","protected":false},"author":1,"featured_media":9875,"comment_status":"open","ping_status":"open","sticky":false,"template":"","format":"standard","meta":{"_mi_skip_tracking":false,"_monsterinsights_sitenote_active":false,"_monsterinsights_sitenote_note":"","_monsterinsights_sitenote_category":0,"jetpack_post_was_ever_published":false,"_jetpack_newsletter_access":"","jetpack_publicize_message":"","jetpack_is_tweetstorm":false,"jetpack_publicize_feature_enabled":true,"jetpack_social_post_already_shared":true,"jetpack_social_options":{"image_generator_settings":{"template":"highway","enabled":false}}},"categories":[83,52,56,18,16],"tags":[],"jetpack_publicize_connections":[],"jetpack_featured_media_url":"https:\/\/i0.wp.com\/www.robertosedda.it\/wp-content\/uploads\/2015\/03\/154127_1687078572181_1434662_n.jpg?fit=720%2C540&ssl=1","jetpack_sharing_enabled":true,"jetpack_shortlink":"https:\/\/wp.me\/p4jV2T-2zc","jetpack_likes_enabled":true,"jetpack-related-posts":[{"id":18245,"url":"https:\/\/www.robertosedda.it\/?p=18245","url_meta":{"origin":9870,"position":0},"title":"No, non \u00e8 roba da fantascienza","author":"Rufus","date":"11\/08\/2020","format":false,"excerpt":"Seguendo una segnalazione di Neil Gaiman ho trovato una serie di tweet dello scrittore Nick Harkaway che espongono un concetto che condivido parola per parola e che pertanto ho tradotto. Non \u00e8 una lettura lunga, una volta tanto, ma \u00e8 stimolante lo stesso. https:\/\/twitter.com\/Harkaway\/status\/1292010872525803520 Harkaway parte da un tweet con\u2026","rel":"","context":"In &quot;Antropologia&quot;","block_context":{"text":"Antropologia","link":"https:\/\/www.robertosedda.it\/?cat=97"},"img":{"alt_text":"","src":"https:\/\/i0.wp.com\/www.robertosedda.it\/wp-content\/uploads\/2020\/08\/Harkaway.png?fit=898%2C485&ssl=1&resize=350%2C200","width":350,"height":200,"srcset":"https:\/\/i0.wp.com\/www.robertosedda.it\/wp-content\/uploads\/2020\/08\/Harkaway.png?fit=898%2C485&ssl=1&resize=350%2C200 1x, https:\/\/i0.wp.com\/www.robertosedda.it\/wp-content\/uploads\/2020\/08\/Harkaway.png?fit=898%2C485&ssl=1&resize=700%2C400 2x"},"classes":[]},{"id":5443,"url":"https:\/\/www.robertosedda.it\/?p=5443","url_meta":{"origin":9870,"position":1},"title":"Una storia che inizia","author":"Rufus","date":"17\/12\/2013","format":false,"excerpt":"All'inizio di dicembre, in maniera inopinata, la campagna di gioco di ruolo che io e i miei giocatori conducevamo da almeno un anno (forse due?) \u00e8 terminata, con una conclusione che non avevamo minimamente previsto ma che tutti abbiamo trovato del tutto soddisfacente. Per quelli di voi che non lo\u2026","rel":"","context":"In &quot;Cappe e spade&quot;","block_context":{"text":"Cappe e spade","link":"https:\/\/www.robertosedda.it\/?cat=70"},"img":{"alt_text":"","src":"https:\/\/i0.wp.com\/www.robertosedda.it\/wp-content\/uploads\/2013\/12\/Roba-da-giocatori-di-ruolo.jpg?fit=960%2C720&ssl=1&resize=350%2C200","width":350,"height":200,"srcset":"https:\/\/i0.wp.com\/www.robertosedda.it\/wp-content\/uploads\/2013\/12\/Roba-da-giocatori-di-ruolo.jpg?fit=960%2C720&ssl=1&resize=350%2C200 1x, https:\/\/i0.wp.com\/www.robertosedda.it\/wp-content\/uploads\/2013\/12\/Roba-da-giocatori-di-ruolo.jpg?fit=960%2C720&ssl=1&resize=700%2C400 2x"},"classes":[]},{"id":14766,"url":"https:\/\/www.robertosedda.it\/?p=14766","url_meta":{"origin":9870,"position":2},"title":"La tragedia barbaricina","author":"Rufus","date":"02\/03\/2018","format":false,"excerpt":"Visto che io sono riuscito a vederlo nella prima recita cagliaritana e lo spettacolo resta al Teatro Massimo fino a domenica, mi sembra opportuno invitare tutti ad andare a vedere\u00a0Macbettu, adattamento a cura di Alessandro Serra del Mac... ehm, della tragedia scozzese di Shakespeare: \u00e8 gi\u00e0 stato a Cagliari l'anno\u2026","rel":"","context":"In &quot;Coordinate&quot;","block_context":{"text":"Coordinate","link":"https:\/\/www.robertosedda.it\/?cat=52"},"img":{"alt_text":"","src":"https:\/\/i0.wp.com\/www.robertosedda.it\/wp-content\/uploads\/2018\/03\/Macbettu-3.jpg?fit=1200%2C750&ssl=1&resize=350%2C200","width":350,"height":200,"srcset":"https:\/\/i0.wp.com\/www.robertosedda.it\/wp-content\/uploads\/2018\/03\/Macbettu-3.jpg?fit=1200%2C750&ssl=1&resize=350%2C200 1x, https:\/\/i0.wp.com\/www.robertosedda.it\/wp-content\/uploads\/2018\/03\/Macbettu-3.jpg?fit=1200%2C750&ssl=1&resize=700%2C400 2x, https:\/\/i0.wp.com\/www.robertosedda.it\/wp-content\/uploads\/2018\/03\/Macbettu-3.jpg?fit=1200%2C750&ssl=1&resize=1050%2C600 3x"},"classes":[]},{"id":9814,"url":"https:\/\/www.robertosedda.it\/?p=9814","url_meta":{"origin":9870,"position":3},"title":"In vino vita: e io bevo","author":"Rufus","date":"23\/03\/2015","format":false,"excerpt":"Gioved\u00ec sera ho ricevuto da mia moglie (che come sempre la sa molto pi\u00f9 lunga di me) un bel regalo: mi ha portato a una degustazione di vini, esperienza che non avevo mai fatto. Voglio dire: non \u00e8 che non ho mai bevuto vino (decisamente no). E in realt\u00e0 mi\u2026","rel":"","context":"In &quot;Coordinate&quot;","block_context":{"text":"Coordinate","link":"https:\/\/www.robertosedda.it\/?cat=52"},"img":{"alt_text":"","src":"https:\/\/i0.wp.com\/www.robertosedda.it\/wp-content\/uploads\/2015\/03\/Meloni-Frius.jpg?fit=372%2C1196&ssl=1&resize=350%2C200","width":350,"height":200},"classes":[]},{"id":17620,"url":"https:\/\/www.robertosedda.it\/?p=17620","url_meta":{"origin":9870,"position":4},"title":"Ok, boomer","author":"Rufus","date":"18\/12\/2019","format":false,"excerpt":"Mi capita, ogni tanto, di vedere comparare i giochi di ruolo di un tempo con quelli di oggi. Si tratta, in realt\u00e0, di una comparazione spuria, non solo perch\u00e9 in vari casi i giochi di ruolo di allora sono abbastanza simili a quelli di oggi, ma anche perch\u00e9 ogni tanto\u2026","rel":"","context":"In &quot;Coordinate&quot;","block_context":{"text":"Coordinate","link":"https:\/\/www.robertosedda.it\/?cat=52"},"img":{"alt_text":"","src":"https:\/\/i0.wp.com\/www.robertosedda.it\/wp-content\/uploads\/2019\/12\/Cyberpunk.jpg?fit=448%2C600&ssl=1&resize=350%2C200","width":350,"height":200},"classes":[]},{"id":3872,"url":"https:\/\/www.robertosedda.it\/?p=3872","url_meta":{"origin":9870,"position":5},"title":"Una famiglia perfetta","author":"Rufus","date":"06\/07\/2013","format":"video","excerpt":"Ho visto ieri nella benemerita rassegna estiva di Villa Muscas Una famiglia perfetta di Paolo Genovese. Il gruppo \"La Pira\" in questo periodo sta facendo un lavoro sulle relazioni familiari e quindi la visione del film si prestava, o cos\u00ec pensavo, a fare un po' da sponda a temi di\u2026","rel":"","context":"In &quot;Coordinate&quot;","block_context":{"text":"Coordinate","link":"https:\/\/www.robertosedda.it\/?cat=52"},"img":{"alt_text":"","src":"https:\/\/i0.wp.com\/www.robertosedda.it\/wp-content\/uploads\/2013\/07\/Famiglia-perfetta.jpg?fit=1024%2C619&ssl=1&resize=350%2C200","width":350,"height":200,"srcset":"https:\/\/i0.wp.com\/www.robertosedda.it\/wp-content\/uploads\/2013\/07\/Famiglia-perfetta.jpg?fit=1024%2C619&ssl=1&resize=350%2C200 1x, https:\/\/i0.wp.com\/www.robertosedda.it\/wp-content\/uploads\/2013\/07\/Famiglia-perfetta.jpg?fit=1024%2C619&ssl=1&resize=700%2C400 2x"},"classes":[]}],"_links":{"self":[{"href":"https:\/\/www.robertosedda.it\/index.php?rest_route=\/wp\/v2\/posts\/9870"}],"collection":[{"href":"https:\/\/www.robertosedda.it\/index.php?rest_route=\/wp\/v2\/posts"}],"about":[{"href":"https:\/\/www.robertosedda.it\/index.php?rest_route=\/wp\/v2\/types\/post"}],"author":[{"embeddable":true,"href":"https:\/\/www.robertosedda.it\/index.php?rest_route=\/wp\/v2\/users\/1"}],"replies":[{"embeddable":true,"href":"https:\/\/www.robertosedda.it\/index.php?rest_route=%2Fwp%2Fv2%2Fcomments&post=9870"}],"version-history":[{"count":4,"href":"https:\/\/www.robertosedda.it\/index.php?rest_route=\/wp\/v2\/posts\/9870\/revisions"}],"predecessor-version":[{"id":11719,"href":"https:\/\/www.robertosedda.it\/index.php?rest_route=\/wp\/v2\/posts\/9870\/revisions\/11719"}],"wp:featuredmedia":[{"embeddable":true,"href":"https:\/\/www.robertosedda.it\/index.php?rest_route=\/wp\/v2\/media\/9875"}],"wp:attachment":[{"href":"https:\/\/www.robertosedda.it\/index.php?rest_route=%2Fwp%2Fv2%2Fmedia&parent=9870"}],"wp:term":[{"taxonomy":"category","embeddable":true,"href":"https:\/\/www.robertosedda.it\/index.php?rest_route=%2Fwp%2Fv2%2Fcategories&post=9870"},{"taxonomy":"post_tag","embeddable":true,"href":"https:\/\/www.robertosedda.it\/index.php?rest_route=%2Fwp%2Fv2%2Ftags&post=9870"}],"curies":[{"name":"wp","href":"https:\/\/api.w.org\/{rel}","templated":true}]}}