{"id":971,"date":"2012-10-05T14:14:43","date_gmt":"2012-10-05T12:14:43","guid":{"rendered":"http:\/\/www.robertosedda.it\/?p=971"},"modified":"2014-07-30T18:49:49","modified_gmt":"2014-07-30T16:49:49","slug":"prendi-il-ctm-conoscerai-il-mondo","status":"publish","type":"post","link":"https:\/\/www.robertosedda.it\/?p=971","title":{"rendered":"Prendi il CTM, conoscerai il mondo"},"content":{"rendered":"<p>Due o tre casi capitati questa estate, fra il 6 e le varie linee che portano al Poetto.<\/p>\n<h2>Homo virgini lupus, soprattutto se lo zio<\/h2>\n<p>Una\u00a0signora anziana arringa una ragazzina\u00a0che porta una\u00a0enorme borsa della spesa sul 6: devi fare cos\u00ec, devi fare cos\u00e0, e quando sei in giro m\u00ec di non dare confidenza&#8230;<\/p>\n<p>Un&#8217;altra signora ha piet\u00e0 della fanciulla e le dice: \u00abMa la lasci in pace, o signora!\u00bb.<\/p>\n<p>E quella: \u00abMa\u00a0 io la conosco, sono amica della mamma. Vero o Debora? Le do consigli come li darei alle mie figlie che gliel&#8217;ho sempre detto: m\u00ec di non dare confidenza, e se sei in casa da sola non aprire agli estranei, capito? Se viene zio e sei da sola, tu non aprire, digli che la porta \u00e8 chiusa e non hai le chiavi&#8230;\u00bb.<\/p>\n<h2>Il giusto contegno per i battesimi<\/h2>\n<p>Tre ragazzine con unghie smaltate come una ceramica di Pulli discutono: \u00abNooo, io non ci vado pi\u00f9 da Tamara a farmi le unghie, cio\u00e8 lavora in una cantina al buio, cio\u00e8 io non ci voglio andare\u00bb.<\/p>\n<p>\u00abMa ci sei stata nel nuovo studio, o Gessica? \u00c8 bello&#8230;\u00bb.<\/p>\n<p>\u00abMa quale bello? \u00c8 un sotterraneo, io ci ho paura di entrare al buio\u00bb. Poi riprende: \u00abComunque adesso me le devo tagliare, le unghie. Devo andare a un battesimo\u00bb.<\/p>\n<p>\u00abE quindi?\u00bb.<\/p>\n<p>\u00abNooo, \u00e8 troppo brutto al battesimo, non ci puoi avere le unghie lunghe. Cio\u00e8, \u00e8 un <em>battesimo\u00bb.<\/em><\/p>\n<h2>Le conseguenze dei tradimenti<\/h2>\n<p>Le fanciulle delle unghie, dopo un po&#8217;, arrivano a parlare di fiducia, tradimenti, persone che non meritano l&#8217;amicizia. Gessica delinea con chiarezza il fatto che ci\u00f2 che un tizio non nominato ha fatto all&#8217;amica \u00e8 equivalente alla pratica insistita e ripetuta di atti contro natura. Al terzo &#8220;mettere nel&#8230;&#8221; le signore vicine decidono di trovare altri posti. L&#8217;amica\u00a0se ne accorge e le dice di parlare bene, poi (si capisce che tutto sommato \u00e8 ancora un po&#8217; innamorata) avanza l&#8217;opinione che tutto sommato il citato tradimento pu\u00f2 essere ignorato. \u00abMassstai <em>scherzando<\/em>? Nooo, guarda, a me mi da troppo fastidio, capito, mi d\u00e0 il vomito. E guarda che io non sono una che vomita spesso, capito? Nessuno pu\u00f2 dire che io sia una che si mette le dita in bocca per cacciare apposta, ma capito, queste cose mi fanno <em>vomitare<\/em>, mi danno il vomito&#8230;\u00bb .<\/p>\n<p>Arriva la fermata e Gessica e le amiche scendono. La ragazza molto fine seduta di fronte a me alza lo sguardo, mi fissa e fa: \u00ab<em>Delicatissssssime<\/em>\u00bb.<\/p>\n<h2>Un&#8217;estate cos\u00ec cos\u00ec<\/h2>\n<p>Due \u00a0amiche discutono. Una \u00e8 stata fuori tutta l&#8217;estate, per uno <em>stage<\/em> di danza, l&#8217;altra \u00e8 rimasta a Cagliari. Discutono di una terza amica, che abitualmente, dopo avere organizzato serate e uscite, si passava, lasciando l&#8217;organizzazione a met\u00e0.<\/p>\n<p>\u00abCapito, alla fine mi trovavo io, unica ragazza, Marco, Luca, Gianni&#8230; Marcello&#8230; e Toni\u00bb.<\/p>\n<p>\u00abNoooo\u00bb (scuote la testa con compatimento), \u00abche palle\u00bb.<\/p>\n<p>\u00abNo, magari che palle no, per\u00f2 l&#8217;unica con tutti maschi, insomma, stai l\u00ec a non fare niente. Solo, cosa fai, non esci?\u00bb.<\/p>\n<p>\u00abE alla fine perci\u00f2 hai passato l&#8217;estate cos\u00ec?\u00bb.<\/p>\n<p>\u00abSi, infatti sono sempre tornata a casa presto. Cio\u00e8&#8230; presto&#8230; il minimo: alle tre\u00bb.<\/p>\n","protected":false},"excerpt":{"rendered":"<p>Due o tre casi capitati questa estate, fra il 6 e le varie linee che portano al Poetto. Homo virgini<\/p>\n","protected":false},"author":1,"featured_media":0,"comment_status":"open","ping_status":"open","sticky":false,"template":"","format":"standard","meta":{"_mi_skip_tracking":false,"_monsterinsights_sitenote_active":false,"_monsterinsights_sitenote_note":"","_monsterinsights_sitenote_category":0,"jetpack_post_was_ever_published":false,"_jetpack_newsletter_access":"","jetpack_publicize_message":"","jetpack_is_tweetstorm":false,"jetpack_publicize_feature_enabled":true,"jetpack_social_post_already_shared":false,"jetpack_social_options":{"image_generator_settings":{"template":"highway","enabled":false}}},"categories":[52,56,18,61,16],"tags":[],"jetpack_publicize_connections":[],"jetpack_featured_media_url":"","jetpack_sharing_enabled":true,"jetpack_shortlink":"https:\/\/wp.me\/p4jV2T-fF","jetpack_likes_enabled":true,"jetpack-related-posts":[{"id":12306,"url":"https:\/\/www.robertosedda.it\/?p=12306","url_meta":{"origin":971,"position":0},"title":"Gettare la maschera","author":"Rufus","date":"06\/08\/2016","format":false,"excerpt":"La settimana scorsa ero in treno verso Fiumicino, di ritorno da un impegno di Banca Etica. L'orario era insolito, e la carrozza quasi deserta: solo un signore ben vestito, due file avanti a me sull'altro lato. Io ero distratto ma il signore parlava al telefono a voce alta con un\u2026","rel":"","context":"In &quot;Coordinate&quot;","block_context":{"text":"Coordinate","link":"https:\/\/www.robertosedda.it\/?cat=52"},"img":{"alt_text":"","src":"https:\/\/i0.wp.com\/www.robertosedda.it\/wp-content\/uploads\/2016\/08\/Fermate-Orte-Fiumicino1.jpg?fit=1200%2C367&ssl=1&resize=350%2C200","width":350,"height":200,"srcset":"https:\/\/i0.wp.com\/www.robertosedda.it\/wp-content\/uploads\/2016\/08\/Fermate-Orte-Fiumicino1.jpg?fit=1200%2C367&ssl=1&resize=350%2C200 1x, https:\/\/i0.wp.com\/www.robertosedda.it\/wp-content\/uploads\/2016\/08\/Fermate-Orte-Fiumicino1.jpg?fit=1200%2C367&ssl=1&resize=700%2C400 2x, https:\/\/i0.wp.com\/www.robertosedda.it\/wp-content\/uploads\/2016\/08\/Fermate-Orte-Fiumicino1.jpg?fit=1200%2C367&ssl=1&resize=1050%2C600 3x"},"classes":[]},{"id":4051,"url":"https:\/\/www.robertosedda.it\/?p=4051","url_meta":{"origin":971,"position":1},"title":"Educazione sentimentale sulla linea 30","author":"Rufus","date":"18\/07\/2013","format":false,"excerpt":"Ieri sull'autobus si siedono dietro di me quattro ragazzini, massimo diciassette anni, due maschi e due femmine. Li chiameremo lo Svelto, la Ragazza , l'Amica e il Mediatore. Sono ragazzini un po' grezzi, un po' da quartiere popolare, e parlano a voce alta in modo tale che tutto il pullman\u2026","rel":"","context":"In &quot;Coordinate&quot;","block_context":{"text":"Coordinate","link":"https:\/\/www.robertosedda.it\/?cat=52"},"img":{"alt_text":"","src":"https:\/\/i0.wp.com\/www.robertosedda.it\/wp-content\/uploads\/2019\/04\/Bus-CTM.jpg?fit=1200%2C674&ssl=1&resize=350%2C200","width":350,"height":200,"srcset":"https:\/\/i0.wp.com\/www.robertosedda.it\/wp-content\/uploads\/2019\/04\/Bus-CTM.jpg?fit=1200%2C674&ssl=1&resize=350%2C200 1x, https:\/\/i0.wp.com\/www.robertosedda.it\/wp-content\/uploads\/2019\/04\/Bus-CTM.jpg?fit=1200%2C674&ssl=1&resize=700%2C400 2x, https:\/\/i0.wp.com\/www.robertosedda.it\/wp-content\/uploads\/2019\/04\/Bus-CTM.jpg?fit=1200%2C674&ssl=1&resize=1050%2C600 3x"},"classes":[]},{"id":15056,"url":"https:\/\/www.robertosedda.it\/?p=15056","url_meta":{"origin":971,"position":2},"title":"Facile moralismo","author":"Rufus","date":"23\/04\/2018","format":false,"excerpt":"Stamattina mi sono visto passare il\u00a06 sotto il naso, per una volta che ero riuscito a uscire di casa puntuale. Per fortuna un attimo dopo passa il\u00a031, scarica l'abituale orda di ragazzini diretti alle scuole della zona e prosegue, con a bordo un'altra orda di altri ragazzini, sei immigrati africani,\u2026","rel":"","context":"In &quot;Coordinate&quot;","block_context":{"text":"Coordinate","link":"https:\/\/www.robertosedda.it\/?cat=52"},"img":{"alt_text":"","src":"https:\/\/i0.wp.com\/www.robertosedda.it\/wp-content\/uploads\/2018\/04\/189095_1008070813927_9322_n.jpg?fit=604%2C453&ssl=1&resize=350%2C200","width":350,"height":200},"classes":[]},{"id":8222,"url":"https:\/\/www.robertosedda.it\/?p=8222","url_meta":{"origin":971,"position":3},"title":"Il nuovo che avanza","author":"Rufus","date":"14\/08\/2014","format":false,"excerpt":"La prima volta ho avuto un piccolo senso di spaesamento. Ero appena uscito da Messa e tornavo a casa. Sulla discesa di Bonaria davanti a me tre signore fra i sessanta e i settanta, minutine, eleganti nei loro abiti della domenica allacciati dietro con l'orlo decorosamente oltre il ginocchio e\u2026","rel":"","context":"In &quot;Coordinate&quot;","block_context":{"text":"Coordinate","link":"https:\/\/www.robertosedda.it\/?cat=52"},"img":{"alt_text":"","src":"https:\/\/i0.wp.com\/www.robertosedda.it\/wp-content\/uploads\/2014\/08\/I-vecchi-che-usano-il-computer-.jpg?fit=730%2C388&ssl=1&resize=350%2C200","width":350,"height":200,"srcset":"https:\/\/i0.wp.com\/www.robertosedda.it\/wp-content\/uploads\/2014\/08\/I-vecchi-che-usano-il-computer-.jpg?fit=730%2C388&ssl=1&resize=350%2C200 1x, https:\/\/i0.wp.com\/www.robertosedda.it\/wp-content\/uploads\/2014\/08\/I-vecchi-che-usano-il-computer-.jpg?fit=730%2C388&ssl=1&resize=700%2C400 2x"},"classes":[]},{"id":8088,"url":"https:\/\/www.robertosedda.it\/?p=8088","url_meta":{"origin":971,"position":4},"title":"Hanno ucciso l&#8217;Unit\u00e0","author":"Rufus","date":"30\/07\/2014","format":false,"excerpt":"Devo dire che stamattina, quando ho sentito il signor Giuseppe l'edicolante annunciare a una cliente che\u00a0l'Unit\u00e0 avrebbe chiuso a giorni, un po' mi sono emozionato. Lo zio Rufus va in sezione Come sanno quelli che mi conoscono da molto tempo sono stato iscritto alla\u00a0FGCI, la federazione dei giovani comunisti italiani,\u2026","rel":"","context":"In &quot;Coordinate&quot;","block_context":{"text":"Coordinate","link":"https:\/\/www.robertosedda.it\/?cat=52"},"img":{"alt_text":"","src":"https:\/\/i0.wp.com\/www.robertosedda.it\/wp-content\/uploads\/2014\/07\/Unit\u00e0-chiude.png?fit=1001%2C640&ssl=1&resize=350%2C200","width":350,"height":200,"srcset":"https:\/\/i0.wp.com\/www.robertosedda.it\/wp-content\/uploads\/2014\/07\/Unit\u00e0-chiude.png?fit=1001%2C640&ssl=1&resize=350%2C200 1x, https:\/\/i0.wp.com\/www.robertosedda.it\/wp-content\/uploads\/2014\/07\/Unit\u00e0-chiude.png?fit=1001%2C640&ssl=1&resize=700%2C400 2x"},"classes":[]},{"id":4281,"url":"https:\/\/www.robertosedda.it\/?p=4281","url_meta":{"origin":971,"position":5},"title":"Insulti e ragazze pietose davanti al portone chiuso","author":"Rufus","date":"16\/08\/2013","format":false,"excerpt":"L'altro giorno Maria Bonaria, mia moglie, tornava a casa dopo una visita al babbo quando, dall'altro lato della strada, si sente chiamare: \u00abSignora, signora!\u00bb. A chiamare era una signora sugli ottant'anni, piccoletta, vestita di nero, con un grande borsone e una borsetta. In mano un piccolo mazzo di chiavi. \u00abSeeenta,\u2026","rel":"","context":"In &quot;Coordinate&quot;","block_context":{"text":"Coordinate","link":"https:\/\/www.robertosedda.it\/?cat=52"},"img":{"alt_text":"","src":"","width":0,"height":0},"classes":[]}],"_links":{"self":[{"href":"https:\/\/www.robertosedda.it\/index.php?rest_route=\/wp\/v2\/posts\/971"}],"collection":[{"href":"https:\/\/www.robertosedda.it\/index.php?rest_route=\/wp\/v2\/posts"}],"about":[{"href":"https:\/\/www.robertosedda.it\/index.php?rest_route=\/wp\/v2\/types\/post"}],"author":[{"embeddable":true,"href":"https:\/\/www.robertosedda.it\/index.php?rest_route=\/wp\/v2\/users\/1"}],"replies":[{"embeddable":true,"href":"https:\/\/www.robertosedda.it\/index.php?rest_route=%2Fwp%2Fv2%2Fcomments&post=971"}],"version-history":[{"count":7,"href":"https:\/\/www.robertosedda.it\/index.php?rest_route=\/wp\/v2\/posts\/971\/revisions"}],"predecessor-version":[{"id":8097,"href":"https:\/\/www.robertosedda.it\/index.php?rest_route=\/wp\/v2\/posts\/971\/revisions\/8097"}],"wp:attachment":[{"href":"https:\/\/www.robertosedda.it\/index.php?rest_route=%2Fwp%2Fv2%2Fmedia&parent=971"}],"wp:term":[{"taxonomy":"category","embeddable":true,"href":"https:\/\/www.robertosedda.it\/index.php?rest_route=%2Fwp%2Fv2%2Fcategories&post=971"},{"taxonomy":"post_tag","embeddable":true,"href":"https:\/\/www.robertosedda.it\/index.php?rest_route=%2Fwp%2Fv2%2Ftags&post=971"}],"curies":[{"name":"wp","href":"https:\/\/api.w.org\/{rel}","templated":true}]}}