{"id":9592,"date":"2015-02-13T09:40:10","date_gmt":"2015-02-13T08:40:10","guid":{"rendered":"http:\/\/www.robertosedda.it\/?p=9592"},"modified":"2015-02-13T09:40:10","modified_gmt":"2015-02-13T08:40:10","slug":"reblog-adolescenti-e-nativi-digitali-una-ricerca-di-save-the-children","status":"publish","type":"post","link":"https:\/\/www.robertosedda.it\/?p=9592","title":{"rendered":"REBLOG: Adolescenti e nativi digitali. Una ricerca di Save the Children"},"content":{"rendered":"<p><a href=\"http:\/\/www.savethechildren.it\/informati\/comunicati\/minori_e_internet_save_the_children__on-line__e__disconnessi__i_due_volti_dei_nativi_digitali_da_un_lato_i_giovanissimi_quasi_sempre_connessi_con_gli_smartphone_dall_altro_452mila_adolescenti_che_non_hanno_mai_avuto_accesso_a_internet?year=2015\">L&#8217;estratto della ricerca su adolescenti e nativi digitali svolta da <em>IPSOS<\/em> per <em>Save the Children Italia<\/em>. Merita la lettura anche la ricerca intera (<em>link<\/em>\u00a0all&#8217;interno della presentazione).<\/a><\/p>\n","protected":false},"excerpt":{"rendered":"<p>L&#8217;estratto della ricerca su adolescenti e nativi digitali svolta da IPSOS per Save the Children Italia. Merita la lettura anche<\/p>\n","protected":false},"author":1,"featured_media":0,"comment_status":"open","ping_status":"open","sticky":false,"template":"","format":"standard","meta":{"_mi_skip_tracking":false,"_monsterinsights_sitenote_active":false,"_monsterinsights_sitenote_note":"","_monsterinsights_sitenote_category":0,"jetpack_post_was_ever_published":false,"_jetpack_newsletter_access":"","jetpack_publicize_message":"","jetpack_is_tweetstorm":false,"jetpack_publicize_feature_enabled":true,"jetpack_social_post_already_shared":true,"jetpack_social_options":{"image_generator_settings":{"template":"highway","enabled":false}}},"categories":[95],"tags":[],"jetpack_publicize_connections":[],"jetpack_featured_media_url":"","jetpack_sharing_enabled":true,"jetpack_shortlink":"https:\/\/wp.me\/p4jV2T-2uI","jetpack_likes_enabled":true,"jetpack-related-posts":[{"id":7471,"url":"https:\/\/www.robertosedda.it\/?p=7471","url_meta":{"origin":9592,"position":0},"title":"Sexy e drammatico","author":"Rufus","date":"19\/05\/2014","format":"video","excerpt":"\u00c8\u00a0da un po' che seguo i video pi\u00f9 o meno virali, pi\u00f9 o meno ricchi di\u00a0testimonial famosi che vengono prodotti dalle varie ONG per sostenere la loro raccolta fondi. Spesso sono molto belli, spesso molto appropriati, per\u00f2 c'\u00e8 spesso anche un sottofondo ambiguo, che \u00e8 evidenziato, per esempio, dalla controversia\u2026","rel":"","context":"In &quot;Coordinate&quot;","block_context":{"text":"Coordinate","link":"https:\/\/www.robertosedda.it\/?cat=52"},"img":{"alt_text":"","src":"https:\/\/i0.wp.com\/www.robertosedda.it\/wp-content\/uploads\/2014\/05\/Sexy-model-Save.png?fit=958%2C531&ssl=1&resize=350%2C200","width":350,"height":200,"srcset":"https:\/\/i0.wp.com\/www.robertosedda.it\/wp-content\/uploads\/2014\/05\/Sexy-model-Save.png?fit=958%2C531&ssl=1&resize=350%2C200 1x, https:\/\/i0.wp.com\/www.robertosedda.it\/wp-content\/uploads\/2014\/05\/Sexy-model-Save.png?fit=958%2C531&ssl=1&resize=700%2C400 2x"},"classes":[]},{"id":3037,"url":"https:\/\/www.robertosedda.it\/?p=3037","url_meta":{"origin":9592,"position":1},"title":"Foto da vedere","author":"Rufus","date":"29\/04\/2013","format":false,"excerpt":"Di solito non parlo di fotografia sul blog (credo di averne parlato solo una volta,\u00a0in nezzo alle \"liste\" del 2012) ma una segnalazione di The Atlantic mi ha portato a esplorare i Sony World Photography Awards per il 2013, dove ho trovato un paio di belle cose. La foto qui\u2026","rel":"","context":"In &quot;Coordinate&quot;","block_context":{"text":"Coordinate","link":"https:\/\/www.robertosedda.it\/?cat=52"},"img":{"alt_text":"","src":"https:\/\/i0.wp.com\/www.robertosedda.it\/wp-content\/uploads\/2013\/04\/s01_gjestva1.jpg?fit=991%2C716&ssl=1&resize=350%2C200","width":350,"height":200,"srcset":"https:\/\/i0.wp.com\/www.robertosedda.it\/wp-content\/uploads\/2013\/04\/s01_gjestva1.jpg?fit=991%2C716&ssl=1&resize=350%2C200 1x, https:\/\/i0.wp.com\/www.robertosedda.it\/wp-content\/uploads\/2013\/04\/s01_gjestva1.jpg?fit=991%2C716&ssl=1&resize=700%2C400 2x"},"classes":[]},{"id":2982,"url":"https:\/\/www.robertosedda.it\/?p=2982","url_meta":{"origin":9592,"position":2},"title":"Se non sapete chi sono gli One Direction, non leggete neppure","author":"Rufus","date":"24\/04\/2013","format":false,"excerpt":"Oggi un post breve solo per segnalare che nello spazio di pochissimi giorni ho visto spuntare qui e l\u00e0 pi\u00f9 di un articolo che, partendo dalla presenza online dei vari gruppi di fan degli One Direction, Justin Bieber eccetera, indaga su strategie di presenza sulla rete, meccaniche cooperative su Twitter,\u2026","rel":"","context":"In &quot;Coordinate&quot;","block_context":{"text":"Coordinate","link":"https:\/\/www.robertosedda.it\/?cat=52"},"img":{"alt_text":"","src":"","width":0,"height":0},"classes":[]},{"id":20883,"url":"https:\/\/www.robertosedda.it\/?p=20883","url_meta":{"origin":9592,"position":3},"title":"Indiani e pionieri","author":"Rufus","date":"28\/01\/2026","format":false,"excerpt":"Ieri, segnalando Dark Winds, ho raccontato con un certo scetticismo del suo tono anticoloniale o comunque critico riguardo al trattamento, negli anni '60 del secolo scorso, non nel '700 e '800, dei nativi americani (quelli che in Canada e Australia sono definiti Primi Popoli). Mi sono chiesto, dopo aver pubblicato\u2026","rel":"","context":"In &quot;Coordinate&quot;","block_context":{"text":"Coordinate","link":"https:\/\/www.robertosedda.it\/?cat=52"},"img":{"alt_text":"","src":"https:\/\/i0.wp.com\/www.robertosedda.it\/wp-content\/uploads\/2026\/01\/MV5BNWUxYzAxZmQtMDcyMC00ZjhmLTljZWItZGI5MWNkM2ViYjE1XkEyXkFqcGc@._V1_-scaled.jpg?resize=350%2C200&ssl=1","width":350,"height":200,"srcset":"https:\/\/i0.wp.com\/www.robertosedda.it\/wp-content\/uploads\/2026\/01\/MV5BNWUxYzAxZmQtMDcyMC00ZjhmLTljZWItZGI5MWNkM2ViYjE1XkEyXkFqcGc@._V1_-scaled.jpg?resize=350%2C200&ssl=1 1x, https:\/\/i0.wp.com\/www.robertosedda.it\/wp-content\/uploads\/2026\/01\/MV5BNWUxYzAxZmQtMDcyMC00ZjhmLTljZWItZGI5MWNkM2ViYjE1XkEyXkFqcGc@._V1_-scaled.jpg?resize=700%2C400&ssl=1 2x, https:\/\/i0.wp.com\/www.robertosedda.it\/wp-content\/uploads\/2026\/01\/MV5BNWUxYzAxZmQtMDcyMC00ZjhmLTljZWItZGI5MWNkM2ViYjE1XkEyXkFqcGc@._V1_-scaled.jpg?resize=1050%2C600&ssl=1 3x, https:\/\/i0.wp.com\/www.robertosedda.it\/wp-content\/uploads\/2026\/01\/MV5BNWUxYzAxZmQtMDcyMC00ZjhmLTljZWItZGI5MWNkM2ViYjE1XkEyXkFqcGc@._V1_-scaled.jpg?resize=1400%2C800&ssl=1 4x"},"classes":[]},{"id":2725,"url":"https:\/\/www.robertosedda.it\/?p=2725","url_meta":{"origin":9592,"position":4},"title":"Costruttori di mondi benefici","author":"Rufus","date":"29\/03\/2013","format":false,"excerpt":"Charities anglosassoni un po' nerd Oggi vorrei segnalarvi un articolo di Wired, dare una scossetta alle vostre convinzioni e discutere di fantascienza e fund raising. Tutto in una volta. Wow. L'articolo Cominciamo dalla parte pi\u00f9 facile: l'articolo di Wired racconta come un certo numero di appassionati di fantasy\u00a0e\u00a0di fantascienza, illustri\u2026","rel":"","context":"In &quot;Coordinate&quot;","block_context":{"text":"Coordinate","link":"https:\/\/www.robertosedda.it\/?cat=52"},"img":{"alt_text":"","src":"https:\/\/i0.wp.com\/www.robertosedda.it\/wp-content\/uploads\/2013\/03\/startrekborrowsstarwars.jpg?fit=470%2C297&ssl=1&resize=350%2C200","width":350,"height":200},"classes":[]},{"id":551,"url":"https:\/\/www.robertosedda.it\/?p=551","url_meta":{"origin":9592,"position":5},"title":"Gods and Myths of Northern Europe","author":"Rufus","date":"22\/08\/2012","format":false,"excerpt":"Per una decina d'anni, questo libro \u00e8 stato a prendere polvere nulla mia libreria, insime con i vari testi di referenza sulla religione vichinga e coi libri sulle saghe nordiche. Onestamente, pensavo che si trattasse della solita collezione di estratti dall'Edda e da altre fonti, ordinati secondo il pantheon, come\u2026","rel":"","context":"In &quot;Coordinate&quot;","block_context":{"text":"Coordinate","link":"https:\/\/www.robertosedda.it\/?cat=52"},"img":{"alt_text":"","src":"https:\/\/i0.wp.com\/www.robertosedda.it\/wp-content\/uploads\/2012\/08\/51IQSaSY5QL.jpg?fit=319%2C500&ssl=1&resize=350%2C200","width":350,"height":200},"classes":[]}],"_links":{"self":[{"href":"https:\/\/www.robertosedda.it\/index.php?rest_route=\/wp\/v2\/posts\/9592"}],"collection":[{"href":"https:\/\/www.robertosedda.it\/index.php?rest_route=\/wp\/v2\/posts"}],"about":[{"href":"https:\/\/www.robertosedda.it\/index.php?rest_route=\/wp\/v2\/types\/post"}],"author":[{"embeddable":true,"href":"https:\/\/www.robertosedda.it\/index.php?rest_route=\/wp\/v2\/users\/1"}],"replies":[{"embeddable":true,"href":"https:\/\/www.robertosedda.it\/index.php?rest_route=%2Fwp%2Fv2%2Fcomments&post=9592"}],"version-history":[{"count":1,"href":"https:\/\/www.robertosedda.it\/index.php?rest_route=\/wp\/v2\/posts\/9592\/revisions"}],"predecessor-version":[{"id":9593,"href":"https:\/\/www.robertosedda.it\/index.php?rest_route=\/wp\/v2\/posts\/9592\/revisions\/9593"}],"wp:attachment":[{"href":"https:\/\/www.robertosedda.it\/index.php?rest_route=%2Fwp%2Fv2%2Fmedia&parent=9592"}],"wp:term":[{"taxonomy":"category","embeddable":true,"href":"https:\/\/www.robertosedda.it\/index.php?rest_route=%2Fwp%2Fv2%2Fcategories&post=9592"},{"taxonomy":"post_tag","embeddable":true,"href":"https:\/\/www.robertosedda.it\/index.php?rest_route=%2Fwp%2Fv2%2Ftags&post=9592"}],"curies":[{"name":"wp","href":"https:\/\/api.w.org\/{rel}","templated":true}]}}