{"id":9583,"date":"2015-02-12T18:27:41","date_gmt":"2015-02-12T17:27:41","guid":{"rendered":"http:\/\/www.robertosedda.it\/?p=9583"},"modified":"2026-02-12T15:47:01","modified_gmt":"2026-02-12T14:47:01","slug":"lautore-e-il-suo-pubblico","status":"publish","type":"post","link":"https:\/\/www.robertosedda.it\/?p=9583","title":{"rendered":"L&#8217;autore e il suo pubblico"},"content":{"rendered":"<p>Come molti altri ho seguito per diversi anni <a href=\"http:\/\/www.shockdom.com\/webcomics\/eriadan\/\">il\u00a0<em>blog<\/em>\u00a0a fumetti di Eriadan<\/a>: \u00e8 stata per me, come per molti altri, una lettura mattutina piacevole, appena acceso il <em>computer<\/em>, un modo per iniziare la giornata col sorriso in compagnia delle avventure quotidiane di un&#8217;altra famiglia, quella di Eriadan, cio\u00e8 Paolo, Federica, le figlie e Maya.<\/p>\n<p><a href=\"https:\/\/i0.wp.com\/www.robertosedda.it\/wp-content\/uploads\/2015\/02\/Eriadan-famiglia.gif\"><img data-attachment-id=\"9584\" data-permalink=\"https:\/\/www.robertosedda.it\/?attachment_id=9584\" data-orig-file=\"https:\/\/i0.wp.com\/www.robertosedda.it\/wp-content\/uploads\/2015\/02\/Eriadan-famiglia.gif?fit=600%2C734&amp;ssl=1\" data-orig-size=\"600,734\" data-comments-opened=\"1\" data-image-meta=\"{&quot;aperture&quot;:&quot;0&quot;,&quot;credit&quot;:&quot;&quot;,&quot;camera&quot;:&quot;&quot;,&quot;caption&quot;:&quot;&quot;,&quot;created_timestamp&quot;:&quot;0&quot;,&quot;copyright&quot;:&quot;&quot;,&quot;focal_length&quot;:&quot;0&quot;,&quot;iso&quot;:&quot;0&quot;,&quot;shutter_speed&quot;:&quot;0&quot;,&quot;title&quot;:&quot;&quot;,&quot;orientation&quot;:&quot;0&quot;}\" data-image-title=\"Eriadan famiglia\" data-image-description=\"\" data-image-caption=\"\" data-medium-file=\"https:\/\/i0.wp.com\/www.robertosedda.it\/wp-content\/uploads\/2015\/02\/Eriadan-famiglia.gif?fit=245%2C300&amp;ssl=1\" data-large-file=\"https:\/\/i0.wp.com\/www.robertosedda.it\/wp-content\/uploads\/2015\/02\/Eriadan-famiglia.gif?fit=510%2C624&amp;ssl=1\" decoding=\"async\" loading=\"lazy\" class=\"aligncenter size-full wp-image-9584\" src=\"https:\/\/i0.wp.com\/www.robertosedda.it\/wp-content\/uploads\/2015\/02\/Eriadan-famiglia.gif?resize=600%2C734\" alt=\"Eriadan famiglia\" width=\"600\" height=\"734\" data-recalc-dims=\"1\" \/><\/a>A me peraltro quella che piaceva di pi\u00f9 era Zirconia, la gatta scienziata.<\/p>\n<p><a href=\"https:\/\/i0.wp.com\/www.robertosedda.it\/wp-content\/uploads\/2015\/02\/Eriadan.jpg\"><img data-attachment-id=\"9585\" data-permalink=\"https:\/\/www.robertosedda.it\/?attachment_id=9585\" data-orig-file=\"https:\/\/i0.wp.com\/www.robertosedda.it\/wp-content\/uploads\/2015\/02\/Eriadan.jpg?fit=800%2C667&amp;ssl=1\" data-orig-size=\"800,667\" data-comments-opened=\"1\" data-image-meta=\"{&quot;aperture&quot;:&quot;0&quot;,&quot;credit&quot;:&quot;&quot;,&quot;camera&quot;:&quot;&quot;,&quot;caption&quot;:&quot;&quot;,&quot;created_timestamp&quot;:&quot;0&quot;,&quot;copyright&quot;:&quot;&quot;,&quot;focal_length&quot;:&quot;0&quot;,&quot;iso&quot;:&quot;0&quot;,&quot;shutter_speed&quot;:&quot;0&quot;,&quot;title&quot;:&quot;&quot;,&quot;orientation&quot;:&quot;0&quot;}\" data-image-title=\"Eriadan\" data-image-description=\"\" data-image-caption=\"\" data-medium-file=\"https:\/\/i0.wp.com\/www.robertosedda.it\/wp-content\/uploads\/2015\/02\/Eriadan.jpg?fit=300%2C250&amp;ssl=1\" data-large-file=\"https:\/\/i0.wp.com\/www.robertosedda.it\/wp-content\/uploads\/2015\/02\/Eriadan.jpg?fit=510%2C425&amp;ssl=1\" decoding=\"async\" loading=\"lazy\" class=\"aligncenter size-full wp-image-9585\" src=\"https:\/\/i0.wp.com\/www.robertosedda.it\/wp-content\/uploads\/2015\/02\/Eriadan.jpg?resize=800%2C667\" alt=\"Eriadan\" width=\"800\" height=\"667\" srcset=\"https:\/\/i0.wp.com\/www.robertosedda.it\/wp-content\/uploads\/2015\/02\/Eriadan.jpg?w=800&amp;ssl=1 800w, https:\/\/i0.wp.com\/www.robertosedda.it\/wp-content\/uploads\/2015\/02\/Eriadan.jpg?resize=150%2C125&amp;ssl=1 150w, https:\/\/i0.wp.com\/www.robertosedda.it\/wp-content\/uploads\/2015\/02\/Eriadan.jpg?resize=300%2C250&amp;ssl=1 300w, https:\/\/i0.wp.com\/www.robertosedda.it\/wp-content\/uploads\/2015\/02\/Eriadan.jpg?resize=510%2C425&amp;ssl=1 510w, https:\/\/i0.wp.com\/www.robertosedda.it\/wp-content\/uploads\/2015\/02\/Eriadan.jpg?resize=700%2C584&amp;ssl=1 700w, https:\/\/i0.wp.com\/www.robertosedda.it\/wp-content\/uploads\/2015\/02\/Eriadan.jpg?resize=50%2C42&amp;ssl=1 50w\" sizes=\"(max-width: 800px) 100vw, 800px\" data-recalc-dims=\"1\" \/><\/a>Ho usato i verbi al passato perch\u00e9 il 5 novembre scorso Eriadan ha annunciato che, per problemi personali, sospendeva le pubblicazioni.<\/p>\n<p><a href=\"https:\/\/i0.wp.com\/www.robertosedda.it\/wp-content\/uploads\/2015\/02\/Eriadan-pausa.jpg\"><img data-attachment-id=\"9586\" data-permalink=\"https:\/\/www.robertosedda.it\/?attachment_id=9586\" data-orig-file=\"https:\/\/i0.wp.com\/www.robertosedda.it\/wp-content\/uploads\/2015\/02\/Eriadan-pausa.jpg?fit=1143%2C378&amp;ssl=1\" data-orig-size=\"1143,378\" data-comments-opened=\"1\" data-image-meta=\"{&quot;aperture&quot;:&quot;0&quot;,&quot;credit&quot;:&quot;Roberto Sedda&quot;,&quot;camera&quot;:&quot;&quot;,&quot;caption&quot;:&quot;&quot;,&quot;created_timestamp&quot;:&quot;1423762725&quot;,&quot;copyright&quot;:&quot;&quot;,&quot;focal_length&quot;:&quot;0&quot;,&quot;iso&quot;:&quot;0&quot;,&quot;shutter_speed&quot;:&quot;0&quot;,&quot;title&quot;:&quot;&quot;,&quot;orientation&quot;:&quot;0&quot;}\" data-image-title=\"Eriadan pausa\" data-image-description=\"\" data-image-caption=\"\" data-medium-file=\"https:\/\/i0.wp.com\/www.robertosedda.it\/wp-content\/uploads\/2015\/02\/Eriadan-pausa.jpg?fit=300%2C99&amp;ssl=1\" data-large-file=\"https:\/\/i0.wp.com\/www.robertosedda.it\/wp-content\/uploads\/2015\/02\/Eriadan-pausa.jpg?fit=510%2C169&amp;ssl=1\" decoding=\"async\" loading=\"lazy\" class=\"aligncenter size-full wp-image-9586\" src=\"https:\/\/i0.wp.com\/www.robertosedda.it\/wp-content\/uploads\/2015\/02\/Eriadan-pausa.jpg?resize=800%2C265\" alt=\"Eriadan pausa\" width=\"800\" height=\"265\" srcset=\"https:\/\/i0.wp.com\/www.robertosedda.it\/wp-content\/uploads\/2015\/02\/Eriadan-pausa.jpg?w=1143&amp;ssl=1 1143w, https:\/\/i0.wp.com\/www.robertosedda.it\/wp-content\/uploads\/2015\/02\/Eriadan-pausa.jpg?resize=150%2C50&amp;ssl=1 150w, https:\/\/i0.wp.com\/www.robertosedda.it\/wp-content\/uploads\/2015\/02\/Eriadan-pausa.jpg?resize=300%2C99&amp;ssl=1 300w, https:\/\/i0.wp.com\/www.robertosedda.it\/wp-content\/uploads\/2015\/02\/Eriadan-pausa.jpg?resize=510%2C169&amp;ssl=1 510w, https:\/\/i0.wp.com\/www.robertosedda.it\/wp-content\/uploads\/2015\/02\/Eriadan-pausa.jpg?resize=700%2C231&amp;ssl=1 700w, https:\/\/i0.wp.com\/www.robertosedda.it\/wp-content\/uploads\/2015\/02\/Eriadan-pausa.jpg?resize=50%2C17&amp;ssl=1 50w\" sizes=\"(max-width: 800px) 100vw, 800px\" data-recalc-dims=\"1\" \/><\/a>Ho tenuto Eriadan in home page all&#8217;accensione del PC, ma solo qualche giorno fa ho trovato il tempo di leggere i commenti all&#8217;articolo con cui veniva annunciata la pausa. Sono una testimonianza molto toccante dell&#8217;affetto dei lettori, del loro preoccuparsi per un autore che per la maggior parte non credo abbiano mai conosciuto direttamente, il segno di un rapporto ovviamente a distanza ma molto stretto. Ne scelgo uno per tutti che esprime bene i sentimenti comuni<\/p>\n<p><a href=\"https:\/\/i0.wp.com\/www.robertosedda.it\/wp-content\/uploads\/2015\/02\/Eriadan-comento-1.jpg\"><img data-attachment-id=\"9587\" data-permalink=\"https:\/\/www.robertosedda.it\/?attachment_id=9587\" data-orig-file=\"https:\/\/i0.wp.com\/www.robertosedda.it\/wp-content\/uploads\/2015\/02\/Eriadan-comento-1.jpg?fit=851%2C175&amp;ssl=1\" data-orig-size=\"851,175\" data-comments-opened=\"1\" data-image-meta=\"{&quot;aperture&quot;:&quot;0&quot;,&quot;credit&quot;:&quot;Roberto Sedda&quot;,&quot;camera&quot;:&quot;&quot;,&quot;caption&quot;:&quot;&quot;,&quot;created_timestamp&quot;:&quot;1423763069&quot;,&quot;copyright&quot;:&quot;&quot;,&quot;focal_length&quot;:&quot;0&quot;,&quot;iso&quot;:&quot;0&quot;,&quot;shutter_speed&quot;:&quot;0&quot;,&quot;title&quot;:&quot;&quot;,&quot;orientation&quot;:&quot;0&quot;}\" data-image-title=\"Eriadan comento 1\" data-image-description=\"\" data-image-caption=\"\" data-medium-file=\"https:\/\/i0.wp.com\/www.robertosedda.it\/wp-content\/uploads\/2015\/02\/Eriadan-comento-1.jpg?fit=300%2C62&amp;ssl=1\" data-large-file=\"https:\/\/i0.wp.com\/www.robertosedda.it\/wp-content\/uploads\/2015\/02\/Eriadan-comento-1.jpg?fit=510%2C105&amp;ssl=1\" decoding=\"async\" loading=\"lazy\" class=\"aligncenter size-full wp-image-9587\" src=\"https:\/\/i0.wp.com\/www.robertosedda.it\/wp-content\/uploads\/2015\/02\/Eriadan-comento-1.jpg?resize=800%2C165\" alt=\"Eriadan comento 1\" width=\"800\" height=\"165\" srcset=\"https:\/\/i0.wp.com\/www.robertosedda.it\/wp-content\/uploads\/2015\/02\/Eriadan-comento-1.jpg?w=851&amp;ssl=1 851w, https:\/\/i0.wp.com\/www.robertosedda.it\/wp-content\/uploads\/2015\/02\/Eriadan-comento-1.jpg?resize=150%2C31&amp;ssl=1 150w, https:\/\/i0.wp.com\/www.robertosedda.it\/wp-content\/uploads\/2015\/02\/Eriadan-comento-1.jpg?resize=300%2C62&amp;ssl=1 300w, https:\/\/i0.wp.com\/www.robertosedda.it\/wp-content\/uploads\/2015\/02\/Eriadan-comento-1.jpg?resize=510%2C105&amp;ssl=1 510w, https:\/\/i0.wp.com\/www.robertosedda.it\/wp-content\/uploads\/2015\/02\/Eriadan-comento-1.jpg?resize=700%2C144&amp;ssl=1 700w, https:\/\/i0.wp.com\/www.robertosedda.it\/wp-content\/uploads\/2015\/02\/Eriadan-comento-1.jpg?resize=50%2C10&amp;ssl=1 50w\" sizes=\"(max-width: 800px) 100vw, 800px\" data-recalc-dims=\"1\" \/><\/a>e uno di quasi due mesi dopo che dimostra come col passare del tempo e il perdurare dell&#8217;interruzione la preoccupazione dei lettori non si sia spenta, ma sia al contrario aumentata, fino a un commovente (ho gi\u00e0 usato questa parola?) desiderio di aiutare, di essere comunque vicini, di riannodare i fili<\/p>\n<p><a href=\"https:\/\/i0.wp.com\/www.robertosedda.it\/wp-content\/uploads\/2015\/02\/Eriadan-commento-2.jpg\"><img data-attachment-id=\"9588\" data-permalink=\"https:\/\/www.robertosedda.it\/?attachment_id=9588\" data-orig-file=\"https:\/\/i0.wp.com\/www.robertosedda.it\/wp-content\/uploads\/2015\/02\/Eriadan-commento-2.jpg?fit=854%2C145&amp;ssl=1\" data-orig-size=\"854,145\" data-comments-opened=\"1\" data-image-meta=\"{&quot;aperture&quot;:&quot;0&quot;,&quot;credit&quot;:&quot;Roberto Sedda&quot;,&quot;camera&quot;:&quot;&quot;,&quot;caption&quot;:&quot;&quot;,&quot;created_timestamp&quot;:&quot;1423763296&quot;,&quot;copyright&quot;:&quot;&quot;,&quot;focal_length&quot;:&quot;0&quot;,&quot;iso&quot;:&quot;0&quot;,&quot;shutter_speed&quot;:&quot;0&quot;,&quot;title&quot;:&quot;&quot;,&quot;orientation&quot;:&quot;0&quot;}\" data-image-title=\"Eriadan commento 2\" data-image-description=\"\" data-image-caption=\"\" data-medium-file=\"https:\/\/i0.wp.com\/www.robertosedda.it\/wp-content\/uploads\/2015\/02\/Eriadan-commento-2.jpg?fit=300%2C51&amp;ssl=1\" data-large-file=\"https:\/\/i0.wp.com\/www.robertosedda.it\/wp-content\/uploads\/2015\/02\/Eriadan-commento-2.jpg?fit=510%2C87&amp;ssl=1\" decoding=\"async\" loading=\"lazy\" class=\"aligncenter size-full wp-image-9588\" src=\"https:\/\/i0.wp.com\/www.robertosedda.it\/wp-content\/uploads\/2015\/02\/Eriadan-commento-2.jpg?resize=800%2C136\" alt=\"Eriadan commento 2\" width=\"800\" height=\"136\" srcset=\"https:\/\/i0.wp.com\/www.robertosedda.it\/wp-content\/uploads\/2015\/02\/Eriadan-commento-2.jpg?w=854&amp;ssl=1 854w, https:\/\/i0.wp.com\/www.robertosedda.it\/wp-content\/uploads\/2015\/02\/Eriadan-commento-2.jpg?resize=150%2C25&amp;ssl=1 150w, https:\/\/i0.wp.com\/www.robertosedda.it\/wp-content\/uploads\/2015\/02\/Eriadan-commento-2.jpg?resize=300%2C51&amp;ssl=1 300w, https:\/\/i0.wp.com\/www.robertosedda.it\/wp-content\/uploads\/2015\/02\/Eriadan-commento-2.jpg?resize=510%2C87&amp;ssl=1 510w, https:\/\/i0.wp.com\/www.robertosedda.it\/wp-content\/uploads\/2015\/02\/Eriadan-commento-2.jpg?resize=700%2C119&amp;ssl=1 700w, https:\/\/i0.wp.com\/www.robertosedda.it\/wp-content\/uploads\/2015\/02\/Eriadan-commento-2.jpg?resize=50%2C8&amp;ssl=1 50w\" sizes=\"(max-width: 800px) 100vw, 800px\" data-recalc-dims=\"1\" \/><\/a>La cosa mi ha molto colpito, non solo perch\u00e9 rifletteva sentimenti che erano anche i miei, ma soprattutto perch\u00e9 una relazione tanto forte non pu\u00f2 che far pensare.<\/p>\n<p>Nonostante occasionali litigate di epiche proporzioni il mondo dei fumetti \u00e8 di solito abbastanza coeso ed esprime una solidariet\u00e0 di fondo che anche i lettori\u00a0percepiscono, e questo pu\u00f2 essere parte della spiegazione. E certo Paolo \u00e8 fra quegli autori che si \u00e8 meritato una stima generale per la disponibilit\u00e0 mostrata alle fiere, per la cura amichevole dei rapporti coi lettori, la cortesia. E naturalmente \u00e8 sempre stato bravo e spiritoso, e questo genera ulteriore benevolenza, per\u00f2 non credo spieghi tutto.<\/p>\n<p>Un altro pezzo della spiegazione, naturalmente, riguarda lo specifico contenuto delle storie. Raccontare episodi quotidiani della vita di una famiglia crea certamente molta immedesimazione. Paolo Aldighieri mette in scena personaggi\u00a0reali, la sua vera famiglia e non figure immaginarie, che quindi diventano familiari ai lettori: pensare che possa essere successo qualcosa alle bambine, per esempio, per forza preoccupa, dopo che praticamente ne hai seguito la crescita giorno per giorno da quando sono nate, e questo vale per uno qualunque dei personaggi delle strisce.<\/p>\n<p>Credo per\u00f2 che ci sia ancora un altro pezzo di spiegazione, che rende questa\u00a0storia molto tipica dei giorni nostri: ed \u00e8 il fatto che segnala come possano crearsi rapporti molto forti e indubitabilmente autentici sulla rete.<\/p>\n<p>Frequento spesso ambienti o cattolici o di sinistra nei quali si percepisce una certa disistima per le relazioni che si intrattengono sulla rete. Io ho\u00a0diversi amici ai quali sono molto affezionato che non ho mai visto di persona, e altri che vedo pochissimo ma che frequento pochissimo fuori della rete. Quando lo racconto percepisco spesso la diffidenza, come a dire: \u00abci sar\u00e0 una bella differenza\u00bb (magari non in faccia, ma ci sar\u00e0 qualcuno che penser\u00e0: \u00abesci, fatti una vita\u00bb). Non parliamo della retorica sulla &#8220;vuota&#8221; realt\u00e0 virtuale, sulla indeterminatezza della rete, eccetera.<\/p>\n<p>Non sono mica cose vere. E il sincero affetto dei lettori nei confronti di Eriadan, Paolo Aldighieri in carne e ossa, non un generico &#8220;autore delle strisce&#8221; evanescente, \u00e8 l\u00ec a dimostrarlo.<\/p>\n<p>C&#8217;\u00e8 amore sulla rete.<\/p>\n<p>P.S. Non avrei raccontato questa\u00a0storia se il 25 gennaio Eriadan non ci avesse almeno parzialmente rassicurato<a href=\"https:\/\/i0.wp.com\/www.robertosedda.it\/wp-content\/uploads\/2015\/02\/Eriadan-aggiornamento.jpg\"><img data-attachment-id=\"9589\" data-permalink=\"https:\/\/www.robertosedda.it\/?attachment_id=9589\" data-orig-file=\"https:\/\/i0.wp.com\/www.robertosedda.it\/wp-content\/uploads\/2015\/02\/Eriadan-aggiornamento.jpg?fit=1142%2C317&amp;ssl=1\" data-orig-size=\"1142,317\" data-comments-opened=\"1\" data-image-meta=\"{&quot;aperture&quot;:&quot;0&quot;,&quot;credit&quot;:&quot;Roberto Sedda&quot;,&quot;camera&quot;:&quot;&quot;,&quot;caption&quot;:&quot;&quot;,&quot;created_timestamp&quot;:&quot;1423765550&quot;,&quot;copyright&quot;:&quot;&quot;,&quot;focal_length&quot;:&quot;0&quot;,&quot;iso&quot;:&quot;0&quot;,&quot;shutter_speed&quot;:&quot;0&quot;,&quot;title&quot;:&quot;&quot;,&quot;orientation&quot;:&quot;0&quot;}\" data-image-title=\"Eriadan aggiornamento\" data-image-description=\"\" data-image-caption=\"\" data-medium-file=\"https:\/\/i0.wp.com\/www.robertosedda.it\/wp-content\/uploads\/2015\/02\/Eriadan-aggiornamento.jpg?fit=300%2C83&amp;ssl=1\" data-large-file=\"https:\/\/i0.wp.com\/www.robertosedda.it\/wp-content\/uploads\/2015\/02\/Eriadan-aggiornamento.jpg?fit=510%2C142&amp;ssl=1\" decoding=\"async\" loading=\"lazy\" class=\"aligncenter size-full wp-image-9589\" src=\"https:\/\/i0.wp.com\/www.robertosedda.it\/wp-content\/uploads\/2015\/02\/Eriadan-aggiornamento.jpg?resize=800%2C222\" alt=\"Eriadan aggiornamento\" width=\"800\" height=\"222\" srcset=\"https:\/\/i0.wp.com\/www.robertosedda.it\/wp-content\/uploads\/2015\/02\/Eriadan-aggiornamento.jpg?w=1142&amp;ssl=1 1142w, https:\/\/i0.wp.com\/www.robertosedda.it\/wp-content\/uploads\/2015\/02\/Eriadan-aggiornamento.jpg?resize=150%2C42&amp;ssl=1 150w, https:\/\/i0.wp.com\/www.robertosedda.it\/wp-content\/uploads\/2015\/02\/Eriadan-aggiornamento.jpg?resize=300%2C83&amp;ssl=1 300w, https:\/\/i0.wp.com\/www.robertosedda.it\/wp-content\/uploads\/2015\/02\/Eriadan-aggiornamento.jpg?resize=510%2C142&amp;ssl=1 510w, https:\/\/i0.wp.com\/www.robertosedda.it\/wp-content\/uploads\/2015\/02\/Eriadan-aggiornamento.jpg?resize=700%2C194&amp;ssl=1 700w, https:\/\/i0.wp.com\/www.robertosedda.it\/wp-content\/uploads\/2015\/02\/Eriadan-aggiornamento.jpg?resize=50%2C14&amp;ssl=1 50w\" sizes=\"(max-width: 800px) 100vw, 800px\" data-recalc-dims=\"1\" \/><\/a><\/p>\n<p>La tempesta \u00e8 passata. Mi sono sentito molto sollevato. Come per un amico.<\/p>\n","protected":false},"excerpt":{"rendered":"<p>Come molti altri ho seguito per diversi anni il\u00a0blog\u00a0a fumetti di Eriadan: \u00e8 stata per me, come per molti altri,<\/p>\n","protected":false},"author":1,"featured_media":9584,"comment_status":"open","ping_status":"open","sticky":false,"template":"","format":"standard","meta":{"_mi_skip_tracking":false,"_monsterinsights_sitenote_active":false,"_monsterinsights_sitenote_note":"","_monsterinsights_sitenote_category":0,"jetpack_post_was_ever_published":false,"_jetpack_newsletter_access":"","jetpack_publicize_message":"","jetpack_is_tweetstorm":false,"jetpack_publicize_feature_enabled":true,"jetpack_social_post_already_shared":true,"jetpack_social_options":{"image_generator_settings":{"template":"highway","enabled":false}}},"categories":[52,64,55,17,201,16],"tags":[],"jetpack_publicize_connections":[],"jetpack_featured_media_url":"https:\/\/i0.wp.com\/www.robertosedda.it\/wp-content\/uploads\/2015\/02\/Eriadan-famiglia.gif?fit=600%2C734&ssl=1","jetpack_sharing_enabled":true,"jetpack_shortlink":"https:\/\/wp.me\/p4jV2T-2uz","jetpack_likes_enabled":true,"jetpack-related-posts":[{"id":11278,"url":"https:\/\/www.robertosedda.it\/?p=11278","url_meta":{"origin":9583,"position":0},"title":"Ehi, pare che Eriadan ritorni!","author":"Rufus","date":"11\/12\/2015","format":"link","excerpt":"Almeno, cos\u00ec dice sul suo blog.","rel":"","context":"In &quot;Segnalazioni&quot;","block_context":{"text":"Segnalazioni","link":"https:\/\/www.robertosedda.it\/?cat=95"},"img":{"alt_text":"","src":"","width":0,"height":0},"classes":[]},{"id":11829,"url":"https:\/\/www.robertosedda.it\/?p=11829","url_meta":{"origin":9583,"position":1},"title":"Gli Irochesi e Casapound","author":"Rufus","date":"13\/04\/2016","format":false,"excerpt":"Nella contemporaneit\u00e0\u00a0strani nomadismi si incrociano Le bacheche di molti miei contatti di\u00a0Facebook sono piene di considerazioni sulla piccola aggressione messa in scena da un paio di esponenti di Casapound\u00a0\u00a0di Roma allo stand della casa editrice Shockdom (quella che pubblica anche\u00a0Eriadan) durante la recente fiera del fumetto Romics. Non ho granch\u00e9\u2026","rel":"","context":"In &quot;Antropologia&quot;","block_context":{"text":"Antropologia","link":"https:\/\/www.robertosedda.it\/?cat=97"},"img":{"alt_text":"","src":"https:\/\/i0.wp.com\/www.robertosedda.it\/wp-content\/uploads\/2016\/04\/Qvando-cera-LVI.jpg?fit=800%2C1200&ssl=1&resize=350%2C200","width":350,"height":200,"srcset":"https:\/\/i0.wp.com\/www.robertosedda.it\/wp-content\/uploads\/2016\/04\/Qvando-cera-LVI.jpg?fit=800%2C1200&ssl=1&resize=350%2C200 1x, https:\/\/i0.wp.com\/www.robertosedda.it\/wp-content\/uploads\/2016\/04\/Qvando-cera-LVI.jpg?fit=800%2C1200&ssl=1&resize=700%2C400 2x"},"classes":[]},{"id":10799,"url":"https:\/\/www.robertosedda.it\/?p=10799","url_meta":{"origin":9583,"position":2},"title":"Ringraziamenti annuali (i soliti, ma sinceri)","author":"Rufus","date":"09\/09\/2015","format":false,"excerpt":"Come sempre fine agosto \u00e8 tempo di bilanci annuali per quanto riguarda le statistiche di frequenza del blog. Col fatto che siamo rimasti fermi quasi una settimana sono un po\u2019 in ritardo, ma ieri sono andato finalmente a guardarmele. Raccontava il compianto padre Acquaro di un suo confratello mercedario, afflitto\u2026","rel":"","context":"In &quot;Il web&quot;","block_context":{"text":"Il web","link":"https:\/\/www.robertosedda.it\/?cat=64"},"img":{"alt_text":"","src":"https:\/\/i0.wp.com\/www.robertosedda.it\/wp-content\/uploads\/2015\/09\/Stats-2014_15.jpg?fit=1187%2C581&ssl=1&resize=350%2C200","width":350,"height":200,"srcset":"https:\/\/i0.wp.com\/www.robertosedda.it\/wp-content\/uploads\/2015\/09\/Stats-2014_15.jpg?fit=1187%2C581&ssl=1&resize=350%2C200 1x, https:\/\/i0.wp.com\/www.robertosedda.it\/wp-content\/uploads\/2015\/09\/Stats-2014_15.jpg?fit=1187%2C581&ssl=1&resize=700%2C400 2x, https:\/\/i0.wp.com\/www.robertosedda.it\/wp-content\/uploads\/2015\/09\/Stats-2014_15.jpg?fit=1187%2C581&ssl=1&resize=1050%2C600 3x"},"classes":[]},{"id":17242,"url":"https:\/\/www.robertosedda.it\/?p=17242","url_meta":{"origin":9583,"position":3},"title":"Tutte le bottiglie di plastica del mondo","author":"Rufus","date":"14\/09\/2019","format":false,"excerpt":"Il sito della Reuters ha una serie di immagini che servono a dare una comprensione visiva della quantit\u00e0 di bottiglie di plastica che viene prodotta, o venduta, in diversi intervalli di tempo. So bene che molti esperti di politiche ambientali ritengono l'attenzione alle bottigliette di plastica, per quanto indice di\u2026","rel":"","context":"In &quot;Coordinate&quot;","block_context":{"text":"Coordinate","link":"https:\/\/www.robertosedda.it\/?cat=52"},"img":{"alt_text":"","src":"https:\/\/i0.wp.com\/www.robertosedda.it\/wp-content\/uploads\/2019\/09\/Bottiglie-plastica-vendute-in-un-mese.jpg?fit=1200%2C1114&ssl=1&resize=350%2C200","width":350,"height":200,"srcset":"https:\/\/i0.wp.com\/www.robertosedda.it\/wp-content\/uploads\/2019\/09\/Bottiglie-plastica-vendute-in-un-mese.jpg?fit=1200%2C1114&ssl=1&resize=350%2C200 1x, https:\/\/i0.wp.com\/www.robertosedda.it\/wp-content\/uploads\/2019\/09\/Bottiglie-plastica-vendute-in-un-mese.jpg?fit=1200%2C1114&ssl=1&resize=700%2C400 2x, https:\/\/i0.wp.com\/www.robertosedda.it\/wp-content\/uploads\/2019\/09\/Bottiglie-plastica-vendute-in-un-mese.jpg?fit=1200%2C1114&ssl=1&resize=1050%2C600 3x"},"classes":[]},{"id":16250,"url":"https:\/\/www.robertosedda.it\/?p=16250","url_meta":{"origin":9583,"position":4},"title":"Non passa pi\u00f9","author":"Rufus","date":"11\/02\/2019","format":false,"excerpt":"Trovo nella buona intervista di Zerocalcare a Sapiens: Quando hai pubblicato un manifesto per un\u2019iniziativa No Tav, per\u00f2, in molti hanno avuto una reazione negativa.\u00abVenduto ai No Tav\u00bb, mi hanno detto. Ho fatto il giro di tutti i profili e ho risposto a uno a uno: 50 persone a cui\u2026","rel":"","context":"In &quot;Segnalazioni&quot;","block_context":{"text":"Segnalazioni","link":"https:\/\/www.robertosedda.it\/?cat=95"},"img":{"alt_text":"","src":"https:\/\/i0.wp.com\/www.robertosedda.it\/wp-content\/uploads\/2019\/02\/Calcare.jpg?fit=806%2C700&ssl=1&resize=350%2C200","width":350,"height":200,"srcset":"https:\/\/i0.wp.com\/www.robertosedda.it\/wp-content\/uploads\/2019\/02\/Calcare.jpg?fit=806%2C700&ssl=1&resize=350%2C200 1x, https:\/\/i0.wp.com\/www.robertosedda.it\/wp-content\/uploads\/2019\/02\/Calcare.jpg?fit=806%2C700&ssl=1&resize=700%2C400 2x"},"classes":[]},{"id":16293,"url":"https:\/\/www.robertosedda.it\/?p=16293","url_meta":{"origin":9583,"position":5},"title":"Traghettatori sub-ottimali","author":"Rufus","date":"28\/02\/2019","format":false,"excerpt":"Ieri sono stato eletto Coordinatore del GIT dei soci di Banca Popolare Etica della Sardegna Meridionale. Lo racconto qui sul blog intanto perch\u00e9 \u00e8 il luogo deputato a raccontare i fatti miei e questo \u00e8 un fatto mio abbastanza importante, e poi anche per mettere le mani avanti. E qui\u2026","rel":"","context":"In &quot;Banche e finanza&quot;","block_context":{"text":"Banche e finanza","link":"https:\/\/www.robertosedda.it\/?cat=72"},"img":{"alt_text":"","src":"https:\/\/i0.wp.com\/www.robertosedda.it\/wp-content\/uploads\/2014\/05\/Banca-Etica-regionale.jpg?fit=1200%2C900&ssl=1&resize=350%2C200","width":350,"height":200,"srcset":"https:\/\/i0.wp.com\/www.robertosedda.it\/wp-content\/uploads\/2014\/05\/Banca-Etica-regionale.jpg?fit=1200%2C900&ssl=1&resize=350%2C200 1x, https:\/\/i0.wp.com\/www.robertosedda.it\/wp-content\/uploads\/2014\/05\/Banca-Etica-regionale.jpg?fit=1200%2C900&ssl=1&resize=700%2C400 2x, https:\/\/i0.wp.com\/www.robertosedda.it\/wp-content\/uploads\/2014\/05\/Banca-Etica-regionale.jpg?fit=1200%2C900&ssl=1&resize=1050%2C600 3x"},"classes":[]}],"_links":{"self":[{"href":"https:\/\/www.robertosedda.it\/index.php?rest_route=\/wp\/v2\/posts\/9583"}],"collection":[{"href":"https:\/\/www.robertosedda.it\/index.php?rest_route=\/wp\/v2\/posts"}],"about":[{"href":"https:\/\/www.robertosedda.it\/index.php?rest_route=\/wp\/v2\/types\/post"}],"author":[{"embeddable":true,"href":"https:\/\/www.robertosedda.it\/index.php?rest_route=\/wp\/v2\/users\/1"}],"replies":[{"embeddable":true,"href":"https:\/\/www.robertosedda.it\/index.php?rest_route=%2Fwp%2Fv2%2Fcomments&post=9583"}],"version-history":[{"count":3,"href":"https:\/\/www.robertosedda.it\/index.php?rest_route=\/wp\/v2\/posts\/9583\/revisions"}],"predecessor-version":[{"id":10340,"href":"https:\/\/www.robertosedda.it\/index.php?rest_route=\/wp\/v2\/posts\/9583\/revisions\/10340"}],"wp:featuredmedia":[{"embeddable":true,"href":"https:\/\/www.robertosedda.it\/index.php?rest_route=\/wp\/v2\/media\/9584"}],"wp:attachment":[{"href":"https:\/\/www.robertosedda.it\/index.php?rest_route=%2Fwp%2Fv2%2Fmedia&parent=9583"}],"wp:term":[{"taxonomy":"category","embeddable":true,"href":"https:\/\/www.robertosedda.it\/index.php?rest_route=%2Fwp%2Fv2%2Fcategories&post=9583"},{"taxonomy":"post_tag","embeddable":true,"href":"https:\/\/www.robertosedda.it\/index.php?rest_route=%2Fwp%2Fv2%2Ftags&post=9583"}],"curies":[{"name":"wp","href":"https:\/\/api.w.org\/{rel}","templated":true}]}}