{"id":9559,"date":"2015-02-10T11:32:46","date_gmt":"2015-02-10T10:32:46","guid":{"rendered":"http:\/\/www.robertosedda.it\/?p=9559"},"modified":"2015-02-12T18:28:55","modified_gmt":"2015-02-12T17:28:55","slug":"bainzu-piliu-pertini-e-mattarella-e-la-sardegna-come-lalabama-di-piero-marcialis","status":"publish","type":"post","link":"https:\/\/www.robertosedda.it\/?p=9559","title":{"rendered":"Bainzu Piliu, Pertini e Mattarella. E la Sardegna come l\u2019Alabama (di Piero Marcialis)"},"content":{"rendered":"<p>Questo articolo viene\u00a0pubblicato anche dai siti\u00a0di\u00a0<strong><a href=\"http:\/\/www.fondazionesardinia.eu\/ita\/?p=9428\"><em>Fondazione Sardinia<\/em><\/a><\/strong>, <em><strong><a href=\"http:\/\/tramasdeamistade.org\/htdocs\/cms\/index.php\">Tramasdeamistade<\/a><\/strong><\/em>,<a href=\"http:\/\/tramasdeamistade.org\/htdocs\/cms\/index.php\">\u00a0<\/a> <em><a href=\"http:\/\/www.sardegnasoprattutto.org\/\"><strong>SardegnaSoprattutto<\/strong><\/a>,<\/em>\u00a0<strong><em><a href=\"http:\/\/www.formaparis.com\/\">Sportello Formaparis<\/a><\/em><\/strong>,\u00a0<strong><em><a href=\"http:\/\/tottusinpari.blog.tiscali.it\/\">Tottusinpari<\/a><\/em><\/strong> e sui <em>blog\u00a0<\/em>di\u00a0<a href=\"http:\/\/www.enricolobina.org\/wp\/\"><strong>Enrico Lobina<\/strong>,<\/a>\u00a0<strong><a href=\"http:\/\/www.vitobiolchini.it\/\">Vito Biolchini<\/a><\/strong>\u00a0e\u00a0<a href=\"http:\/\/madrigopolis.blogspot.it\/\"><strong>Francesca Madrigali<\/strong>.<\/a><\/p>\n<h2 class=\"entry-title\">Bainzu Piliu, Pertini e Mattarella. E la Sardegna come l\u2019Alabama<\/h2>\n<h3 class=\"entry-title\">di Piero Marcialis<\/h3>\n<p><a href=\"https:\/\/i0.wp.com\/www.robertosedda.it\/wp-content\/uploads\/2015\/02\/Baizu-Piliu.jpg\"><img data-attachment-id=\"9560\" data-permalink=\"https:\/\/www.robertosedda.it\/?attachment_id=9560\" data-orig-file=\"https:\/\/i0.wp.com\/www.robertosedda.it\/wp-content\/uploads\/2015\/02\/Baizu-Piliu.jpg?fit=500%2C378&amp;ssl=1\" data-orig-size=\"500,378\" data-comments-opened=\"1\" data-image-meta=\"{&quot;aperture&quot;:&quot;4.5&quot;,&quot;credit&quot;:&quot;&quot;,&quot;camera&quot;:&quot;Canon EOS-1D Mark II&quot;,&quot;caption&quot;:&quot;&quot;,&quot;created_timestamp&quot;:&quot;1174476424&quot;,&quot;copyright&quot;:&quot;&quot;,&quot;focal_length&quot;:&quot;43&quot;,&quot;iso&quot;:&quot;640&quot;,&quot;shutter_speed&quot;:&quot;0.0125&quot;,&quot;title&quot;:&quot;21\\\/3\\\/07 - BAINZU PILIU - FOTO ITALO ORRU&quot;,&quot;orientation&quot;:&quot;1&quot;}\" data-image-title=\"21\/3\/07 &#8211; BAINZU PILIU &#8211; FOTO ITALO ORRU\" data-image-description=\"\" data-image-caption=\"\" data-medium-file=\"https:\/\/i0.wp.com\/www.robertosedda.it\/wp-content\/uploads\/2015\/02\/Baizu-Piliu.jpg?fit=300%2C227&amp;ssl=1\" data-large-file=\"https:\/\/i0.wp.com\/www.robertosedda.it\/wp-content\/uploads\/2015\/02\/Baizu-Piliu.jpg?fit=500%2C378&amp;ssl=1\" decoding=\"async\" loading=\"lazy\" class=\"aligncenter size-full wp-image-9560\" src=\"https:\/\/i0.wp.com\/www.robertosedda.it\/wp-content\/uploads\/2015\/02\/Baizu-Piliu.jpg?resize=500%2C378\" alt=\"21\/3\/07 - BAINZU PILIU - FOTO ITALO ORRU\" width=\"500\" height=\"378\" srcset=\"https:\/\/i0.wp.com\/www.robertosedda.it\/wp-content\/uploads\/2015\/02\/Baizu-Piliu.jpg?w=500&amp;ssl=1 500w, https:\/\/i0.wp.com\/www.robertosedda.it\/wp-content\/uploads\/2015\/02\/Baizu-Piliu.jpg?resize=150%2C113&amp;ssl=1 150w, https:\/\/i0.wp.com\/www.robertosedda.it\/wp-content\/uploads\/2015\/02\/Baizu-Piliu.jpg?resize=300%2C227&amp;ssl=1 300w, https:\/\/i0.wp.com\/www.robertosedda.it\/wp-content\/uploads\/2015\/02\/Baizu-Piliu.jpg?resize=50%2C38&amp;ssl=1 50w\" sizes=\"(max-width: 500px) 100vw, 500px\" data-recalc-dims=\"1\" \/><\/a>In questi primi giorni di febbraio sono impegnato a scrivere la riduzione teatrale del libro di Bainzu Piliu <em>Cella n. 21<\/em>.<\/p>\n<p>In esso Bainzu tratta della sua biografia con particolare riferimento al suo impegno sardista e indipendentista, ci\u00f2 che gli cost\u00f2 un periodo di carcere a Cagliari e a Sassari, appunto (singolare coincidenza) sempre nella cella numero 21.<\/p>\n<p>In questi stessi giorni di grande plauso per l\u2019elezione del nuovo presidente della Repubblica, ho sotto gli occhi il passo in cui Bainzu narra dell\u2019incontro a Sassari dei sindaci della provincia con Sandro Pertini, al quale egli partecip\u00f2 in quanto sindaco di Bulzi. And\u00f2 all&#8217;incontro indossando il costume del paese, senza la fascia tricolore.<\/p>\n<p>Davanti a Pertini, per la rapida stretta di mano concessa dal cerimoniale, si ferm\u00f2, salut\u00f2 il \u201ccompagno presidente\u201d e consegn\u00f2 nelle sue mani una lettera che parlava di emigrati, di servit\u00f9 militari, di centomila disoccupati, di trasporti carenti, di industrie da rapina. Correva l&#8217;anno 1982.<\/p>\n<p>Oggi i problemi di allora non sono stati risolti, anzi si sono aggravati. Non so se il nuovo presidente sar\u00e0 all&#8217;altezza di Sandro Pertini, quello che invitava a \u201csvuotare gli arsenali e riempire i granai\u201d, so per\u00f2 che nel \u201cteatrino delle cortesie\u201d, dove ci si dimette per finta, dove anche gli evasori fanno parte della festa, nessun Bainzu ha presentato il conto di cui la Sardegna rivendica il pagamento.<\/p>\n<p>Due sono andati ad aggiungersi ai rappresentanti del <em>PD<\/em>, uno ai rappresentanti di <em>Forza Italia<\/em>, nessuno a rappresentare la Sardegna (pure c\u2019era un messaggio \u201crispetto per i sardi\u201d).<\/p>\n<p>I parlamentari sardi in larga maggioranza sembrano soddisfatti. Il discorso presidenziale ha detto di Costituzione, di democrazia e di uguaglianza, di libert\u00e0 e solidariet\u00e0. Belle parole.<\/p>\n<p>Nessuno ha voluto essere meno che garbato e turbare i riti dell\u2019italica corte. Nessuno ha consegnato lettere in cui si dicesse che la riforma in atto della Costituzione abolisce l\u2019autonomia regionale, che le leggi elettorali sono come minimo di dubbia costituzionalit\u00e0, che non \u00e8 uguale il peso delle servit\u00f9 militari, n\u00e9\u00a0il peso dell\u2019uso\/abuso delle terre, dell\u2019industria inquinante, che non c\u2019\u00e8 stata solidariet\u00e0 con Olbia e con la Sardegna, che l\u2019Italia si rifiuta di pagare il debito di miliardi che ha coi sardi (ma qui qualcuno si accontenta di strette di mano e di patti fra \u201cgentiluomini\u201d).<\/p>\n<p>In conclusione, e per giustificare il titolo, torna alla mente una bella poesia afroamericana:<\/p>\n<blockquote>\n<h4>DOMANDA<\/h4>\n<p>Zio Sam<br \/>\nio sono scuro<br \/>\ndell\u2019Alabama<br \/>\nTu mi hai chiesto di portare questo fucile<br \/>\nPer te e per la libert\u00e0:<br \/>\nma Zio Sam<br \/>\ne io?<br \/>\nIo sono scuro<br \/>\ndell\u2019Alabama<br \/>\nE se esco vivo da questa guerra<br \/>\nPer la libert\u00e0<br \/>\nPosso portarmene un poco a casa nell&#8217;Alabama?<\/p><\/blockquote>\n<p>Risposta: Quando sarai pronto, ragazzo.<\/p>\n","protected":false},"excerpt":{"rendered":"<p>Questo articolo viene\u00a0pubblicato anche dai siti\u00a0di\u00a0Fondazione Sardinia, Tramasdeamistade,\u00a0 SardegnaSoprattutto,\u00a0Sportello Formaparis,\u00a0Tottusinpari e sui blog\u00a0di\u00a0Enrico Lobina,\u00a0Vito Biolchini\u00a0e\u00a0Francesca Madrigali. Bainzu Piliu, Pertini e<\/p>\n","protected":false},"author":1,"featured_media":9560,"comment_status":"open","ping_status":"open","sticky":false,"template":"","format":"standard","meta":{"_mi_skip_tracking":false,"_monsterinsights_sitenote_active":false,"_monsterinsights_sitenote_note":"","_monsterinsights_sitenote_category":0,"jetpack_post_was_ever_published":false,"_jetpack_newsletter_access":"","jetpack_publicize_message":"","jetpack_is_tweetstorm":false,"jetpack_publicize_feature_enabled":true,"jetpack_social_post_already_shared":true,"jetpack_social_options":{"image_generator_settings":{"template":"highway","enabled":false}}},"categories":[52,57,17,59,16],"tags":[],"jetpack_publicize_connections":[],"jetpack_featured_media_url":"https:\/\/i0.wp.com\/www.robertosedda.it\/wp-content\/uploads\/2015\/02\/Baizu-Piliu.jpg?fit=500%2C378&ssl=1","jetpack_sharing_enabled":true,"jetpack_shortlink":"https:\/\/wp.me\/p4jV2T-2ub","jetpack_likes_enabled":true,"jetpack-related-posts":[{"id":8914,"url":"https:\/\/www.robertosedda.it\/?p=8914","url_meta":{"origin":9559,"position":0},"title":"Quali intellettuali in Sardegna? Un intervento di Piero Marcialis","author":"Rufus","date":"19\/11\/2014","format":false,"excerpt":"Oltre che su questo\u00a0blog questo articolo viene pubblicato anche sui siti di\u00a0Fondazione Sardinia,\u00a0Aladinpensiero,\u00a0Tramas de amistade,\u00a0Sardegna Soprattutto,\u00a0Sportello Formaparis,\u00a0Tottusinpari e sui blog di\u00a0Enrico Lobina,\u00a0Vito Biolchini\u00a0e\u00a0Francesca Madrigali. Quali intellettuali in Sardegna? di Piero Marcialis Si scalda (forse) il dibattito sugli intellettuali in Sardegna. Non mi soffermo a dire che intellettuali siamo un po\u2019\u2026","rel":"","context":"In &quot;Coordinate&quot;","block_context":{"text":"Coordinate","link":"https:\/\/www.robertosedda.it\/?cat=52"},"img":{"alt_text":"","src":"https:\/\/i0.wp.com\/www.robertosedda.it\/wp-content\/uploads\/2014\/11\/intellettuali1.jpg?fit=360%2C269&ssl=1&resize=350%2C200","width":350,"height":200},"classes":[]},{"id":18291,"url":"https:\/\/www.robertosedda.it\/?p=18291","url_meta":{"origin":9559,"position":1},"title":"Battaglie perse","author":"Rufus","date":"09\/09\/2020","format":false,"excerpt":"https:\/\/www.youtube.com\/watch?v=AL8chWFuM-s Ho visto l'altro giorno alla Manifattura Tabacchi L'agnello di Mario Piredda, un film che ultimamente in Sardegna sta riempiendo le sale ovunque venga proiettato. Mi ha fatto molto piacere vedere nel film due persone che conosco benissimo come Piero Marcialis e Michele Dr Drer Atzori, tutti e due impegnati\u2026","rel":"","context":"In &quot;Coordinate&quot;","block_context":{"text":"Coordinate","link":"https:\/\/www.robertosedda.it\/?cat=52"},"img":{"alt_text":"","src":"https:\/\/i0.wp.com\/www.robertosedda.it\/wp-content\/uploads\/2020\/09\/Lagnello.jpg?fit=1200%2C675&ssl=1&resize=350%2C200","width":350,"height":200,"srcset":"https:\/\/i0.wp.com\/www.robertosedda.it\/wp-content\/uploads\/2020\/09\/Lagnello.jpg?fit=1200%2C675&ssl=1&resize=350%2C200 1x, https:\/\/i0.wp.com\/www.robertosedda.it\/wp-content\/uploads\/2020\/09\/Lagnello.jpg?fit=1200%2C675&ssl=1&resize=700%2C400 2x, https:\/\/i0.wp.com\/www.robertosedda.it\/wp-content\/uploads\/2020\/09\/Lagnello.jpg?fit=1200%2C675&ssl=1&resize=1050%2C600 3x"},"classes":[]},{"id":5457,"url":"https:\/\/www.robertosedda.it\/?p=5457","url_meta":{"origin":9559,"position":2},"title":"Destino Italia. Autonomie addio?","author":"Rufus","date":"17\/12\/2013","format":false,"excerpt":"Ho saltato nuovamente la riunione dei blogger del luned\u00ec e a questo punto credo che sar\u00e0 difficile mantenere l'impegno, ma ho piacere di continuare a pubblicare gli articoli settimanali. Come al solito l'articolo viene pubblicato, oltre che su questo sito, su quelli di Fondazione Sardinia, Tramas de amistade, Aladin pensiero,\u2026","rel":"","context":"In &quot;Coordinate&quot;","block_context":{"text":"Coordinate","link":"https:\/\/www.robertosedda.it\/?cat=52"},"img":{"alt_text":"","src":"","width":0,"height":0},"classes":[]},{"id":9086,"url":"https:\/\/www.robertosedda.it\/?p=9086","url_meta":{"origin":9559,"position":3},"title":"A proposito di Presidenti della Repubblica","author":"Rufus","date":"22\/12\/2014","format":false,"excerpt":"Si avvicina il momento in cui Napolitano rassegner\u00e0 le dimissioni e mi \u00e8 venuta voglia di riproporre un sondaggio. Ma siccome a quello sul futuro Presidente della Repubblica i miei amici hanno gi\u00e0 risposto e poi questa volta c'\u00e8 ancora davvero troppa incertezza\u00a0ho pensato di cambiare lievemente mira. E per\u2026","rel":"","context":"In &quot;Coordinate&quot;","block_context":{"text":"Coordinate","link":"https:\/\/www.robertosedda.it\/?cat=52"},"img":{"alt_text":"","src":"https:\/\/i0.wp.com\/www.robertosedda.it\/wp-content\/uploads\/2014\/12\/Lancia-Thesis-del-Presidente-della-Repubblica.jpg?fit=1024%2C768&ssl=1&resize=350%2C200","width":350,"height":200,"srcset":"https:\/\/i0.wp.com\/www.robertosedda.it\/wp-content\/uploads\/2014\/12\/Lancia-Thesis-del-Presidente-della-Repubblica.jpg?fit=1024%2C768&ssl=1&resize=350%2C200 1x, https:\/\/i0.wp.com\/www.robertosedda.it\/wp-content\/uploads\/2014\/12\/Lancia-Thesis-del-Presidente-della-Repubblica.jpg?fit=1024%2C768&ssl=1&resize=700%2C400 2x"},"classes":[]},{"id":4220,"url":"https:\/\/www.robertosedda.it\/?p=4220","url_meta":{"origin":9559,"position":4},"title":"Buone vacanze!","author":"Rufus","date":"03\/08\/2013","format":false,"excerpt":"Passer\u00f2 i prossimi giorni a Tonara, nel centro della Sardegna, quindi anche il blog si prende una vacanza. Mi porto dietro il\u00a0computer (luned\u00ec c'\u00e8 una\u00a0Skype call con i coordinatori dei vari gruppi di soci dell'Area Centro di Banca Etica) ma non conto di scrivere frequentemente sul blog:\u00a0 potr\u00e0 capitare ogni\u2026","rel":"","context":"In &quot;Coordinate&quot;","block_context":{"text":"Coordinate","link":"https:\/\/www.robertosedda.it\/?cat=52"},"img":{"alt_text":"","src":"https:\/\/i0.wp.com\/www.robertosedda.it\/wp-content\/uploads\/2013\/08\/ALIM0692.jpg?fit=1200%2C900&ssl=1&resize=350%2C200","width":350,"height":200,"srcset":"https:\/\/i0.wp.com\/www.robertosedda.it\/wp-content\/uploads\/2013\/08\/ALIM0692.jpg?fit=1200%2C900&ssl=1&resize=350%2C200 1x, https:\/\/i0.wp.com\/www.robertosedda.it\/wp-content\/uploads\/2013\/08\/ALIM0692.jpg?fit=1200%2C900&ssl=1&resize=700%2C400 2x, https:\/\/i0.wp.com\/www.robertosedda.it\/wp-content\/uploads\/2013\/08\/ALIM0692.jpg?fit=1200%2C900&ssl=1&resize=1050%2C600 3x"},"classes":[]},{"id":6680,"url":"https:\/\/www.robertosedda.it\/?p=6680","url_meta":{"origin":9559,"position":5},"title":"Chi ha paura di Giorgio Mazzella? La crisi di Sardegna Uno simbolo dell\u2019informazione isolana in caduta libera. Un articolo di Vito Biolchini","author":"Rufus","date":"11\/03\/2014","format":false,"excerpt":"Oltre che su questo blog, questo articolo viene pubblicato anche sui siti di\u00a0Fondazione Sardinia,\u00a0Aladin Pensiero,\u00a0Tramas de Amistade,\u00a0Madrigopolis,\u00a0SardegnaSoprattutto,\u00a0Sportello Formaparis,\u00a0Tottusinpari\u00a0e sui blog\u00a0di Enrico Lobina e Vito Biolchini. Chi ha paura di Giorgio Mazzella? La crisi di Sardegna Uno simbolo dell\u2019informazione isolana in caduta libera di Vito Biolchini I lavoratori di Sardegna Uno\u2026","rel":"","context":"In &quot;Coordinate&quot;","block_context":{"text":"Coordinate","link":"https:\/\/www.robertosedda.it\/?cat=52"},"img":{"alt_text":"","src":"https:\/\/i0.wp.com\/www.robertosedda.it\/wp-content\/uploads\/2014\/03\/Striscione-Sardegna-Uno.jpg?fit=786%2C445&ssl=1&resize=350%2C200","width":350,"height":200,"srcset":"https:\/\/i0.wp.com\/www.robertosedda.it\/wp-content\/uploads\/2014\/03\/Striscione-Sardegna-Uno.jpg?fit=786%2C445&ssl=1&resize=350%2C200 1x, https:\/\/i0.wp.com\/www.robertosedda.it\/wp-content\/uploads\/2014\/03\/Striscione-Sardegna-Uno.jpg?fit=786%2C445&ssl=1&resize=700%2C400 2x"},"classes":[]}],"_links":{"self":[{"href":"https:\/\/www.robertosedda.it\/index.php?rest_route=\/wp\/v2\/posts\/9559"}],"collection":[{"href":"https:\/\/www.robertosedda.it\/index.php?rest_route=\/wp\/v2\/posts"}],"about":[{"href":"https:\/\/www.robertosedda.it\/index.php?rest_route=\/wp\/v2\/types\/post"}],"author":[{"embeddable":true,"href":"https:\/\/www.robertosedda.it\/index.php?rest_route=\/wp\/v2\/users\/1"}],"replies":[{"embeddable":true,"href":"https:\/\/www.robertosedda.it\/index.php?rest_route=%2Fwp%2Fv2%2Fcomments&post=9559"}],"version-history":[{"count":6,"href":"https:\/\/www.robertosedda.it\/index.php?rest_route=\/wp\/v2\/posts\/9559\/revisions"}],"predecessor-version":[{"id":9566,"href":"https:\/\/www.robertosedda.it\/index.php?rest_route=\/wp\/v2\/posts\/9559\/revisions\/9566"}],"wp:featuredmedia":[{"embeddable":true,"href":"https:\/\/www.robertosedda.it\/index.php?rest_route=\/wp\/v2\/media\/9560"}],"wp:attachment":[{"href":"https:\/\/www.robertosedda.it\/index.php?rest_route=%2Fwp%2Fv2%2Fmedia&parent=9559"}],"wp:term":[{"taxonomy":"category","embeddable":true,"href":"https:\/\/www.robertosedda.it\/index.php?rest_route=%2Fwp%2Fv2%2Fcategories&post=9559"},{"taxonomy":"post_tag","embeddable":true,"href":"https:\/\/www.robertosedda.it\/index.php?rest_route=%2Fwp%2Fv2%2Ftags&post=9559"}],"curies":[{"name":"wp","href":"https:\/\/api.w.org\/{rel}","templated":true}]}}