{"id":9524,"date":"2015-02-03T09:26:41","date_gmt":"2015-02-03T08:26:41","guid":{"rendered":"http:\/\/www.robertosedda.it\/?p=9524"},"modified":"2015-02-05T15:49:53","modified_gmt":"2015-02-05T14:49:53","slug":"universidade-de-sardigna-universita-della-sardegna-university-of-sardinia-un-intervento-di-franco-meloni","status":"publish","type":"post","link":"https:\/\/www.robertosedda.it\/?p=9524","title":{"rendered":"Universidade de Sardigna Universit\u00e0 della Sardegna University of Sardinia (un intervento di Franco Meloni)"},"content":{"rendered":"<p>Ci sono stati un po&#8217; di rallentamenti nell&#8217;attivit\u00e0 dei\u00a0<em>blogger<\/em> del luned\u00ec, ma questo articolo dovrebbe essere pubblicato anche dai siti\u00a0di\u00a0<strong><a href=\"http:\/\/www.fondazionesardinia.eu\/ita\/?p=9428\"><em>Fondazione Sardinia<\/em><\/a><\/strong>,\u00a0<strong><em><a href=\"http:\/\/tramasdeamistade.org\/htdocs\/cms\/index.php\">Tramasdeamistade<\/a><\/em><\/strong>,\u00a0<em><a href=\"http:\/\/www.sardegnasoprattutto.org\/\"><strong>SardegnaSoprattutto<\/strong><\/a>,<\/em>\u00a0<strong><em><a href=\"http:\/\/www.formaparis.com\/\">Sportello Formaparis<\/a><\/em><\/strong>,\u00a0<strong><em><a href=\"http:\/\/tottusinpari.blog.tiscali.it\/\">Tottusinpari<\/a><\/em><\/strong> e sui <em>blog<\/em> di\u00a0<a href=\"http:\/\/www.enricolobina.org\/wp\/\"><strong>Enrico Lobina<\/strong>,<\/a>\u00a0<strong><a href=\"http:\/\/www.vitobiolchini.it\/\">Vito Biolchini<\/a><\/strong>\u00a0e\u00a0<a href=\"http:\/\/madrigopolis.blogspot.it\/\"><strong>Francesca Madrigali<\/strong>.<\/a><\/p>\n<p>Sull&#8217;articolo, che segnala un tema molto attuale del quale si parla molto poco, solo due precisazioni: io non sono mica convinto che l&#8217;unificazione delle due Universit\u00e0 sarde sia una buona cosa e credo che occorrerebbe discuterne forse in maniera un po&#8217; pi\u00f9 ampia: per esempio pensando di ridiscutere l&#8217;impostazione della politica nazionale sull&#8217;Universit\u00e0, cos\u00ec schiacciata sulle\u00a0visioni confindustriali. E poi credo che Franco, quando dice che \u00e8 &#8220;fuori dell&#8217;Accademia&#8221;, pecca un tantino di modestia: infatti \u00e8 stato un importante dirigente dell&#8217;Universit\u00e0 di Cagliari, comunit\u00e0 nella quale ha ancora tanti interessi e relazioni.<a href=\"https:\/\/i0.wp.com\/www.robertosedda.it\/wp-content\/uploads\/2015\/02\/Sardegna-universitaria_2.jpg\"><img data-attachment-id=\"9525\" data-permalink=\"https:\/\/www.robertosedda.it\/?attachment_id=9525\" data-orig-file=\"https:\/\/i0.wp.com\/www.robertosedda.it\/wp-content\/uploads\/2015\/02\/Sardegna-universitaria_2.jpg?fit=1826%2C1188&amp;ssl=1\" data-orig-size=\"1826,1188\" data-comments-opened=\"1\" data-image-meta=\"{&quot;aperture&quot;:&quot;0&quot;,&quot;credit&quot;:&quot;&quot;,&quot;camera&quot;:&quot;&quot;,&quot;caption&quot;:&quot;&quot;,&quot;created_timestamp&quot;:&quot;0&quot;,&quot;copyright&quot;:&quot;&quot;,&quot;focal_length&quot;:&quot;0&quot;,&quot;iso&quot;:&quot;0&quot;,&quot;shutter_speed&quot;:&quot;0&quot;,&quot;title&quot;:&quot;&quot;,&quot;orientation&quot;:&quot;1&quot;}\" data-image-title=\"Sardegna-universitaria_2\" data-image-description=\"\" data-image-caption=\"\" data-medium-file=\"https:\/\/i0.wp.com\/www.robertosedda.it\/wp-content\/uploads\/2015\/02\/Sardegna-universitaria_2.jpg?fit=300%2C195&amp;ssl=1\" data-large-file=\"https:\/\/i0.wp.com\/www.robertosedda.it\/wp-content\/uploads\/2015\/02\/Sardegna-universitaria_2.jpg?fit=510%2C332&amp;ssl=1\" decoding=\"async\" loading=\"lazy\" class=\"aligncenter size-large wp-image-9525\" src=\"https:\/\/i0.wp.com\/www.robertosedda.it\/wp-content\/uploads\/2015\/02\/Sardegna-universitaria_2.jpg?resize=510%2C332\" alt=\"Sardegna-universitaria_2\" width=\"510\" height=\"332\" srcset=\"https:\/\/i0.wp.com\/www.robertosedda.it\/wp-content\/uploads\/2015\/02\/Sardegna-universitaria_2.jpg?resize=510%2C332&amp;ssl=1 510w, https:\/\/i0.wp.com\/www.robertosedda.it\/wp-content\/uploads\/2015\/02\/Sardegna-universitaria_2.jpg?resize=150%2C98&amp;ssl=1 150w, https:\/\/i0.wp.com\/www.robertosedda.it\/wp-content\/uploads\/2015\/02\/Sardegna-universitaria_2.jpg?resize=300%2C195&amp;ssl=1 300w, https:\/\/i0.wp.com\/www.robertosedda.it\/wp-content\/uploads\/2015\/02\/Sardegna-universitaria_2.jpg?resize=700%2C455&amp;ssl=1 700w, https:\/\/i0.wp.com\/www.robertosedda.it\/wp-content\/uploads\/2015\/02\/Sardegna-universitaria_2.jpg?resize=50%2C33&amp;ssl=1 50w, https:\/\/i0.wp.com\/www.robertosedda.it\/wp-content\/uploads\/2015\/02\/Sardegna-universitaria_2.jpg?w=1826&amp;ssl=1 1826w, https:\/\/i0.wp.com\/www.robertosedda.it\/wp-content\/uploads\/2015\/02\/Sardegna-universitaria_2.jpg?w=1600 1600w\" sizes=\"(max-width: 510px) 100vw, 510px\" data-recalc-dims=\"1\" \/><\/a><\/p>\n<h2 class=\"\">Universidade de Sardigna Universit\u00e0 della Sardegna University of Sardinia<\/h2>\n<div class=\"\">\n<h3>di Franco Meloni<\/h3>\n<\/div>\n<div class=\"\">\n<p>Il\u00a0<a href=\"http:\/\/www.aladinpensiero.it\/?p=28956\" target=\"_blank\">treno veloce Cagliari-Sassari e viceversa<\/a>\u00a0(auspicabilmente esteso ad altre tratte, Olbia in primis) trainer\u00e0 anche la realizzazione dell&#8217;Universit\u00e0 della Sardegna. Unica Universit\u00e0 o federazione tra i due Atenei storici? Questo \u00e8 da decidere. Allo stato risulta si propenda per la loro federazione, &#8220;al fine di salvaguardarne maggiormente la storia e la tradizione&#8221;, ma pur sempre sotto l&#8217;egida comune di Universit\u00e0 della Sardegna. Per\u00f2 la federazione deve essere vera, come avverte il competente Ministero, che nel\u00a0<a href=\"http:\/\/www.aladinpensiero.it\/?p=17036\" target=\"_blank\">documento di programmazione 2013-2015 del sistema universitario italiano\u00a0<\/a>delinea le caratteristiche dei <em>\u00abmodelli federativi di universit\u00e0 su base regionale o macroregionale&#8230; ferme restando l\u2019autonomia scientifica e gestionale dei federati nel quadro delle risorse attribuite\u00bb<\/em>. Precisamente\u00a0devono prevedersi:\u00a0<em>\u00aba) unico Consiglio di amministrazione con unico Presidente; b) unificazione e condivisione di servizi amministrativi, informatici, bibliotecari e tecnici di supporto alla didattica e alla ricerca\u00bb<\/em>. Siamo allora ben lontani dal debole patto federativo firmato dai due Atenei alcuni anni fa. Nella pratica non si va ancora in tale direzione; assistiamo invece a un atteggiamento prudente e defatigatorio. E non ne sono prove contrarie l&#8217;intensificarsi tra gli Atenei degli accordi di programmazione formativa e di collaborazione per la ricerca scientifica (peraltro sempre esistiti). Tutto cose positive, ma, al contrario, perdura l\u2019incapacit\u00e0 di gestione unitaria di importanti attivit\u00e0, come, ad esempio, i progetti di formazione professionale di grandi dimensioni (lo fu\u00a0<a href=\"http:\/\/www.aladinpensiero.it\/?p=32554\" target=\"_blank\">Itaca per il paesaggio<\/a>), o il consorzio per l&#8217;Universit\u00e0 telematica della Sardegna o i Centri di competenza tecnologica: iniziative fortemente incentivate dall&#8217;Unione Europea, dallo Stato e dalla Regione, sempre pi\u00f9 ridotte a operazioni di piccolo cabotaggio. Cos\u00ec non si potr\u00e0 continuare perch\u00e9 l&#8217;unificazione (o la vera federazione) \u00e8 ormai un fatto ineludibile, che la <em>spending review<\/em> governativa impone, anche attraverso progressive penalizzazioni nel trasferimento di risorse statali se non si proceder\u00e0 nella direzione indicata. Ma come peraltro imporrebbero criteri di razionalit\u00e0 nella gestione complessiva delle risorse \u2013 e non solo \u2013 nell&#8217;interesse della Sardegna. Almeno cos\u00ec pensiamo in molti, in prevalenza fuori dall&#8217;accademia, nella quale invece prevalgono la conservazione di antichi privilegi e posizioni di potere, quando anche giustificati da nobili motivazioni. Lo riconosciamo: il discorso \u00e8 complesso e il percorso per arrivare all&#8217;obiettivo dell&#8217;unica Universit\u00e0 della Sardegna, in una delle possibili forme, non \u00e8 facile, ma, appunto per questo, occorre agire da subito vincendo la paralizzante prudenza. Qualche segnale della volont\u00e0 in tal senso arriva dall&#8217;esordiente Rettore dell&#8217;Universit\u00e0 di Sassari, Massimo Carpinelli, che in occasione dell&#8217;<a href=\"http:\/\/www.aladinpensiero.it\/?p=36785\" target=\"_blank\">inaugurazione dell\u2019anno accademico<\/a>\u00a0ha parlato di\u00a0<em>\u00abun progetto capace di promuovere l\u2019Universit\u00e0 della Sardegna, che preservi le specificit\u00e0 dei due Atenei, la loro storia e la loro tradizione\u00bb<\/em>, per questo appellandosi particolarmente alla Regione Sardegna\u00a0<em>\u00abche deve dialogare con gli Atenei e i centri di ricerca\u00a0<\/em>[per]\u00a0<em>costruire un&#8217;unica struttura che possa far crescere la formazione, la scienza e la cultura nella nostra Regione\u00bb<\/em>. \u00c8\u00a0gi\u00e0 qualcosa, ma occorre andare rapidamente oltre le parole e passare ai fatti, prima che qualcun altro, anche in questa circostanza, decida per la Sardegna. La Regione, chiamata giustamente in causa, deve intervenire per favorire questo processo di unificazione\/federazione, smettendo di fare solo la parte di <em>bancomat<\/em> che trasferisce risorse alle Universit\u00e0 sarde. E poi, occorre che il dibattito si allarghi, cogliendo anche l\u2019occasione dell\u2019ormai imminente\u00a0<a href=\"http:\/\/www.aladinpensiero.it\/?p=36733\" target=\"_blank\">elezione del Rettore dell\u2019Universit\u00e0 di Cagliari<\/a>, perch\u00e9, come ripetiamo spesso: l&#8217;Universit\u00e0 \u00e8 troppo importante per essere lasciata nelle mani dei soli professori, come la guerra in quelle dei generali.<\/p>\n<p>&#8211; Nell&#8217;illustrazione:\u00a0<em>particolare del dipinto di Filippo Figari \u201cSardegna universitaria\u201d, aula magna Rettorato Universit\u00e0 di Cagliari<\/em>.<\/p>\n<\/div>\n","protected":false},"excerpt":{"rendered":"<p>Ci sono stati un po&#8217; di rallentamenti nell&#8217;attivit\u00e0 dei\u00a0blogger del luned\u00ec, ma questo articolo dovrebbe essere pubblicato anche dai siti\u00a0di\u00a0Fondazione<\/p>\n","protected":false},"author":1,"featured_media":9525,"comment_status":"open","ping_status":"open","sticky":false,"template":"","format":"standard","meta":{"_mi_skip_tracking":false,"_monsterinsights_sitenote_active":false,"_monsterinsights_sitenote_note":"","_monsterinsights_sitenote_category":0,"jetpack_post_was_ever_published":false,"_jetpack_newsletter_access":"","jetpack_publicize_message":"","jetpack_is_tweetstorm":false,"jetpack_publicize_feature_enabled":true,"jetpack_social_post_already_shared":true,"jetpack_social_options":{"image_generator_settings":{"template":"highway","enabled":false}}},"categories":[52,55,77,17,16],"tags":[],"jetpack_publicize_connections":[],"jetpack_featured_media_url":"https:\/\/i0.wp.com\/www.robertosedda.it\/wp-content\/uploads\/2015\/02\/Sardegna-universitaria_2.jpg?fit=1826%2C1188&ssl=1","jetpack_sharing_enabled":true,"jetpack_shortlink":"https:\/\/wp.me\/p4jV2T-2tC","jetpack_likes_enabled":true,"jetpack-related-posts":[{"id":8914,"url":"https:\/\/www.robertosedda.it\/?p=8914","url_meta":{"origin":9524,"position":0},"title":"Quali intellettuali in Sardegna? Un intervento di Piero Marcialis","author":"Rufus","date":"19\/11\/2014","format":false,"excerpt":"Oltre che su questo\u00a0blog questo articolo viene pubblicato anche sui siti di\u00a0Fondazione Sardinia,\u00a0Aladinpensiero,\u00a0Tramas de amistade,\u00a0Sardegna Soprattutto,\u00a0Sportello Formaparis,\u00a0Tottusinpari e sui blog di\u00a0Enrico Lobina,\u00a0Vito Biolchini\u00a0e\u00a0Francesca Madrigali. Quali intellettuali in Sardegna? di Piero Marcialis Si scalda (forse) il dibattito sugli intellettuali in Sardegna. Non mi soffermo a dire che intellettuali siamo un po\u2019\u2026","rel":"","context":"In &quot;Coordinate&quot;","block_context":{"text":"Coordinate","link":"https:\/\/www.robertosedda.it\/?cat=52"},"img":{"alt_text":"","src":"https:\/\/i0.wp.com\/www.robertosedda.it\/wp-content\/uploads\/2014\/11\/intellettuali1.jpg?fit=360%2C269&ssl=1&resize=350%2C200","width":350,"height":200},"classes":[]},{"id":4945,"url":"https:\/\/www.robertosedda.it\/?p=4945","url_meta":{"origin":9524,"position":1},"title":"La Sardegna \u00e8 un mosaico (un intervento di Fabrizio Palazzari)","author":"Rufus","date":"05\/11\/2013","format":false,"excerpt":"Contrariamente al solito, l'articolo che segue non \u00e8 mio. Sono stato invitato, con molta gentilezza, agli incontri che si tengono il luned\u00ec presso la Fondazione Sardinia: le regole del gioco prevedono che a turno ciascuno proponga un articolo, che sia discusso amichevolmente e che poi sia pubblicato da tutti. Non\u2026","rel":"","context":"In &quot;Coordinate&quot;","block_context":{"text":"Coordinate","link":"https:\/\/www.robertosedda.it\/?cat=52"},"img":{"alt_text":"","src":"https:\/\/i0.wp.com\/www.robertosedda.it\/wp-content\/uploads\/2013\/08\/Ortiz.jpg?fit=397%2C424&ssl=1&resize=350%2C200","width":350,"height":200},"classes":[]},{"id":9559,"url":"https:\/\/www.robertosedda.it\/?p=9559","url_meta":{"origin":9524,"position":2},"title":"Bainzu Piliu, Pertini e Mattarella. E la Sardegna come l\u2019Alabama (di Piero Marcialis)","author":"Rufus","date":"10\/02\/2015","format":false,"excerpt":"Questo articolo viene\u00a0pubblicato anche dai siti\u00a0di\u00a0Fondazione Sardinia, Tramasdeamistade,\u00a0 SardegnaSoprattutto,\u00a0Sportello Formaparis,\u00a0Tottusinpari e sui blog\u00a0di\u00a0Enrico Lobina,\u00a0Vito Biolchini\u00a0e\u00a0Francesca Madrigali. Bainzu Piliu, Pertini e Mattarella. E la Sardegna come l\u2019Alabama di Piero Marcialis In questi primi giorni di febbraio sono impegnato a scrivere la riduzione teatrale del libro di Bainzu Piliu Cella n. 21.\u2026","rel":"","context":"In &quot;Coordinate&quot;","block_context":{"text":"Coordinate","link":"https:\/\/www.robertosedda.it\/?cat=52"},"img":{"alt_text":"","src":"https:\/\/i0.wp.com\/www.robertosedda.it\/wp-content\/uploads\/2015\/02\/Baizu-Piliu.jpg?fit=500%2C378&ssl=1&resize=350%2C200","width":350,"height":200},"classes":[]},{"id":6864,"url":"https:\/\/www.robertosedda.it\/?p=6864","url_meta":{"origin":9524,"position":3},"title":"Venti indipendentisti oltre la provocazione del Canton Marittimo (di Nicol\u00f2 Migheli)","author":"Rufus","date":"01\/04\/2014","format":false,"excerpt":"I\u00a0blogger del luned\u00ec, che a questo punto sarebbe pi\u00f9 corretto chiamare\u00a0blogger indipendentisti, procedono nei loro incontri. \u00c8 un po' che non ricevo direttamente l'articolo per la pubblicazione, ma vedo che tutti continuano a citare questo blog\u00a0come parte della catena e perci\u00f2 continuo a stare al gioco dei rimandi: peraltro\u00a0mai come\u2026","rel":"","context":"In &quot;Coordinate&quot;","block_context":{"text":"Coordinate","link":"https:\/\/www.robertosedda.it\/?cat=52"},"img":{"alt_text":"","src":"https:\/\/i0.wp.com\/www.robertosedda.it\/wp-content\/uploads\/2014\/04\/Nicol\u00f2-Migheli.jpg?fit=720%2C960&ssl=1&resize=350%2C200","width":350,"height":200,"srcset":"https:\/\/i0.wp.com\/www.robertosedda.it\/wp-content\/uploads\/2014\/04\/Nicol\u00f2-Migheli.jpg?fit=720%2C960&ssl=1&resize=350%2C200 1x, https:\/\/i0.wp.com\/www.robertosedda.it\/wp-content\/uploads\/2014\/04\/Nicol\u00f2-Migheli.jpg?fit=720%2C960&ssl=1&resize=700%2C400 2x"},"classes":[]},{"id":6661,"url":"https:\/\/www.robertosedda.it\/?p=6661","url_meta":{"origin":9524,"position":4},"title":"Economia della condivisione. Anche in Sardegna?","author":"Rufus","date":"06\/03\/2014","format":false,"excerpt":"Oltre che su questo blog, questo articolo viene pubblicato anche sui siti Fondazione Sardinia, Aladin Pensiero, Madrigopolis, SardegnaSoprattutto, Sportello Formaparis, Tottusinpari e sui blog di Enrico Lobina e Vito Biolchini. La \u201csharing economy\u201d in Sardegna. Possibile modello economico o una moda destinata a sparire? di Fabrizio Palazzari La \"sharing economy\"\u2026","rel":"","context":"In &quot;Coordinate&quot;","block_context":{"text":"Coordinate","link":"https:\/\/www.robertosedda.it\/?cat=52"},"img":{"alt_text":"","src":"https:\/\/i0.wp.com\/www.robertosedda.it\/wp-content\/uploads\/2013\/12\/2013-12-01-17.44.57.jpg?fit=1200%2C900&ssl=1&resize=350%2C200","width":350,"height":200,"srcset":"https:\/\/i0.wp.com\/www.robertosedda.it\/wp-content\/uploads\/2013\/12\/2013-12-01-17.44.57.jpg?fit=1200%2C900&ssl=1&resize=350%2C200 1x, https:\/\/i0.wp.com\/www.robertosedda.it\/wp-content\/uploads\/2013\/12\/2013-12-01-17.44.57.jpg?fit=1200%2C900&ssl=1&resize=700%2C400 2x, https:\/\/i0.wp.com\/www.robertosedda.it\/wp-content\/uploads\/2013\/12\/2013-12-01-17.44.57.jpg?fit=1200%2C900&ssl=1&resize=1050%2C600 3x"},"classes":[]},{"id":6513,"url":"https:\/\/www.robertosedda.it\/?p=6513","url_meta":{"origin":9524,"position":5},"title":"Cappellacci\/Berlusconi hanno perso. La Sardegna ancora non ha vinto. Un articolo di Salvatore Cubeddu","author":"Rufus","date":"19\/02\/2014","format":false,"excerpt":"Con la fine delle elezioni i blogger del luned\u00ec devono avere ripreso le riunioni, perch\u00e9 vedo comparire sui siti amici l'articolo che segue (devo dire la verit\u00e0, non me l'hanno mandato: ahi! che offesa, mi coraz\u00f2n). L'autore \u00e8 Salvatore Cubeddu e, come sempre, corredo l'articolo con una sua foto. Se\u2026","rel":"","context":"In &quot;Coordinate&quot;","block_context":{"text":"Coordinate","link":"https:\/\/www.robertosedda.it\/?cat=52"},"img":{"alt_text":"","src":"https:\/\/i0.wp.com\/www.robertosedda.it\/wp-content\/uploads\/2013\/12\/Salvatore-Cubeddu.jpg?fit=500%2C374&ssl=1&resize=350%2C200","width":350,"height":200},"classes":[]}],"_links":{"self":[{"href":"https:\/\/www.robertosedda.it\/index.php?rest_route=\/wp\/v2\/posts\/9524"}],"collection":[{"href":"https:\/\/www.robertosedda.it\/index.php?rest_route=\/wp\/v2\/posts"}],"about":[{"href":"https:\/\/www.robertosedda.it\/index.php?rest_route=\/wp\/v2\/types\/post"}],"author":[{"embeddable":true,"href":"https:\/\/www.robertosedda.it\/index.php?rest_route=\/wp\/v2\/users\/1"}],"replies":[{"embeddable":true,"href":"https:\/\/www.robertosedda.it\/index.php?rest_route=%2Fwp%2Fv2%2Fcomments&post=9524"}],"version-history":[{"count":1,"href":"https:\/\/www.robertosedda.it\/index.php?rest_route=\/wp\/v2\/posts\/9524\/revisions"}],"predecessor-version":[{"id":9526,"href":"https:\/\/www.robertosedda.it\/index.php?rest_route=\/wp\/v2\/posts\/9524\/revisions\/9526"}],"wp:featuredmedia":[{"embeddable":true,"href":"https:\/\/www.robertosedda.it\/index.php?rest_route=\/wp\/v2\/media\/9525"}],"wp:attachment":[{"href":"https:\/\/www.robertosedda.it\/index.php?rest_route=%2Fwp%2Fv2%2Fmedia&parent=9524"}],"wp:term":[{"taxonomy":"category","embeddable":true,"href":"https:\/\/www.robertosedda.it\/index.php?rest_route=%2Fwp%2Fv2%2Fcategories&post=9524"},{"taxonomy":"post_tag","embeddable":true,"href":"https:\/\/www.robertosedda.it\/index.php?rest_route=%2Fwp%2Fv2%2Ftags&post=9524"}],"curies":[{"name":"wp","href":"https:\/\/api.w.org\/{rel}","templated":true}]}}