{"id":9454,"date":"2015-01-24T11:56:03","date_gmt":"2015-01-24T10:56:03","guid":{"rendered":"http:\/\/www.robertosedda.it\/?p=9454"},"modified":"2015-01-26T09:06:36","modified_gmt":"2015-01-26T08:06:36","slug":"reblog-il-fumetto-per-il-dialogo","status":"publish","type":"post","link":"https:\/\/www.robertosedda.it\/?p=9454","title":{"rendered":"REBLOG: Il fumetto per il dialogo"},"content":{"rendered":"<p><a href=\"http:\/\/www.sonda.it\/1\/19\/Blog\/Il-fumetto-per-il-dialogo\/\">Dall&#8217;imperdibile\u00a0<em>blog<\/em> di Beniamino Sidoti, un&#8217;intervista con Paolo Comoglio del COSV, una ONG che si occupa (anche) di\u00a0promozione del fumetto per i giovani del bacino mediterraneo. Si parla di\u00a0<em>Charlie Hebdo<\/em>, di fumetto, di situazione della cultura e della liber\u00e0 di stampa nei paesi arabi.<\/a><\/p>\n","protected":false},"excerpt":{"rendered":"<p>Dall&#8217;imperdibile\u00a0blog di Beniamino Sidoti, un&#8217;intervista con Paolo Comoglio del COSV, una ONG che si occupa (anche) di\u00a0promozione del fumetto per<\/p>\n","protected":false},"author":1,"featured_media":0,"comment_status":"open","ping_status":"open","sticky":false,"template":"","format":"link","meta":{"_mi_skip_tracking":false,"_monsterinsights_sitenote_active":false,"_monsterinsights_sitenote_note":"","_monsterinsights_sitenote_category":0,"jetpack_post_was_ever_published":false,"_jetpack_newsletter_access":"","jetpack_publicize_message":"","jetpack_is_tweetstorm":false,"jetpack_publicize_feature_enabled":true,"jetpack_social_post_already_shared":true,"jetpack_social_options":{"image_generator_settings":{"template":"highway","enabled":false}}},"categories":[95,16],"tags":[],"jetpack_publicize_connections":[],"jetpack_featured_media_url":"","jetpack_sharing_enabled":true,"jetpack_shortlink":"https:\/\/wp.me\/p4jV2T-2su","jetpack_likes_enabled":true,"jetpack-related-posts":[{"id":16338,"url":"https:\/\/www.robertosedda.it\/?p=16338","url_meta":{"origin":9454,"position":0},"title":"L&#8217;abbrivio e il precipizio","author":"Rufus","date":"14\/03\/2019","format":false,"excerpt":"Seguo fin dal primo numero, anzi fin dall'anteprima fuori serie, Mercurio Loi, pubblicato dalla Sergio Bonelli Editore e scritto da Alessandro Bilotta. Mi piace molto ma, dopo una prima mezza dozzina di numeri molto interessanti, \u00e8 subentrata una certa perplessit\u00e0: \u00e8 un fumetto filosofico, d'accordo, \u00e8 un fumetto sperimentale, d'accordo,\u2026","rel":"","context":"In &quot;Coordinate&quot;","block_context":{"text":"Coordinate","link":"https:\/\/www.robertosedda.it\/?cat=52"},"img":{"alt_text":"","src":"https:\/\/i0.wp.com\/www.robertosedda.it\/wp-content\/uploads\/2019\/03\/Mercurio-d.jpg?fit=800%2C1055&ssl=1&resize=350%2C200","width":350,"height":200,"srcset":"https:\/\/i0.wp.com\/www.robertosedda.it\/wp-content\/uploads\/2019\/03\/Mercurio-d.jpg?fit=800%2C1055&ssl=1&resize=350%2C200 1x, https:\/\/i0.wp.com\/www.robertosedda.it\/wp-content\/uploads\/2019\/03\/Mercurio-d.jpg?fit=800%2C1055&ssl=1&resize=700%2C400 2x"},"classes":[]},{"id":8500,"url":"https:\/\/www.robertosedda.it\/?p=8500","url_meta":{"origin":9454,"position":1},"title":"Dieci fumetti da leggere almeno una volta nella vita","author":"Rufus","date":"30\/09\/2014","format":false,"excerpt":"Il mio amico Giovanni Piredda, copiando un'idea di un altro comune amico, Graziano Montanini, mi ha inserito in quella che lui ritiene la catena definitiva, nella quale mi tocca di indicare dieci fumetti \"che\u00a0si dovrebbe provare a leggere\". Per essere una catena (in realt\u00e0 finta, fintissima, perch\u00e9 non va avanti\u2026","rel":"","context":"In &quot;Coordinate&quot;","block_context":{"text":"Coordinate","link":"https:\/\/www.robertosedda.it\/?cat=52"},"img":{"alt_text":"","src":"https:\/\/i0.wp.com\/www.robertosedda.it\/wp-content\/uploads\/2014\/09\/Corto-Maltese-comodo.jpg?fit=625%2C309&ssl=1&resize=350%2C200","width":350,"height":200},"classes":[]},{"id":8260,"url":"https:\/\/www.robertosedda.it\/?p=8260","url_meta":{"origin":9454,"position":2},"title":"Un evento di tanto tempo fa","author":"Rufus","date":"25\/08\/2014","format":false,"excerpt":"Stavo scrivendo una recensione di un paio di letture recenti di fumetti quando improvvisamente mi sono reso conto che per parlare di\u00a0Julia avrei dovuto raccontare cosa ne pensavo tanto tempo fa e perch\u00e9 ho smesso di leggerlo: tutte cose che mi avrebbero portato un po' lontano. Poi mi sono ricordato\u2026","rel":"","context":"In &quot;Biografie&quot;","block_context":{"text":"Biografie","link":"https:\/\/www.robertosedda.it\/?cat=83"},"img":{"alt_text":"","src":"https:\/\/i0.wp.com\/www.robertosedda.it\/wp-content\/uploads\/2014\/08\/Julia-Bonelli.jpg?fit=292%2C407&ssl=1&resize=350%2C200","width":350,"height":200},"classes":[]},{"id":13904,"url":"https:\/\/www.robertosedda.it\/?p=13904","url_meta":{"origin":9454,"position":3},"title":"Avventure, avventure&#8230; per bambine","author":"Rufus","date":"04\/07\/2017","format":false,"excerpt":"L'altro giorno ero al mare, beatamente seduto sotto l'ombrellone con\u00a0Skorpio e Lanciostory\u00a0e mia nipote Agnese mi ha chiesto: \u00abChe leggi, zio?\u00bb. Stavo leggendo in quel momento\u00a0Aria, e ho risposto: \u00abLa storia di una ragazza che ha nella sua memoria i ricordi di un grande bardo dell'antichit\u00e0 e che con questi\u2026","rel":"","context":"In &quot;Cappe e spade&quot;","block_context":{"text":"Cappe e spade","link":"https:\/\/www.robertosedda.it\/?cat=70"},"img":{"alt_text":"","src":"https:\/\/i0.wp.com\/www.robertosedda.it\/wp-content\/uploads\/2017\/07\/Lanciostory.jpg?fit=497%2C709&ssl=1&resize=350%2C200","width":350,"height":200},"classes":[]},{"id":2219,"url":"https:\/\/www.robertosedda.it\/?p=2219","url_meta":{"origin":9454,"position":4},"title":"Davvero","author":"Rufus","date":"15\/02\/2013","format":false,"excerpt":"Ho conosciuto il progetto di Davvero a Lucca, anche se un po' en passant, come credo di avere gi\u00e0 raccontato. Arrivati adesso al terzo numero credo che si possa provare a tracciare un bilancio: naturalmente, considerato che io sto seguendo l'edizione in edicola mentre on line il fumetto \u00e8 andato\u2026","rel":"","context":"In &quot;Coordinate&quot;","block_context":{"text":"Coordinate","link":"https:\/\/www.robertosedda.it\/?cat=52"},"img":{"alt_text":"","src":"https:\/\/i0.wp.com\/www.robertosedda.it\/wp-content\/uploads\/2013\/02\/davvero-di-paola-barbato-edizioni-star-comics-L-Popq4s.jpeg?fit=368%2C556&ssl=1&resize=350%2C200","width":350,"height":200},"classes":[]},{"id":9468,"url":"https:\/\/www.robertosedda.it\/?p=9468","url_meta":{"origin":9454,"position":5},"title":"REBLOG: Fumetti sulla Shoa","author":"Rufus","date":"27\/01\/2015","format":"link","excerpt":"Una selezione su Lo spazio bianco\u00a0di\u00a0dodici\u00a0fumetti tutti meritevoli di essere letti e riletti. Nei\u00a0link interni all'articolo ulteriori approfondimenti.","rel":"","context":"In &quot;Segnalazioni&quot;","block_context":{"text":"Segnalazioni","link":"https:\/\/www.robertosedda.it\/?cat=95"},"img":{"alt_text":"","src":"","width":0,"height":0},"classes":[]}],"_links":{"self":[{"href":"https:\/\/www.robertosedda.it\/index.php?rest_route=\/wp\/v2\/posts\/9454"}],"collection":[{"href":"https:\/\/www.robertosedda.it\/index.php?rest_route=\/wp\/v2\/posts"}],"about":[{"href":"https:\/\/www.robertosedda.it\/index.php?rest_route=\/wp\/v2\/types\/post"}],"author":[{"embeddable":true,"href":"https:\/\/www.robertosedda.it\/index.php?rest_route=\/wp\/v2\/users\/1"}],"replies":[{"embeddable":true,"href":"https:\/\/www.robertosedda.it\/index.php?rest_route=%2Fwp%2Fv2%2Fcomments&post=9454"}],"version-history":[{"count":2,"href":"https:\/\/www.robertosedda.it\/index.php?rest_route=\/wp\/v2\/posts\/9454\/revisions"}],"predecessor-version":[{"id":9457,"href":"https:\/\/www.robertosedda.it\/index.php?rest_route=\/wp\/v2\/posts\/9454\/revisions\/9457"}],"wp:attachment":[{"href":"https:\/\/www.robertosedda.it\/index.php?rest_route=%2Fwp%2Fv2%2Fmedia&parent=9454"}],"wp:term":[{"taxonomy":"category","embeddable":true,"href":"https:\/\/www.robertosedda.it\/index.php?rest_route=%2Fwp%2Fv2%2Fcategories&post=9454"},{"taxonomy":"post_tag","embeddable":true,"href":"https:\/\/www.robertosedda.it\/index.php?rest_route=%2Fwp%2Fv2%2Ftags&post=9454"}],"curies":[{"name":"wp","href":"https:\/\/api.w.org\/{rel}","templated":true}]}}