{"id":9407,"date":"2015-01-19T13:43:55","date_gmt":"2015-01-19T12:43:55","guid":{"rendered":"http:\/\/www.robertosedda.it\/?p=9407"},"modified":"2015-02-19T18:56:43","modified_gmt":"2015-02-19T17:56:43","slug":"lecumenismo-in-citta-nel-segno-dellincontro","status":"publish","type":"post","link":"https:\/\/www.robertosedda.it\/?p=9407","title":{"rendered":"L&#8217;ecumenismo in citt\u00e0 nel segno dell&#8217;incontro"},"content":{"rendered":"<p>Ieri l&#8217;inserto mensile di\u00a0<em>Avvenire<\/em> dedicato alla diocesi di Cagliari aveva un&#8217;intera pagina dedicata all&#8217;Ottavario di Preghiera per l&#8217;Unit\u00e0 dei Cristiani che conteneva anche un mio articolo.<\/p>\n<p>Si tratta di un testo davvero breve e tutto sommato poco importante, ma considerato il fatto che non mi era mai capitato di essere pubblicato su un grande quotidiano nazionale &#8211; sia pure su un supplemento locale &#8211; la cosa mi sembra meriti di essere segnalato qui sul\u00a0<em>blog<\/em>.<\/p>\n<p>L&#8217;articolo viveva un po&#8217; delle difficolt\u00e0 di fare una riflessione sul GEL senza essere stupidamente elogiativo ma dando conto di un&#8217;esperienza ricca di limiti &#8211; anche attualmente: le forze scemano &#8211; ma portata coraggiosamente e generosamente\u00a0avanti per molti anni. Credo che il tema della convivialit\u00e0 sia stato scelto correttamente, considerato anche il calore dei saluti con i quali ci siamo ritrovati ieri, nella prima\u00a0<em>lectio divina<\/em> che abbiamo condiviso durante l&#8217;Ottavario: \u00abEh, non ci vediamo dall&#8217;anno scorso! Come stai? Come state? Come va? Che piacere!\u00bb.<\/p>\n<p>Naturalmente non sarei il vostro amichevole Rufus di quartiere se non avessi infilato una castroneria \u00a0nell&#8217;articolo: in particolare mi sono confuso e ho scritto che le attivit\u00e0 dell&#8217;Ottavario sarebbero iniziate\u00a0con uno\u00a0studio biblico a Eben Ezer, che sar\u00e0 invece domani, mentre l&#8217;appuntamento iniziale era una\u00a0<em>lectio<\/em> tenuta da don Mario Ledda a San Lorenzo. Ahiahiahi.<a href=\"https:\/\/i0.wp.com\/www.robertosedda.it\/wp-content\/uploads\/2015\/01\/Settimana-di-preghiera-unit\u00e0-cristiani.jpg\"><img data-attachment-id=\"9408\" data-permalink=\"https:\/\/www.robertosedda.it\/?attachment_id=9408\" data-orig-file=\"https:\/\/i0.wp.com\/www.robertosedda.it\/wp-content\/uploads\/2015\/01\/Settimana-di-preghiera-unit\u00e0-cristiani.jpg?fit=826%2C314&amp;ssl=1\" data-orig-size=\"826,314\" data-comments-opened=\"1\" data-image-meta=\"{&quot;aperture&quot;:&quot;0&quot;,&quot;credit&quot;:&quot;&quot;,&quot;camera&quot;:&quot;&quot;,&quot;caption&quot;:&quot;&quot;,&quot;created_timestamp&quot;:&quot;0&quot;,&quot;copyright&quot;:&quot;&quot;,&quot;focal_length&quot;:&quot;0&quot;,&quot;iso&quot;:&quot;0&quot;,&quot;shutter_speed&quot;:&quot;0&quot;,&quot;title&quot;:&quot;&quot;,&quot;orientation&quot;:&quot;0&quot;}\" data-image-title=\"Settimana di preghiera unit\u00e0 cristiani\" data-image-description=\"\" data-image-caption=\"\" data-medium-file=\"https:\/\/i0.wp.com\/www.robertosedda.it\/wp-content\/uploads\/2015\/01\/Settimana-di-preghiera-unit\u00e0-cristiani.jpg?fit=300%2C114&amp;ssl=1\" data-large-file=\"https:\/\/i0.wp.com\/www.robertosedda.it\/wp-content\/uploads\/2015\/01\/Settimana-di-preghiera-unit\u00e0-cristiani.jpg?fit=510%2C194&amp;ssl=1\" decoding=\"async\" loading=\"lazy\" class=\"aligncenter size-full wp-image-9408\" src=\"https:\/\/i0.wp.com\/www.robertosedda.it\/wp-content\/uploads\/2015\/01\/Settimana-di-preghiera-unit\u00e0-cristiani.jpg?resize=800%2C304\" alt=\"Settimana di preghiera unit\u00e0 cristiani\" width=\"800\" height=\"304\" srcset=\"https:\/\/i0.wp.com\/www.robertosedda.it\/wp-content\/uploads\/2015\/01\/Settimana-di-preghiera-unit\u00e0-cristiani.jpg?w=826&amp;ssl=1 826w, https:\/\/i0.wp.com\/www.robertosedda.it\/wp-content\/uploads\/2015\/01\/Settimana-di-preghiera-unit\u00e0-cristiani.jpg?resize=150%2C57&amp;ssl=1 150w, https:\/\/i0.wp.com\/www.robertosedda.it\/wp-content\/uploads\/2015\/01\/Settimana-di-preghiera-unit\u00e0-cristiani.jpg?resize=300%2C114&amp;ssl=1 300w, https:\/\/i0.wp.com\/www.robertosedda.it\/wp-content\/uploads\/2015\/01\/Settimana-di-preghiera-unit\u00e0-cristiani.jpg?resize=510%2C194&amp;ssl=1 510w, https:\/\/i0.wp.com\/www.robertosedda.it\/wp-content\/uploads\/2015\/01\/Settimana-di-preghiera-unit\u00e0-cristiani.jpg?resize=700%2C266&amp;ssl=1 700w, https:\/\/i0.wp.com\/www.robertosedda.it\/wp-content\/uploads\/2015\/01\/Settimana-di-preghiera-unit\u00e0-cristiani.jpg?resize=50%2C19&amp;ssl=1 50w\" sizes=\"(max-width: 800px) 100vw, 800px\" data-recalc-dims=\"1\" \/><\/a><\/p>\n<blockquote>\n<h2>L&#8217;ecumenismo in citt\u00e0 nel segno dell&#8217;incontro<\/h2>\n<h3>di Roberto Sedda<\/h3>\n<p>Le iniziative offerte alla comunit\u00e0 cristiana in occasione della Settimana\u00a0di preghiera per l\u2019unit\u00e0 dei cristiani sono promosse a Cagliari dal GEL, il Gruppo ecumenico di lavoro. Sorto negli anni \u201990 per iniziativa di un gruppo di laici, con una tipica dinamica di ecumenismo \u201cdal basso\u201d, vede ora la presenza dei referenti ufficiali delle comunit\u00e0 delle varie denominazioni cristiane presenti in citt\u00e0.<\/p>\n<p>La storia del GEL \u00e8 quindi una storia ormai lunga della quale l\u2019appuntamento annuale della\u00a0Settimana\u00a0\u00e8 di gran lunga il momento pi\u00f9 importante, nella cui preparazione oltre alla ricchezza dell\u2019incontro si sperimenta talvolta la fatica della composizione di visioni differenti, la necessit\u00e0 di ridare freschezza alle motivazioni iniziali, l\u2019esigenza di non ripetere per pura forza di abitudine le iniziative \u00abcome ogni anno\u00bb.<\/p>\n<p>\u00c8 la dimensione della convivialit\u00e0 quella che garantisce il mantenimento dello slancio in avanti: il contatto umano, la relazione, il gusto dell\u2019incontro, quando sono vissuti pienamente, danno profondit\u00e0 e consistenza al lavoro organizzativo. Una convivialit\u00e0 \u00abaperta\u00bb, che mantiene spalancate le porte e rappresenterebbe una strada perch\u00e9 quella dimensione di promozione \u00abdal basso\u00bb sia confermata ancora, combattendo l\u2019inevitabile tendenza di ogni gruppo ad assestarsi sulle proprie posizioni e a accontentarsi del fatto che siano presenti almeno \u201ci soliti\u201d.<\/p>\n<p>Chi guarda il programma delle iniziative cagliaritane di quest\u2019anno nota che i luoghi di incontro sono in parte diversi da quelli degli anni precedenti. \u00c8 la conferma di una scelta rafforzatasi nel tempo. Ogni comunit\u00e0 a turno ospita una delle iniziative in un rendersi visita reciproco: dapprima nella casa di spiritualit\u00e0 della comunit\u00e0 battista, poi in una parrocchia cattolica, quindi in una parrocchia ortodossa&#8230; Ciascuno sperimenta il piacere di ospitare e di essere ospitato, il piacere di conoscere l\u2019altro a casa sua. Da parte cattolica, inoltre, si ha cura di coinvolgere ogni anno una parrocchia diversa, perch\u00e9 cresca quella dimensione di coinvolgimento e di novit\u00e0 che nasce dall&#8217;incontrare sempre una nuova comunit\u00e0.<\/p><\/blockquote>\n","protected":false},"excerpt":{"rendered":"<p>Ieri l&#8217;inserto mensile di\u00a0Avvenire dedicato alla diocesi di Cagliari aveva un&#8217;intera pagina dedicata all&#8217;Ottavario di Preghiera per l&#8217;Unit\u00e0 dei Cristiani<\/p>\n","protected":false},"author":1,"featured_media":9408,"comment_status":"open","ping_status":"open","sticky":false,"template":"","format":"standard","meta":{"_mi_skip_tracking":false,"_monsterinsights_sitenote_active":false,"_monsterinsights_sitenote_note":"","_monsterinsights_sitenote_category":0,"jetpack_post_was_ever_published":false,"_jetpack_newsletter_access":"","jetpack_publicize_message":"","jetpack_is_tweetstorm":false,"jetpack_publicize_feature_enabled":true,"jetpack_social_post_already_shared":true,"jetpack_social_options":{"image_generator_settings":{"template":"highway","enabled":false}}},"categories":[52,54,17,62,16],"tags":[],"jetpack_publicize_connections":[],"jetpack_featured_media_url":"https:\/\/i0.wp.com\/www.robertosedda.it\/wp-content\/uploads\/2015\/01\/Settimana-di-preghiera-unit\u00e0-cristiani.jpg?fit=826%2C314&ssl=1","jetpack_sharing_enabled":true,"jetpack_shortlink":"https:\/\/wp.me\/p4jV2T-2rJ","jetpack_likes_enabled":true,"jetpack-related-posts":[{"id":7540,"url":"https:\/\/www.robertosedda.it\/?p=7540","url_meta":{"origin":9407,"position":0},"title":"Figo, figo, figo in maniera imbarazzante","author":"Rufus","date":"28\/05\/2014","format":false,"excerpt":"Quello che segue \u00e8 il secondo dei tre articoli che, come ho raccontato ieri, ho trovato su\u00a0The Atlantic e che ho deciso di tradurre, tre articoli che, sebbene trattino di argomenti differenti, mi sono sembrati collegati da un filo rosso comune, tre differenti visioni di un certo tipo di correttezza\u2026","rel":"","context":"In &quot;Coordinate&quot;","block_context":{"text":"Coordinate","link":"https:\/\/www.robertosedda.it\/?cat=52"},"img":{"alt_text":"","src":"https:\/\/i0.wp.com\/www.robertosedda.it\/wp-content\/uploads\/2014\/05\/james-dean.jpg?fit=570%2C430&ssl=1&resize=350%2C200","width":350,"height":200},"classes":[]},{"id":12827,"url":"https:\/\/www.robertosedda.it\/?p=12827","url_meta":{"origin":9407,"position":1},"title":"Il sessismo dei trafficanti di droga","author":"Rufus","date":"17\/11\/2016","format":false,"excerpt":"L'altro giorno, scorrendo gli articoli di\u00a0Feedly lasciati da parte per una lettura successiva, mi \u00e8 caduto l'occhio su questa foto, associata al titolo Ragazze carineHo avuto un attimo di soprassalto, come se pensassi di avere una vita da sonnambulo: per quanto mi capiti di archiviare foto di attrici (e attori)\u2026","rel":"","context":"In &quot;Coordinate&quot;","block_context":{"text":"Coordinate","link":"https:\/\/www.robertosedda.it\/?cat=52"},"img":{"alt_text":"","src":"https:\/\/i0.wp.com\/www.robertosedda.it\/wp-content\/uploads\/2016\/11\/Roberge-Lagace.jpg?fit=476%2C594&ssl=1&resize=350%2C200","width":350,"height":200},"classes":[]},{"id":4806,"url":"https:\/\/www.robertosedda.it\/?p=4806","url_meta":{"origin":9407,"position":2},"title":"Fatevi una cultura sulla democrazia partecipativa","author":"Rufus","date":"29\/10\/2013","format":false,"excerpt":"Considerato che i miei ultimi articoli hanno girato in un modo o nell'altro\u00a0intorno a\u00a0questo argomento, mi\u00a0sembra opportuno fornire qualche suggerimento di lettura per chi vuole approfondire il tema della democrazia partecipativa. Solo una precisazione: parlo di \"democrazia partecipativa\" per semplicit\u00e0, l'argomento \u00e8 abbastanza sfilacciato ai confini e si usano talvolta\u2026","rel":"","context":"In &quot;Coordinate&quot;","block_context":{"text":"Coordinate","link":"https:\/\/www.robertosedda.it\/?cat=52"},"img":{"alt_text":"","src":"","width":0,"height":0},"classes":[]},{"id":10145,"url":"https:\/\/www.robertosedda.it\/?p=10145","url_meta":{"origin":9407,"position":3},"title":"I libretti d&#8217;opera a Oggi parliamo di libri","author":"Rufus","date":"28\/04\/2015","format":"video","excerpt":"Ho messo oggi in linea la puntata di\u00a0Oggi parliamo di libri dedicata ai libretti d'opera, una puntata un poco anomala perch\u00e9 l'argomento era in fondo abbastanza sfuggente. https:\/\/www.youtube.com\/watch?v=e48viAGu9TY Nella mia tradizione familiare - come credo in tante altre famiglie borghesi solidamente ancorate, ehm, all'Ottocento - si sono\u00a0sempre usati modi di\u2026","rel":"","context":"In &quot;Cappe e spade&quot;","block_context":{"text":"Cappe e spade","link":"https:\/\/www.robertosedda.it\/?cat=70"},"img":{"alt_text":"","src":"https:\/\/i0.wp.com\/img.youtube.com\/vi\/NxqlTQ6lT0U\/0.jpg?resize=350%2C200","width":350,"height":200},"classes":[]},{"id":7497,"url":"https:\/\/www.robertosedda.it\/?p=7497","url_meta":{"origin":9407,"position":4},"title":"\u00abTi friggeranno il cervello\u00bb: quando gli scacchi facevano paura come i videogame","author":"Rufus","date":"22\/05\/2014","format":false,"excerpt":"Grazie a una segnalazione indiretta di Mafe De Baggis\u00a0sono capitato su un curioso articolo di Clive Thompson su\u00a0Medium.com\u00a0(intitolato:\u00a0Why chess will destroy your mind)\u00a0che racconta di come nell'America del 1859 ci fosse un panico diffuso riguardo ai pericoli degli... scacchi. Gi\u00e0: il\u00a0nobile gioco non era cos\u00ec stimato, a quanto pare. \u00c8\u2026","rel":"","context":"In &quot;Coordinate&quot;","block_context":{"text":"Coordinate","link":"https:\/\/www.robertosedda.it\/?cat=52"},"img":{"alt_text":"","src":"https:\/\/i0.wp.com\/www.robertosedda.it\/wp-content\/uploads\/2014\/05\/Chess-game.jpg?fit=1024%2C683&ssl=1&resize=350%2C200","width":350,"height":200,"srcset":"https:\/\/i0.wp.com\/www.robertosedda.it\/wp-content\/uploads\/2014\/05\/Chess-game.jpg?fit=1024%2C683&ssl=1&resize=350%2C200 1x, https:\/\/i0.wp.com\/www.robertosedda.it\/wp-content\/uploads\/2014\/05\/Chess-game.jpg?fit=1024%2C683&ssl=1&resize=700%2C400 2x"},"classes":[]},{"id":20249,"url":"https:\/\/www.robertosedda.it\/?p=20249","url_meta":{"origin":9407,"position":5},"title":"Ombre notturne","author":"Rufus","date":"06\/07\/2023","format":false,"excerpt":"Avviso: questo \u00e8 un articolo molto sincero, e come tale potrebbe non piacere. Fine dell'avviso. L'altro giorno ho visto casualmente questo tweet: Ora, la mia reazione a queste cose, di solito, \u00e8 venata di scetticismo. Come la volta che per strada \u00e8 passata Melissa Satta e nel gruppo di maschi\u2026","rel":"","context":"In &quot;Coordinate&quot;","block_context":{"text":"Coordinate","link":"https:\/\/www.robertosedda.it\/?cat=52"},"img":{"alt_text":"","src":"https:\/\/i0.wp.com\/www.robertosedda.it\/wp-content\/uploads\/2023\/07\/IMG_20230629_225119-scaled.jpg?fit=1200%2C900&ssl=1&resize=350%2C200","width":350,"height":200,"srcset":"https:\/\/i0.wp.com\/www.robertosedda.it\/wp-content\/uploads\/2023\/07\/IMG_20230629_225119-scaled.jpg?fit=1200%2C900&ssl=1&resize=350%2C200 1x, https:\/\/i0.wp.com\/www.robertosedda.it\/wp-content\/uploads\/2023\/07\/IMG_20230629_225119-scaled.jpg?fit=1200%2C900&ssl=1&resize=700%2C400 2x, https:\/\/i0.wp.com\/www.robertosedda.it\/wp-content\/uploads\/2023\/07\/IMG_20230629_225119-scaled.jpg?fit=1200%2C900&ssl=1&resize=1050%2C600 3x"},"classes":[]}],"_links":{"self":[{"href":"https:\/\/www.robertosedda.it\/index.php?rest_route=\/wp\/v2\/posts\/9407"}],"collection":[{"href":"https:\/\/www.robertosedda.it\/index.php?rest_route=\/wp\/v2\/posts"}],"about":[{"href":"https:\/\/www.robertosedda.it\/index.php?rest_route=\/wp\/v2\/types\/post"}],"author":[{"embeddable":true,"href":"https:\/\/www.robertosedda.it\/index.php?rest_route=\/wp\/v2\/users\/1"}],"replies":[{"embeddable":true,"href":"https:\/\/www.robertosedda.it\/index.php?rest_route=%2Fwp%2Fv2%2Fcomments&post=9407"}],"version-history":[{"count":1,"href":"https:\/\/www.robertosedda.it\/index.php?rest_route=\/wp\/v2\/posts\/9407\/revisions"}],"predecessor-version":[{"id":9409,"href":"https:\/\/www.robertosedda.it\/index.php?rest_route=\/wp\/v2\/posts\/9407\/revisions\/9409"}],"wp:featuredmedia":[{"embeddable":true,"href":"https:\/\/www.robertosedda.it\/index.php?rest_route=\/wp\/v2\/media\/9408"}],"wp:attachment":[{"href":"https:\/\/www.robertosedda.it\/index.php?rest_route=%2Fwp%2Fv2%2Fmedia&parent=9407"}],"wp:term":[{"taxonomy":"category","embeddable":true,"href":"https:\/\/www.robertosedda.it\/index.php?rest_route=%2Fwp%2Fv2%2Fcategories&post=9407"},{"taxonomy":"post_tag","embeddable":true,"href":"https:\/\/www.robertosedda.it\/index.php?rest_route=%2Fwp%2Fv2%2Ftags&post=9407"}],"curies":[{"name":"wp","href":"https:\/\/api.w.org\/{rel}","templated":true}]}}