{"id":9324,"date":"2015-01-07T12:27:22","date_gmt":"2015-01-07T11:27:22","guid":{"rendered":"http:\/\/www.robertosedda.it\/?p=9324"},"modified":"2015-05-29T11:57:51","modified_gmt":"2015-05-29T09:57:51","slug":"carabinieri-batte-finanza-un-thun-a-zero","status":"publish","type":"post","link":"https:\/\/www.robertosedda.it\/?p=9324","title":{"rendered":"Carabinieri batte Finanza un Thun a zero"},"content":{"rendered":"<p>Ieri, a cena da amici, la padrona di casa a un certo punto esibisce delle statuette di Thun.<\/p>\n<p>Non so se le avete presenti: quegli oggettini d&#8217;arredamento dall&#8217;aria altoatesina, teneri e pucciosi (<a href=\"http:\/\/www.ilsole24ore.com\/art\/impresa-e-territori\/2012-10-19\/thun-delocalizza-thailandia-100345.shtml?uuid=AbaqsguG\">fatti in Oriente<\/a>, peraltro, ma questo \u00e8 un altro discorso).<\/p>\n<p><img data-attachment-id=\"9325\" data-permalink=\"https:\/\/www.robertosedda.it\/?attachment_id=9325\" data-orig-file=\"https:\/\/i0.wp.com\/www.robertosedda.it\/wp-content\/uploads\/2015\/01\/Thun-Carabiniere-moto.jpg?fit=328%2C362&amp;ssl=1\" data-orig-size=\"328,362\" data-comments-opened=\"1\" data-image-meta=\"{&quot;aperture&quot;:&quot;0&quot;,&quot;credit&quot;:&quot;&quot;,&quot;camera&quot;:&quot;&quot;,&quot;caption&quot;:&quot;&quot;,&quot;created_timestamp&quot;:&quot;0&quot;,&quot;copyright&quot;:&quot;&quot;,&quot;focal_length&quot;:&quot;0&quot;,&quot;iso&quot;:&quot;0&quot;,&quot;shutter_speed&quot;:&quot;0&quot;,&quot;title&quot;:&quot;&quot;,&quot;orientation&quot;:&quot;0&quot;}\" data-image-title=\"Thun Carabiniere moto\" data-image-description=\"\" data-image-caption=\"\" data-medium-file=\"https:\/\/i0.wp.com\/www.robertosedda.it\/wp-content\/uploads\/2015\/01\/Thun-Carabiniere-moto.jpg?fit=272%2C300&amp;ssl=1\" data-large-file=\"https:\/\/i0.wp.com\/www.robertosedda.it\/wp-content\/uploads\/2015\/01\/Thun-Carabiniere-moto.jpg?fit=328%2C362&amp;ssl=1\" decoding=\"async\" loading=\"lazy\" class=\"alignright size-full wp-image-9325\" src=\"https:\/\/i0.wp.com\/www.robertosedda.it\/wp-content\/uploads\/2015\/01\/Thun-Carabiniere-moto.jpg?resize=328%2C362\" alt=\"Thun Carabiniere moto\" width=\"328\" height=\"362\" srcset=\"https:\/\/i0.wp.com\/www.robertosedda.it\/wp-content\/uploads\/2015\/01\/Thun-Carabiniere-moto.jpg?w=328&amp;ssl=1 328w, https:\/\/i0.wp.com\/www.robertosedda.it\/wp-content\/uploads\/2015\/01\/Thun-Carabiniere-moto.jpg?resize=136%2C150&amp;ssl=1 136w, https:\/\/i0.wp.com\/www.robertosedda.it\/wp-content\/uploads\/2015\/01\/Thun-Carabiniere-moto.jpg?resize=272%2C300&amp;ssl=1 272w, https:\/\/i0.wp.com\/www.robertosedda.it\/wp-content\/uploads\/2015\/01\/Thun-Carabiniere-moto.jpg?resize=45%2C50&amp;ssl=1 45w\" sizes=\"(max-width: 328px) 100vw, 328px\" data-recalc-dims=\"1\" \/>Una decorazione per albero di Natale a forma di Carabiniere.<\/p>\n<p>\u00abE questo?\u00bb, chiediamo.<\/p>\n<p>\u00abMe ne regala ogni anno mio cognato, che \u00e8 Carabiniere, e gliene danno sempre\u00bb.<\/p>\n<p>\u00c8 un segno dei tempi grillini che viviamo che attorno al tavolo si alzino immediatamente grida di indignazione: come?! i Carabinieri spendono i soldi dei contribuenti in Babbi Natale col tricorno? Mentre le citt\u00e0 sono in balia della criminalit\u00e0 organizzata? Ma siamo matti?<\/p>\n<p>In realt\u00e0 un rapido controllo sulla rete svela che le cose non stanno proprio cos\u00ec: ogni anno l&#8217;Ufficio Cerimoniale del Comando Generale dell&#8217;Arma (che non sapevo esistesse, ma evidentemente le grandi organizzazioni, tanto pi\u00f9 se\u00a0con una certa tendenza alla formalit\u00e0 come i corpi militari, hanno necessit\u00e0 di una struttura apposita) si fa promotore presso la Thun della creazione di un oggetto a tiratura limitata, a carattere carabinieristico, che solo i militari dell&#8217;Arma e quelli in congedo possono acquistare, dietro una somma di circa 11 euro (e quindi con l&#8217;occasione la padrona di casa ha scoperto anche il valore economico del gentile omaggio che riceve ogni anno).<\/p>\n<p><a href=\"https:\/\/i0.wp.com\/www.robertosedda.it\/wp-content\/uploads\/2015\/01\/Thun-Carabiniere-slitta.jpg\"><img data-attachment-id=\"9326\" data-permalink=\"https:\/\/www.robertosedda.it\/?attachment_id=9326\" data-orig-file=\"https:\/\/i0.wp.com\/www.robertosedda.it\/wp-content\/uploads\/2015\/01\/Thun-Carabiniere-slitta.jpg?fit=456%2C473&amp;ssl=1\" data-orig-size=\"456,473\" data-comments-opened=\"1\" data-image-meta=\"{&quot;aperture&quot;:&quot;0&quot;,&quot;credit&quot;:&quot;&quot;,&quot;camera&quot;:&quot;&quot;,&quot;caption&quot;:&quot;&quot;,&quot;created_timestamp&quot;:&quot;0&quot;,&quot;copyright&quot;:&quot;&quot;,&quot;focal_length&quot;:&quot;0&quot;,&quot;iso&quot;:&quot;0&quot;,&quot;shutter_speed&quot;:&quot;0&quot;,&quot;title&quot;:&quot;&quot;,&quot;orientation&quot;:&quot;0&quot;}\" data-image-title=\"Thun Carabiniere slitta\" data-image-description=\"\" data-image-caption=\"\" data-medium-file=\"https:\/\/i0.wp.com\/www.robertosedda.it\/wp-content\/uploads\/2015\/01\/Thun-Carabiniere-slitta.jpg?fit=289%2C300&amp;ssl=1\" data-large-file=\"https:\/\/i0.wp.com\/www.robertosedda.it\/wp-content\/uploads\/2015\/01\/Thun-Carabiniere-slitta.jpg?fit=456%2C473&amp;ssl=1\" decoding=\"async\" loading=\"lazy\" class=\"alignleft size-medium wp-image-9326\" src=\"https:\/\/i0.wp.com\/www.robertosedda.it\/wp-content\/uploads\/2015\/01\/Thun-Carabiniere-slitta.jpg?resize=289%2C300\" alt=\"Thun Carabiniere slitta\" width=\"289\" height=\"300\" srcset=\"https:\/\/i0.wp.com\/www.robertosedda.it\/wp-content\/uploads\/2015\/01\/Thun-Carabiniere-slitta.jpg?resize=289%2C300&amp;ssl=1 289w, https:\/\/i0.wp.com\/www.robertosedda.it\/wp-content\/uploads\/2015\/01\/Thun-Carabiniere-slitta.jpg?resize=145%2C150&amp;ssl=1 145w, https:\/\/i0.wp.com\/www.robertosedda.it\/wp-content\/uploads\/2015\/01\/Thun-Carabiniere-slitta.jpg?resize=48%2C50&amp;ssl=1 48w, https:\/\/i0.wp.com\/www.robertosedda.it\/wp-content\/uploads\/2015\/01\/Thun-Carabiniere-slitta.jpg?w=456&amp;ssl=1 456w\" sizes=\"(max-width: 289px) 100vw, 289px\" data-recalc-dims=\"1\" \/><\/a>Niente spreco di denaro pubblico, quindi, anche se magari il senso totale di tutta l&#8217;operazione pu\u00f2 sfuggire a chi non \u00e8 dell&#8217;Arma o appassionato di collezionismo: probabilmente sfugge anche a molti destinatari dell&#8217;omaggio, perch\u00e9 <em>e-bay<\/em> \u00e8 piena di queste statuette rimesse evidentemente in vendita da chi le ha ricevute (valgono circa il doppio del prezzo originale, quindi ci si potrebbe forse impiantare un piccolo\u00a0<em>business<\/em>, chiss\u00e0).<\/p>\n<p>A questo punto, per\u00f2, un dubbio ci ha colto.<\/p>\n<p>Saranno solo i Carabinieri a avere questo tipo di convenzione con la Thun? O forse anche altre Armi? O organizzazioni, societ\u00e0&#8230;<\/p>\n<p>In realt\u00e0 si trova tutto facilmente sul sito della Thun stessa: \u00e8 possibile chiedere la creazione di oggetti personalizzati, per esempio per un&#8217;azienda che vuole regalare ai clienti qualcosa di diverso dalla solita agenda: vedo tra <a href=\"http:\/\/it.thun.com\/Home\/Business-Gift\/Prodotti-ad-hoc.aspx\">le imprese<\/a> la Riso Gallo, la TNT, l&#8217;Iveco e anche altre. Ecco, qui magari sfugge il senso della tazza fatta per il\u00a0Ministero dell&#8217;Ambiente o l&#8217;orologio del Comune di Riccione: gli enti pubblici fanno regali istituzionali? Davvero?<\/p>\n<p><img data-attachment-id=\"9329\" data-permalink=\"https:\/\/www.robertosedda.it\/?attachment_id=9329\" data-orig-file=\"https:\/\/i0.wp.com\/www.robertosedda.it\/wp-content\/uploads\/2015\/01\/Thun-Riccione.jpg?fit=547%2C363&amp;ssl=1\" data-orig-size=\"547,363\" data-comments-opened=\"1\" data-image-meta=\"{&quot;aperture&quot;:&quot;0&quot;,&quot;credit&quot;:&quot;&quot;,&quot;camera&quot;:&quot;&quot;,&quot;caption&quot;:&quot;&quot;,&quot;created_timestamp&quot;:&quot;0&quot;,&quot;copyright&quot;:&quot;&quot;,&quot;focal_length&quot;:&quot;0&quot;,&quot;iso&quot;:&quot;0&quot;,&quot;shutter_speed&quot;:&quot;0&quot;,&quot;title&quot;:&quot;&quot;,&quot;orientation&quot;:&quot;0&quot;}\" data-image-title=\"Thun Riccione\" data-image-description=\"\" data-image-caption=\"\" data-medium-file=\"https:\/\/i0.wp.com\/www.robertosedda.it\/wp-content\/uploads\/2015\/01\/Thun-Riccione.jpg?fit=300%2C199&amp;ssl=1\" data-large-file=\"https:\/\/i0.wp.com\/www.robertosedda.it\/wp-content\/uploads\/2015\/01\/Thun-Riccione.jpg?fit=510%2C338&amp;ssl=1\" decoding=\"async\" loading=\"lazy\" class=\"alignleft wp-image-9329 size-thumbnail\" src=\"https:\/\/i0.wp.com\/www.robertosedda.it\/wp-content\/uploads\/2015\/01\/Thun-Riccione.jpg?resize=150%2C100\" alt=\"Thun Riccione\" width=\"150\" height=\"100\" srcset=\"https:\/\/i0.wp.com\/www.robertosedda.it\/wp-content\/uploads\/2015\/01\/Thun-Riccione.jpg?resize=150%2C100&amp;ssl=1 150w, https:\/\/i0.wp.com\/www.robertosedda.it\/wp-content\/uploads\/2015\/01\/Thun-Riccione.jpg?resize=300%2C199&amp;ssl=1 300w, https:\/\/i0.wp.com\/www.robertosedda.it\/wp-content\/uploads\/2015\/01\/Thun-Riccione.jpg?resize=510%2C338&amp;ssl=1 510w, https:\/\/i0.wp.com\/www.robertosedda.it\/wp-content\/uploads\/2015\/01\/Thun-Riccione.jpg?resize=50%2C33&amp;ssl=1 50w, https:\/\/i0.wp.com\/www.robertosedda.it\/wp-content\/uploads\/2015\/01\/Thun-Riccione.jpg?w=547&amp;ssl=1 547w\" sizes=\"(max-width: 150px) 100vw, 150px\" data-recalc-dims=\"1\" \/><img data-attachment-id=\"9328\" data-permalink=\"https:\/\/www.robertosedda.it\/?attachment_id=9328\" data-orig-file=\"https:\/\/i0.wp.com\/www.robertosedda.it\/wp-content\/uploads\/2015\/01\/Thun-Ministero-Ambiente.jpg?fit=547%2C363&amp;ssl=1\" data-orig-size=\"547,363\" data-comments-opened=\"1\" data-image-meta=\"{&quot;aperture&quot;:&quot;0&quot;,&quot;credit&quot;:&quot;&quot;,&quot;camera&quot;:&quot;&quot;,&quot;caption&quot;:&quot;&quot;,&quot;created_timestamp&quot;:&quot;0&quot;,&quot;copyright&quot;:&quot;&quot;,&quot;focal_length&quot;:&quot;0&quot;,&quot;iso&quot;:&quot;0&quot;,&quot;shutter_speed&quot;:&quot;0&quot;,&quot;title&quot;:&quot;&quot;,&quot;orientation&quot;:&quot;0&quot;}\" data-image-title=\"Thun Ministero Ambiente\" data-image-description=\"\" data-image-caption=\"\" data-medium-file=\"https:\/\/i0.wp.com\/www.robertosedda.it\/wp-content\/uploads\/2015\/01\/Thun-Ministero-Ambiente.jpg?fit=300%2C199&amp;ssl=1\" data-large-file=\"https:\/\/i0.wp.com\/www.robertosedda.it\/wp-content\/uploads\/2015\/01\/Thun-Ministero-Ambiente.jpg?fit=510%2C338&amp;ssl=1\" decoding=\"async\" loading=\"lazy\" class=\"alignleft wp-image-9328 size-thumbnail\" src=\"https:\/\/i0.wp.com\/www.robertosedda.it\/wp-content\/uploads\/2015\/01\/Thun-Ministero-Ambiente.jpg?resize=150%2C100\" alt=\"Thun Ministero Ambiente\" width=\"150\" height=\"100\" srcset=\"https:\/\/i0.wp.com\/www.robertosedda.it\/wp-content\/uploads\/2015\/01\/Thun-Ministero-Ambiente.jpg?resize=150%2C100&amp;ssl=1 150w, https:\/\/i0.wp.com\/www.robertosedda.it\/wp-content\/uploads\/2015\/01\/Thun-Ministero-Ambiente.jpg?resize=300%2C199&amp;ssl=1 300w, https:\/\/i0.wp.com\/www.robertosedda.it\/wp-content\/uploads\/2015\/01\/Thun-Ministero-Ambiente.jpg?resize=510%2C338&amp;ssl=1 510w, https:\/\/i0.wp.com\/www.robertosedda.it\/wp-content\/uploads\/2015\/01\/Thun-Ministero-Ambiente.jpg?resize=50%2C33&amp;ssl=1 50w, https:\/\/i0.wp.com\/www.robertosedda.it\/wp-content\/uploads\/2015\/01\/Thun-Ministero-Ambiente.jpg?w=547&amp;ssl=1 547w\" sizes=\"(max-width: 150px) 100vw, 150px\" data-recalc-dims=\"1\" \/><\/p>\n<p><img data-attachment-id=\"9327\" data-permalink=\"https:\/\/www.robertosedda.it\/?attachment_id=9327\" data-orig-file=\"https:\/\/i0.wp.com\/www.robertosedda.it\/wp-content\/uploads\/2015\/01\/Thun-riso-Gallo.jpg?fit=547%2C363&amp;ssl=1\" data-orig-size=\"547,363\" data-comments-opened=\"1\" data-image-meta=\"{&quot;aperture&quot;:&quot;0&quot;,&quot;credit&quot;:&quot;&quot;,&quot;camera&quot;:&quot;&quot;,&quot;caption&quot;:&quot;&quot;,&quot;created_timestamp&quot;:&quot;0&quot;,&quot;copyright&quot;:&quot;&quot;,&quot;focal_length&quot;:&quot;0&quot;,&quot;iso&quot;:&quot;0&quot;,&quot;shutter_speed&quot;:&quot;0&quot;,&quot;title&quot;:&quot;&quot;,&quot;orientation&quot;:&quot;0&quot;}\" data-image-title=\"Thun riso Gallo\" data-image-description=\"\" data-image-caption=\"\" data-medium-file=\"https:\/\/i0.wp.com\/www.robertosedda.it\/wp-content\/uploads\/2015\/01\/Thun-riso-Gallo.jpg?fit=300%2C199&amp;ssl=1\" data-large-file=\"https:\/\/i0.wp.com\/www.robertosedda.it\/wp-content\/uploads\/2015\/01\/Thun-riso-Gallo.jpg?fit=510%2C338&amp;ssl=1\" decoding=\"async\" loading=\"lazy\" class=\"alignleft wp-image-9327 size-thumbnail\" src=\"https:\/\/i0.wp.com\/www.robertosedda.it\/wp-content\/uploads\/2015\/01\/Thun-riso-Gallo.jpg?resize=150%2C100\" alt=\"Thun riso Gallo\" width=\"150\" height=\"100\" srcset=\"https:\/\/i0.wp.com\/www.robertosedda.it\/wp-content\/uploads\/2015\/01\/Thun-riso-Gallo.jpg?resize=150%2C100&amp;ssl=1 150w, https:\/\/i0.wp.com\/www.robertosedda.it\/wp-content\/uploads\/2015\/01\/Thun-riso-Gallo.jpg?resize=300%2C199&amp;ssl=1 300w, https:\/\/i0.wp.com\/www.robertosedda.it\/wp-content\/uploads\/2015\/01\/Thun-riso-Gallo.jpg?resize=510%2C338&amp;ssl=1 510w, https:\/\/i0.wp.com\/www.robertosedda.it\/wp-content\/uploads\/2015\/01\/Thun-riso-Gallo.jpg?resize=50%2C33&amp;ssl=1 50w, https:\/\/i0.wp.com\/www.robertosedda.it\/wp-content\/uploads\/2015\/01\/Thun-riso-Gallo.jpg?w=547&amp;ssl=1 547w\" sizes=\"(max-width: 150px) 100vw, 150px\" data-recalc-dims=\"1\" \/><\/p>\n<p>&nbsp;<\/p>\n<p>&nbsp;<\/p>\n<p>&nbsp;<\/p>\n<p>Ed \u00e8 qui che ci coglie il dubbio definitivo: e la Guardia di Finanza? Per influenza del mitico Pino la nostra famiglia ha un sacro rispetto per la Guardia di Finanza e coltiva una certa rivalit\u00e0 non troppo dichiarata per i Carabinieri, di cui mi resi conto quando appena fidanzato con Maria Bonaria mi capit\u00f2 di chiedere a Pino, ingenuamente, se avesse mai fatto servizio di scorta; e Alda, di solito mite e riservata, mi guard\u00f2 e disse: \u00abNoooo, e che cos&#8217;era, Carabiniere?\u00bb.<\/p>\n<p>Cerchiamo quindi sulla rete, augurandoci di non trovare niente, per poter dire con un po&#8217; di superiorit\u00e0 alla padrona di casa che il Corpo non perde tempo in queste quisquilie come l&#8217;Arma. Ah-ah.<\/p>\n<p>E invece ci sono in giro anche gli oggettini Thun in edizione riservata per la Finanza. Accidenti.<\/p>\n<p>Li guardiamo e, tragedia!, sono bruttini. Quelli dei Carabinieri sono senza dubbio infinitamente pi\u00f9 carini.<\/p>\n<p>Che smacco! Che ne avrebbe detto il vecchio maresciallo?<a href=\"https:\/\/i0.wp.com\/www.robertosedda.it\/wp-content\/uploads\/2015\/01\/Thun-Finanza.jpg\"><img data-attachment-id=\"9330\" data-permalink=\"https:\/\/www.robertosedda.it\/?attachment_id=9330\" data-orig-file=\"https:\/\/i0.wp.com\/www.robertosedda.it\/wp-content\/uploads\/2015\/01\/Thun-Finanza.jpg?fit=547%2C363&amp;ssl=1\" data-orig-size=\"547,363\" data-comments-opened=\"1\" data-image-meta=\"{&quot;aperture&quot;:&quot;0&quot;,&quot;credit&quot;:&quot;&quot;,&quot;camera&quot;:&quot;&quot;,&quot;caption&quot;:&quot;&quot;,&quot;created_timestamp&quot;:&quot;0&quot;,&quot;copyright&quot;:&quot;&quot;,&quot;focal_length&quot;:&quot;0&quot;,&quot;iso&quot;:&quot;0&quot;,&quot;shutter_speed&quot;:&quot;0&quot;,&quot;title&quot;:&quot;&quot;,&quot;orientation&quot;:&quot;0&quot;}\" data-image-title=\"Thun Finanza\" data-image-description=\"\" data-image-caption=\"\" data-medium-file=\"https:\/\/i0.wp.com\/www.robertosedda.it\/wp-content\/uploads\/2015\/01\/Thun-Finanza.jpg?fit=300%2C199&amp;ssl=1\" data-large-file=\"https:\/\/i0.wp.com\/www.robertosedda.it\/wp-content\/uploads\/2015\/01\/Thun-Finanza.jpg?fit=510%2C338&amp;ssl=1\" decoding=\"async\" loading=\"lazy\" class=\"aligncenter size-full wp-image-9330\" src=\"https:\/\/i0.wp.com\/www.robertosedda.it\/wp-content\/uploads\/2015\/01\/Thun-Finanza.jpg?resize=547%2C363\" alt=\"Thun Finanza\" width=\"547\" height=\"363\" srcset=\"https:\/\/i0.wp.com\/www.robertosedda.it\/wp-content\/uploads\/2015\/01\/Thun-Finanza.jpg?w=547&amp;ssl=1 547w, https:\/\/i0.wp.com\/www.robertosedda.it\/wp-content\/uploads\/2015\/01\/Thun-Finanza.jpg?resize=150%2C100&amp;ssl=1 150w, https:\/\/i0.wp.com\/www.robertosedda.it\/wp-content\/uploads\/2015\/01\/Thun-Finanza.jpg?resize=300%2C199&amp;ssl=1 300w, https:\/\/i0.wp.com\/www.robertosedda.it\/wp-content\/uploads\/2015\/01\/Thun-Finanza.jpg?resize=510%2C338&amp;ssl=1 510w, https:\/\/i0.wp.com\/www.robertosedda.it\/wp-content\/uploads\/2015\/01\/Thun-Finanza.jpg?resize=50%2C33&amp;ssl=1 50w\" sizes=\"(max-width: 547px) 100vw, 547px\" data-recalc-dims=\"1\" \/><\/a><\/p>\n","protected":false},"excerpt":{"rendered":"<p>Ieri, a cena da amici, la padrona di casa a un certo punto esibisce delle statuette di Thun. Non so<\/p>\n","protected":false},"author":1,"featured_media":9325,"comment_status":"open","ping_status":"open","sticky":false,"template":"","format":"standard","meta":{"_mi_skip_tracking":false,"_monsterinsights_sitenote_active":false,"_monsterinsights_sitenote_note":"","_monsterinsights_sitenote_category":0,"jetpack_post_was_ever_published":false,"_jetpack_newsletter_access":"","jetpack_publicize_message":"","jetpack_is_tweetstorm":false,"jetpack_publicize_feature_enabled":true,"jetpack_social_post_already_shared":true,"jetpack_social_options":{"image_generator_settings":{"template":"highway","enabled":false}}},"categories":[52,55,77,17,16],"tags":[],"jetpack_publicize_connections":[],"jetpack_featured_media_url":"https:\/\/i0.wp.com\/www.robertosedda.it\/wp-content\/uploads\/2015\/01\/Thun-Carabiniere-moto.jpg?fit=328%2C362&ssl=1","jetpack_sharing_enabled":true,"jetpack_shortlink":"https:\/\/wp.me\/p4jV2T-2qo","jetpack_likes_enabled":true,"jetpack-related-posts":[{"id":15553,"url":"https:\/\/www.robertosedda.it\/?p=15553","url_meta":{"origin":9324,"position":0},"title":"Grazie a voi","author":"Rufus","date":"02\/08\/2018","format":false,"excerpt":"Con il 31 luglio si \u00e8 chiuso il sesto anno di vita del blog, ed \u00e8 nuovamente tempo di ringraziamenti! A me sembra tutto straordinario: cio\u00e8,\u00a0La casa di Roberto \u00e8 minuscola rispetto al vasto mondo del\u00a0web, per\u00f2 comunque 34 000 utenti mi sembrano moltissimi, e anche escludendo quelli che sono\u2026","rel":"","context":"In &quot;Coordinate&quot;","block_context":{"text":"Coordinate","link":"https:\/\/www.robertosedda.it\/?cat=52"},"img":{"alt_text":"","src":"https:\/\/i0.wp.com\/www.robertosedda.it\/wp-content\/uploads\/2018\/08\/Statistiche-totali.jpg?fit=1200%2C494&ssl=1&resize=350%2C200","width":350,"height":200,"srcset":"https:\/\/i0.wp.com\/www.robertosedda.it\/wp-content\/uploads\/2018\/08\/Statistiche-totali.jpg?fit=1200%2C494&ssl=1&resize=350%2C200 1x, https:\/\/i0.wp.com\/www.robertosedda.it\/wp-content\/uploads\/2018\/08\/Statistiche-totali.jpg?fit=1200%2C494&ssl=1&resize=700%2C400 2x, https:\/\/i0.wp.com\/www.robertosedda.it\/wp-content\/uploads\/2018\/08\/Statistiche-totali.jpg?fit=1200%2C494&ssl=1&resize=1050%2C600 3x"},"classes":[]},{"id":14116,"url":"https:\/\/www.robertosedda.it\/?p=14116","url_meta":{"origin":9324,"position":1},"title":"Cinque anni da festeggiare","author":"Rufus","date":"06\/09\/2017","format":false,"excerpt":"Ieri Facebook mi ha proposto un ricordo di cinque anni fa, che io ho prontamente ripostato: \u00c8, insomma, l'esordio ufficiale del nuovo\u00a0blog, che dopo essere rimasto fermo diversi anni ripartiva. In realt\u00e0 il primo articolo assoluto \u00e8 del 27 luglio 2012, poi per\u00f2 ho usato agosto per riportare qui cose\u2026","rel":"","context":"In &quot;Coordinate&quot;","block_context":{"text":"Coordinate","link":"https:\/\/www.robertosedda.it\/?cat=52"},"img":{"alt_text":"","src":"https:\/\/i0.wp.com\/www.robertosedda.it\/wp-content\/uploads\/2017\/09\/Statistiche-5-anni.jpg?fit=1159%2C706&ssl=1&resize=350%2C200","width":350,"height":200,"srcset":"https:\/\/i0.wp.com\/www.robertosedda.it\/wp-content\/uploads\/2017\/09\/Statistiche-5-anni.jpg?fit=1159%2C706&ssl=1&resize=350%2C200 1x, https:\/\/i0.wp.com\/www.robertosedda.it\/wp-content\/uploads\/2017\/09\/Statistiche-5-anni.jpg?fit=1159%2C706&ssl=1&resize=700%2C400 2x, https:\/\/i0.wp.com\/www.robertosedda.it\/wp-content\/uploads\/2017\/09\/Statistiche-5-anni.jpg?fit=1159%2C706&ssl=1&resize=1050%2C600 3x"},"classes":[]},{"id":10799,"url":"https:\/\/www.robertosedda.it\/?p=10799","url_meta":{"origin":9324,"position":2},"title":"Ringraziamenti annuali (i soliti, ma sinceri)","author":"Rufus","date":"09\/09\/2015","format":false,"excerpt":"Come sempre fine agosto \u00e8 tempo di bilanci annuali per quanto riguarda le statistiche di frequenza del blog. Col fatto che siamo rimasti fermi quasi una settimana sono un po\u2019 in ritardo, ma ieri sono andato finalmente a guardarmele. Raccontava il compianto padre Acquaro di un suo confratello mercedario, afflitto\u2026","rel":"","context":"In &quot;Il web&quot;","block_context":{"text":"Il web","link":"https:\/\/www.robertosedda.it\/?cat=64"},"img":{"alt_text":"","src":"https:\/\/i0.wp.com\/www.robertosedda.it\/wp-content\/uploads\/2015\/09\/Stats-2014_15.jpg?fit=1187%2C581&ssl=1&resize=350%2C200","width":350,"height":200,"srcset":"https:\/\/i0.wp.com\/www.robertosedda.it\/wp-content\/uploads\/2015\/09\/Stats-2014_15.jpg?fit=1187%2C581&ssl=1&resize=350%2C200 1x, https:\/\/i0.wp.com\/www.robertosedda.it\/wp-content\/uploads\/2015\/09\/Stats-2014_15.jpg?fit=1187%2C581&ssl=1&resize=700%2C400 2x, https:\/\/i0.wp.com\/www.robertosedda.it\/wp-content\/uploads\/2015\/09\/Stats-2014_15.jpg?fit=1187%2C581&ssl=1&resize=1050%2C600 3x"},"classes":[]},{"id":752,"url":"https:\/\/www.robertosedda.it\/?p=752","url_meta":{"origin":9324,"position":3},"title":"Destinazione Sardegna","author":"Rufus","date":"24\/08\/2012","format":false,"excerpt":"La destinazione \u00e8 uno strano film. Superficialmente, la trama non \u00e8 particolarmente originale: Emilio Todeschini, riminese (interpretato da Roberto Magnani, un ragazzo che pare il clone di Valentino Rossi), dovendo fare il servizio di leva, sceglie di fare il carabiniere, per avere una paga un po' pi\u00f9 alta e vedere\/fare\u2026","rel":"","context":"In &quot;Coordinate&quot;","block_context":{"text":"Coordinate","link":"https:\/\/www.robertosedda.it\/?cat=52"},"img":{"alt_text":"","src":"https:\/\/i0.wp.com\/www.robertosedda.it\/wp-content\/uploads\/2012\/08\/ballorecc-206x300.jpg?resize=350%2C200","width":350,"height":200},"classes":[]},{"id":17651,"url":"https:\/\/www.robertosedda.it\/?p=17651","url_meta":{"origin":9324,"position":4},"title":"Non mi sono fatto niente!","author":"Rufus","date":"30\/12\/2019","format":false,"excerpt":"Per quelli di voi che non sono esperti della migliore commedia italiana, il riferimento \u00e8 a una scena classica del Ciclone di Pieraccioni: https:\/\/www.youtube.com\/watch?v=j48953JqS_A Perch\u00e9 la settimana prima di Natale, andando a Sorso per una valutazione sociale di Banca Etica, sono uscito di strada e ho distrutto la macchina. Oh,\u2026","rel":"","context":"In &quot;Coordinate&quot;","block_context":{"text":"Coordinate","link":"https:\/\/www.robertosedda.it\/?cat=52"},"img":{"alt_text":"","src":"https:\/\/i0.wp.com\/www.robertosedda.it\/wp-content\/uploads\/2019\/12\/IMG_20191227_110204-1-scaled.jpg?fit=1200%2C900&ssl=1&resize=350%2C200","width":350,"height":200,"srcset":"https:\/\/i0.wp.com\/www.robertosedda.it\/wp-content\/uploads\/2019\/12\/IMG_20191227_110204-1-scaled.jpg?fit=1200%2C900&ssl=1&resize=350%2C200 1x, https:\/\/i0.wp.com\/www.robertosedda.it\/wp-content\/uploads\/2019\/12\/IMG_20191227_110204-1-scaled.jpg?fit=1200%2C900&ssl=1&resize=700%2C400 2x, https:\/\/i0.wp.com\/www.robertosedda.it\/wp-content\/uploads\/2019\/12\/IMG_20191227_110204-1-scaled.jpg?fit=1200%2C900&ssl=1&resize=1050%2C600 3x"},"classes":[]},{"id":13853,"url":"https:\/\/www.robertosedda.it\/?p=13853","url_meta":{"origin":9324,"position":5},"title":"Scollegamenti","author":"Rufus","date":"16\/06\/2017","format":false,"excerpt":"Di solito cerco di scrivere qualcosa sul blog tutti i giorni, escluso il week-end, ma in questi ultimi mesi mi capita di non mantenere affatto questo ritmo: per restare a questa settimana, luned\u00ec e marted\u00ec non ho scritto niente e nemmeno ieri. Ora, non \u00e8 che tenga il blog per\u2026","rel":"","context":"In &quot;Coordinate&quot;","block_context":{"text":"Coordinate","link":"https:\/\/www.robertosedda.it\/?cat=52"},"img":{"alt_text":"","src":"https:\/\/i0.wp.com\/www.robertosedda.it\/wp-content\/uploads\/2017\/06\/Schermata-del-2017-06-16-16-07-30.png?fit=1161%2C462&ssl=1&resize=350%2C200","width":350,"height":200,"srcset":"https:\/\/i0.wp.com\/www.robertosedda.it\/wp-content\/uploads\/2017\/06\/Schermata-del-2017-06-16-16-07-30.png?fit=1161%2C462&ssl=1&resize=350%2C200 1x, https:\/\/i0.wp.com\/www.robertosedda.it\/wp-content\/uploads\/2017\/06\/Schermata-del-2017-06-16-16-07-30.png?fit=1161%2C462&ssl=1&resize=700%2C400 2x, https:\/\/i0.wp.com\/www.robertosedda.it\/wp-content\/uploads\/2017\/06\/Schermata-del-2017-06-16-16-07-30.png?fit=1161%2C462&ssl=1&resize=1050%2C600 3x"},"classes":[]}],"_links":{"self":[{"href":"https:\/\/www.robertosedda.it\/index.php?rest_route=\/wp\/v2\/posts\/9324"}],"collection":[{"href":"https:\/\/www.robertosedda.it\/index.php?rest_route=\/wp\/v2\/posts"}],"about":[{"href":"https:\/\/www.robertosedda.it\/index.php?rest_route=\/wp\/v2\/types\/post"}],"author":[{"embeddable":true,"href":"https:\/\/www.robertosedda.it\/index.php?rest_route=\/wp\/v2\/users\/1"}],"replies":[{"embeddable":true,"href":"https:\/\/www.robertosedda.it\/index.php?rest_route=%2Fwp%2Fv2%2Fcomments&post=9324"}],"version-history":[{"count":5,"href":"https:\/\/www.robertosedda.it\/index.php?rest_route=\/wp\/v2\/posts\/9324\/revisions"}],"predecessor-version":[{"id":10289,"href":"https:\/\/www.robertosedda.it\/index.php?rest_route=\/wp\/v2\/posts\/9324\/revisions\/10289"}],"wp:featuredmedia":[{"embeddable":true,"href":"https:\/\/www.robertosedda.it\/index.php?rest_route=\/wp\/v2\/media\/9325"}],"wp:attachment":[{"href":"https:\/\/www.robertosedda.it\/index.php?rest_route=%2Fwp%2Fv2%2Fmedia&parent=9324"}],"wp:term":[{"taxonomy":"category","embeddable":true,"href":"https:\/\/www.robertosedda.it\/index.php?rest_route=%2Fwp%2Fv2%2Fcategories&post=9324"},{"taxonomy":"post_tag","embeddable":true,"href":"https:\/\/www.robertosedda.it\/index.php?rest_route=%2Fwp%2Fv2%2Ftags&post=9324"}],"curies":[{"name":"wp","href":"https:\/\/api.w.org\/{rel}","templated":true}]}}