{"id":9296,"date":"2014-12-30T17:00:27","date_gmt":"2014-12-30T16:00:27","guid":{"rendered":"http:\/\/www.robertosedda.it\/?p=9296"},"modified":"2015-01-05T15:38:33","modified_gmt":"2015-01-05T14:38:33","slug":"ehi-non-vi-ho-mai-parlato-della-seconda-serata-del-festival-delle-terre","status":"publish","type":"post","link":"https:\/\/www.robertosedda.it\/?p=9296","title":{"rendered":"Ehi, non vi ho mai parlato della seconda serata del Festival delle Terre?!"},"content":{"rendered":"<p>In un <a title=\"Il vostro inviato quasi in diretta dal \u201cFestival delle terre\u201d\" href=\"http:\/\/www.robertosedda.it\/?p=8937\">articolo ormai vecchio<\/a> mi vantavo di aver fatto una recensione quasi in diretta della prima serata dell&#8217;edizione di Cagliari del\u00a0<em>Festival delle Terre 2014<\/em>. Per compensare solo oggi mi accorgo che non ho mai parlato della\u00a0<em>seconda<\/em> serata, che pure aveva parecchi elementi di interesse.<\/p>\n<h2>Il seminario funziona sempre<\/h2>\n<p>Il tema principale della serata era quello della pesca e, come la sera prima, le proiezioni sono state introdotte da una tavola rotonda &#8211; o piccolo seminario &#8211;\u00a0a cui partecipavano diversi protagonisti del settore: <a href=\"https:\/\/www.facebook.com\/antonio.onorati.56\">Antonio Onorati<\/a>\u00a0dell&#8217;Associazione Rurale Italiana in funzione di padrone di casa, Marina Monagheddu di <a href=\"http:\/\/www.sardegnaagricoltura.it\/assistenzatecnica\/laore\/\">Laore<\/a>, l&#8217;Agenzia agricola della Regione, Benedetto Sechi, Pietro Contu, Antonio Fanni e un altro di cui non ho colto il nome in rappresentanza di vari gruppi di pescatori e Gruppi di Azione Costiera provenienti da diverse parti della Sardegna e infine un rappresentante degli armatori.<\/p>\n<p>Forse la presenza di Onorati, che avevo incontrato la domenica precedente a Seneghe al <a href=\"http:\/\/www.sardanews.it\/news\/72189-comuna-%E2%80%93-seminario-su-agricoltura-pastorizia-e-sviluppo-rurale-%E2%80%93-seneghe-16-novembre-2014-%E2%80%93-relazione-di-bruno-visentin-enrico-lobina\">bel seminario sullo sviluppo rurale organizzato da <em>Comuna<\/em><\/a>, mi spinge a unire i due dibattiti nel ricordo. Credo per\u00f2 che dipenda dal fatto che in entrambi si percepiva da un alto la competenza delle persone che intervenivano, dall&#8217;altra l&#8217;assenza, almeno per lo spettatore meno smaliziato come me, di mascheramenti tattici per portare l&#8217;acqua al proprio mulino: ciascuno ha detto quel che vede nel settore, a partire dalle proprie competenze, in maniera pacata e convincente. Uno spettacolo raro ma che mi rafforza nell&#8217;idea che il modo corretto di lavorare e sviscerare un tema \u00e8\u00a0<em>esattamente<\/em> questo, con questo atteggiamento dei protagonisti.<\/p>\n<h2><em>Piccole aragoste crescono\u00a0<\/em>(Francesco Cabras e Alberto Molinari, Italia 2014)<\/h2>\n<p>Dei tre documentari proiettati prima di cena questo era senz&#8217;altro il pi\u00f9 compiuto, anche grazie alla durata maggiore e allo sviluppo pi\u00f9 complesso, e contemporaneamente alla fine per certi aspetti quello meno soddisfacente.<\/p>\n<p>Il documentario racconta l&#8217;esperimento condotto dai pescatori di\u00a0<em>Su Pallosu<\/em> in provincia di Oristano, che hanno riservato un&#8217;area della loro zona di pesca abituale al ripopolamento delle aragoste, ottenendo cos\u00ec di preservare la quantit\u00e0 e la qualit\u00e0 del pescato e operando una certa conversione culturale: dal pescatore predatore al pescatore quasi contadino, che ha cura del suo territorio come l&#8217;agricoltore del suo campo.<\/p>\n<p>Non c&#8217;\u00e8 dubbio che si tratti di un&#8217;esperienza esemplare che offre una prospettiva importantissima a tutte le altre cooperative di pescatori della Sardegna e oltre, ma il documentario sceglie di impegnarsi sulla frontiera scivolosissima del &#8220;successo&#8221;, la buona pratica secondo una certa mentalit\u00e0 deve\u00a0per forza &#8220;vincere&#8221; per essere validata, e qui le cose si fanno un pochino complicate: perch\u00e9 un po&#8217; dal documentario stesso, un po&#8217; dal dibattito successivo, un po&#8217; da cose che si sentono in giro per la Sardegna sembra emergere che l&#8217;esperienza possa finire per impigliarsi nelle pastoie della burocrazia regionale, dei fondi che non vengono nuovamente stanziati, della remunerazione economica che a causa di questo finisce per non arrivare nella misura che ci si augurava. Il che nel caso specifico non vuol dire, perch\u00e9 l&#8217;esperienza \u00e8 <em>davvero<\/em> esemplare e indica la via giusta, anche se non si fosse\u00a0in grado di presentarla come un&#8217;esperienza che ha davvero trasformato la cooperativa (cosa che comunque ha fatto), la vita delle persone (chiss\u00e0), l&#8217;universo e\u00a0tutto quanto.<\/p>\n<p>Al contrario il documentario trova la sua espressione migliore quando si concentra sul lato umano, dando direttamente la parola ai pescatori e presentando due figure umane ragguardevolissime come quella di Gianni Usai, ex operaio <em>FIAT<\/em> che negli anni &#8217;80 decide di fare la scelta di vita di tornare in Sardegna e passare dalla catena di montaggio alla barca da pesca, e del professor Angelo Cau, docente di biologia marina e mente scientifica dell&#8217;esperimento. Soprattutto Usai meriterebbe un documentario tutto per s\u00e9, ho l&#8217;impressione, ma l&#8217;obiettivo dichiarato del documentario &#8211; il committente sembrerebbe la <a href=\"http:\/\/www.pewtrusts.org\/en\/archived-projects\/ocean2012\">campagna\u00a0<em>Ocean 2012<\/em><\/a>\u00a0&#8211; non permette di indugiare a sufficienza.<\/p>\n<div class=\"jetpack-video-wrapper\"><span class=\"embed-youtube\" style=\"text-align:center; display: block;\"><iframe class=\"youtube-player\" width=\"800\" height=\"450\" src=\"https:\/\/www.youtube.com\/embed\/plUX9Ut8Ljw?version=3&#038;rel=1&#038;showsearch=0&#038;showinfo=1&#038;iv_load_policy=1&#038;fs=1&#038;hl=it-IT&#038;autohide=2&#038;wmode=transparent\" allowfullscreen=\"true\" style=\"border:0;\" sandbox=\"allow-scripts allow-same-origin allow-popups allow-presentation\"><\/iframe><\/span><\/div>\n<h2><em>Lampara<\/em> (Raffaele Manco, Italia 2014) e\u00a0<em>Luci a mare<\/em> (Stefania Muresu e Fabian Volti, Italia 2014)<\/h2>\n<p>I due documentari seguenti erano curiosamente avvicinati dall&#8217;avere quasi lo stesso argomento, quello della pesca con la lampara, un genere di pesca tradizionale tipico della piccola pesca costiera\u00a0&#8211; dal punto di vista della&#8217;angolo visuale del <em>Festival delle Terre<\/em> si tratta di\u00a0una pesca di tipo complessivamente artigianale o semiartigianale che sembra\u00a0potersi adattare a comportamenti di sostenibilit\u00e0 pi\u00f9 facilmente della grande pesca d&#8217;altura.<\/p>\n<p><em>Lampara<\/em> \u00e8 poco pi\u00f9 di una vignetta, che\u00a0descrive una parte della giornata di un pescatore toscano. Brevissimo, vive di silenzi e suggestioni implicite e raggiunge per\u00f2 una bella forza poetica.<\/p>\n<div class=\"jetpack-video-wrapper\"><span class=\"embed-youtube\" style=\"text-align:center; display: block;\"><iframe class=\"youtube-player\" width=\"800\" height=\"450\" src=\"https:\/\/www.youtube.com\/embed\/YSaM-62Znfo?version=3&#038;rel=1&#038;showsearch=0&#038;showinfo=1&#038;iv_load_policy=1&#038;fs=1&#038;hl=it-IT&#038;autohide=2&#038;wmode=transparent\" allowfullscreen=\"true\" style=\"border:0;\" sandbox=\"allow-scripts allow-same-origin allow-popups allow-presentation\"><\/iframe><\/span><\/div>\n<p>Molto pi\u00f9 lungo e complesso \u00e8 invece\u00a0<em>Luci a mare<\/em>, che documenta la vita dell&#8217;equipaggio di una barca di Ponza che da marzo a ottobre si trasferisce a Porto Torres per la pesca delle\u00a0sardine nel golfo dell&#8217;Asinara: l&#8217;equipaggio vive perci\u00f2 a bordo per quasi otto mesi consecutivi (un tempo erano diverse le barche ponzesi che facevano questa trasferta, adesso questa \u00e8 l&#8217;unica rimasta). Al\u00a0<em>Festival<\/em> abbiamo potuto vedere solo un estratto del documentario: la cosa che mi ha colpito, e che anche la regista ha sottolineato, \u00e8 la difficolt\u00e0 tecnica nel girare in un contesto complicatissimo come quello di una barca da pesca affollata\u00a0permettendo all&#8217;equipaggio di mantenere la necessaria naturalezza, una cosa non da poco. E poi il frammento che abbiamo visto suggerisce tutta una serie di altri temi, il microcosmo della convivenza forzata, l&#8217;asprezza della vita sul mare, la peculiarit\u00e0 in s\u00e9 che ha il lavoro della pesca: mi piacerebbe davvero avere l&#8217;occasione di vedere la proiezione integrale del documentario.<\/p>\n<div class=\"jetpack-video-wrapper\"><span class=\"embed-youtube\" style=\"text-align:center; display: block;\"><iframe class=\"youtube-player\" width=\"800\" height=\"450\" src=\"https:\/\/www.youtube.com\/embed\/OaTe8cMCpn8?version=3&#038;rel=1&#038;showsearch=0&#038;showinfo=1&#038;iv_load_policy=1&#038;fs=1&#038;hl=it-IT&#038;autohide=2&#038;wmode=transparent\" allowfullscreen=\"true\" style=\"border:0;\" sandbox=\"allow-scripts allow-same-origin allow-popups allow-presentation\"><\/iframe><\/span><\/div>\n<p>&nbsp;<\/p>\n","protected":false},"excerpt":{"rendered":"<p>In un articolo ormai vecchio mi vantavo di aver fatto una recensione quasi in diretta della prima serata dell&#8217;edizione di<\/p>\n","protected":false},"author":1,"featured_media":0,"comment_status":"open","ping_status":"open","sticky":false,"template":"","format":"video","meta":{"_mi_skip_tracking":false,"_monsterinsights_sitenote_active":false,"_monsterinsights_sitenote_note":"","_monsterinsights_sitenote_category":0,"jetpack_post_was_ever_published":false,"_jetpack_newsletter_access":"","jetpack_publicize_message":"","jetpack_is_tweetstorm":false,"jetpack_publicize_feature_enabled":true,"jetpack_social_post_already_shared":true,"jetpack_social_options":{"image_generator_settings":{"template":"highway","enabled":false}}},"categories":[52,49,55,77,12],"tags":[],"jetpack_publicize_connections":[],"jetpack_featured_media_url":"","jetpack_sharing_enabled":true,"jetpack_shortlink":"https:\/\/wp.me\/p4jV2T-2pW","jetpack_likes_enabled":true,"jetpack-related-posts":[{"id":14405,"url":"https:\/\/www.robertosedda.it\/?p=14405","url_meta":{"origin":9296,"position":0},"title":"Io e Leonardo Becchetti","author":"Rufus","date":"11\/12\/2017","format":false,"excerpt":"Io e Leonardo Becchetti saremo insieme alle 18 di gioved\u00ec 14 dicembre sul palco dell'Auditorium Comunale per il festival Lei, che quest'anno \u00e8 dedicato al tema della felicit\u00e0. E sar\u00e0 proprio sulla felicit\u00e0 la prima domanda che rivolger\u00f2 a Leonardo, per introdurre la presentazione del suo libro Capire l'economia in\u2026","rel":"","context":"In &quot;Coordinate&quot;","block_context":{"text":"Coordinate","link":"https:\/\/www.robertosedda.it\/?cat=52"},"img":{"alt_text":"","src":"https:\/\/i0.wp.com\/www.robertosedda.it\/wp-content\/uploads\/2017\/12\/Becchetti-LEI.jpg?fit=960%2C768&ssl=1&resize=350%2C200","width":350,"height":200,"srcset":"https:\/\/i0.wp.com\/www.robertosedda.it\/wp-content\/uploads\/2017\/12\/Becchetti-LEI.jpg?fit=960%2C768&ssl=1&resize=350%2C200 1x, https:\/\/i0.wp.com\/www.robertosedda.it\/wp-content\/uploads\/2017\/12\/Becchetti-LEI.jpg?fit=960%2C768&ssl=1&resize=700%2C400 2x"},"classes":[]},{"id":8937,"url":"https:\/\/www.robertosedda.it\/?p=8937","url_meta":{"origin":9296,"position":1},"title":"Il vostro inviato quasi in diretta dal &#8220;Festival delle terre&#8221;","author":"Rufus","date":"21\/11\/2014","format":"video","excerpt":"Sono andato ieri alla prima giornata cagliaritana del\u00a0Festival delle terre\u00a02014, nell'insolita collocazione (peraltro bella) dell'ExMa. Il Festival \u00e8 \u00a0da sempre dedicato al tema della biodiversit\u00e0: quest'anno l'accento cade\u00a0sui contadini, secondo due sezioni tematiche: una \u00e8 quella che riguarda la sovranit\u00e0 alimentare e il diritto dei contadini ad accedere alle risorse\u2026","rel":"","context":"In &quot;Coordinate&quot;","block_context":{"text":"Coordinate","link":"https:\/\/www.robertosedda.it\/?cat=52"},"img":{"alt_text":"","src":"https:\/\/i0.wp.com\/img.youtube.com\/vi\/QbwQv3VHer4\/0.jpg?resize=350%2C200","width":350,"height":200},"classes":[]},{"id":10327,"url":"https:\/\/www.robertosedda.it\/?p=10327","url_meta":{"origin":9296,"position":2},"title":"La stand up comedy che in Italia non c&#8217;\u00e8 (e quella che c&#8217;\u00e8)","author":"Rufus","date":"08\/06\/2015","format":false,"excerpt":"Passioni \u00e8 un bel programma di Radio3 di cui ho gi\u00e0 parlato altre volte. Nello scorso fine settimana ho ascoltato due puntate dedicate alla stand up comedy, che erano molto interessanti e che vi invito a scaricare o a riascoltare in podcast (sono le puntate del 6 e 7 giugno\u2026","rel":"","context":"In &quot;Coordinate&quot;","block_context":{"text":"Coordinate","link":"https:\/\/www.robertosedda.it\/?cat=52"},"img":{"alt_text":"","src":"","width":0,"height":0},"classes":[]},{"id":3858,"url":"https:\/\/www.robertosedda.it\/?p=3858","url_meta":{"origin":9296,"position":3},"title":"\u00c8 in linea l&#8217;intervista su Banca Etica a Radio X","author":"Rufus","date":"04\/07\/2013","format":false,"excerpt":"Ho visto che su Radio X \u00e8 stata messa on line la puntata di ieri di Extralive! in cui sono stato intervistato da Vito Biolchini su Banca Etica. In sala c'eravamo io, Maria Bonaria (grazie alle sue arti promozionali e a quelle di Viviana siamo stati invitati) e Gaetano, i\u2026","rel":"","context":"In &quot;Banche e finanza&quot;","block_context":{"text":"Banche e finanza","link":"https:\/\/www.robertosedda.it\/?cat=72"},"img":{"alt_text":"","src":"https:\/\/i0.wp.com\/www.robertosedda.it\/wp-content\/uploads\/2013\/07\/20130703_190126.jpg?fit=1200%2C900&ssl=1&resize=350%2C200","width":350,"height":200,"srcset":"https:\/\/i0.wp.com\/www.robertosedda.it\/wp-content\/uploads\/2013\/07\/20130703_190126.jpg?fit=1200%2C900&ssl=1&resize=350%2C200 1x, https:\/\/i0.wp.com\/www.robertosedda.it\/wp-content\/uploads\/2013\/07\/20130703_190126.jpg?fit=1200%2C900&ssl=1&resize=700%2C400 2x, https:\/\/i0.wp.com\/www.robertosedda.it\/wp-content\/uploads\/2013\/07\/20130703_190126.jpg?fit=1200%2C900&ssl=1&resize=1050%2C600 3x"},"classes":[]},{"id":5015,"url":"https:\/\/www.robertosedda.it\/?p=5015","url_meta":{"origin":9296,"position":4},"title":"Ehi, ma guarda chi c&#8217;\u00e8!","author":"Rufus","date":"13\/11\/2013","format":"video","excerpt":"\u00c8 uscito il video racconto del Festival delle terre (ci avevo visto dei bei documentari questa estate): l'ottimo LolloveMag ha subito rilanciato l'informazione. Nel video a un certo punto compare anche un soggetto conosciuto, ma merita di essere visto tutto (e cos\u00ec l'anno prossimo venite anche voi!).","rel":"","context":"In &quot;Coordinate&quot;","block_context":{"text":"Coordinate","link":"https:\/\/www.robertosedda.it\/?cat=52"},"img":{"alt_text":"","src":"https:\/\/i0.wp.com\/img.youtube.com\/vi\/pmCkzC8-R7w\/0.jpg?resize=350%2C200","width":350,"height":200},"classes":[]},{"id":1249,"url":"https:\/\/www.robertosedda.it\/?p=1249","url_meta":{"origin":9296,"position":5},"title":"A Lucca","author":"Rufus","date":"06\/11\/2012","format":false,"excerpt":"Non so cosa mi aspettassi di trovare a Lucca Comics & Games. L'ultima volta c'ero stato anni fa, ed era una fiera importante ma di grandezza limitata. Adesso \u00e8 una massa compatta di persone ed attivit\u00e0 che riempie ogni spazio. Tanto che per alcuni aspetti mi chiedo se sia ancora\u2026","rel":"","context":"In &quot;Coordinate&quot;","block_context":{"text":"Coordinate","link":"https:\/\/www.robertosedda.it\/?cat=52"},"img":{"alt_text":"","src":"https:\/\/i0.wp.com\/www.robertosedda.it\/wp-content\/uploads\/2012\/11\/Lucca-Comics-2012-Sclavi.jpg?fit=370%2C239&ssl=1&resize=350%2C200","width":350,"height":200},"classes":[]}],"_links":{"self":[{"href":"https:\/\/www.robertosedda.it\/index.php?rest_route=\/wp\/v2\/posts\/9296"}],"collection":[{"href":"https:\/\/www.robertosedda.it\/index.php?rest_route=\/wp\/v2\/posts"}],"about":[{"href":"https:\/\/www.robertosedda.it\/index.php?rest_route=\/wp\/v2\/types\/post"}],"author":[{"embeddable":true,"href":"https:\/\/www.robertosedda.it\/index.php?rest_route=\/wp\/v2\/users\/1"}],"replies":[{"embeddable":true,"href":"https:\/\/www.robertosedda.it\/index.php?rest_route=%2Fwp%2Fv2%2Fcomments&post=9296"}],"version-history":[{"count":3,"href":"https:\/\/www.robertosedda.it\/index.php?rest_route=\/wp\/v2\/posts\/9296\/revisions"}],"predecessor-version":[{"id":9299,"href":"https:\/\/www.robertosedda.it\/index.php?rest_route=\/wp\/v2\/posts\/9296\/revisions\/9299"}],"wp:attachment":[{"href":"https:\/\/www.robertosedda.it\/index.php?rest_route=%2Fwp%2Fv2%2Fmedia&parent=9296"}],"wp:term":[{"taxonomy":"category","embeddable":true,"href":"https:\/\/www.robertosedda.it\/index.php?rest_route=%2Fwp%2Fv2%2Fcategories&post=9296"},{"taxonomy":"post_tag","embeddable":true,"href":"https:\/\/www.robertosedda.it\/index.php?rest_route=%2Fwp%2Fv2%2Ftags&post=9296"}],"curies":[{"name":"wp","href":"https:\/\/api.w.org\/{rel}","templated":true}]}}