{"id":924,"date":"2012-09-24T13:51:08","date_gmt":"2012-09-24T11:51:08","guid":{"rendered":"http:\/\/www.robertosedda.it\/?p=924"},"modified":"2013-04-08T18:42:36","modified_gmt":"2013-04-08T16:42:36","slug":"lindipendentismo-delledicolante","status":"publish","type":"post","link":"https:\/\/www.robertosedda.it\/?p=924","title":{"rendered":"L&#8217;indipendentismo dell&#8217;edicolante"},"content":{"rendered":"<p>Sabato mi sono fermato a prendere i giornali all&#8217;edicola. L&#8217;edicolante ha fatto l&#8217;abbonamento, perch\u00e9 si fida di Cellino e non crede che il Cagliari giocher\u00e0 pi\u00f9 a Trieste. L&#8217;edicolante\u00a0andr\u00e0 a vedere la Roma. L&#8217;edicolante sa che ci sar\u00e0 una nuova riunione e, vedrete, autorizzeranno il pubblico a entrare. Vedrete.<\/p>\n<p>Domenica mi fermo a prendere i giornali all&#8217;edicola. Radio <em>Facebook<\/em> mi ha gi\u00e0 avvisato che Cellino ha perso il braccio di ferro e la partita\u00a0con\u00a0la Roma \u00e8\u00a0rinviata. Da buon cagliaritano coltivo il gusto dello <em>sfott\u00f2,<\/em> e chiedo all&#8217;edicolante: \u00abAllora&#8230; va allo stadio, oggi?\u00bb.<\/p>\n<p>L&#8217;edicolante \u00e8 furente. \u00ab<strong>Solo noi sardi<\/strong> non possiamo andare allo stadio in pace\u00bb. Come, <em>solo noi sardi<\/em>? \u00ab<strong>Solo noi sardi<\/strong> non possiamo avere lo stadio vicino alle case, solo noi sardi loro credono che se andiamo allo stadio senza le misure di sicurezza chiss\u00e0 cosa succede, come se fossimo incivili&#8230; <em>solo noi sardi<\/em>&#8230;\u00bb.<\/p>\n<p>Maria Bonaria, che come tutti sanno la sa molto pi\u00f9 lunga di me, vorrebbe tagliar corto e andare via. Mia mamma, invece, che \u00e8 amante dell&#8217;ordine e della legalit\u00e0, ci tiene a precisare: regole, normative&#8230;<\/p>\n<p>L&#8217;edicolante pu\u00f2\u00a0calare il suo asso: \u00abE comunque Cellino andrebbe premiato: \u00e8 l&#8217;unico imprenditore che investe in Sardegna. Anche a Quartu ha dato un sacco di lavoro alla gente con la ristrutturazione dello stadio\u00bb.<\/p>\n<p>Ora, questo non \u00e8 un articolo su Cellino e il Cagliari. \u00c8 un\u00a0articolo sulla Sardegna, sull&#8217;espressione <em>solo noi sardi<\/em>.<\/p>\n<p>Diciamocelo: \u00e8 un&#8217;espressione qualunquista. Echeggia quelle sparate tipo: solo noi\u00a0[inserire categoria lavorativa] <em>paghiamo<\/em> le tasse, <em>solo noi non possiamo goderci le ferie, solo noi&#8230; solo noi&#8230; solo noi&#8230; <\/em>Nella storia politica italiana il trucco retorico assume la forma del mito del &#8220;paese anormale&#8221; (come nel libro di D&#8217;alema, <em>Un paese normale<\/em>): <em>solo da noi in Italia poteva esserci Berlusconi<\/em>, <em>solo da noi pu\u00f2 capitare questo e quello<\/em>, <em>mentre negli altri paesi, l\u00ec, eeeh, l\u00ec \u00e8 un&#8217;altra cosa<\/em>: normalmente non \u00e8 vero. Normalmente non \u00e8 vero, ma il qualunquismo \u00e8 una conveniente cortina fumogena dietro la quale nascondere nomi, volti e interessi molto concreti.<\/p>\n<p>In Sardegna spesso la forma particolare di questi artifici retorici si colora\u00a0di vittimismo e diventa demagogia <em>tout court<\/em>. Noi sardi siamo sfigati ed oppressi e a noi si impongono cose che\u00a0a nessun altro nel mondo si impongono\u00a0(come, parrebbe in questo caso, chiedere il rispetto delle leggi).<\/p>\n<p>Anche qui \u00e8, evidentemente, una cortina di fumo o un tappeto sotto il quale, convenientemente, si possono spazzare parecchie cose che \u00e8 meglio non lasciare in vista.<\/p>\n<p>Nel caso specifico, \u00e8 anche un demagogismo straccione: l&#8217;accoppiata con la stima per il padrone che d\u00e0 lavoro e a cui perci\u00f2 si deve permettere tutto era perfetta, sembrava inventata.<\/p>\n<p>La domanda che mi pongo \u00e8: c&#8217;\u00e8 una relazione fra l&#8217;uso di questo tipo di ragionamenti, cos\u00ec diffuso che anche l&#8217;edicolante coglie la palla al balzo (e prima di lui Cellino, ovviamente, il quale oggi dichiara di avere voluto &#8220;difendere i sardi&#8221;) e la comunicazione politica dei movimenti indipendentisti (e autonomisti)? E lo scippo\u00a0del tema identitario per gestire perfino le vicende di una partita di pallone indicano un <em>deficit<\/em> politico dell&#8217;azione politica indipendentista?<\/p>\n<p>Secondo me, si. Ma in tutte le bozze dell&#8217;articolo proseguendo nel ragionamento diventavo sentenzioso, e non il vostro amichevole vagabondo del pensiero. Perci\u00f2 preferisco fermarmi qui: magari dopo qualche commento trover\u00f2 le parole giuste.<\/p>\n","protected":false},"excerpt":{"rendered":"<p>Sabato mi sono fermato a prendere i giornali all&#8217;edicola. L&#8217;edicolante ha fatto l&#8217;abbonamento, perch\u00e9 si fida di Cellino e non<\/p>\n","protected":false},"author":1,"featured_media":0,"comment_status":"open","ping_status":"open","sticky":false,"template":"","format":"standard","meta":{"_mi_skip_tracking":false,"_monsterinsights_sitenote_active":false,"_monsterinsights_sitenote_note":"","_monsterinsights_sitenote_category":0,"jetpack_post_was_ever_published":false,"_jetpack_newsletter_access":"","jetpack_publicize_message":"","jetpack_is_tweetstorm":false,"jetpack_publicize_feature_enabled":true,"jetpack_social_post_already_shared":false,"jetpack_social_options":{"image_generator_settings":{"template":"highway","enabled":false}}},"categories":[52,57,17,59,16],"tags":[],"jetpack_publicize_connections":[],"jetpack_featured_media_url":"","jetpack_sharing_enabled":true,"jetpack_shortlink":"https:\/\/wp.me\/p4jV2T-eU","jetpack_likes_enabled":true,"jetpack-related-posts":[{"id":3967,"url":"https:\/\/www.robertosedda.it\/?p=3967","url_meta":{"origin":924,"position":0},"title":"Il marketing sociale insegnato dai tifosi del Cagliari","author":"Rufus","date":"15\/07\/2013","format":false,"excerpt":"Qualche anno fa, in occasione dell'assunzione di Carlo Usai come banchiere ambulante per la Sardegna, il gruppo dei soci di Banca Etica organizz\u00f2 un'assemblea col Direttore della banca, Mario Crosta. L'assemblea si teneva nel salone della parrocchia di Sant'Eulalia, alla Marina, di fronte alla sede degli Sconvolts. Alla fine dell'assemblea,\u2026","rel":"","context":"In &quot;Coordinate&quot;","block_context":{"text":"Coordinate","link":"https:\/\/www.robertosedda.it\/?cat=52"},"img":{"alt_text":"","src":"https:\/\/i0.wp.com\/www.robertosedda.it\/wp-content\/uploads\/2013\/07\/Via-Roma-2.jpg?fit=1024%2C768&ssl=1&resize=350%2C200","width":350,"height":200,"srcset":"https:\/\/i0.wp.com\/www.robertosedda.it\/wp-content\/uploads\/2013\/07\/Via-Roma-2.jpg?fit=1024%2C768&ssl=1&resize=350%2C200 1x, https:\/\/i0.wp.com\/www.robertosedda.it\/wp-content\/uploads\/2013\/07\/Via-Roma-2.jpg?fit=1024%2C768&ssl=1&resize=700%2C400 2x"},"classes":[]},{"id":8088,"url":"https:\/\/www.robertosedda.it\/?p=8088","url_meta":{"origin":924,"position":1},"title":"Hanno ucciso l&#8217;Unit\u00e0","author":"Rufus","date":"30\/07\/2014","format":false,"excerpt":"Devo dire che stamattina, quando ho sentito il signor Giuseppe l'edicolante annunciare a una cliente che\u00a0l'Unit\u00e0 avrebbe chiuso a giorni, un po' mi sono emozionato. Lo zio Rufus va in sezione Come sanno quelli che mi conoscono da molto tempo sono stato iscritto alla\u00a0FGCI, la federazione dei giovani comunisti italiani,\u2026","rel":"","context":"In &quot;Coordinate&quot;","block_context":{"text":"Coordinate","link":"https:\/\/www.robertosedda.it\/?cat=52"},"img":{"alt_text":"","src":"https:\/\/i0.wp.com\/www.robertosedda.it\/wp-content\/uploads\/2014\/07\/Unit\u00e0-chiude.png?fit=1001%2C640&ssl=1&resize=350%2C200","width":350,"height":200,"srcset":"https:\/\/i0.wp.com\/www.robertosedda.it\/wp-content\/uploads\/2014\/07\/Unit\u00e0-chiude.png?fit=1001%2C640&ssl=1&resize=350%2C200 1x, https:\/\/i0.wp.com\/www.robertosedda.it\/wp-content\/uploads\/2014\/07\/Unit\u00e0-chiude.png?fit=1001%2C640&ssl=1&resize=700%2C400 2x"},"classes":[]},{"id":7893,"url":"https:\/\/www.robertosedda.it\/?p=7893","url_meta":{"origin":924,"position":2},"title":"La Sardegna verso il baratro della Storia: sette punti per riprendere il cammino (un intervento di Salvatore Cubeddu)","author":"Rufus","date":"02\/07\/2014","format":false,"excerpt":"\u00c8 ripreso dopo una lunga interruzione l'invio degli articoli dei\u00a0blogger del luned\u00ec. Questa settimana Salvatore Cubeddu. Come al solito l'articolo \u00e8 pubblicato oltre che qui anche sui siti\u00a0di\u00a0Fondazione Sardinia, Tramas de amistade,\u00a0Aladin pensiero, Vito Biolchini,\u00a0Sardegna soprattutto,\u00a0Enrico Lobina,\u00a0Madrigopolis,\u00a0Forma paris\u00a0e\u00a0Tottus in pari. La Sardegna verso il baratro della Storia: sette punti per\u2026","rel":"","context":"In &quot;Coordinate&quot;","block_context":{"text":"Coordinate","link":"https:\/\/www.robertosedda.it\/?cat=52"},"img":{"alt_text":"","src":"https:\/\/i0.wp.com\/www.robertosedda.it\/wp-content\/uploads\/2013\/12\/Salvatore-Cubeddu.jpg?fit=500%2C374&ssl=1&resize=350%2C200","width":350,"height":200},"classes":[]},{"id":5227,"url":"https:\/\/www.robertosedda.it\/?p=5227","url_meta":{"origin":924,"position":3},"title":"Temi su cui dire &#8220;no&#8221; o &#8220;si&#8221;","author":"Rufus","date":"03\/12\/2013","format":false,"excerpt":"L'articolo settimanale \u00e8 stato scritto da Salvatore Cubeddu, che vedete qui a fianco in una foto\u00a0casalinga che ho\u00a0preso dal sito di Enrico Lobina. Questa settimana non ho partecipato alla discussione; mi ero dato un mese di prova nelle riunioni settimanali, il mese \u00e8 scaduto e\u00a0manco a farlo apposta mi sono\u2026","rel":"","context":"In &quot;Coordinate&quot;","block_context":{"text":"Coordinate","link":"https:\/\/www.robertosedda.it\/?cat=52"},"img":{"alt_text":"","src":"https:\/\/i0.wp.com\/www.robertosedda.it\/wp-content\/uploads\/2013\/12\/Salvatore-Cubeddu.jpg?fit=500%2C374&ssl=1&resize=350%2C200","width":350,"height":200},"classes":[]},{"id":20488,"url":"https:\/\/www.robertosedda.it\/?p=20488","url_meta":{"origin":924,"position":4},"title":"La parentesi spagnola","author":"Rufus","date":"09\/05\/2024","format":false,"excerpt":"L'anno scorso il gruppo dei soci della Sardegna meridionale di Banca Popolare Etica ha fatto un gemellaggio coi soci andalusi, e fra le altre cose siamo andati alcuni giorni a Granada. Abbiamo incontrato realt\u00e0 dell'economa sociale locale (alcune straordinarie), abbiamo fatto un po' di turismo - l'Alhambra \u00e8 uno dei\u2026","rel":"","context":"In &quot;Coordinate&quot;","block_context":{"text":"Coordinate","link":"https:\/\/www.robertosedda.it\/?cat=52"},"img":{"alt_text":"","src":"https:\/\/i0.wp.com\/www.robertosedda.it\/wp-content\/uploads\/2024\/05\/Granada-feria-scaled.jpg?fit=1200%2C900&ssl=1&resize=350%2C200","width":350,"height":200,"srcset":"https:\/\/i0.wp.com\/www.robertosedda.it\/wp-content\/uploads\/2024\/05\/Granada-feria-scaled.jpg?fit=1200%2C900&ssl=1&resize=350%2C200 1x, https:\/\/i0.wp.com\/www.robertosedda.it\/wp-content\/uploads\/2024\/05\/Granada-feria-scaled.jpg?fit=1200%2C900&ssl=1&resize=700%2C400 2x, https:\/\/i0.wp.com\/www.robertosedda.it\/wp-content\/uploads\/2024\/05\/Granada-feria-scaled.jpg?fit=1200%2C900&ssl=1&resize=1050%2C600 3x"},"classes":[]},{"id":4504,"url":"https:\/\/www.robertosedda.it\/?p=4504","url_meta":{"origin":924,"position":5},"title":"La mia vita con il Papa &#8211; l&#8217;evento (1)","author":"Rufus","date":"25\/09\/2013","format":false,"excerpt":"Prima di tutto vi rassicuro: sono tornato a casa, per giunta senza problemi. Se non ho scritto negli scorsi due giorni non \u00e8 perch\u00e9 vagavo alla ricerca di una varco nelle transenne ma perch\u00e9 si sono accumulate un po' di cose familiari\u00a0di altro genere. A proposito, per quelli che lo\u2026","rel":"","context":"In &quot;Coordinate&quot;","block_context":{"text":"Coordinate","link":"https:\/\/www.robertosedda.it\/?cat=52"},"img":{"alt_text":"","src":"https:\/\/i0.wp.com\/www.robertosedda.it\/wp-content\/uploads\/2013\/09\/Papa-Francesco-Cagliari-foto-gruppo.jpg?fit=960%2C720&ssl=1&resize=350%2C200","width":350,"height":200,"srcset":"https:\/\/i0.wp.com\/www.robertosedda.it\/wp-content\/uploads\/2013\/09\/Papa-Francesco-Cagliari-foto-gruppo.jpg?fit=960%2C720&ssl=1&resize=350%2C200 1x, https:\/\/i0.wp.com\/www.robertosedda.it\/wp-content\/uploads\/2013\/09\/Papa-Francesco-Cagliari-foto-gruppo.jpg?fit=960%2C720&ssl=1&resize=700%2C400 2x"},"classes":[]}],"_links":{"self":[{"href":"https:\/\/www.robertosedda.it\/index.php?rest_route=\/wp\/v2\/posts\/924"}],"collection":[{"href":"https:\/\/www.robertosedda.it\/index.php?rest_route=\/wp\/v2\/posts"}],"about":[{"href":"https:\/\/www.robertosedda.it\/index.php?rest_route=\/wp\/v2\/types\/post"}],"author":[{"embeddable":true,"href":"https:\/\/www.robertosedda.it\/index.php?rest_route=\/wp\/v2\/users\/1"}],"replies":[{"embeddable":true,"href":"https:\/\/www.robertosedda.it\/index.php?rest_route=%2Fwp%2Fv2%2Fcomments&post=924"}],"version-history":[{"count":4,"href":"https:\/\/www.robertosedda.it\/index.php?rest_route=\/wp\/v2\/posts\/924\/revisions"}],"predecessor-version":[{"id":2803,"href":"https:\/\/www.robertosedda.it\/index.php?rest_route=\/wp\/v2\/posts\/924\/revisions\/2803"}],"wp:attachment":[{"href":"https:\/\/www.robertosedda.it\/index.php?rest_route=%2Fwp%2Fv2%2Fmedia&parent=924"}],"wp:term":[{"taxonomy":"category","embeddable":true,"href":"https:\/\/www.robertosedda.it\/index.php?rest_route=%2Fwp%2Fv2%2Fcategories&post=924"},{"taxonomy":"post_tag","embeddable":true,"href":"https:\/\/www.robertosedda.it\/index.php?rest_route=%2Fwp%2Fv2%2Ftags&post=924"}],"curies":[{"name":"wp","href":"https:\/\/api.w.org\/{rel}","templated":true}]}}