{"id":9022,"date":"2014-12-08T14:59:45","date_gmt":"2014-12-08T13:59:45","guid":{"rendered":"http:\/\/www.robertosedda.it\/?p=9022"},"modified":"2014-12-27T16:11:33","modified_gmt":"2014-12-27T15:11:33","slug":"dedicata-a-e-e","status":"publish","type":"post","link":"https:\/\/www.robertosedda.it\/?p=9022","title":{"rendered":"Dedicata a E.E."},"content":{"rendered":"<p>Una poesia di Bertolt Brecht dedicata a un caro amico, che queste cose le pensa da tempo. Io magari no, ma ci sono momenti, come questi, in cui davvero gli errori sembrano finiti e pare che non ci sia pi\u00f9 niente, e allora magari intravedo le sue motivazioni.<\/p>\n<p>E il vecchio B.B., allora, potrebbe sorprendentemente metterci d&#8217;accordo.<\/p>\n<blockquote>\n<h2>Il postero<\/h2>\n<p>Lo confesso: io<br \/>\nnon ho nessuna speranza.<br \/>\nI ciechi parlano di una via d&#8217;uscita. Io<br \/>\nci vedo.<\/p>\n<p>Quando gli errori sono esauriti<br \/>\nsiede come ultimo compagno<br \/>\ndi fronte a noi il nulla.<\/p><\/blockquote>\n","protected":false},"excerpt":{"rendered":"<p>Una poesia di Bertolt Brecht dedicata a un caro amico, che queste cose le pensa da tempo. Io magari no,<\/p>\n","protected":false},"author":1,"featured_media":0,"comment_status":"open","ping_status":"open","sticky":false,"template":"","format":"standard","meta":{"_mi_skip_tracking":false,"_monsterinsights_sitenote_active":false,"_monsterinsights_sitenote_note":"","_monsterinsights_sitenote_category":0,"jetpack_post_was_ever_published":false,"_jetpack_newsletter_access":"","jetpack_publicize_message":"","jetpack_is_tweetstorm":false,"jetpack_publicize_feature_enabled":true,"jetpack_social_post_already_shared":true,"jetpack_social_options":{"image_generator_settings":{"template":"highway","enabled":false}}},"categories":[52,53,75,17,16],"tags":[],"jetpack_publicize_connections":[],"jetpack_featured_media_url":"","jetpack_sharing_enabled":true,"jetpack_shortlink":"https:\/\/wp.me\/p4jV2T-2lw","jetpack_likes_enabled":true,"jetpack-related-posts":[{"id":11702,"url":"https:\/\/www.robertosedda.it\/?p=11702","url_meta":{"origin":9022,"position":0},"title":"Fare i propri errori","author":"Rufus","date":"18\/03\/2016","format":false,"excerpt":"Sono su un autobus della linea 8 e dietro di me, proprio sul fondo, sono sedute due ragazzine: avranno al massimo quattordici anni, quindi vuol dire che si sentono estremamente mature. Infatti una fa all'altra: \u00ab... e capito, siamo adolescenti, \u00e8 anche normale\u00bb. \u00abEh si, cio\u00e8 non siamo pi\u00f9 bambine\u00bb.\u2026","rel":"","context":"In &quot;Coordinate&quot;","block_context":{"text":"Coordinate","link":"https:\/\/www.robertosedda.it\/?cat=52"},"img":{"alt_text":"","src":"https:\/\/i0.wp.com\/www.robertosedda.it\/wp-content\/uploads\/2016\/03\/Due-ragazze.jpg?fit=354%2C500&ssl=1&resize=350%2C200","width":350,"height":200},"classes":[]},{"id":6856,"url":"https:\/\/www.robertosedda.it\/?p=6856","url_meta":{"origin":9022,"position":1},"title":"Un&#8217;ardente pazienza","author":"Rufus","date":"31\/03\/2014","format":false,"excerpt":"Questo scorso fine settimana sono stato a Barcellona per l'Assemblea di FIARE, i soci spagnoli di Banca Etica. Della visita alla citt\u00e0, l'unico posto che ho visto sinora dove un cagliaritano potrebbe sentirsi a casa, e della stessa assemblea parler\u00f2 magari un'altra volta. Oggi vi dir\u00f2 che sono rimasto molto\u2026","rel":"","context":"In &quot;Coordinate&quot;","block_context":{"text":"Coordinate","link":"https:\/\/www.robertosedda.it\/?cat=52"},"img":{"alt_text":"","src":"https:\/\/i0.wp.com\/www.robertosedda.it\/wp-content\/uploads\/2014\/03\/Assemblea-FIARE.jpeg?fit=1200%2C900&ssl=1&resize=350%2C200","width":350,"height":200,"srcset":"https:\/\/i0.wp.com\/www.robertosedda.it\/wp-content\/uploads\/2014\/03\/Assemblea-FIARE.jpeg?fit=1200%2C900&ssl=1&resize=350%2C200 1x, https:\/\/i0.wp.com\/www.robertosedda.it\/wp-content\/uploads\/2014\/03\/Assemblea-FIARE.jpeg?fit=1200%2C900&ssl=1&resize=700%2C400 2x, https:\/\/i0.wp.com\/www.robertosedda.it\/wp-content\/uploads\/2014\/03\/Assemblea-FIARE.jpeg?fit=1200%2C900&ssl=1&resize=1050%2C600 3x"},"classes":[]},{"id":12944,"url":"https:\/\/www.robertosedda.it\/?p=12944","url_meta":{"origin":9022,"position":2},"title":"L&#8217;analfabetismo \u00e8 politico, non costituzionale","author":"Rufus","date":"13\/12\/2016","format":false,"excerpt":"Ieri, esasperato da decine di contatti\u00a0Facebook che, tutti nello stesso modo, credendosi tutti\u00a0uniformemente pi\u00f9 furbi e spiritosi del resto del mondo, postavano commenti tutti esattamente\u00a0uguali, probabilmente concepiti nell'unica stanza di un\u00a0social media manager particolarmente abile, irridendo, con questo loro\u00a0sarcasmo in\u00a0fotocopia, gli avversari di parte politica (nel caso specifico quelli che,\u2026","rel":"","context":"In &quot;Coordinate&quot;","block_context":{"text":"Coordinate","link":"https:\/\/www.robertosedda.it\/?cat=52"},"img":{"alt_text":"","src":"https:\/\/i0.wp.com\/www.robertosedda.it\/wp-content\/uploads\/2016\/12\/Rufus-Facebook.jpg?fit=856%2C357&ssl=1&resize=350%2C200","width":350,"height":200,"srcset":"https:\/\/i0.wp.com\/www.robertosedda.it\/wp-content\/uploads\/2016\/12\/Rufus-Facebook.jpg?fit=856%2C357&ssl=1&resize=350%2C200 1x, https:\/\/i0.wp.com\/www.robertosedda.it\/wp-content\/uploads\/2016\/12\/Rufus-Facebook.jpg?fit=856%2C357&ssl=1&resize=700%2C400 2x"},"classes":[]},{"id":11409,"url":"https:\/\/www.robertosedda.it\/?p=11409","url_meta":{"origin":9022,"position":3},"title":"Il magnifico Shakespeare","author":"Rufus","date":"18\/01\/2016","format":false,"excerpt":"Ho letto per la prima volta Shakespeare quando avevo credo dodici o tredici anni. Quando dico\u00a0leggerlo non intendo un sunto scolastico o altre cose del genere: intendo una lettura continuativa di tutto il tomo\u00a0Sansoni dell'opera\u00a0completa, dal primo dramma storico (credo il\u00a0Riccardo II) al\u00a0poemetto sullo stupro\u00a0di Lucrezia che era in appendice.\u2026","rel":"","context":"In &quot;Coordinate&quot;","block_context":{"text":"Coordinate","link":"https:\/\/www.robertosedda.it\/?cat=52"},"img":{"alt_text":"","src":"https:\/\/i0.wp.com\/www.robertosedda.it\/wp-content\/uploads\/2016\/01\/Shakespeare.jpg?fit=670%2C875&ssl=1&resize=350%2C200","width":350,"height":200},"classes":[]},{"id":17237,"url":"https:\/\/www.robertosedda.it\/?p=17237","url_meta":{"origin":9022,"position":4},"title":"Ma lei \u00e8 quello&#8230;","author":"Rufus","date":"13\/09\/2019","format":false,"excerpt":"Il 21 e 22 settembre apriamo casa ad Orani!","rel":"","context":"In &quot;Coordinate&quot;","block_context":{"text":"Coordinate","link":"https:\/\/www.robertosedda.it\/?cat=52"},"img":{"alt_text":"","src":"https:\/\/i0.wp.com\/www.robertosedda.it\/wp-content\/uploads\/2019\/09\/Orani-Cortes-Apertas.png?fit=552%2C804&ssl=1&resize=350%2C200","width":350,"height":200},"classes":[]},{"id":15077,"url":"https:\/\/www.robertosedda.it\/?p=15077","url_meta":{"origin":9022,"position":5},"title":"Haiku","author":"Rufus","date":"26\/04\/2018","format":false,"excerpt":"Prendo la bici stormi di fenicotteri mi accompagnano. EDIT del giorno dopo. Mi sono accorto che l'haiku, composto al volo pedalando a Molentargius,\u00a0\u00e8 rovinato da un errore: dovrebbe avere uno schema 5\/7\/5 e invece il secondo verso ha otto sillabe (lasciamo perdere che dovrebbero essere more). Pi\u00f9 corretto dovrebbe essere:\u2026","rel":"","context":"In &quot;Coordinate&quot;","block_context":{"text":"Coordinate","link":"https:\/\/www.robertosedda.it\/?cat=52"},"img":{"alt_text":"","src":"https:\/\/i0.wp.com\/www.robertosedda.it\/wp-content\/uploads\/2018\/04\/IMG-20180425-WA0008.jpg?fit=1024%2C346&ssl=1&resize=350%2C200","width":350,"height":200,"srcset":"https:\/\/i0.wp.com\/www.robertosedda.it\/wp-content\/uploads\/2018\/04\/IMG-20180425-WA0008.jpg?fit=1024%2C346&ssl=1&resize=350%2C200 1x, https:\/\/i0.wp.com\/www.robertosedda.it\/wp-content\/uploads\/2018\/04\/IMG-20180425-WA0008.jpg?fit=1024%2C346&ssl=1&resize=700%2C400 2x"},"classes":[]}],"_links":{"self":[{"href":"https:\/\/www.robertosedda.it\/index.php?rest_route=\/wp\/v2\/posts\/9022"}],"collection":[{"href":"https:\/\/www.robertosedda.it\/index.php?rest_route=\/wp\/v2\/posts"}],"about":[{"href":"https:\/\/www.robertosedda.it\/index.php?rest_route=\/wp\/v2\/types\/post"}],"author":[{"embeddable":true,"href":"https:\/\/www.robertosedda.it\/index.php?rest_route=\/wp\/v2\/users\/1"}],"replies":[{"embeddable":true,"href":"https:\/\/www.robertosedda.it\/index.php?rest_route=%2Fwp%2Fv2%2Fcomments&post=9022"}],"version-history":[{"count":2,"href":"https:\/\/www.robertosedda.it\/index.php?rest_route=\/wp\/v2\/posts\/9022\/revisions"}],"predecessor-version":[{"id":9025,"href":"https:\/\/www.robertosedda.it\/index.php?rest_route=\/wp\/v2\/posts\/9022\/revisions\/9025"}],"wp:attachment":[{"href":"https:\/\/www.robertosedda.it\/index.php?rest_route=%2Fwp%2Fv2%2Fmedia&parent=9022"}],"wp:term":[{"taxonomy":"category","embeddable":true,"href":"https:\/\/www.robertosedda.it\/index.php?rest_route=%2Fwp%2Fv2%2Fcategories&post=9022"},{"taxonomy":"post_tag","embeddable":true,"href":"https:\/\/www.robertosedda.it\/index.php?rest_route=%2Fwp%2Fv2%2Ftags&post=9022"}],"curies":[{"name":"wp","href":"https:\/\/api.w.org\/{rel}","templated":true}]}}