{"id":9011,"date":"2014-12-06T09:49:12","date_gmt":"2014-12-06T08:49:12","guid":{"rendered":"http:\/\/www.robertosedda.it\/?p=9011"},"modified":"2023-12-13T13:24:40","modified_gmt":"2023-12-13T12:24:40","slug":"asc-oltate-cinematica","status":"publish","type":"post","link":"https:\/\/www.robertosedda.it\/?p=9011","title":{"rendered":"Ascoltate Cinematica!!"},"content":{"rendered":"<p><a href=\"https:\/\/i0.wp.com\/www.robertosedda.it\/wp-content\/uploads\/2014\/12\/cinematica_40.jpg\"><img data-attachment-id=\"9012\" data-permalink=\"https:\/\/www.robertosedda.it\/?attachment_id=9012\" data-orig-file=\"https:\/\/i0.wp.com\/www.robertosedda.it\/wp-content\/uploads\/2014\/12\/cinematica_40.jpg?fit=290%2C166&amp;ssl=1\" data-orig-size=\"290,166\" data-comments-opened=\"1\" data-image-meta=\"{&quot;aperture&quot;:&quot;0&quot;,&quot;credit&quot;:&quot;&quot;,&quot;camera&quot;:&quot;&quot;,&quot;caption&quot;:&quot;&quot;,&quot;created_timestamp&quot;:&quot;0&quot;,&quot;copyright&quot;:&quot;&quot;,&quot;focal_length&quot;:&quot;0&quot;,&quot;iso&quot;:&quot;0&quot;,&quot;shutter_speed&quot;:&quot;0&quot;,&quot;title&quot;:&quot;&quot;,&quot;orientation&quot;:&quot;0&quot;}\" data-image-title=\"cinematica_40\" data-image-description=\"\" data-image-caption=\"\" data-medium-file=\"https:\/\/i0.wp.com\/www.robertosedda.it\/wp-content\/uploads\/2014\/12\/cinematica_40.jpg?fit=290%2C166&amp;ssl=1\" data-large-file=\"https:\/\/i0.wp.com\/www.robertosedda.it\/wp-content\/uploads\/2014\/12\/cinematica_40.jpg?fit=290%2C166&amp;ssl=1\" decoding=\"async\" loading=\"lazy\" class=\"alignleft size-full wp-image-9012\" src=\"https:\/\/i0.wp.com\/www.robertosedda.it\/wp-content\/uploads\/2014\/12\/cinematica_40.jpg?resize=290%2C166\" alt=\"cinematica_40\" width=\"290\" height=\"166\" srcset=\"https:\/\/i0.wp.com\/www.robertosedda.it\/wp-content\/uploads\/2014\/12\/cinematica_40.jpg?w=290&amp;ssl=1 290w, https:\/\/i0.wp.com\/www.robertosedda.it\/wp-content\/uploads\/2014\/12\/cinematica_40.jpg?resize=150%2C85&amp;ssl=1 150w, https:\/\/i0.wp.com\/www.robertosedda.it\/wp-content\/uploads\/2014\/12\/cinematica_40.jpg?resize=50%2C28&amp;ssl=1 50w\" sizes=\"(max-width: 290px) 100vw, 290px\" data-recalc-dims=\"1\" \/><\/a>Devo confessare, anche se \u00e8 <a title=\"Radio Days\" href=\"http:\/\/www.robertosedda.it\/?p=1551\">una trasmissione della concorrenza<\/a>, che sono un fan sfegatato di <a href=\"http:\/\/www.radiox.it\/programmi\/cinematica\/\"><em>Cinematica<\/em><\/a>, la trasmissione ideata e condotta da Gianmarco Diana e dedicata alla musica da, per, intorno, sopra e sotto il cinema.<\/p>\n<p>Non \u00e8 solo che la trasmissione mi consente di mettere insieme due passioni come cinema e musica, esattamente come <a href=\"http:\/\/www.radio3.rai.it\/dl\/radio3\/programmi\/PublishingBlock-0bff7eb0-7a27-41d5-95e8-4c50d6fdd137.html\"><em>Hollywood Party<\/em><\/a> su <em>Radio3<\/em> unisce per me musica e radio, il fatto \u00e8 che\u00a0<em>Cinematica<\/em> \u00e8 per me fonte di scoperta continua: le sorprese abbondano, interi continenti musicali mi vengono improvvisamente aperti all&#8217;esplorazione e, in una parola, la trasmissione fa cultura in maniera piacevole ma approfondita. E anche se un po&#8217; mi sconcerta talvolta lo strano impasto di italiano e inglese, il piglio un po&#8217; da <em>DJ<\/em> di Diana e il vezzo di citare come cose conosciutissime all&#8217;intero mondo pratiche arcane delle sale di registrazione della Harlem pi\u00f9 sud-settentrionale, col tempo mi sono abituato e anche questo in fondo finisce per me per essere un elemento di fascino: quando mi sentirete dire con aria saputa, a un ascolto musicale: \u00abQuesto secondo me non \u00e8 un <em>reprint<\/em> in vinile, ma un <em>rip<\/em> dall&#8217;originale\u00bb, saprete che sono assurto a stati di conoscenza superiore.<\/p>\n","protected":false},"excerpt":{"rendered":"<p>Devo confessare, anche se \u00e8 una trasmissione della concorrenza, che sono un fan sfegatato di Cinematica, la trasmissione ideata e<\/p>\n","protected":false},"author":1,"featured_media":9012,"comment_status":"open","ping_status":"open","sticky":false,"template":"","format":"standard","meta":{"_mi_skip_tracking":false,"_monsterinsights_sitenote_active":false,"_monsterinsights_sitenote_note":"","_monsterinsights_sitenote_category":0,"jetpack_post_was_ever_published":false,"_jetpack_newsletter_access":"","jetpack_publicize_message":"","jetpack_is_tweetstorm":false,"jetpack_publicize_feature_enabled":true,"jetpack_social_post_already_shared":true,"jetpack_social_options":{"image_generator_settings":{"template":"highway","enabled":false}}},"categories":[52,53,89,15,12],"tags":[],"jetpack_publicize_connections":[],"jetpack_featured_media_url":"https:\/\/i0.wp.com\/www.robertosedda.it\/wp-content\/uploads\/2014\/12\/cinematica_40.jpg?fit=290%2C166&ssl=1","jetpack_sharing_enabled":true,"jetpack_shortlink":"https:\/\/wp.me\/p4jV2T-2ll","jetpack_likes_enabled":true,"jetpack-related-posts":[{"id":12472,"url":"https:\/\/www.robertosedda.it\/?p=12472","url_meta":{"origin":9011,"position":0},"title":"Cos\u00ec fin\u00ec Oggi parliamo di libri","author":"Rufus","date":"06\/09\/2016","format":false,"excerpt":"Trovate qui sotto l'ultima puntata della stagione 2015\/2016 di\u00a0Oggi parliamo di libri, dedicata a\u00a0Liol\u00e0\u00a0di Pirandello: si tratta anche dell'ultima puntata in generale della trasmissione, perch\u00e9 per l'anno prossimo mi piacerebbe molto che venisse accettata la mia proposta di parlare di giochi\u00a0(se si parte si parte ad ottobre, ma mi pare\u2026","rel":"","context":"In &quot;Coordinate&quot;","block_context":{"text":"Coordinate","link":"https:\/\/www.robertosedda.it\/?cat=52"},"img":{"alt_text":"","src":"https:\/\/i0.wp.com\/www.robertosedda.it\/wp-content\/uploads\/2016\/09\/Oggi-parliamo-di-libri-1.jpg?fit=480%2C360&ssl=1&resize=350%2C200","width":350,"height":200},"classes":[]},{"id":4594,"url":"https:\/\/www.robertosedda.it\/?p=4594","url_meta":{"origin":9011,"position":1},"title":"La musica che metter\u00f2, se me la consigliate","author":"Rufus","date":"10\/10\/2013","format":false,"excerpt":"Sono ripartite su Radio Kalaritana le trasmissioni di Oggi parliamo di libri. Ok, breve riassunto pubblicitario: vado in onda il gioved\u00ec alle 19,10 e in replica il venerd\u00ec alle 8,30 del mattino sui 97.5 FM (o in streaming). La trasmissione ha anche una sua pagina Facebook che dopo la pausa\u2026","rel":"","context":"In &quot;Coordinate&quot;","block_context":{"text":"Coordinate","link":"https:\/\/www.robertosedda.it\/?cat=52"},"img":{"alt_text":"","src":"https:\/\/i0.wp.com\/www.robertosedda.it\/wp-content\/uploads\/2013\/03\/535033_144686819023383_216259237_n.jpg?fit=960%2C960&ssl=1&resize=350%2C200","width":350,"height":200,"srcset":"https:\/\/i0.wp.com\/www.robertosedda.it\/wp-content\/uploads\/2013\/03\/535033_144686819023383_216259237_n.jpg?fit=960%2C960&ssl=1&resize=350%2C200 1x, https:\/\/i0.wp.com\/www.robertosedda.it\/wp-content\/uploads\/2013\/03\/535033_144686819023383_216259237_n.jpg?fit=960%2C960&ssl=1&resize=700%2C400 2x"},"classes":[]},{"id":18723,"url":"https:\/\/www.robertosedda.it\/?p=18723","url_meta":{"origin":9011,"position":2},"title":"L&#8217;amabile Rufus e il meraviglioso mondo dei podcast","author":"Rufus","date":"03\/06\/2021","format":false,"excerpt":"A fine agosto dell'anno scorso, quando gi\u00e0 si intuiva che avremmo passato altri lunghi mesi pi\u00f9 o meno reclusi, ho cominciato a camminare. Pu\u00f2 darsi che la cosa abbia avuto inizio perch\u00e9 mi sono detto che era meglio tenere d'occhio la pressione, ma in realt\u00e0 col senno di poi credo\u2026","rel":"","context":"In &quot;Coordinate&quot;","block_context":{"text":"Coordinate","link":"https:\/\/www.robertosedda.it\/?cat=52"},"img":{"alt_text":"","src":"https:\/\/i0.wp.com\/www.robertosedda.it\/wp-content\/uploads\/2021\/05\/La-riserva.jpg?fit=494%2C879&ssl=1&resize=350%2C200","width":350,"height":200},"classes":[]},{"id":6454,"url":"https:\/\/www.robertosedda.it\/?p=6454","url_meta":{"origin":9011,"position":3},"title":"Le cronache di fratello Cadfael","author":"Rufus","date":"14\/02\/2014","format":"video","excerpt":"Una divagazione epic metal Allora: cominciamo con la gaffe stratosferica della puntata, che forse qualcuno di voi ha colto anche in questo formato\u00a0in cui\u00a0l'intermezzo musicale \u00e8 omesso. Sarebbe stato ovvio\u00a0usare come pausa una qualche forma di riproposizione di musica medievale o le solite ballate di sapore celtico che\u00a0vanno in questi\u2026","rel":"","context":"In &quot;Coordinate&quot;","block_context":{"text":"Coordinate","link":"https:\/\/www.robertosedda.it\/?cat=52"},"img":{"alt_text":"","src":"https:\/\/i0.wp.com\/img.youtube.com\/vi\/7V9vuYcncH8\/0.jpg?resize=350%2C200","width":350,"height":200},"classes":[]},{"id":7291,"url":"https:\/\/www.robertosedda.it\/?p=7291","url_meta":{"origin":9011,"position":4},"title":"Avviso ai radionaviganti e #wrcita","author":"Rufus","date":"07\/05\/2014","format":false,"excerpt":"Gioved\u00ec 8 maggio alle 10 mi intervistano su unicaradio, la web radio degli studenti dell'Universit\u00e0 di Cagliari. I ragazzi sono impegnati in una gara con altre radio studentesche di otto diversi paesi (Italia, Spagna, Messico, Germania, Inghilterra, Turchia, Finlandia, e Singapore): una maratona di 72 ore ininterrotte per realizzare la\u2026","rel":"","context":"In &quot;Coordinate&quot;","block_context":{"text":"Coordinate","link":"https:\/\/www.robertosedda.it\/?cat=52"},"img":{"alt_text":"","src":"https:\/\/i0.wp.com\/www.robertosedda.it\/wp-content\/uploads\/2014\/05\/Unica-Radio.jpg?fit=1200%2C461&ssl=1&resize=350%2C200","width":350,"height":200,"srcset":"https:\/\/i0.wp.com\/www.robertosedda.it\/wp-content\/uploads\/2014\/05\/Unica-Radio.jpg?fit=1200%2C461&ssl=1&resize=350%2C200 1x, https:\/\/i0.wp.com\/www.robertosedda.it\/wp-content\/uploads\/2014\/05\/Unica-Radio.jpg?fit=1200%2C461&ssl=1&resize=700%2C400 2x, https:\/\/i0.wp.com\/www.robertosedda.it\/wp-content\/uploads\/2014\/05\/Unica-Radio.jpg?fit=1200%2C461&ssl=1&resize=1050%2C600 3x"},"classes":[]},{"id":1551,"url":"https:\/\/www.robertosedda.it\/?p=1551","url_meta":{"origin":9011,"position":5},"title":"Radio Days","author":"Rufus","date":"04\/12\/2012","format":false,"excerpt":"Su gentile invito di don Giulio Madeddu e sotto l'ala protettiva e amichevole di Andrea Pala, dal 6 dicembre conduco (la parola, lo ammetto, mi fa impressione) una trasmissione radio, in cui parlo di libri fantasy e fantascientifici (per una prima serie di una dozzina di puntate:\u00a0in futuro parler\u00f2 anche\u2026","rel":"","context":"In &quot;Coordinate&quot;","block_context":{"text":"Coordinate","link":"https:\/\/www.robertosedda.it\/?cat=52"},"img":{"alt_text":"","src":"https:\/\/i0.wp.com\/www.robertosedda.it\/wp-content\/uploads\/2012\/12\/197882_4997567705416_1682811050_n.jpg?fit=750%2C865&ssl=1&resize=350%2C200","width":350,"height":200,"srcset":"https:\/\/i0.wp.com\/www.robertosedda.it\/wp-content\/uploads\/2012\/12\/197882_4997567705416_1682811050_n.jpg?fit=750%2C865&ssl=1&resize=350%2C200 1x, https:\/\/i0.wp.com\/www.robertosedda.it\/wp-content\/uploads\/2012\/12\/197882_4997567705416_1682811050_n.jpg?fit=750%2C865&ssl=1&resize=700%2C400 2x"},"classes":[]}],"_links":{"self":[{"href":"https:\/\/www.robertosedda.it\/index.php?rest_route=\/wp\/v2\/posts\/9011"}],"collection":[{"href":"https:\/\/www.robertosedda.it\/index.php?rest_route=\/wp\/v2\/posts"}],"about":[{"href":"https:\/\/www.robertosedda.it\/index.php?rest_route=\/wp\/v2\/types\/post"}],"author":[{"embeddable":true,"href":"https:\/\/www.robertosedda.it\/index.php?rest_route=\/wp\/v2\/users\/1"}],"replies":[{"embeddable":true,"href":"https:\/\/www.robertosedda.it\/index.php?rest_route=%2Fwp%2Fv2%2Fcomments&post=9011"}],"version-history":[{"count":4,"href":"https:\/\/www.robertosedda.it\/index.php?rest_route=\/wp\/v2\/posts\/9011\/revisions"}],"predecessor-version":[{"id":9024,"href":"https:\/\/www.robertosedda.it\/index.php?rest_route=\/wp\/v2\/posts\/9011\/revisions\/9024"}],"wp:featuredmedia":[{"embeddable":true,"href":"https:\/\/www.robertosedda.it\/index.php?rest_route=\/wp\/v2\/media\/9012"}],"wp:attachment":[{"href":"https:\/\/www.robertosedda.it\/index.php?rest_route=%2Fwp%2Fv2%2Fmedia&parent=9011"}],"wp:term":[{"taxonomy":"category","embeddable":true,"href":"https:\/\/www.robertosedda.it\/index.php?rest_route=%2Fwp%2Fv2%2Fcategories&post=9011"},{"taxonomy":"post_tag","embeddable":true,"href":"https:\/\/www.robertosedda.it\/index.php?rest_route=%2Fwp%2Fv2%2Ftags&post=9011"}],"curies":[{"name":"wp","href":"https:\/\/api.w.org\/{rel}","templated":true}]}}