{"id":9007,"date":"2014-12-05T12:33:05","date_gmt":"2014-12-05T11:33:05","guid":{"rendered":"http:\/\/www.robertosedda.it\/?p=9007"},"modified":"2015-06-16T16:39:33","modified_gmt":"2015-06-16T14:39:33","slug":"virtu-terapeutiche-di-al-bano","status":"publish","type":"post","link":"https:\/\/www.robertosedda.it\/?p=9007","title":{"rendered":"Virt\u00f9 terapeutiche di Al Bano"},"content":{"rendered":"<p>Sabato ero a Linate, di ritorno dall&#8217;incontro di rete di Banca Etica. Dopo il <em>check-in<\/em> e i controlli di sicurezza ho notato un capannello di persone: c&#8217;era della gente che aveva incontrato Al Bano, di passaggio anche lui, e si stava facendo\u00a0fotografare con la celebrit\u00e0.<\/p>\n<p>Non sarei l&#8217;amichevole Rufus che tutti stimate ed amate se avessi ceduto al gusto banale della foto ricordo con l&#8217;illustre sconosciuto e quindi, sentendomi molto superiore, ho tirato dritto.<\/p>\n<p>Solo che mercoled\u00ec, a Fiumicino, di ritorno dalla riunione del Forum dell&#8217;Area Centro, con un mal di stomaco da tensione che avrebbe stroncato anche i fratelli\u00a0Marceddu [1] e pi\u00f9 di due ore di tempo da ammazzare mi siedo a uno dei bar dell&#8217;aeroporto a bere, mestamente, un caff\u00e8 d&#8217;orzo. A fianco a me un signore \u00a0tracagnotto, con la sciarpa e un bellissimo feltro bianco, che leggeva assorto il giornale. Al Bano. Di nuovo!<\/p>\n<p>Ora: non \u00e8 che i frequentatori degli aeroporti italiani siano tutta la popolazione, ma sono comunque diverse decine di migliaia; la coincidenza di incrociarsi due volte a pochi giorni di distanza (o anche a molti mesi) \u00e8 notevole: per dire, una volta ho incontrato Belen e poi non l&#8217;ho pi\u00f9 rivista, mannaggia. E quindi sono rimasto debitamente colpito dalla cosa.<\/p>\n<p>Ho anche fatto una di riflessione sull&#8217;epistemologia della scienza, pensa un po&#8217;. Ho pensato: basandomi sull&#8217;evidenza sperimentale, e sapendo che l&#8217;improbabilit\u00e0 di questo incontro ripetuto ha necessit\u00e0 di una spiegazione, bisogna trovarne una: per esempio che Al Bano mi pedina. \u00c8 una conclusione perfettamente coerente,\u00a0<em>scientifica<\/em>.<\/p>\n<p>Ho anche pensato: \u00abNooo, dai, oggi la foto insieme gliela chiedo\u00bb. Ma quello era l\u00ec cos\u00ec sereno che si leggeva il giornale, scuotendo appena il capo a qualche dichiarazione politica pi\u00f9 indecente di altre, che non ho avuto il coraggio di disturbarlo.<\/p>\n<p>Vigliaccamente ho sperato che arrivasse qualcun altro, pi\u00f9 sfrontato di me, e gli chiedesse la foto. Allora, mi sono detto, con quel pretesto gliela chiedo anch&#8217;io. E glielo dico che l&#8217;ho visto anche a Milano e che guarda che bella coincidenza, pensa un po&#8217; e tutte quelle cose l\u00ec.<\/p>\n<p>Oh, niente, ma niente proprio. Che quando vorresti che la plebe insolente e rumorosa che assedia le celebrit\u00e0 si manifestasse\u00a0puoi stare l\u00ec ad aspettare inutilmente per ore. Anzi: essendo il nostro un angolo piuttosto isolato di Fiumicino, siamo stati per una mezzoretta l\u00e0 da soli, io col palmare a leggere avventure di mare e Al Bano col suo giornale. Poi arriva un tizio con l&#8217;aria di camionista &#8211; in realt\u00e0 un agente di commercio, scopriremo poi &#8211; con un panozzo pi\u00f9 grande di lui. Quello si siede, squadra Al Bano &#8211; <em>zacchete!\u00a0<\/em>ci siamo, mi dico &#8211; allunga la zampona, gli dice: \u00abCiao!\u00bb, gli stringe la mano e si rituffa beato nella porchetta di Ariccia.<\/p>\n<p>Niente foto.<\/p>\n<p>Scoraggiato, me ne sono andato. Per\u00f2 mi \u00e8 passato il mal di stomaco, mi \u00e8 passato.<\/p>\n<p>Felicit\u00e0!<\/p>\n<div class=\"jetpack-video-wrapper\"><span class=\"embed-youtube\" style=\"text-align:center; display: block;\"><iframe class=\"youtube-player\" width=\"800\" height=\"450\" src=\"https:\/\/www.youtube.com\/embed\/r6OkkEdDLV0?version=3&#038;rel=1&#038;showsearch=0&#038;showinfo=1&#038;iv_load_policy=1&#038;fs=1&#038;hl=it-IT&#038;autohide=2&#038;wmode=transparent\" allowfullscreen=\"true\" style=\"border:0;\" sandbox=\"allow-scripts allow-same-origin allow-popups allow-presentation\"><\/iframe><\/span><\/div>\n<p>[1] Cagliaritani di un tempo, fabbri del quartiere di Castello, famosi mangiatori di cui si racconta\u00a0sopravvivessero illesi a\u00a0pantagrueliche gesta gastronomiche.<\/p>\n","protected":false},"excerpt":{"rendered":"<p>Sabato ero a Linate, di ritorno dall&#8217;incontro di rete di Banca Etica. Dopo il check-in e i controlli di sicurezza<\/p>\n","protected":false},"author":1,"featured_media":0,"comment_status":"open","ping_status":"open","sticky":false,"template":"","format":"video","meta":{"_mi_skip_tracking":false,"_monsterinsights_sitenote_active":false,"_monsterinsights_sitenote_note":"","_monsterinsights_sitenote_category":0,"jetpack_post_was_ever_published":false,"_jetpack_newsletter_access":"","jetpack_publicize_message":"","jetpack_is_tweetstorm":false,"jetpack_publicize_feature_enabled":true,"jetpack_social_post_already_shared":true,"jetpack_social_options":{"image_generator_settings":{"template":"highway","enabled":false}}},"categories":[52,56,17,61,16],"tags":[],"jetpack_publicize_connections":[],"jetpack_featured_media_url":"","jetpack_sharing_enabled":true,"jetpack_shortlink":"https:\/\/wp.me\/p4jV2T-2lh","jetpack_likes_enabled":true,"jetpack-related-posts":[{"id":11278,"url":"https:\/\/www.robertosedda.it\/?p=11278","url_meta":{"origin":9007,"position":0},"title":"Ehi, pare che Eriadan ritorni!","author":"Rufus","date":"11\/12\/2015","format":"link","excerpt":"Almeno, cos\u00ec dice sul suo blog.","rel":"","context":"In &quot;Segnalazioni&quot;","block_context":{"text":"Segnalazioni","link":"https:\/\/www.robertosedda.it\/?cat=95"},"img":{"alt_text":"","src":"","width":0,"height":0},"classes":[]},{"id":12121,"url":"https:\/\/www.robertosedda.it\/?p=12121","url_meta":{"origin":9007,"position":1},"title":"REBLOG: Sessanta secondi da profugo","author":"Rufus","date":"20\/06\/2016","format":false,"excerpt":"Trovo per caso sul sito di Mafe De Baggis un articolo che ha a che fare col camminare (un tema che qui ogni tanto ritorna), con le narrazioni e con le migrazioni. Da leggere.","rel":"","context":"In &quot;Coordinate&quot;","block_context":{"text":"Coordinate","link":"https:\/\/www.robertosedda.it\/?cat=52"},"img":{"alt_text":"","src":"https:\/\/i0.wp.com\/www.robertosedda.it\/wp-content\/uploads\/2016\/06\/Sessanta-secondi-da-profugo.jpg?fit=827%2C219&ssl=1&resize=350%2C200","width":350,"height":200,"srcset":"https:\/\/i0.wp.com\/www.robertosedda.it\/wp-content\/uploads\/2016\/06\/Sessanta-secondi-da-profugo.jpg?fit=827%2C219&ssl=1&resize=350%2C200 1x, https:\/\/i0.wp.com\/www.robertosedda.it\/wp-content\/uploads\/2016\/06\/Sessanta-secondi-da-profugo.jpg?fit=827%2C219&ssl=1&resize=700%2C400 2x"},"classes":[]},{"id":9954,"url":"https:\/\/www.robertosedda.it\/?p=9954","url_meta":{"origin":9007,"position":2},"title":"REBLOG: Ehi, ritorna lo Skepto!","author":"Rufus","date":"14\/04\/2015","format":false,"excerpt":"Rilancio la segnalazione fatta da Vania Statzu nella sua ottima rubrica su Tiscali. Inizia oggi l'edizione 2015 dello\u00a0Skepto International Film Festival, la bellissima rassegna di cortometraggi di cui l'anno scorso vi ho gi\u00e0 parlato.","rel":"","context":"In &quot;Segnalazioni&quot;","block_context":{"text":"Segnalazioni","link":"https:\/\/www.robertosedda.it\/?cat=95"},"img":{"alt_text":"","src":"https:\/\/i0.wp.com\/www.robertosedda.it\/wp-content\/uploads\/2015\/04\/Skepto-2015.jpg?fit=960%2C355&ssl=1&resize=350%2C200","width":350,"height":200,"srcset":"https:\/\/i0.wp.com\/www.robertosedda.it\/wp-content\/uploads\/2015\/04\/Skepto-2015.jpg?fit=960%2C355&ssl=1&resize=350%2C200 1x, https:\/\/i0.wp.com\/www.robertosedda.it\/wp-content\/uploads\/2015\/04\/Skepto-2015.jpg?fit=960%2C355&ssl=1&resize=700%2C400 2x"},"classes":[]},{"id":7842,"url":"https:\/\/www.robertosedda.it\/?p=7842","url_meta":{"origin":9007,"position":3},"title":"Brividi agghiaccianti sulla linea PF","author":"Rufus","date":"26\/06\/2014","format":false,"excerpt":"Avviso: questo articolo contiene parecchio turpiloquio, a dimostrazione del modo con cui le\u00a0giovani generazioni reagiscono allo stress. Siamo sul PF, di ritorno dal mare. A fianco a me due ragazzine adolescenti. Una alta, formosa, con un bel sorriso e l'aria un po' incompiuta. L'altra bassottina, aggressiva, vivace. Quest'ultima chiede all'amica:\u2026","rel":"","context":"In &quot;Coordinate&quot;","block_context":{"text":"Coordinate","link":"https:\/\/www.robertosedda.it\/?cat=52"},"img":{"alt_text":"","src":"https:\/\/i0.wp.com\/www.robertosedda.it\/wp-content\/uploads\/2014\/04\/Poetto-6.jpg?fit=1200%2C900&ssl=1&resize=350%2C200","width":350,"height":200,"srcset":"https:\/\/i0.wp.com\/www.robertosedda.it\/wp-content\/uploads\/2014\/04\/Poetto-6.jpg?fit=1200%2C900&ssl=1&resize=350%2C200 1x, https:\/\/i0.wp.com\/www.robertosedda.it\/wp-content\/uploads\/2014\/04\/Poetto-6.jpg?fit=1200%2C900&ssl=1&resize=700%2C400 2x, https:\/\/i0.wp.com\/www.robertosedda.it\/wp-content\/uploads\/2014\/04\/Poetto-6.jpg?fit=1200%2C900&ssl=1&resize=1050%2C600 3x"},"classes":[]},{"id":15799,"url":"https:\/\/www.robertosedda.it\/?p=15799","url_meta":{"origin":9007,"position":4},"title":"Cambio di immagine","author":"Rufus","date":"02\/11\/2018","format":false,"excerpt":"Marted\u00ec sera sono andato a sentire gli Scrittori da panico\u00a0 al Babeuf\u00a0(Dario Dess\u00ec e Lalla Careddu sugli scudi, insieme a un racconto sul calcetto dopo i quarant'anni di cui non ricordo l'autore ma che faceva\u00a0paurissima) e Riccardo Atzeni, che sul palco faceva disegni...\u00a0da panico, mi ha fatto questa caricatura di\u2026","rel":"","context":"In &quot;Coordinate&quot;","block_context":{"text":"Coordinate","link":"https:\/\/www.robertosedda.it\/?cat=52"},"img":{"alt_text":"","src":"https:\/\/i0.wp.com\/www.robertosedda.it\/wp-content\/uploads\/2018\/10\/Rufus.png?fit=834%2C820&ssl=1&resize=350%2C200","width":350,"height":200,"srcset":"https:\/\/i0.wp.com\/www.robertosedda.it\/wp-content\/uploads\/2018\/10\/Rufus.png?fit=834%2C820&ssl=1&resize=350%2C200 1x, https:\/\/i0.wp.com\/www.robertosedda.it\/wp-content\/uploads\/2018\/10\/Rufus.png?fit=834%2C820&ssl=1&resize=700%2C400 2x"},"classes":[]},{"id":5095,"url":"https:\/\/www.robertosedda.it\/?p=5095","url_meta":{"origin":9007,"position":5},"title":"Cosa devo dir loro?","author":"Rufus","date":"24\/11\/2013","format":false,"excerpt":"Una poesia di Brecht, che mi ritorna prepotentemente nella testa mentre dovrei pensare ad altro e decidere altro. E forse per una volta essere pi\u00f9 diplomatico. E invece la voce intransigente del vecchio comunista tedesco non si decide a lasciarmi tranquillo. Guarda un po' che invadente! (ognuno di voi pu\u00f2\u2026","rel":"","context":"In &quot;Coordinate&quot;","block_context":{"text":"Coordinate","link":"https:\/\/www.robertosedda.it\/?cat=52"},"img":{"alt_text":"","src":"https:\/\/i0.wp.com\/www.robertosedda.it\/wp-content\/uploads\/2015\/09\/Brecht.jpg?fit=405%2C350&ssl=1&resize=350%2C200","width":350,"height":200},"classes":[]}],"_links":{"self":[{"href":"https:\/\/www.robertosedda.it\/index.php?rest_route=\/wp\/v2\/posts\/9007"}],"collection":[{"href":"https:\/\/www.robertosedda.it\/index.php?rest_route=\/wp\/v2\/posts"}],"about":[{"href":"https:\/\/www.robertosedda.it\/index.php?rest_route=\/wp\/v2\/types\/post"}],"author":[{"embeddable":true,"href":"https:\/\/www.robertosedda.it\/index.php?rest_route=\/wp\/v2\/users\/1"}],"replies":[{"embeddable":true,"href":"https:\/\/www.robertosedda.it\/index.php?rest_route=%2Fwp%2Fv2%2Fcomments&post=9007"}],"version-history":[{"count":4,"href":"https:\/\/www.robertosedda.it\/index.php?rest_route=\/wp\/v2\/posts\/9007\/revisions"}],"predecessor-version":[{"id":10396,"href":"https:\/\/www.robertosedda.it\/index.php?rest_route=\/wp\/v2\/posts\/9007\/revisions\/10396"}],"wp:attachment":[{"href":"https:\/\/www.robertosedda.it\/index.php?rest_route=%2Fwp%2Fv2%2Fmedia&parent=9007"}],"wp:term":[{"taxonomy":"category","embeddable":true,"href":"https:\/\/www.robertosedda.it\/index.php?rest_route=%2Fwp%2Fv2%2Fcategories&post=9007"},{"taxonomy":"post_tag","embeddable":true,"href":"https:\/\/www.robertosedda.it\/index.php?rest_route=%2Fwp%2Fv2%2Ftags&post=9007"}],"curies":[{"name":"wp","href":"https:\/\/api.w.org\/{rel}","templated":true}]}}