{"id":8929,"date":"2014-11-20T14:34:45","date_gmt":"2014-11-20T13:34:45","guid":{"rendered":"http:\/\/www.robertosedda.it\/?p=8929"},"modified":"2014-12-05T12:34:15","modified_gmt":"2014-12-05T11:34:15","slug":"la-guerra-dei-professori","status":"publish","type":"post","link":"https:\/\/www.robertosedda.it\/?p=8929","title":{"rendered":"La guerra dei professori"},"content":{"rendered":"<h2><em>Words and pictures<\/em> (Fred Schepisi, USA 2013)<\/h2>\n<p>Superficialmente <em>Words and pictures<\/em>\u00a0si colloca in quel filone di film come\u00a0<em>L&#8217;attimo fuggente<\/em>\u00a0o<i>\u00a0<\/i><em>Mona Lisa smile<\/em>: c&#8217;\u00e8 il <em>college<\/em> prestigioso, il docente (in questo caso sono due) anticonvenzionale, i ragazzi problematici, il preside perbenista, l&#8217;ambiente oppressivo della provincia americana: il tutto a fronte di una riflessione sull&#8217;educazione,\u00a0la cultura, l&#8217;arte.<\/p>\n<p>Il film per\u00f2 \u00e8 interessante nella misura in cui si allontana decisamente dalla ripetizione pedissequa di questi precedenti per andare a indagare sul rapporto fra Owen e la Binoche (incomprensibilmente posta nel ruolo di una italoamericana, peraltro&#8230;), entrambi tanto colti, brillanti\u00a0nella vita accademica quanto\u00a0feriti, addirittura piagati, nella vita personale, nell&#8217;anima e nel corpo. Un contrasto che, forse anche aldil\u00e0 delle intenzioni di regista e sceneggiatore porta spesso il film fuori dai confini del filone\u00a0sentimentale.<\/p>\n<p>In questa (appena accennata) originalit\u00e0 e nella prova degli attori stanno i meriti del film, che per il resto annacqua quanto di buono c&#8217;era nella storia nella solita salsa di quel che gli americani pensano che sia cultura: e quindi laddove poteva problematizzare semplifica, laddove poteva indagare i comprimari li riduce a stereotipi, laddove poteva seguire coerentemente il dilemma culturale\u00a0indicato dal titolo (arti figurative contro\u00a0letteratura) lo riduce al livello di un dibattito da scuola media.<\/p>\n<p>Non del tutto: sicuramente lo spettatore americano o almeno anglosassone \u00e8 pi\u00f9 stimolato di un europeo dalla quantit\u00e0 di citazioni letterarie di cui il personaggio di Owen e poi gli studenti riempiono il film (la parte figurativa \u00e8 sicuramente meno interessante), citazioni che probabilmente fanno parte del loro bagaglio culturale e scolastico normale.<\/p>\n<p>Ma anche senza aver studiato in un&#8217;universit\u00e0 americana mi sono sorpreso il giorno dopo, sotto la doccia!, a ripensare al dissidio, a confrontare l&#8217;effetto che mi fa un quadro rispetto al verso di una poesia o a una pagina di romanzo, a provare a imbastire, fra il sapone e lo\u00a0<em>shampoo<\/em>, una qualche sintesi che salvasse capra e cavoli. E insomma: quel che tutto sommato mi era parso un filmetto un seme di riflessione si vede che lo aveva piantato, e quindi alla fine direi che tanto filmetto non poteva essere. Ho l&#8217;impressione che non sia pi\u00f9 in programmazione a Cagliari, ma consiglio di recuperarlo, almeno in un prossimo passaggio televisivo.<\/p>\n<div class=\"jetpack-video-wrapper\"><span class=\"embed-youtube\" style=\"text-align:center; display: block;\"><iframe class=\"youtube-player\" width=\"800\" height=\"450\" src=\"https:\/\/www.youtube.com\/embed\/qvSDGy8Z72w?version=3&#038;rel=1&#038;showsearch=0&#038;showinfo=1&#038;iv_load_policy=1&#038;fs=1&#038;hl=it-IT&#038;autohide=2&#038;wmode=transparent\" allowfullscreen=\"true\" style=\"border:0;\" sandbox=\"allow-scripts allow-same-origin allow-popups allow-presentation\"><\/iframe><\/span><\/div>\n","protected":false},"excerpt":{"rendered":"<p>Words and pictures (Fred Schepisi, USA 2013) Superficialmente Words and pictures\u00a0si colloca in quel filone di film come\u00a0L&#8217;attimo fuggente\u00a0o\u00a0Mona Lisa<\/p>\n","protected":false},"author":1,"featured_media":0,"comment_status":"open","ping_status":"open","sticky":false,"template":"","format":"video","meta":{"_mi_skip_tracking":false,"_monsterinsights_sitenote_active":false,"_monsterinsights_sitenote_note":"","_monsterinsights_sitenote_category":0,"jetpack_post_was_ever_published":false,"_jetpack_newsletter_access":"","jetpack_publicize_message":"","jetpack_is_tweetstorm":false,"jetpack_publicize_feature_enabled":true,"jetpack_social_post_already_shared":true,"jetpack_social_options":{"image_generator_settings":{"template":"highway","enabled":false}}},"categories":[52,14,56,82,12],"tags":[],"jetpack_publicize_connections":[],"jetpack_featured_media_url":"","jetpack_sharing_enabled":true,"jetpack_shortlink":"https:\/\/wp.me\/p4jV2T-2k1","jetpack_likes_enabled":true,"jetpack-related-posts":[{"id":3545,"url":"https:\/\/www.robertosedda.it\/?p=3545","url_meta":{"origin":8929,"position":0},"title":"Per Michela che compie gli anni","author":"Rufus","date":"15\/06\/2013","format":false,"excerpt":"Mia nipote Michela, la nipote grande, compie oggi diciotto anni. Ieri in pizzeria, commentando la cosa con Maria Bonaria e il mitico Pino, mi sono lasciato trascinare nello scrivere una poesia di augurio. Visto che Michela \u00e8 casualmente a Londra con la famiglia, la poesia \u00e8 in inglese (\u00e8 ovvio\u2026","rel":"","context":"In &quot;Coordinate&quot;","block_context":{"text":"Coordinate","link":"https:\/\/www.robertosedda.it\/?cat=52"},"img":{"alt_text":"","src":"https:\/\/i0.wp.com\/www.robertosedda.it\/wp-content\/uploads\/2014\/12\/Michela.jpg?fit=951%2C1200&ssl=1&resize=350%2C200","width":350,"height":200,"srcset":"https:\/\/i0.wp.com\/www.robertosedda.it\/wp-content\/uploads\/2014\/12\/Michela.jpg?fit=951%2C1200&ssl=1&resize=350%2C200 1x, https:\/\/i0.wp.com\/www.robertosedda.it\/wp-content\/uploads\/2014\/12\/Michela.jpg?fit=951%2C1200&ssl=1&resize=700%2C400 2x"},"classes":[]},{"id":1760,"url":"https:\/\/www.robertosedda.it\/?p=1760","url_meta":{"origin":8929,"position":1},"title":"Siamo tutti ragazze geek","author":"Rufus","date":"31\/07\/2013","format":"video","excerpt":"Se pensate alla vita in un college americano come ci viene proposta in un classico film o telefilm d'oltreoceano, qual \u00e8 l'ambiente che\u00a0vi viene in mente come classicamente maschilista? Ma quello dei jocks, presumibilmente, gli atleti, i componenti delle squadre di football, pallacanestro, baseball, hockey eccetera. Maschioni in delirio di\u2026","rel":"","context":"In &quot;Coordinate&quot;","block_context":{"text":"Coordinate","link":"https:\/\/www.robertosedda.it\/?cat=52"},"img":{"alt_text":"","src":"https:\/\/i0.wp.com\/www.robertosedda.it\/wp-content\/uploads\/2013\/07\/Geek-girl.jpg?fit=900%2C1200&ssl=1&resize=350%2C200","width":350,"height":200,"srcset":"https:\/\/i0.wp.com\/www.robertosedda.it\/wp-content\/uploads\/2013\/07\/Geek-girl.jpg?fit=900%2C1200&ssl=1&resize=350%2C200 1x, https:\/\/i0.wp.com\/www.robertosedda.it\/wp-content\/uploads\/2013\/07\/Geek-girl.jpg?fit=900%2C1200&ssl=1&resize=700%2C400 2x"},"classes":[]},{"id":1085,"url":"https:\/\/www.robertosedda.it\/?p=1085","url_meta":{"origin":8929,"position":2},"title":"L&#8217;ululato di Lance Henson in Piazza Repubblica Libri","author":"Rufus","date":"22\/10\/2012","format":false,"excerpt":"L'altra sera sono andato a vedere la nuova sede di Piazza Repubblica Libri: non ero andato alla festa di inaugurazione e volevo fare gli auguri a Patrizio, Daniela e gli altri, tanto pi\u00f9 che\u00a0adesso sono in una zona della citt\u00e0 lontana dai miei giri e passare \u00e8 meno spontaneo. Cos\u00ec\u2026","rel":"","context":"In &quot;Coordinate&quot;","block_context":{"text":"Coordinate","link":"https:\/\/www.robertosedda.it\/?cat=52"},"img":{"alt_text":"","src":"","width":0,"height":0},"classes":[]},{"id":2812,"url":"https:\/\/www.robertosedda.it\/?p=2812","url_meta":{"origin":8929,"position":3},"title":"Null&#8217;altro rimane intorno alle rovine","author":"Rufus","date":"09\/04\/2013","format":false,"excerpt":"Sono rimasto molto colpito dalle reazioni alla morte della Thatcher, un senso diffuso di malcelata soddisfazione (anche non celata, direttamente). Intendiamoci: c'\u00e8 ben poco da difendere. Basta ricordare i flirt con Pinochet, la difesa del governo sudafricano dell'apartheid\u00a0e la guerra sciagurata per le Falklands, tutta giocata su calcoli elettorali. Per\u00f2\u2026","rel":"","context":"In &quot;Coordinate&quot;","block_context":{"text":"Coordinate","link":"https:\/\/www.robertosedda.it\/?cat=52"},"img":{"alt_text":"","src":"https:\/\/i0.wp.com\/www.robertosedda.it\/wp-content\/uploads\/2013\/04\/daily-cartoon-20130409.jpg?fit=620%2C409&ssl=1&resize=350%2C200","width":350,"height":200},"classes":[]},{"id":6964,"url":"https:\/\/www.robertosedda.it\/?p=6964","url_meta":{"origin":8929,"position":4},"title":"Allo Skepto","author":"Rufus","date":"15\/04\/2014","format":"video","excerpt":"Nel fine settimana sono stato con Maria Bonaria a un paio di sessioni dello\u00a0Skepto, il festival internazionale di cortometraggi che si tiene a Cagliari, in parte per avere l'occasione di salutare Petter Skafle Henriksen che accompagnava il suo The boy and the abyss. Fra i corti che ho visto ho\u2026","rel":"","context":"In &quot;Coordinate&quot;","block_context":{"text":"Coordinate","link":"https:\/\/www.robertosedda.it\/?cat=52"},"img":{"alt_text":"","src":"https:\/\/i0.wp.com\/i.vimeocdn.com\/video\/447843926_640.jpg?resize=350%2C200","width":350,"height":200},"classes":[]},{"id":5799,"url":"https:\/\/www.robertosedda.it\/?p=5799","url_meta":{"origin":8929,"position":5},"title":"Intervista a Petter Skafle Henriksen","author":"Rufus","date":"17\/01\/2014","format":false,"excerpt":"Giorni fa ho segnalato due cortometraggi casualmente girati a Cagliari nello stesso periodo da due registi diversi... molto diversi. La cosa mi ha un po' incuriosito e mi \u00e8 venuta voglia di approfondire, cos\u00ec ho proposto a entrambi un'intervista, con le stesse domande, su cosa voglia dire girare a Cagliari,\u2026","rel":"","context":"In &quot;Coordinate&quot;","block_context":{"text":"Coordinate","link":"https:\/\/www.robertosedda.it\/?cat=52"},"img":{"alt_text":"","src":"https:\/\/i0.wp.com\/www.robertosedda.it\/wp-content\/uploads\/2014\/01\/Petter_Skafle_Henriksen-e-Tarjei_Westby.jpg?fit=1200%2C800&ssl=1&resize=350%2C200","width":350,"height":200,"srcset":"https:\/\/i0.wp.com\/www.robertosedda.it\/wp-content\/uploads\/2014\/01\/Petter_Skafle_Henriksen-e-Tarjei_Westby.jpg?fit=1200%2C800&ssl=1&resize=350%2C200 1x, https:\/\/i0.wp.com\/www.robertosedda.it\/wp-content\/uploads\/2014\/01\/Petter_Skafle_Henriksen-e-Tarjei_Westby.jpg?fit=1200%2C800&ssl=1&resize=700%2C400 2x, https:\/\/i0.wp.com\/www.robertosedda.it\/wp-content\/uploads\/2014\/01\/Petter_Skafle_Henriksen-e-Tarjei_Westby.jpg?fit=1200%2C800&ssl=1&resize=1050%2C600 3x"},"classes":[]}],"_links":{"self":[{"href":"https:\/\/www.robertosedda.it\/index.php?rest_route=\/wp\/v2\/posts\/8929"}],"collection":[{"href":"https:\/\/www.robertosedda.it\/index.php?rest_route=\/wp\/v2\/posts"}],"about":[{"href":"https:\/\/www.robertosedda.it\/index.php?rest_route=\/wp\/v2\/types\/post"}],"author":[{"embeddable":true,"href":"https:\/\/www.robertosedda.it\/index.php?rest_route=\/wp\/v2\/users\/1"}],"replies":[{"embeddable":true,"href":"https:\/\/www.robertosedda.it\/index.php?rest_route=%2Fwp%2Fv2%2Fcomments&post=8929"}],"version-history":[{"count":2,"href":"https:\/\/www.robertosedda.it\/index.php?rest_route=\/wp\/v2\/posts\/8929\/revisions"}],"predecessor-version":[{"id":8931,"href":"https:\/\/www.robertosedda.it\/index.php?rest_route=\/wp\/v2\/posts\/8929\/revisions\/8931"}],"wp:attachment":[{"href":"https:\/\/www.robertosedda.it\/index.php?rest_route=%2Fwp%2Fv2%2Fmedia&parent=8929"}],"wp:term":[{"taxonomy":"category","embeddable":true,"href":"https:\/\/www.robertosedda.it\/index.php?rest_route=%2Fwp%2Fv2%2Fcategories&post=8929"},{"taxonomy":"post_tag","embeddable":true,"href":"https:\/\/www.robertosedda.it\/index.php?rest_route=%2Fwp%2Fv2%2Ftags&post=8929"}],"curies":[{"name":"wp","href":"https:\/\/api.w.org\/{rel}","templated":true}]}}