{"id":8858,"date":"2014-11-13T16:57:55","date_gmt":"2014-11-13T15:57:55","guid":{"rendered":"http:\/\/www.robertosedda.it\/?p=8858"},"modified":"2014-11-27T13:25:23","modified_gmt":"2014-11-27T12:25:23","slug":"ma-a-scuola-che-ci-facevi-lettera-aperta-a-gianluca-medas-e-a-alcuni-altri","status":"publish","type":"post","link":"https:\/\/www.robertosedda.it\/?p=8858","title":{"rendered":"Ma a scuola che ci facevi? Lettera aperta a Gianluca Medas (e a alcuni altri)"},"content":{"rendered":"<p>Caro Gianluca<\/p>\n<p>\u00e8 un po&#8217; che non ci vediamo, ma ti seguo spesso su\u00a0<em>Facebook<\/em>. Infatti ieri ho letto che hai raccontato una storia che ti \u00e8 capitata a scuola.<\/p>\n<p><a href=\"https:\/\/i0.wp.com\/www.robertosedda.it\/wp-content\/uploads\/2014\/11\/Gianluca-a-scuola.jpg\"><img data-attachment-id=\"8859\" data-permalink=\"https:\/\/www.robertosedda.it\/?attachment_id=8859\" data-orig-file=\"https:\/\/i0.wp.com\/www.robertosedda.it\/wp-content\/uploads\/2014\/11\/Gianluca-a-scuola.jpg?fit=510%2C488&amp;ssl=1\" data-orig-size=\"510,488\" data-comments-opened=\"1\" data-image-meta=\"{&quot;aperture&quot;:&quot;0&quot;,&quot;credit&quot;:&quot;Roberto Sedda&quot;,&quot;camera&quot;:&quot;&quot;,&quot;caption&quot;:&quot;&quot;,&quot;created_timestamp&quot;:&quot;1415895377&quot;,&quot;copyright&quot;:&quot;&quot;,&quot;focal_length&quot;:&quot;0&quot;,&quot;iso&quot;:&quot;0&quot;,&quot;shutter_speed&quot;:&quot;0&quot;,&quot;title&quot;:&quot;&quot;,&quot;orientation&quot;:&quot;0&quot;}\" data-image-title=\"Gianluca a scuola\" data-image-description=\"\" data-image-caption=\"\" data-medium-file=\"https:\/\/i0.wp.com\/www.robertosedda.it\/wp-content\/uploads\/2014\/11\/Gianluca-a-scuola.jpg?fit=300%2C287&amp;ssl=1\" data-large-file=\"https:\/\/i0.wp.com\/www.robertosedda.it\/wp-content\/uploads\/2014\/11\/Gianluca-a-scuola.jpg?fit=510%2C488&amp;ssl=1\" decoding=\"async\" loading=\"lazy\" class=\"aligncenter size-full wp-image-8859\" src=\"https:\/\/i0.wp.com\/www.robertosedda.it\/wp-content\/uploads\/2014\/11\/Gianluca-a-scuola.jpg?resize=510%2C488\" alt=\"Gianluca a scuola\" width=\"510\" height=\"488\" srcset=\"https:\/\/i0.wp.com\/www.robertosedda.it\/wp-content\/uploads\/2014\/11\/Gianluca-a-scuola.jpg?w=510&amp;ssl=1 510w, https:\/\/i0.wp.com\/www.robertosedda.it\/wp-content\/uploads\/2014\/11\/Gianluca-a-scuola.jpg?resize=150%2C143&amp;ssl=1 150w, https:\/\/i0.wp.com\/www.robertosedda.it\/wp-content\/uploads\/2014\/11\/Gianluca-a-scuola.jpg?resize=300%2C287&amp;ssl=1 300w, https:\/\/i0.wp.com\/www.robertosedda.it\/wp-content\/uploads\/2014\/11\/Gianluca-a-scuola.jpg?resize=50%2C47&amp;ssl=1 50w\" sizes=\"(max-width: 510px) 100vw, 510px\" data-recalc-dims=\"1\" \/><\/a>Ora, non so se in realt\u00e0, come talvolta capita, questa non sia una storia proprio proprio\u00a0<em>vera<\/em> ma un tuo esperimento di narrazione, un abbozzo di un racconto da proporre in futuro dal palcoscenico. Se fosse cos\u00ec magari avresti potuto dirlo: ventisei condivisioni sono gi\u00e0 la costruzione di una leggenda urbana. Ma dal mio punto di vista e delle cose che vorrei scriverti tutto sommato non fa differenza: se anche fosse un racconto fittizio, infatti, da come lo racconti vuol dire che lo ritieni\u00a0<em>verosimile<\/em>, e quindi sostanzialmente fa lo stesso.<\/p>\n<p>Intanto, vorrei dirti che avresti dovuto dire che tu, l\u00ec, non facevi politica. Non solo perch\u00e9 non la facevi davvero, ma anche perch\u00e9 la ragazza sbagliava parola.\u00a0L&#8217;espressione che usa pi\u00f9 spesso \u00e8\u00a0<em>credere<\/em>. La politica \u00e8 il campo del confronto delle visioni del mondo e degli strumenti con cui realizzarle e il luogo in cui si dibattono le idee. Il campo delle credenze assolute che non possono essere messe in discussione &#8211; nel modo con cui lo intende la ragazza &#8211; si chiama <em>religione<\/em> e forse avresti potuto farglielo notare. Quanto meno, stimolata in questo modo, avrebbe potuto dirti da chi aveva avuto la sua rivelazione: sarebbe stato anche un buon modo per inquadrare il suo modo di porsi di fronte all&#8217;argomento, posto che il campo dei negazionisti, come altre cose di questi tempi, pi\u00f9 che altro assomiglia a una setta.<\/p>\n<p>In secondo luogo: perdonami ma la soluzione di farli uscire per andare avanti con gli altri semplicemente non esiste. Viviamo in una societ\u00e0 (ben?) regolata, non nelle trib\u00f9 dove ognuno si fa giustizia da solo, e seguiamo di solito uno stile di democrazia rappresentativa: se riteneva che stavi facendo &#8220;politica&#8221; poteva chiedere che l&#8217;insegnate mettesse per iscritto un&#8217;osservazione sul registro, dichiarare che si riservava di rivolgersi al Preside o ai rappresentanti degli studenti, lei o i suoi genitori. Preso atto si andava avanti e poi si sarebbe visto e casomai provveduto: mi pare che <em>questo<\/em>\u00a0processo sarebbe stato in ogni caso\u00a0un&#8217;esperienza formativa. Con quel che racconti, invece, si \u00e8 testimoniato che nel vivere sociale ognuno fa pi\u00f9 o meno come meglio gli pare. Non volevano restare? Disturbavano? Anche un bel sette in condotta \u00e8 un&#8217;esperienza formativa: almeno insegna che per le proprie idee (scusa, fede!) pu\u00f2 essere necessario pagare di persona. Del resto una ragazza che prende e si alza in piedi interpellando direttamente un insegnante si propone come un&#8217;adulta e come tale merita di essere trattata, non come un&#8217;adolescente capricciosa.<\/p>\n<p>Soprattutto, mi pare che hai sbagliato a non rinunciare alla narrazione e a entrare nel vivo della questione: cosa ne sapeva? Perch\u00e9 pensava che quel che dicevi fosse falso?\u00a0C&#8217;era l\u00ec tutta una lezione di storia &#8211; interpretazione delle fonti, differenti approcci storiografici, gestione della memoria collettiva, uso della storia come strumento di propaganda&#8230; &#8211; una lezione di storia gi\u00e0 stesa, nel contesto di attenzione massima che si potesse ottenere. Si poteva fare senza permettere a lei di spaccare il capello in quattro &#8211; gi\u00e0 me la vedo, entrare nei particolari minuti di camere a gas demolite e ricostruite, dimenticando opportunamente di guardare al quadro complessivo &#8211; e senza litigare. Si &#8211; poteva &#8211; fare. Anzi: si <em>doveva<\/em> fare.<\/p>\n<p>Mi dirai: non \u00e8 mio compito. Forse non ho neppure la preparazione sufficiente.<\/p>\n<p>C&#8217;era anche l&#8217;insegnante, l\u00ec, ma non \u00e8 questo il punto.<\/p>\n<p>Il punto \u00e8 che ci si deve aspettare che a settant&#8217;anni dai fatti, queste cose succedano. Succederanno sempre di pi\u00f9. Peraltro succedevano anche prima: quando ero a scuola io <a title=\"Adolescenti e parrocchie\" href=\"http:\/\/www.robertosedda.it\/?p=44\">al Dettori c&#8217;era un gruppo che si chiamava\u00a0<em>Fratellanza ariana<\/em><\/a>, figurati. E quindi se vai\u00a0l\u00e0 a scuola e poi non gestisci queste cose, ma che ci vai a fare? A raccontare una storia buonista?<\/p>\n<p>Siamo pi\u00f9 o meno della stessa et\u00e0: ricorderai quanti temi ci hanno fatto fare a scuola ogni anno sull&#8217;unit\u00e0 europea. Fogli protocollo su fogli protocollo di buoni sentimenti, l&#8217;Europa una buona cosa perch\u00e9 si\u00a0<em>deve<\/em> pensarla cos\u00ec. Banalit\u00e0\u00a0politicamente corrette.<\/p>\n<p>Non mi pare che con tutto quell&#8217;inchiostro versato l&#8217;Europa sia venuta fuori meglio, alla fine, o che sia per quello ce ne freghi di pi\u00f9 (casomai di meno). Non vorrei che finisca cos\u00ec per l&#8217;Olocausto: mi sembrerebbe il modo migliore per costruire generazioni che &#8211; anche senza essere negazionisti come quei cinque &#8211; si abituino a pensare che sono tutte fregnacce di circostanza, robe da vecchi, retorica vuota. Non credo che tu vada nelle scuole per fare narrazioni tanto per fare: ti ho visto in altre circostanze metterci molto cuore. Per\u00f2 se nelle scuole ci vai devi essere disposto a prendere in mano le cose, altrimenti non pu\u00f2 funzionare e fa pi\u00f9 male\u00a0che bene.<\/p>\n<p>E converrai con me che non sarebbe bello. Non solo per tutti quelli di varia identit\u00e0 che nei campi ci hanno lasciato la pelle. Ma anche perch\u00e9 mi piacerebbe lasciare questa terra, fra qualche decina d&#8217;anni, senza aver visto tornare in Europa cose del genere. E visto che ti assumi lo sforzo educativo, bisogna che tu &#8211; e gli insegnanti, ovviamente &#8211; lo faccia fino in fondo.<\/p>\n<p>Con immutata stima<\/p>\n<p>Roberto<\/p>\n","protected":false},"excerpt":{"rendered":"<p>Caro Gianluca \u00e8 un po&#8217; che non ci vediamo, ma ti seguo spesso su\u00a0Facebook. Infatti ieri ho letto che hai<\/p>\n","protected":false},"author":1,"featured_media":8859,"comment_status":"open","ping_status":"open","sticky":false,"template":"","format":"standard","meta":{"_mi_skip_tracking":false,"_monsterinsights_sitenote_active":false,"_monsterinsights_sitenote_note":"","_monsterinsights_sitenote_category":0,"jetpack_post_was_ever_published":false,"_jetpack_newsletter_access":"","jetpack_publicize_message":"","jetpack_is_tweetstorm":false,"jetpack_publicize_feature_enabled":true,"jetpack_social_post_already_shared":true,"jetpack_social_options":{"image_generator_settings":{"template":"highway","enabled":false}}},"categories":[52,57,17,59,16],"tags":[],"jetpack_publicize_connections":[],"jetpack_featured_media_url":"https:\/\/i0.wp.com\/www.robertosedda.it\/wp-content\/uploads\/2014\/11\/Gianluca-a-scuola.jpg?fit=510%2C488&ssl=1","jetpack_sharing_enabled":true,"jetpack_shortlink":"https:\/\/wp.me\/p4jV2T-2iS","jetpack_likes_enabled":true,"jetpack-related-posts":[{"id":1551,"url":"https:\/\/www.robertosedda.it\/?p=1551","url_meta":{"origin":8858,"position":0},"title":"Radio Days","author":"Rufus","date":"04\/12\/2012","format":false,"excerpt":"Su gentile invito di don Giulio Madeddu e sotto l'ala protettiva e amichevole di Andrea Pala, dal 6 dicembre conduco (la parola, lo ammetto, mi fa impressione) una trasmissione radio, in cui parlo di libri fantasy e fantascientifici (per una prima serie di una dozzina di puntate:\u00a0in futuro parler\u00f2 anche\u2026","rel":"","context":"In &quot;Coordinate&quot;","block_context":{"text":"Coordinate","link":"https:\/\/www.robertosedda.it\/?cat=52"},"img":{"alt_text":"","src":"https:\/\/i0.wp.com\/www.robertosedda.it\/wp-content\/uploads\/2012\/12\/197882_4997567705416_1682811050_n.jpg?fit=750%2C865&ssl=1&resize=350%2C200","width":350,"height":200,"srcset":"https:\/\/i0.wp.com\/www.robertosedda.it\/wp-content\/uploads\/2012\/12\/197882_4997567705416_1682811050_n.jpg?fit=750%2C865&ssl=1&resize=350%2C200 1x, https:\/\/i0.wp.com\/www.robertosedda.it\/wp-content\/uploads\/2012\/12\/197882_4997567705416_1682811050_n.jpg?fit=750%2C865&ssl=1&resize=700%2C400 2x"},"classes":[]},{"id":1730,"url":"https:\/\/www.robertosedda.it\/?p=1730","url_meta":{"origin":8858,"position":1},"title":"Celebrit\u00e0, povere zie e amori","author":"Rufus","date":"20\/12\/2012","format":false,"excerpt":"L'altra mattina in pausa pranzo vado in una piadineria e, al momento di pagare, il proprietario (un ragazzo di rara gentilezza) mi fa: \u00abHo letto i suoi post\u00bb. Io: \u00abEh?!\u00bb Lui: \u00abSul suo blog...\u00bb. Io: \u00abEh?!?!\u00bb. Paziente, spiega: \u00abNo, perch\u00e9 siamo vicini di locale con Piazza Repubblica Libri e lei\u2026","rel":"","context":"In &quot;Coordinate&quot;","block_context":{"text":"Coordinate","link":"https:\/\/www.robertosedda.it\/?cat=52"},"img":{"alt_text":"","src":"https:\/\/i0.wp.com\/www.robertosedda.it\/wp-content\/uploads\/2012\/12\/Gusto-piadineria.jpg?fit=960%2C1200&ssl=1&resize=350%2C200","width":350,"height":200,"srcset":"https:\/\/i0.wp.com\/www.robertosedda.it\/wp-content\/uploads\/2012\/12\/Gusto-piadineria.jpg?fit=960%2C1200&ssl=1&resize=350%2C200 1x, https:\/\/i0.wp.com\/www.robertosedda.it\/wp-content\/uploads\/2012\/12\/Gusto-piadineria.jpg?fit=960%2C1200&ssl=1&resize=700%2C400 2x"},"classes":[]},{"id":2853,"url":"https:\/\/www.robertosedda.it\/?p=2853","url_meta":{"origin":8858,"position":2},"title":"Una puntata conclusiva","author":"Rufus","date":"12\/04\/2013","format":"video","excerpt":"Ho messo oggi on line la puntata di Oggi parliamo di libri che concludeva il ciclo dedicatato a fantasy e fantascienza. Durante\u00a0le trasmissioni\u00a0ho presentato, nell'ordine: Lo Hobbit, L'eternauta, Il gioco di Ender, il ciclo di Conan il Barbaro, il ciclo di Harry Potter, La mano sinistra delle tenebre, i libri\u2026","rel":"","context":"In &quot;Coordinate&quot;","block_context":{"text":"Coordinate","link":"https:\/\/www.robertosedda.it\/?cat=52"},"img":{"alt_text":"","src":"https:\/\/i0.wp.com\/www.robertosedda.it\/wp-content\/uploads\/2013\/04\/Fine-fantasy.jpg?fit=1009%2C691&ssl=1&resize=350%2C200","width":350,"height":200,"srcset":"https:\/\/i0.wp.com\/www.robertosedda.it\/wp-content\/uploads\/2013\/04\/Fine-fantasy.jpg?fit=1009%2C691&ssl=1&resize=350%2C200 1x, https:\/\/i0.wp.com\/www.robertosedda.it\/wp-content\/uploads\/2013\/04\/Fine-fantasy.jpg?fit=1009%2C691&ssl=1&resize=700%2C400 2x"},"classes":[]},{"id":8315,"url":"https:\/\/www.robertosedda.it\/?p=8315","url_meta":{"origin":8858,"position":3},"title":"Riparte &#8220;Oggi parliamo di libri&#8221;","author":"Rufus","date":"03\/09\/2014","format":false,"excerpt":"EDIT: scopro dalla redazione che ho fatto casino e che ripartiamo l'11 settembre. Ehm. Aggiorno. Domani gioved\u00ec 4 settembre\u00a0L'11 settembre torno in onda con Oggi parliamo di libri, la trasmissione di Radio Kalaritana nella quale, immagina un po'?, parlo di libri. Volete sapere: l'orario? Ogni gioved\u00ec alle 19.10 e in\u2026","rel":"","context":"In &quot;Coordinate&quot;","block_context":{"text":"Coordinate","link":"https:\/\/www.robertosedda.it\/?cat=52"},"img":{"alt_text":"","src":"https:\/\/i0.wp.com\/www.robertosedda.it\/wp-content\/uploads\/2014\/09\/Diapositiva10.jpg?fit=960%2C720&ssl=1&resize=350%2C200","width":350,"height":200,"srcset":"https:\/\/i0.wp.com\/www.robertosedda.it\/wp-content\/uploads\/2014\/09\/Diapositiva10.jpg?fit=960%2C720&ssl=1&resize=350%2C200 1x, https:\/\/i0.wp.com\/www.robertosedda.it\/wp-content\/uploads\/2014\/09\/Diapositiva10.jpg?fit=960%2C720&ssl=1&resize=700%2C400 2x"},"classes":[]},{"id":15981,"url":"https:\/\/www.robertosedda.it\/?p=15981","url_meta":{"origin":8858,"position":4},"title":"Eh, non \u00e8 un sirventese","author":"Rufus","date":"12\/12\/2018","format":false,"excerpt":"Come molti italiani ho letto la Divina Commedia a scuola e poi, salvo piccoli brani ogni tanto e l'irrinunciabile esibizione di Benigni, non l'ho pi\u00f9 toccata. Adesso ho deciso di leggerla dal principio alla fine (quando cominci a essere alla mezza et\u00e0 secondo me ti devi mettere l'obiettivo di recuperare\u2026","rel":"","context":"In &quot;Coordinate&quot;","block_context":{"text":"Coordinate","link":"https:\/\/www.robertosedda.it\/?cat=52"},"img":{"alt_text":"","src":"https:\/\/i0.wp.com\/www.robertosedda.it\/wp-content\/uploads\/2018\/12\/IMG_20181212_180043.jpg?fit=1200%2C900&ssl=1&resize=350%2C200","width":350,"height":200,"srcset":"https:\/\/i0.wp.com\/www.robertosedda.it\/wp-content\/uploads\/2018\/12\/IMG_20181212_180043.jpg?fit=1200%2C900&ssl=1&resize=350%2C200 1x, https:\/\/i0.wp.com\/www.robertosedda.it\/wp-content\/uploads\/2018\/12\/IMG_20181212_180043.jpg?fit=1200%2C900&ssl=1&resize=700%2C400 2x, https:\/\/i0.wp.com\/www.robertosedda.it\/wp-content\/uploads\/2018\/12\/IMG_20181212_180043.jpg?fit=1200%2C900&ssl=1&resize=1050%2C600 3x"},"classes":[]},{"id":15918,"url":"https:\/\/www.robertosedda.it\/?p=15918","url_meta":{"origin":8858,"position":5},"title":"Alessio","author":"Rufus","date":"04\/12\/2018","format":false,"excerpt":"Domenica mattina io e i\u00a0Fabbricastorie siamo andati all'Auditorium Comunale per fare Mondi che funzionano al festival\u00a0LEI. C'era poca gente, una condizione che sempre ti procura un sacco di pensieri: dovevamo fare pi\u00f9 pubblicit\u00e0? Se abbiamo coinvolto poca gente cosa penser\u00e0 di noi il festival che ci ospita? O magari sono\u2026","rel":"","context":"In &quot;Coordinate&quot;","block_context":{"text":"Coordinate","link":"https:\/\/www.robertosedda.it\/?cat=52"},"img":{"alt_text":"","src":"https:\/\/i0.wp.com\/www.robertosedda.it\/wp-content\/uploads\/2018\/11\/Mondi-che-funzionano.jpg?fit=960%2C720&ssl=1&resize=350%2C200","width":350,"height":200,"srcset":"https:\/\/i0.wp.com\/www.robertosedda.it\/wp-content\/uploads\/2018\/11\/Mondi-che-funzionano.jpg?fit=960%2C720&ssl=1&resize=350%2C200 1x, https:\/\/i0.wp.com\/www.robertosedda.it\/wp-content\/uploads\/2018\/11\/Mondi-che-funzionano.jpg?fit=960%2C720&ssl=1&resize=700%2C400 2x"},"classes":[]}],"_links":{"self":[{"href":"https:\/\/www.robertosedda.it\/index.php?rest_route=\/wp\/v2\/posts\/8858"}],"collection":[{"href":"https:\/\/www.robertosedda.it\/index.php?rest_route=\/wp\/v2\/posts"}],"about":[{"href":"https:\/\/www.robertosedda.it\/index.php?rest_route=\/wp\/v2\/types\/post"}],"author":[{"embeddable":true,"href":"https:\/\/www.robertosedda.it\/index.php?rest_route=\/wp\/v2\/users\/1"}],"replies":[{"embeddable":true,"href":"https:\/\/www.robertosedda.it\/index.php?rest_route=%2Fwp%2Fv2%2Fcomments&post=8858"}],"version-history":[{"count":3,"href":"https:\/\/www.robertosedda.it\/index.php?rest_route=\/wp\/v2\/posts\/8858\/revisions"}],"predecessor-version":[{"id":8863,"href":"https:\/\/www.robertosedda.it\/index.php?rest_route=\/wp\/v2\/posts\/8858\/revisions\/8863"}],"wp:featuredmedia":[{"embeddable":true,"href":"https:\/\/www.robertosedda.it\/index.php?rest_route=\/wp\/v2\/media\/8859"}],"wp:attachment":[{"href":"https:\/\/www.robertosedda.it\/index.php?rest_route=%2Fwp%2Fv2%2Fmedia&parent=8858"}],"wp:term":[{"taxonomy":"category","embeddable":true,"href":"https:\/\/www.robertosedda.it\/index.php?rest_route=%2Fwp%2Fv2%2Fcategories&post=8858"},{"taxonomy":"post_tag","embeddable":true,"href":"https:\/\/www.robertosedda.it\/index.php?rest_route=%2Fwp%2Fv2%2Ftags&post=8858"}],"curies":[{"name":"wp","href":"https:\/\/api.w.org\/{rel}","templated":true}]}}