{"id":8841,"date":"2014-11-11T09:40:28","date_gmt":"2014-11-11T08:40:28","guid":{"rendered":"http:\/\/www.robertosedda.it\/?p=8841"},"modified":"2014-11-13T16:58:28","modified_gmt":"2014-11-13T15:58:28","slug":"rileggere-le-lotte-sociali-urbane-degli-anni-70-per-coglierne-utili-insegnamenti-per-loggi-un-intervento-di-franco-meloni","status":"publish","type":"post","link":"https:\/\/www.robertosedda.it\/?p=8841","title":{"rendered":"Rileggere le lotte sociali urbane degli anni &#8217;70 per coglierne utili insegnamenti per l&#8217;oggi. Un intervento di Franco Meloni"},"content":{"rendered":"<p>Oltre che su questo\u00a0<em>blog<\/em> questo articolo viene pubblicato anche sui siti di\u00a0<strong><em><a href=\"http:\/\/www.fondazionesardinia.eu\/ita\/?p=9428\">Fondazione Sardinia<\/a><\/em><\/strong>,\u00a0<em><strong><a href=\"http:\/\/www.aladinpensiero.it\/\">Aladinpensiero<\/a><\/strong>,<\/em>\u00a0<strong><em><a href=\"http:\/\/tramasdeamistade.org\/htdocs\/cms\/index.php\">Tramas de amistade<\/a><\/em><\/strong>,\u00a0<em><a href=\"http:\/\/www.sardegnasoprattutto.org\/\"><strong>Sardegna Soprattutto<\/strong><\/a>,<\/em>\u00a0<strong><em><a href=\"http:\/\/www.formaparis.com\/\">Sportello Formaparis<\/a><\/em><\/strong>,\u00a0<strong><em><a href=\"http:\/\/tottusinpari.blog.tiscali.it\/\">Tottusinpari<\/a><\/em><\/strong> e sui <em>blog<\/em> di\u00a0<a href=\"http:\/\/www.enricolobina.org\/wp\/\"><strong>Enrico Lobina<\/strong>,<\/a>\u00a0<strong><a href=\"http:\/\/www.vitobiolchini.it\/\">Vito Biolchini<\/a><\/strong>\u00a0e\u00a0<a href=\"http:\/\/madrigopolis.blogspot.it\/\"><strong>Francesca Madrigali<\/strong><\/a>.<\/p>\n<h4><strong><a href=\"https:\/\/i0.wp.com\/www.robertosedda.it\/wp-content\/uploads\/2014\/11\/Comitato.jpg\"><img data-attachment-id=\"8843\" data-permalink=\"https:\/\/www.robertosedda.it\/?attachment_id=8843\" data-orig-file=\"https:\/\/i0.wp.com\/www.robertosedda.it\/wp-content\/uploads\/2014\/11\/Comitato.jpg?fit=960%2C659&amp;ssl=1\" data-orig-size=\"960,659\" data-comments-opened=\"1\" data-image-meta=\"{&quot;aperture&quot;:&quot;0&quot;,&quot;credit&quot;:&quot;&quot;,&quot;camera&quot;:&quot;&quot;,&quot;caption&quot;:&quot;&quot;,&quot;created_timestamp&quot;:&quot;0&quot;,&quot;copyright&quot;:&quot;&quot;,&quot;focal_length&quot;:&quot;0&quot;,&quot;iso&quot;:&quot;0&quot;,&quot;shutter_speed&quot;:&quot;0&quot;,&quot;title&quot;:&quot;&quot;,&quot;orientation&quot;:&quot;0&quot;}\" data-image-title=\"Comitato\" data-image-description=\"\" data-image-caption=\"\" data-medium-file=\"https:\/\/i0.wp.com\/www.robertosedda.it\/wp-content\/uploads\/2014\/11\/Comitato.jpg?fit=300%2C205&amp;ssl=1\" data-large-file=\"https:\/\/i0.wp.com\/www.robertosedda.it\/wp-content\/uploads\/2014\/11\/Comitato.jpg?fit=510%2C350&amp;ssl=1\" decoding=\"async\" loading=\"lazy\" class=\"aligncenter size-full wp-image-8843\" src=\"https:\/\/i0.wp.com\/www.robertosedda.it\/wp-content\/uploads\/2014\/11\/Comitato.jpg?resize=800%2C549\" alt=\"Comitato\" width=\"800\" height=\"549\" srcset=\"https:\/\/i0.wp.com\/www.robertosedda.it\/wp-content\/uploads\/2014\/11\/Comitato.jpg?w=960&amp;ssl=1 960w, https:\/\/i0.wp.com\/www.robertosedda.it\/wp-content\/uploads\/2014\/11\/Comitato.jpg?resize=150%2C102&amp;ssl=1 150w, https:\/\/i0.wp.com\/www.robertosedda.it\/wp-content\/uploads\/2014\/11\/Comitato.jpg?resize=300%2C205&amp;ssl=1 300w, https:\/\/i0.wp.com\/www.robertosedda.it\/wp-content\/uploads\/2014\/11\/Comitato.jpg?resize=510%2C350&amp;ssl=1 510w, https:\/\/i0.wp.com\/www.robertosedda.it\/wp-content\/uploads\/2014\/11\/Comitato.jpg?resize=700%2C480&amp;ssl=1 700w, https:\/\/i0.wp.com\/www.robertosedda.it\/wp-content\/uploads\/2014\/11\/Comitato.jpg?resize=50%2C34&amp;ssl=1 50w\" sizes=\"(max-width: 800px) 100vw, 800px\" data-recalc-dims=\"1\" \/><\/a>Un progetto di studio e lavoro<\/strong><\/h4>\n<h2>Rileggere le lotte sociali urbane degli anni &#8217;70 per coglierne utili insegnamenti per l&#8217;oggi<\/h2>\n<h3><strong>di Franco Meloni<\/strong><\/h3>\n<p>Come prolungamento positivo del \u201968 studentesco e del \u201969 operaio, negli anni Settanta si svilupparono in Italia grandi e diffuse lotte popolari per rivendicare migliori condizioni di vita ed estendere a tutti i cittadini i diritti previsti dalla Costituzione repubblicana, troppo spesso fino allora rimasti lettera morta. Cos\u00ec rammentiamo le lotte per il diritto al lavoro, per il diritto allo studio, per i diritti civili\u2026 che produssero importanti risultati (lo statuto dei lavoratori, le 150 ore, la legge sul divorzio, tanto per citarne qualcuno).<\/p>\n<p>Nel medesimo scenario un ruolo di rilievo hanno avuto anche le lotte per il diritto alla casa e per la qualit\u00e0 della vita nelle citt\u00e0, particolarmente legate alla salvaguardia dell\u2019ambiente e connotate dalla partecipazione popolare che rivendicava riforme legislative e la disponibilit\u00e0 di adeguati spazi di democrazia.<\/p>\n<p>A Cagliari queste lotte sociali si sono espresse in misura rilevante sia nella quantit\u00e0 sia nella qualit\u00e0. Sarebbe importante farne la storia, in aggiunta e approfondimento di quanto gi\u00e0 si \u00e8 fatto. E che non basta. C\u2019\u00e8 da scrivere la storia dei Comitati di quartiere, in larga parte protagonisti di quelle lotte: di Is Mirrionis (a partire dal 1971), di Stampace alto (dal 1972), di Marina (dal 1975), di Fonsarda (dal 1974), nonch\u00e9 del \u201cCoordinamento dei Comitati e Circoli di Quartiere\u201d, cos\u00ec come di altri organismi di base.<\/p>\n<p>Per contribuire a svolgere questo compito si \u00e8 recentemente candidato il Circolo culturale <em>Antonio Gramsci<\/em>, che ha cominciato a raccogliere documentazione sui movimenti, partendo dalla ricostruzione dell\u2019esperienza della Scuola Popolare dei Lavoratori, promotrice del Comitato del quartiere di Is Mirrionis.<\/p>\n<p>Si vuole indagare sulle vicende di quei movimenti non solo per legittima curiosit\u00e0 o suggestivi <em>amarcord<\/em> per coloro che le hanno vissute direttamente, ma, soprattutto, al fine di coglierne aspetti positivi e anche limiti per quanto possono insegnarci oggi nei percorsi di democrazia partecipativa. Nel presente intervento ci riferiamo, a mo\u2019 di esempio, solo a due movimenti, riferiti ai quartieri di Sant\u2019Elia e di Is Mirrionis.<\/p>\n<h3>Il Comitato di quartiere di S.Elia<a href=\"https:\/\/i0.wp.com\/www.robertosedda.it\/wp-content\/uploads\/2014\/11\/SANT-ELIA.jpg\"><img data-attachment-id=\"8844\" data-permalink=\"https:\/\/www.robertosedda.it\/?attachment_id=8844\" data-orig-file=\"https:\/\/i0.wp.com\/www.robertosedda.it\/wp-content\/uploads\/2014\/11\/SANT-ELIA.jpg?fit=640%2C203&amp;ssl=1\" data-orig-size=\"640,203\" data-comments-opened=\"1\" data-image-meta=\"{&quot;aperture&quot;:&quot;0&quot;,&quot;credit&quot;:&quot;&quot;,&quot;camera&quot;:&quot;&quot;,&quot;caption&quot;:&quot;&quot;,&quot;created_timestamp&quot;:&quot;0&quot;,&quot;copyright&quot;:&quot;&quot;,&quot;focal_length&quot;:&quot;0&quot;,&quot;iso&quot;:&quot;0&quot;,&quot;shutter_speed&quot;:&quot;0&quot;,&quot;title&quot;:&quot;&quot;,&quot;orientation&quot;:&quot;1&quot;}\" data-image-title=\"SANT-ELIA\" data-image-description=\"\" data-image-caption=\"\" data-medium-file=\"https:\/\/i0.wp.com\/www.robertosedda.it\/wp-content\/uploads\/2014\/11\/SANT-ELIA.jpg?fit=300%2C95&amp;ssl=1\" data-large-file=\"https:\/\/i0.wp.com\/www.robertosedda.it\/wp-content\/uploads\/2014\/11\/SANT-ELIA.jpg?fit=510%2C161&amp;ssl=1\" decoding=\"async\" loading=\"lazy\" class=\"aligncenter size-full wp-image-8844\" src=\"https:\/\/i0.wp.com\/www.robertosedda.it\/wp-content\/uploads\/2014\/11\/SANT-ELIA.jpg?resize=640%2C203\" alt=\"SANT-ELIA\" width=\"640\" height=\"203\" srcset=\"https:\/\/i0.wp.com\/www.robertosedda.it\/wp-content\/uploads\/2014\/11\/SANT-ELIA.jpg?w=640&amp;ssl=1 640w, https:\/\/i0.wp.com\/www.robertosedda.it\/wp-content\/uploads\/2014\/11\/SANT-ELIA.jpg?resize=150%2C47&amp;ssl=1 150w, https:\/\/i0.wp.com\/www.robertosedda.it\/wp-content\/uploads\/2014\/11\/SANT-ELIA.jpg?resize=300%2C95&amp;ssl=1 300w, https:\/\/i0.wp.com\/www.robertosedda.it\/wp-content\/uploads\/2014\/11\/SANT-ELIA.jpg?resize=510%2C161&amp;ssl=1 510w, https:\/\/i0.wp.com\/www.robertosedda.it\/wp-content\/uploads\/2014\/11\/SANT-ELIA.jpg?resize=50%2C15&amp;ssl=1 50w\" sizes=\"(max-width: 640px) 100vw, 640px\" data-recalc-dims=\"1\" \/><\/a><\/h3>\n<p>Riferendoci alla vicenda di Sant&#8217;Elia, si cercher\u00e0 di capire non solo quanto si \u00e8 ottenuto rispetto agli obiettivi di quella vertenza, ma quanto e in quale misura si \u00e8 sbagliato, perch\u00e9 qualsiasi intervento che oggi si voglia fare nel quartiere sar\u00e0 produttivo solo se terr\u00e0 conto della sua storia e particolarmente della storia delle lotte popolari degli anni Settanta. Si agir\u00e0 dunque con spirito di verit\u00e0. Volete un\u2019anticipazione di questa impostazione &#8220;non celebrativa&#8221;? Eccola. \u00c8\u00a0stata recuperata una pubblicazione del 1977 in cui Umberto Allegretti, che di quel movimento fu un protagonista, scrive: &#8220;\u2026 verso la fine del 1973 il comitato di quartiere fu rovesciato e sciolto, attraverso un\u2019assemblea fortemente manipolata, per un atto di forza concordato tra partiti di maggioranza e di opposizione rappresentati al Comune e con l\u2019azione disgregatrice di forze religiose e parapolitiche del quartiere (\u2026) Il comitato di quartiere fu sciolto nel momento in cui la sua azione era riuscita ad imporre al Comune il piano della legge 167 per buona parte della zona, e proprio perch\u00e9 i partiti dovevano impadronirsi dei risultati (oltrech\u00e9 per preoccupazioni di strategia generale). La sua fine\u2026 comport\u00f2 un regresso ancora oggi non superato della organizzazione e della stessa coscienza politica del quartiere\u2026&#8221; (1)<\/p>\n<p>Si tratta di un punto di vista opposto a quello pi\u00f9 conosciuto della &#8220;lotta vittoriosa del popolo di S. Elia&#8221;, decisamente autorevole considerato chi lo ha espresso, ma ovviamente da confrontarsi con gli altri contributi, sempre nella ricerca di capire.<\/p>\n<h3>La Scuola Popolare dei Lavoratori di Is Mirrionis<\/h3>\n<p>Tra le diverse esperienze del periodo su cui \u00e8 utile soffermarsi \u00e8 da segnalare quella della Scuola Popolare di Is Mirrrionis. Si tratt\u00f2 di un\u2019attivit\u00e0 sociale (nata nel &#8217;71 e protrattasi fino al &#8217;76 con l&#8217;istituzionalizzazione delle 150 ore) che consent\u00ec a centinaia di lavoratori del quartiere e del resto della citt\u00e0 di acquisire una seria preparazione culturale, conseguendo la licenza media, che permise a molti di loro migliori prospettive di lavoro e, spesso, il proseguimento di ulteriori percorsi formativi<br \/>\nLa Scuola, organizzata da un gruppo di studenti universitari e laureati, ispirati agli insegnamenti di don Lorenzo Milani e alla sua Scuola Popolare di Barbiana, ha costituito un grande esempio di solidariet\u00e0 sociale e di pratica di riscatto culturale dei ceti popolari, che oggi sembra importante ricordare, valorizzare, riproporre nei suoi elementi fondanti.<\/p>\n<p>Con queste premesse un gruppo di consiglieri comunali di Cagliari ha presentato una mozione (prima firmataria Francesca Ghirra) per il ricupero dello stabile che ospitava la scuola popolare e il comitato di quartiere di Is Mirrionis, che attualmente versa in stato di totale degrado, da superare per restituirlo al suo utilizzo pi\u00f9 congeniale, al servizio del quartiere e della citt\u00e0. La mozione mette in risalto che il quartiere di Is Mirrionis (il pi\u00f9 popoloso della citt\u00e0, con 13 mila residenti, di cui per oltre il 25% persone anziane, e 2 mila fuori sede) ha gravissimi problemi di disagio sociale, di disoccupazione e di bassi livelli di istruzione con un alto tasso di abbandono scolastico. Lo spazio di aggregazione sociale che si propone con la rinascita del Centro Sociale costituisce una risposta ai problemi del quartiere e stante la presenza di numerosi studenti soprattutto universitari e di persone anziane un\u2019occasione di socializzazione e confronto tra generazioni.<\/p>\n<p>Ancora la mozione richiede di intitolare la piazza su cui prospetta l\u2019edificio alla \u201cScuola popolare dei lavoratori\u201d in memoria dell\u2019attivit\u00e0 meritoria svolta in quei luoghi e del fermento culturale che li ha caratterizzati. La mozione dei consiglieri comunali \u00e8 sostenuta da una raccolta di firme su una petizione che ne ricalca i contenuti.<\/p>\n<p>Gli organizzatori rimarcano che si \u00e8 solo all&#8217;inizio di un ottimo progetto di studio e lavoro che vuole coinvolgere quante pi\u00f9 persone e organizzazioni che la condividano. E noi la condividiamo.<\/p>\n<p>\u2014\u2014\u2014\u2014\u2014<\/p>\n<p>(1) U. Allegretti \u201cI quartieri tra decentramento comunale autonomia di base\u201d in <em>Rivista trimestrale di diritto pubblico<\/em>, n. 1\/1977.<\/p>\n<p>La pagina <em>Facebook<\/em>\u00a0del Comitato per il recupero dell\u2019ex Centro sociale sede della Scuola Popolare dei Lavoratori di Is Mirrionis:<\/p>\n<p><a href=\"http:\/\/www.facebook.com\/pages\/ScuolaPopolareIsMirrionis\/784419271620896\">http:\/\/www.facebook.com\/pages\/ScuolaPopolareIsMirrionis\/784419271620896<\/a><\/p>\n","protected":false},"excerpt":{"rendered":"<p>Oltre che su questo\u00a0blog questo articolo viene pubblicato anche sui siti di\u00a0Fondazione Sardinia,\u00a0Aladinpensiero,\u00a0Tramas de amistade,\u00a0Sardegna Soprattutto,\u00a0Sportello Formaparis,\u00a0Tottusinpari e sui blog<\/p>\n","protected":false},"author":1,"featured_media":8844,"comment_status":"open","ping_status":"open","sticky":false,"template":"","format":"standard","meta":{"_mi_skip_tracking":false,"_monsterinsights_sitenote_active":false,"_monsterinsights_sitenote_note":"","_monsterinsights_sitenote_category":0,"jetpack_post_was_ever_published":false,"_jetpack_newsletter_access":"","jetpack_publicize_message":"","jetpack_is_tweetstorm":false,"jetpack_publicize_feature_enabled":true,"jetpack_social_post_already_shared":true,"jetpack_social_options":{"image_generator_settings":{"template":"highway","enabled":false}}},"categories":[52,57,55,77,17,16],"tags":[],"jetpack_publicize_connections":[],"jetpack_featured_media_url":"https:\/\/i0.wp.com\/www.robertosedda.it\/wp-content\/uploads\/2014\/11\/SANT-ELIA.jpg?fit=640%2C203&ssl=1","jetpack_sharing_enabled":true,"jetpack_shortlink":"https:\/\/wp.me\/p4jV2T-2iB","jetpack_likes_enabled":true,"jetpack-related-posts":[{"id":1513,"url":"https:\/\/www.robertosedda.it\/?p=1513","url_meta":{"origin":8841,"position":0},"title":"Giro (politico) di blog","author":"Rufus","date":"27\/11\/2012","format":false,"excerpt":"Solo una brevissima comunicazione di servizio per segnalarvi che oggi cambia il \"blog dell'amico\" evidenziato in prima pagina (e che, ricordo, non \u00e8 necessariamente un blog che seguo spesso, ma \u00e8 l'espressione di\u00a0qualcuno che, esclusivamente per stima personale, mi fa piacere pubblicizzare). Senza che questo abbia alcuna significanza politica, questa\u2026","rel":"","context":"In &quot;Coordinate&quot;","block_context":{"text":"Coordinate","link":"https:\/\/www.robertosedda.it\/?cat=52"},"img":{"alt_text":"","src":"","width":0,"height":0},"classes":[]},{"id":3082,"url":"https:\/\/www.robertosedda.it\/?p=3082","url_meta":{"origin":8841,"position":1},"title":"Traguardo di visitatori (e ringraziamenti)","author":"Rufus","date":"04\/05\/2013","format":false,"excerpt":"Ieri, secondo Google Analytics, il blog ha raggiunto 5.000 visitatori unici (le visualizzazioni di pagina sono pi\u00f9 di 16.000). Sono visite da fine agosto, quando ho cominciato a pubblicare articoli, a oggi. Oggetto meraviglioso, Google Analytics. Evocatore di misteri: perch\u00e9 per esempio ti informa che fra gli articoli pi\u00f9 letti\u2026","rel":"","context":"In &quot;Coordinate&quot;","block_context":{"text":"Coordinate","link":"https:\/\/www.robertosedda.it\/?cat=52"},"img":{"alt_text":"","src":"https:\/\/i0.wp.com\/www.robertosedda.it\/wp-content\/uploads\/2013\/05\/statistiche-blog.png?fit=1200%2C580&ssl=1&resize=350%2C200","width":350,"height":200,"srcset":"https:\/\/i0.wp.com\/www.robertosedda.it\/wp-content\/uploads\/2013\/05\/statistiche-blog.png?fit=1200%2C580&ssl=1&resize=350%2C200 1x, https:\/\/i0.wp.com\/www.robertosedda.it\/wp-content\/uploads\/2013\/05\/statistiche-blog.png?fit=1200%2C580&ssl=1&resize=700%2C400 2x, https:\/\/i0.wp.com\/www.robertosedda.it\/wp-content\/uploads\/2013\/05\/statistiche-blog.png?fit=1200%2C580&ssl=1&resize=1050%2C600 3x"},"classes":[]},{"id":12835,"url":"https:\/\/www.robertosedda.it\/?p=12835","url_meta":{"origin":8841,"position":2},"title":"Habemus paginam! (ma non sono sicuro)","author":"Rufus","date":"18\/11\/2016","format":false,"excerpt":"Una delle cose seccanti del tenere questo\u00a0blog \u00e8 che capita che quando condivido gli articoli si\u00a0Facebook le persone commentano l\u00ec e non qua e una serie di cose interessanti o spiritose o semplicemente amichevoli si perdono via in Zuckerlandia, come lacrime nella pioggia. La cosa non mi ha mai disturbato\u2026","rel":"","context":"In &quot;Coordinate&quot;","block_context":{"text":"Coordinate","link":"https:\/\/www.robertosedda.it\/?cat=52"},"img":{"alt_text":"","src":"https:\/\/i0.wp.com\/www.robertosedda.it\/wp-content\/uploads\/2016\/11\/La-casa-di-Roberto.jpg?fit=1120%2C455&ssl=1&resize=350%2C200","width":350,"height":200,"srcset":"https:\/\/i0.wp.com\/www.robertosedda.it\/wp-content\/uploads\/2016\/11\/La-casa-di-Roberto.jpg?fit=1120%2C455&ssl=1&resize=350%2C200 1x, https:\/\/i0.wp.com\/www.robertosedda.it\/wp-content\/uploads\/2016\/11\/La-casa-di-Roberto.jpg?fit=1120%2C455&ssl=1&resize=700%2C400 2x, https:\/\/i0.wp.com\/www.robertosedda.it\/wp-content\/uploads\/2016\/11\/La-casa-di-Roberto.jpg?fit=1120%2C455&ssl=1&resize=1050%2C600 3x"},"classes":[]},{"id":13853,"url":"https:\/\/www.robertosedda.it\/?p=13853","url_meta":{"origin":8841,"position":3},"title":"Scollegamenti","author":"Rufus","date":"16\/06\/2017","format":false,"excerpt":"Di solito cerco di scrivere qualcosa sul blog tutti i giorni, escluso il week-end, ma in questi ultimi mesi mi capita di non mantenere affatto questo ritmo: per restare a questa settimana, luned\u00ec e marted\u00ec non ho scritto niente e nemmeno ieri. Ora, non \u00e8 che tenga il blog per\u2026","rel":"","context":"In &quot;Coordinate&quot;","block_context":{"text":"Coordinate","link":"https:\/\/www.robertosedda.it\/?cat=52"},"img":{"alt_text":"","src":"https:\/\/i0.wp.com\/www.robertosedda.it\/wp-content\/uploads\/2017\/06\/Schermata-del-2017-06-16-16-07-30.png?fit=1161%2C462&ssl=1&resize=350%2C200","width":350,"height":200,"srcset":"https:\/\/i0.wp.com\/www.robertosedda.it\/wp-content\/uploads\/2017\/06\/Schermata-del-2017-06-16-16-07-30.png?fit=1161%2C462&ssl=1&resize=350%2C200 1x, https:\/\/i0.wp.com\/www.robertosedda.it\/wp-content\/uploads\/2017\/06\/Schermata-del-2017-06-16-16-07-30.png?fit=1161%2C462&ssl=1&resize=700%2C400 2x, https:\/\/i0.wp.com\/www.robertosedda.it\/wp-content\/uploads\/2017\/06\/Schermata-del-2017-06-16-16-07-30.png?fit=1161%2C462&ssl=1&resize=1050%2C600 3x"},"classes":[]},{"id":17017,"url":"https:\/\/www.robertosedda.it\/?p=17017","url_meta":{"origin":8841,"position":4},"title":"Conferme","author":"Rufus","date":"19\/08\/2019","format":false,"excerpt":"Tutto sommato mi pare che il meccanismo delle segnalazioni automatiche (inviti alla lettura, notiziole, collegamenti rapidi a notizie o articoli che non ho il tempo di commentare o tradurre) del periodo agostano non sia andato male, e quindi ho deciso di confermarlo. Ho gi\u00e0 programmato le segnalazioni da qui a\u2026","rel":"","context":"In &quot;Coordinate&quot;","block_context":{"text":"Coordinate","link":"https:\/\/www.robertosedda.it\/?cat=52"},"img":{"alt_text":"","src":"https:\/\/i0.wp.com\/www.robertosedda.it\/wp-content\/uploads\/2019\/08\/Rufus-1.png?fit=834%2C720&ssl=1&resize=350%2C200","width":350,"height":200,"srcset":"https:\/\/i0.wp.com\/www.robertosedda.it\/wp-content\/uploads\/2019\/08\/Rufus-1.png?fit=834%2C720&ssl=1&resize=350%2C200 1x, https:\/\/i0.wp.com\/www.robertosedda.it\/wp-content\/uploads\/2019\/08\/Rufus-1.png?fit=834%2C720&ssl=1&resize=700%2C400 2x"},"classes":[]},{"id":14116,"url":"https:\/\/www.robertosedda.it\/?p=14116","url_meta":{"origin":8841,"position":5},"title":"Cinque anni da festeggiare","author":"Rufus","date":"06\/09\/2017","format":false,"excerpt":"Ieri Facebook mi ha proposto un ricordo di cinque anni fa, che io ho prontamente ripostato: \u00c8, insomma, l'esordio ufficiale del nuovo\u00a0blog, che dopo essere rimasto fermo diversi anni ripartiva. In realt\u00e0 il primo articolo assoluto \u00e8 del 27 luglio 2012, poi per\u00f2 ho usato agosto per riportare qui cose\u2026","rel":"","context":"In &quot;Coordinate&quot;","block_context":{"text":"Coordinate","link":"https:\/\/www.robertosedda.it\/?cat=52"},"img":{"alt_text":"","src":"https:\/\/i0.wp.com\/www.robertosedda.it\/wp-content\/uploads\/2017\/09\/Statistiche-5-anni.jpg?fit=1159%2C706&ssl=1&resize=350%2C200","width":350,"height":200,"srcset":"https:\/\/i0.wp.com\/www.robertosedda.it\/wp-content\/uploads\/2017\/09\/Statistiche-5-anni.jpg?fit=1159%2C706&ssl=1&resize=350%2C200 1x, https:\/\/i0.wp.com\/www.robertosedda.it\/wp-content\/uploads\/2017\/09\/Statistiche-5-anni.jpg?fit=1159%2C706&ssl=1&resize=700%2C400 2x, https:\/\/i0.wp.com\/www.robertosedda.it\/wp-content\/uploads\/2017\/09\/Statistiche-5-anni.jpg?fit=1159%2C706&ssl=1&resize=1050%2C600 3x"},"classes":[]}],"_links":{"self":[{"href":"https:\/\/www.robertosedda.it\/index.php?rest_route=\/wp\/v2\/posts\/8841"}],"collection":[{"href":"https:\/\/www.robertosedda.it\/index.php?rest_route=\/wp\/v2\/posts"}],"about":[{"href":"https:\/\/www.robertosedda.it\/index.php?rest_route=\/wp\/v2\/types\/post"}],"author":[{"embeddable":true,"href":"https:\/\/www.robertosedda.it\/index.php?rest_route=\/wp\/v2\/users\/1"}],"replies":[{"embeddable":true,"href":"https:\/\/www.robertosedda.it\/index.php?rest_route=%2Fwp%2Fv2%2Fcomments&post=8841"}],"version-history":[{"count":3,"href":"https:\/\/www.robertosedda.it\/index.php?rest_route=\/wp\/v2\/posts\/8841\/revisions"}],"predecessor-version":[{"id":8853,"href":"https:\/\/www.robertosedda.it\/index.php?rest_route=\/wp\/v2\/posts\/8841\/revisions\/8853"}],"wp:featuredmedia":[{"embeddable":true,"href":"https:\/\/www.robertosedda.it\/index.php?rest_route=\/wp\/v2\/media\/8844"}],"wp:attachment":[{"href":"https:\/\/www.robertosedda.it\/index.php?rest_route=%2Fwp%2Fv2%2Fmedia&parent=8841"}],"wp:term":[{"taxonomy":"category","embeddable":true,"href":"https:\/\/www.robertosedda.it\/index.php?rest_route=%2Fwp%2Fv2%2Fcategories&post=8841"},{"taxonomy":"post_tag","embeddable":true,"href":"https:\/\/www.robertosedda.it\/index.php?rest_route=%2Fwp%2Fv2%2Ftags&post=8841"}],"curies":[{"name":"wp","href":"https:\/\/api.w.org\/{rel}","templated":true}]}}