{"id":8836,"date":"2014-11-10T12:54:38","date_gmt":"2014-11-10T11:54:38","guid":{"rendered":"http:\/\/www.robertosedda.it\/?p=8836"},"modified":"2014-11-20T14:38:09","modified_gmt":"2014-11-20T13:38:09","slug":"ne-lultimo-dei-mohicani-ce-molto-molto-di-piu","status":"publish","type":"post","link":"https:\/\/www.robertosedda.it\/?p=8836","title":{"rendered":"Ne &#8220;L&#8217;ultimo dei Mohicani&#8221; c&#8217;\u00e8 molto, molto di pi\u00f9"},"content":{"rendered":"<p>Ho\u00a0messo in linea oggi, dopo molte perplessit\u00e0, la puntata di\u00a0<em>Oggi parliamo di libri<\/em> dedicata a <em>L&#8217;ultimo dei Mohicani<\/em>.<\/p>\n<div class=\"jetpack-video-wrapper\"><span class=\"embed-youtube\" style=\"text-align:center; display: block;\"><iframe class=\"youtube-player\" width=\"800\" height=\"450\" src=\"https:\/\/www.youtube.com\/embed\/TXB5yJakU88?version=3&#038;rel=1&#038;showsearch=0&#038;showinfo=1&#038;iv_load_policy=1&#038;fs=1&#038;hl=it-IT&#038;autohide=2&#038;wmode=transparent\" allowfullscreen=\"true\" style=\"border:0;\" sandbox=\"allow-scripts allow-same-origin allow-popups allow-presentation\"><\/iframe><\/span><\/div>\n<p>Le perplessit\u00e0 derivavano dal fatto che dopo avere registrato e mandato in onda la puntata mi \u00e8 venuta voglia di una rilettura e mi sono subito\u00a0reso conto che da una parte il ricordo del film si era in parte sovrapposto a quello del libro &#8211; <a title=\"\u201cIl nome della rosa\u201d: libro, radio e cinema\" href=\"http:\/\/www.robertosedda.it\/?p=7594\">mi era gi\u00e0 capitato per\u00a0<em>Il nome della rosa<\/em><\/a> &#8211; causando alcune imprecisioni nel racconto e soprattutto\u00a0che avevo indicato come secondario un tema che nella lettura mi appare sempre pi\u00f9 invece centrale.<\/p>\n<p>Durante la puntata, infatti, mi sono concentrato sugli elementi di continuit\u00e0 con <a title=\"Quel brutto, bruttissimo Corsaro Nero. Che per\u00f2 \u00e8 bello. Decidiamoci!\" href=\"http:\/\/www.robertosedda.it\/?p=8796\">la puntata su \u00a0<em>Il Corsaro Nero<\/em><\/a>\u00a0approfondendo un punto che l\u00e0 non avevo avuto il tempo di trattare, e cio\u00e8 il fatto che per autori classici come Cooper non creava problema nella costruzione del romanzo usare una storia d&#8217;amore come elemento centrale per poi sbarazzarsene tranquillamente, anche a costo di eliminare fisicamente gli amanti; un modo di fare per molti aspetti sorprendente rispetto ai nostri canoni moderni di stampo hollywoodiano ma che ai tempi era assolutamente normale (lo era ancora agli inizi del nostro secolo per un autore come Zane Grey) e un elemento che mi premeva far notare.<\/p>\n<p>Incidentalmente ho anche fatto notare che il fatto che la storia d&#8217;amore (o, pi\u00f9 esattamente, le\u00a0<em>storie<\/em> al plurale, dato l&#8217;intreccio che lega Cora, Alice, Uncas, Magua e Heyward), nella misura in cui vedeva fra i possibili amanti un pellirosse aveva un elemento di interesse e di modernit\u00e0 sorprendente e degno di essere notato. Quello che assolutamente non ricordavo (e che forse nella lettura giovanile avevo beatamente ignorato) \u00e8 il fatto che Cora \u00e8 di sangue misto, discende cio\u00e8 da schiavi delle Antille o delle Bermuda. Il tema della discendenza, e della mescolanza del sangue, \u00e8 ampiamente dibattuto e non mi \u00e8 chiara, al punto di rilettura a cui sono arrivato, esattamente\u00a0<em>quale<\/em> sia la posizione di Cooper in merito (per esempio: fra le due sorelle \u00e8 la mulatta che ama l&#8217;indiano, mentre la minore, <em>WASP<\/em> purosangue, si unisce a un ufficiale inglese altrettanto <em>WASP<\/em>) ma certo questo elemento andrebbe trasferito da notazione marginale a punto centrale del romanzo, soprattutto quando questo si pone sotto certi aspetti come riflessione sul mito fondativo della nazione americana. E la soluzione a questo dubbio \u00e8 ulteriormente complicata, e complica a sua volta, da quello che avevo indicato come punto centrale: <i>esattamente\u00a0<\/i><em>perch\u00e9<\/em> i due amanti finiscono male? Perch\u00e9 Cooper cercava un effetto artistico tragico &#8211; che \u00e8 davvero efficace &#8211; oppure perch\u00e9 vuol dirci che fra una bianca &#8211; per quanto colorata &#8211; e un indiano l&#8217;amore \u00e8 impossibile?<\/p>\n<p>Nel frattempo che finisco la mia rilettura vi lascio a una sequenza del film, che \u00e8 anche quella a cui fa da sottofondo il brano musicale che abbiamo usato in trasmissione come pausa. Colgo l&#8217;occasione per segnalare che l&#8217;autore \u00e8 Trevor Jones (in trasmissione ho avuto un\u00a0<em>lapsus<\/em> e non ricordavo il nome) che si unisce alla galleria immaginaria di autori di colonne sonore che abbiamo usato in passato, come Morricone, Hans Zimmer e credo anche John Williams di\u00a0<em>Guerre Stellari<\/em>.<\/p>\n<p>Attenzione: \u00e8 il finale del film quindi contiene una marea di\u00a0<em>spoiler<\/em>.<\/p>\n<div class=\"jetpack-video-wrapper\"><span class=\"embed-youtube\" style=\"text-align:center; display: block;\"><iframe class=\"youtube-player\" width=\"800\" height=\"450\" src=\"https:\/\/www.youtube.com\/embed\/iGz3XxDTsCk?version=3&#038;rel=1&#038;showsearch=0&#038;showinfo=1&#038;iv_load_policy=1&#038;fs=1&#038;hl=it-IT&#038;autohide=2&#038;wmode=transparent\" allowfullscreen=\"true\" style=\"border:0;\" sandbox=\"allow-scripts allow-same-origin allow-popups allow-presentation\"><\/iframe><\/span><\/div>\n","protected":false},"excerpt":{"rendered":"<p>Ho\u00a0messo in linea oggi, dopo molte perplessit\u00e0, la puntata di\u00a0Oggi parliamo di libri dedicata a L&#8217;ultimo dei Mohicani. Le perplessit\u00e0<\/p>\n","protected":false},"author":1,"featured_media":0,"comment_status":"open","ping_status":"open","sticky":false,"template":"","format":"video","meta":{"_mi_skip_tracking":false,"_monsterinsights_sitenote_active":false,"_monsterinsights_sitenote_note":"","_monsterinsights_sitenote_category":0,"jetpack_post_was_ever_published":false,"_jetpack_newsletter_access":"","jetpack_publicize_message":"","jetpack_is_tweetstorm":false,"jetpack_publicize_feature_enabled":true,"jetpack_social_post_already_shared":true,"jetpack_social_options":{"image_generator_settings":{"template":"highway","enabled":false}}},"categories":[70,52,56,13,12],"tags":[],"jetpack_publicize_connections":[],"jetpack_featured_media_url":"","jetpack_sharing_enabled":true,"jetpack_shortlink":"https:\/\/wp.me\/p4jV2T-2iw","jetpack_likes_enabled":true,"jetpack-related-posts":[{"id":8792,"url":"https:\/\/www.robertosedda.it\/?p=8792","url_meta":{"origin":8836,"position":0},"title":"Storie d&#8217;amore cercansi","author":"Rufus","date":"04\/11\/2014","format":false,"excerpt":"Credo sappiate che quest'anno per\u00a0Oggi parliamo di libri\u00a0tratto libri che raccontano di grandi storie d'amore, cercando di rimanere per quanto possibile nel campo che mi \u00e8 pi\u00f9 congeniale della letteratura di genere. Sinora ho dedicato una puntata\u00a0nell'ordine a\u00a0Orgoglio e pregiudizio,\u00a0Dracula,\u00a0Romeo e Giulietta,\u00a0Il Corsaro Nero,\u00a0L'ultimo dei Mohicani,\u00a0Davide Copperfield, Grandi speranze,\u00a0L'amore ai\u2026","rel":"","context":"In &quot;Coordinate&quot;","block_context":{"text":"Coordinate","link":"https:\/\/www.robertosedda.it\/?cat=52"},"img":{"alt_text":"","src":"https:\/\/i0.wp.com\/www.robertosedda.it\/wp-content\/uploads\/2013\/12\/Peeta-Katniss.jpg?fit=500%2C500&ssl=1&resize=350%2C200","width":350,"height":200},"classes":[]},{"id":8620,"url":"https:\/\/www.robertosedda.it\/?p=8620","url_meta":{"origin":8836,"position":1},"title":"L&#8217;innegabile fascino di Dracula il vampiro","author":"Rufus","date":"10\/10\/2014","format":"video","excerpt":"Ho caricato oggi la puntata di\u00a0Oggi parliamo di libri caricata a Dracula di Bram Stoker. Avevo deciso da moltissimo tempo che se avessi fatto un ciclo di puntate dedicato alla letteratura\u00a0sentimentale e alle storie d'amore avrei incluso\u00a0Dracula: durante la puntata ho giustificato la scelta, in\u00a0parte, con il collegamento al \"catalogo\"\u2026","rel":"","context":"In &quot;Coordinate&quot;","block_context":{"text":"Coordinate","link":"https:\/\/www.robertosedda.it\/?cat=52"},"img":{"alt_text":"lettori","src":"https:\/\/i0.wp.com\/www.robertosedda.it\/wp-content\/uploads\/2014\/10\/lettori.jpg?resize=350%2C200","width":350,"height":200,"srcset":"https:\/\/i0.wp.com\/www.robertosedda.it\/wp-content\/uploads\/2014\/10\/lettori.jpg?resize=350%2C200 1x, https:\/\/i0.wp.com\/www.robertosedda.it\/wp-content\/uploads\/2014\/10\/lettori.jpg?resize=700%2C400 2x, https:\/\/i0.wp.com\/www.robertosedda.it\/wp-content\/uploads\/2014\/10\/lettori.jpg?resize=1050%2C600 3x"},"classes":[]},{"id":7289,"url":"https:\/\/www.robertosedda.it\/?p=7289","url_meta":{"origin":8836,"position":2},"title":"La poco convincente visione del mondo di Alicia Gimenez-Bartlett","author":"Rufus","date":"07\/05\/2014","format":"video","excerpt":"Sono finalmente giunto in possesso dei file delle ultime puntate di Oggi parliamo di libri e ho ricominciato a caricarle sul mio canale Youtube. Ho iniziato con la ventunesima puntata, che era dedicata ai gialli con protagonista Petra Delicado, di Alicia Gimenez-Bartlett. http:\/\/www.youtube.com\/watch?v=-SyNLB7irCQ Se avete ascoltato la puntata vi sarete\u2026","rel":"","context":"In &quot;Coordinate&quot;","block_context":{"text":"Coordinate","link":"https:\/\/www.robertosedda.it\/?cat=52"},"img":{"alt_text":"","src":"https:\/\/i0.wp.com\/www.robertosedda.it\/wp-content\/uploads\/2014\/05\/Petra-Delicado.jpg?fit=224%2C313&ssl=1&resize=350%2C200","width":350,"height":200},"classes":[]},{"id":7791,"url":"https:\/\/www.robertosedda.it\/?p=7791","url_meta":{"origin":8836,"position":3},"title":"Volte che sono contento di me","author":"Rufus","date":"16\/06\/2014","format":"video","excerpt":"La fine \u00e8 il mio inizio (Tiziano Terzani,\u00a0Longanesi 2006) Ho affrontato la puntata su\u00a0La fine \u00e8 il mio inizio\u00a0di Oggi parliamo di libri\u00a0con alcune perplessit\u00e0. A fronte di tante cose interessanti (in particolare quelle di cui ho poi parlato in trasmissione, il Vietnam, il percorso di crescita e di riflessione\u2026","rel":"","context":"In &quot;Biografie&quot;","block_context":{"text":"Biografie","link":"https:\/\/www.robertosedda.it\/?cat=83"},"img":{"alt_text":"","src":"https:\/\/i0.wp.com\/www.robertosedda.it\/wp-content\/uploads\/2014\/06\/Terzani.png?fit=757%2C425&ssl=1&resize=350%2C200","width":350,"height":200,"srcset":"https:\/\/i0.wp.com\/www.robertosedda.it\/wp-content\/uploads\/2014\/06\/Terzani.png?fit=757%2C425&ssl=1&resize=350%2C200 1x, https:\/\/i0.wp.com\/www.robertosedda.it\/wp-content\/uploads\/2014\/06\/Terzani.png?fit=757%2C425&ssl=1&resize=700%2C400 2x"},"classes":[]},{"id":12472,"url":"https:\/\/www.robertosedda.it\/?p=12472","url_meta":{"origin":8836,"position":4},"title":"Cos\u00ec fin\u00ec Oggi parliamo di libri","author":"Rufus","date":"06\/09\/2016","format":false,"excerpt":"Trovate qui sotto l'ultima puntata della stagione 2015\/2016 di\u00a0Oggi parliamo di libri, dedicata a\u00a0Liol\u00e0\u00a0di Pirandello: si tratta anche dell'ultima puntata in generale della trasmissione, perch\u00e9 per l'anno prossimo mi piacerebbe molto che venisse accettata la mia proposta di parlare di giochi\u00a0(se si parte si parte ad ottobre, ma mi pare\u2026","rel":"","context":"In &quot;Coordinate&quot;","block_context":{"text":"Coordinate","link":"https:\/\/www.robertosedda.it\/?cat=52"},"img":{"alt_text":"","src":"https:\/\/i0.wp.com\/www.robertosedda.it\/wp-content\/uploads\/2016\/09\/Oggi-parliamo-di-libri-1.jpg?fit=480%2C360&ssl=1&resize=350%2C200","width":350,"height":200},"classes":[]},{"id":10544,"url":"https:\/\/www.robertosedda.it\/?p=10544","url_meta":{"origin":8836,"position":5},"title":"E vissero felici e contenti (davvero?! ne siamo sicuri?)","author":"Rufus","date":"14\/07\/2015","format":"video","excerpt":"Dopo un piccolo intervallo ho ripreso a caricare su\u00a0YouTube le puntate di Oggi parliamo di libri. La trentatreesima \u00e8, come avrete sentito, lievemente anomala: non solo per il racconto dell'aneddoto personale riguardante l'incontro con i vecchietti che ha allietato il pranzo mio, di Maria Bonaria e di Enzo Tuveri vicino\u2026","rel":"","context":"In &quot;Coordinate&quot;","block_context":{"text":"Coordinate","link":"https:\/\/www.robertosedda.it\/?cat=52"},"img":{"alt_text":"","src":"https:\/\/i0.wp.com\/www.robertosedda.it\/wp-content\/uploads\/2015\/07\/OPL-210515.jpg?fit=769%2C449&ssl=1&resize=350%2C200","width":350,"height":200,"srcset":"https:\/\/i0.wp.com\/www.robertosedda.it\/wp-content\/uploads\/2015\/07\/OPL-210515.jpg?fit=769%2C449&ssl=1&resize=350%2C200 1x, https:\/\/i0.wp.com\/www.robertosedda.it\/wp-content\/uploads\/2015\/07\/OPL-210515.jpg?fit=769%2C449&ssl=1&resize=700%2C400 2x"},"classes":[]}],"_links":{"self":[{"href":"https:\/\/www.robertosedda.it\/index.php?rest_route=\/wp\/v2\/posts\/8836"}],"collection":[{"href":"https:\/\/www.robertosedda.it\/index.php?rest_route=\/wp\/v2\/posts"}],"about":[{"href":"https:\/\/www.robertosedda.it\/index.php?rest_route=\/wp\/v2\/types\/post"}],"author":[{"embeddable":true,"href":"https:\/\/www.robertosedda.it\/index.php?rest_route=\/wp\/v2\/users\/1"}],"replies":[{"embeddable":true,"href":"https:\/\/www.robertosedda.it\/index.php?rest_route=%2Fwp%2Fv2%2Fcomments&post=8836"}],"version-history":[{"count":5,"href":"https:\/\/www.robertosedda.it\/index.php?rest_route=\/wp\/v2\/posts\/8836\/revisions"}],"predecessor-version":[{"id":8932,"href":"https:\/\/www.robertosedda.it\/index.php?rest_route=\/wp\/v2\/posts\/8836\/revisions\/8932"}],"wp:attachment":[{"href":"https:\/\/www.robertosedda.it\/index.php?rest_route=%2Fwp%2Fv2%2Fmedia&parent=8836"}],"wp:term":[{"taxonomy":"category","embeddable":true,"href":"https:\/\/www.robertosedda.it\/index.php?rest_route=%2Fwp%2Fv2%2Fcategories&post=8836"},{"taxonomy":"post_tag","embeddable":true,"href":"https:\/\/www.robertosedda.it\/index.php?rest_route=%2Fwp%2Fv2%2Ftags&post=8836"}],"curies":[{"name":"wp","href":"https:\/\/api.w.org\/{rel}","templated":true}]}}