{"id":8558,"date":"2014-10-06T18:29:08","date_gmt":"2014-10-06T16:29:08","guid":{"rendered":"http:\/\/www.robertosedda.it\/?p=8558"},"modified":"2014-10-17T11:32:57","modified_gmt":"2014-10-17T09:32:57","slug":"il-rotocalco-della-settimana-la-volta-che-sono-stato-colpito-dal-fulmine-colabrodi-informatici-fumetti-e-cose-cosi","status":"publish","type":"post","link":"https:\/\/www.robertosedda.it\/?p=8558","title":{"rendered":"Il rotocalco della settimana: la volta che sono stato colpito dal fulmine, colabrodi informatici, fumetti e cose cos\u00ec"},"content":{"rendered":"<h2>Io canto il corpo elettrico<\/h2>\n<p><a href=\"https:\/\/i0.wp.com\/www.robertosedda.it\/wp-content\/uploads\/2014\/10\/Fulmine.jpg\"><img data-attachment-id=\"8559\" data-permalink=\"https:\/\/www.robertosedda.it\/?attachment_id=8559\" data-orig-file=\"https:\/\/i0.wp.com\/www.robertosedda.it\/wp-content\/uploads\/2014\/10\/Fulmine.jpg?fit=1200%2C675&amp;ssl=1\" data-orig-size=\"1200,675\" data-comments-opened=\"1\" data-image-meta=\"{&quot;aperture&quot;:&quot;0&quot;,&quot;credit&quot;:&quot;&quot;,&quot;camera&quot;:&quot;&quot;,&quot;caption&quot;:&quot;&quot;,&quot;created_timestamp&quot;:&quot;0&quot;,&quot;copyright&quot;:&quot;&quot;,&quot;focal_length&quot;:&quot;0&quot;,&quot;iso&quot;:&quot;0&quot;,&quot;shutter_speed&quot;:&quot;0&quot;,&quot;title&quot;:&quot;&quot;,&quot;orientation&quot;:&quot;0&quot;}\" data-image-title=\"Fulmine\" data-image-description=\"\" data-image-caption=\"\" data-medium-file=\"https:\/\/i0.wp.com\/www.robertosedda.it\/wp-content\/uploads\/2014\/10\/Fulmine.jpg?fit=300%2C168&amp;ssl=1\" data-large-file=\"https:\/\/i0.wp.com\/www.robertosedda.it\/wp-content\/uploads\/2014\/10\/Fulmine.jpg?fit=510%2C286&amp;ssl=1\" decoding=\"async\" loading=\"lazy\" class=\"aligncenter size-full wp-image-8559\" src=\"https:\/\/i0.wp.com\/www.robertosedda.it\/wp-content\/uploads\/2014\/10\/Fulmine.jpg?resize=800%2C450\" alt=\"Fulmine\" width=\"800\" height=\"450\" srcset=\"https:\/\/i0.wp.com\/www.robertosedda.it\/wp-content\/uploads\/2014\/10\/Fulmine.jpg?w=1200&amp;ssl=1 1200w, https:\/\/i0.wp.com\/www.robertosedda.it\/wp-content\/uploads\/2014\/10\/Fulmine.jpg?resize=150%2C84&amp;ssl=1 150w, https:\/\/i0.wp.com\/www.robertosedda.it\/wp-content\/uploads\/2014\/10\/Fulmine.jpg?resize=300%2C168&amp;ssl=1 300w, https:\/\/i0.wp.com\/www.robertosedda.it\/wp-content\/uploads\/2014\/10\/Fulmine.jpg?resize=510%2C286&amp;ssl=1 510w, https:\/\/i0.wp.com\/www.robertosedda.it\/wp-content\/uploads\/2014\/10\/Fulmine.jpg?resize=700%2C393&amp;ssl=1 700w, https:\/\/i0.wp.com\/www.robertosedda.it\/wp-content\/uploads\/2014\/10\/Fulmine.jpg?resize=50%2C28&amp;ssl=1 50w\" sizes=\"(max-width: 800px) 100vw, 800px\" data-recalc-dims=\"1\" \/><\/a>Come sanno i miei vecchi amici, io sono fra coloro che sono stati colpiti dal fulmine e sono sopravvissuti. Nel mio caso accadde durante un campo scuola dell&#8217;Azione Cattolica nella vecchia &#8220;casa di Sinnai&#8221;: ero al telefono e cadde un fulmine sul palo all&#8217;esterno, almeno a cinquanta metri di distanza. La corrente cammin\u00f2 lungo il cavo fino alla cornetta: di quel che accadde quando arriv\u00f2 fino a me ho un ricordo vago, solo un lampo e il fatto che tremavo irresistibilmente in tutto il corpo senza riuscire a fermarmi. Mi spaventai solo il giorno dopo, quando accompagnammo gli operai dell&#8217;azienda telefonica di allora, la <em>Sip<\/em>: trovammo il cavo &#8211; largo quanto il mio polso &#8211; tranciato e bruciato completamente per trenta centimetri buoni. Mi fece un certo effetto.<\/p>\n<p>Tutto questo per dire che sono abbastanza sensibile al tema e che quindi ho fatto un salto sulla sedia quando ho visto il <em>reportage<\/em> pubblicato dalla versione <em>online<\/em> del giornale <em>Outside<\/em> e dedicato alle storie di americani che sono sopravvissuti al fulmine. \u00c8 un articolo molto bello, ragionato dal punto di vista scientifico e molto umano nel modo con cui sono raccolte le storie dei sopravvissuti. Molto consigliato.<\/p>\n<h2>Ambiente, sostenibilit\u00e0 ed economie diverse<\/h2>\n<p>Per continuare un po&#8217; con le cose mie, il mio <a title=\"Lo spaventoso regno dell\u2019affascinante rossa\" href=\"http:\/\/www.robertosedda.it\/?p=8468\">articolo sulle mele <em>Red Delicious<\/em><\/a> \u00e8 stato ripreso dalla mia amica Vania Statzu <a href=\"http:\/\/ambiente.tiscali.it\/socialnews\/ambiente\/Statzu\/14666\/articoli\/Brutti-e-buoni-perch-con-la-frutta-l-abito-fa-ancora-il-monaco.html\">nel suo <em>blog<\/em> su <em>Tiscali<\/em><\/a>. Colgo l&#8217;occasione un po&#8217; per bullarmene (non mi era mai capitato che un articolo sul <em>blog <\/em>venisse ripreso da altri, <a title=\"Neil Gaiman e le biblioteche\" href=\"http:\/\/www.robertosedda.it\/?p=4724\">tranne forse la conferenza di Gaiman sulle biblioteche<\/a>)\u00a0 e soprattutto per segnalare l&#8217;ottimo <em>blog<\/em> di Vania, che merita di essere seguito per chiarezza, ricchezza e profondit\u00e0 di argomenti (unico appunto: non capisco quale sia il <em>feed<\/em> dei <em>blog<\/em> di <em>Tiscali<\/em>, altrimenti la segnalerei pi\u00f9 spesso nella prima pagina di questo sito).<\/p>\n<p>Proseguendo sulla stessa linea di argomento, siccome questa settimana a Sassari c&#8217;\u00e8 stata una acclamata messa in scena dello spettacolo <em>Pop Economix<\/em>, organizzata dai soci di Banca Etica, <a href=\"http:\/\/www.popeconomix.org\/it\">segnalo il <em>blog<\/em><\/a><a href=\"http:\/\/www.popeconomix.org\/it\"> dello spettacolo<\/a>. Ci ha scritto da poco un articolo interessante anche Vittorio Pelligra, economista cagliaritano ed amico <a href=\"http:\/\/www.robertosedda.it\/\/?s=pelligra\">varie volte citato su questo <em>blog<\/em><\/a>.<\/p>\n<p><a href=\"https:\/\/i0.wp.com\/www.robertosedda.it\/wp-content\/uploads\/2014\/10\/Altruismo.jpg\"><img data-attachment-id=\"8560\" data-permalink=\"https:\/\/www.robertosedda.it\/?attachment_id=8560\" data-orig-file=\"https:\/\/i0.wp.com\/www.robertosedda.it\/wp-content\/uploads\/2014\/10\/Altruismo.jpg?fit=1120%2C629&amp;ssl=1\" data-orig-size=\"1120,629\" data-comments-opened=\"1\" data-image-meta=\"{&quot;aperture&quot;:&quot;0&quot;,&quot;credit&quot;:&quot;&quot;,&quot;camera&quot;:&quot;&quot;,&quot;caption&quot;:&quot;&quot;,&quot;created_timestamp&quot;:&quot;0&quot;,&quot;copyright&quot;:&quot;&quot;,&quot;focal_length&quot;:&quot;0&quot;,&quot;iso&quot;:&quot;0&quot;,&quot;shutter_speed&quot;:&quot;0&quot;,&quot;title&quot;:&quot;&quot;,&quot;orientation&quot;:&quot;0&quot;}\" data-image-title=\"Altruismo\" data-image-description=\"\" data-image-caption=\"\" data-medium-file=\"https:\/\/i0.wp.com\/www.robertosedda.it\/wp-content\/uploads\/2014\/10\/Altruismo.jpg?fit=300%2C168&amp;ssl=1\" data-large-file=\"https:\/\/i0.wp.com\/www.robertosedda.it\/wp-content\/uploads\/2014\/10\/Altruismo.jpg?fit=510%2C286&amp;ssl=1\" decoding=\"async\" loading=\"lazy\" class=\"alignright wp-image-8560 size-medium\" src=\"https:\/\/i0.wp.com\/www.robertosedda.it\/wp-content\/uploads\/2014\/10\/Altruismo.jpg?resize=300%2C168\" alt=\"Altruismo\" width=\"300\" height=\"168\" srcset=\"https:\/\/i0.wp.com\/www.robertosedda.it\/wp-content\/uploads\/2014\/10\/Altruismo.jpg?resize=300%2C168&amp;ssl=1 300w, https:\/\/i0.wp.com\/www.robertosedda.it\/wp-content\/uploads\/2014\/10\/Altruismo.jpg?resize=150%2C84&amp;ssl=1 150w, https:\/\/i0.wp.com\/www.robertosedda.it\/wp-content\/uploads\/2014\/10\/Altruismo.jpg?resize=510%2C286&amp;ssl=1 510w, https:\/\/i0.wp.com\/www.robertosedda.it\/wp-content\/uploads\/2014\/10\/Altruismo.jpg?resize=700%2C393&amp;ssl=1 700w, https:\/\/i0.wp.com\/www.robertosedda.it\/wp-content\/uploads\/2014\/10\/Altruismo.jpg?resize=50%2C28&amp;ssl=1 50w, https:\/\/i0.wp.com\/www.robertosedda.it\/wp-content\/uploads\/2014\/10\/Altruismo.jpg?w=1120&amp;ssl=1 1120w\" sizes=\"(max-width: 300px) 100vw, 300px\" data-recalc-dims=\"1\" \/><\/a>A Vittorio interesser\u00e0, tra l&#8217;altro, un&#8217;altra delle mie letture internettare di questa settimana, un articolo di <em>NPR<\/em> che <a href=\"http:\/\/www.npr.org\/blogs\/health\/2014\/09\/22\/349639464\/the-biology-of-altruism-good-deeds-may-be-rooted-in-the-brain\">racconta di uno studio condotto su persone che hanno donato un loro organo a perfetti sconosciuti<\/a>: avrebbero tutti l&#8217;amigdala &#8211; una parte del cervello &#8211; particolarmente sviluppata, cosa che darebbe forza all&#8217;idea che altruismo ed egoismo abbiano, almeno in parte, fondamento biologico.<\/p>\n<p>Visto che sto segnalando <em>blog <\/em>di argomento sociale, segnalo anche <a href=\"http:\/\/www.abitipuliti.org\/\">il sito della campagna <em>Abiti Puliti<\/em><\/a>, sito rilanciato da diverse persone durante questa settimana per <a href=\"http:\/\/www.abitipuliti.org\/blog\/2014\/09\/26\/bata-e-quei-lavoratori-licenziati\/\">un suo articolo molto critico sulla ditta <\/a><a href=\"http:\/\/www.abitipuliti.org\/blog\/2014\/09\/26\/bata-e-quei-lavoratori-licenziati\/\"><em>Bata<\/em><\/a>. A me la vicenda onestamente non sembra chiarissima (perlomeno: non palese come quella di <em><a href=\"http:\/\/www.abitipuliti.org\/blog\/2014\/09\/10\/ali-enterprises-due-anni-dopo-le-vittime-aspettano-ancora-i-risarcimenti\/\">Ali Enterprises<\/a> o <\/em>di <a href=\"http:\/\/www.abitipuliti.org\/blog\/2014\/05\/23\/rana-plaza-tra-i-panni-sporchi-del-bangladesh\/\"><em>Rana Plaza<\/em><\/a><em>\u00a0 &#8211; <\/em>storie che provano comunque che le azioni della campagna sono complessivamente pi\u00f9 che necessarie), ma leggete e ognuno si former\u00e0 le sue opinioni.<\/p>\n<h2>Criptomnesia, cio\u00e8&#8230;<\/h2>\n<p><a href=\"https:\/\/i0.wp.com\/www.robertosedda.it\/wp-content\/uploads\/2014\/10\/Psychology-of-writing.jpg\"><img data-attachment-id=\"8562\" data-permalink=\"https:\/\/www.robertosedda.it\/?attachment_id=8562\" data-orig-file=\"https:\/\/i0.wp.com\/www.robertosedda.it\/wp-content\/uploads\/2014\/10\/Psychology-of-writing.jpg?fit=600%2C838&amp;ssl=1\" data-orig-size=\"600,838\" data-comments-opened=\"1\" data-image-meta=\"{&quot;aperture&quot;:&quot;0&quot;,&quot;credit&quot;:&quot;&quot;,&quot;camera&quot;:&quot;&quot;,&quot;caption&quot;:&quot;&quot;,&quot;created_timestamp&quot;:&quot;0&quot;,&quot;copyright&quot;:&quot;&quot;,&quot;focal_length&quot;:&quot;0&quot;,&quot;iso&quot;:&quot;0&quot;,&quot;shutter_speed&quot;:&quot;0&quot;,&quot;title&quot;:&quot;&quot;,&quot;orientation&quot;:&quot;0&quot;}\" data-image-title=\"Psychology of writing\" data-image-description=\"\" data-image-caption=\"\" data-medium-file=\"https:\/\/i0.wp.com\/www.robertosedda.it\/wp-content\/uploads\/2014\/10\/Psychology-of-writing.jpg?fit=214%2C300&amp;ssl=1\" data-large-file=\"https:\/\/i0.wp.com\/www.robertosedda.it\/wp-content\/uploads\/2014\/10\/Psychology-of-writing.jpg?fit=510%2C712&amp;ssl=1\" decoding=\"async\" loading=\"lazy\" class=\"alignleft size-medium wp-image-8562\" src=\"https:\/\/i0.wp.com\/www.robertosedda.it\/wp-content\/uploads\/2014\/10\/Psychology-of-writing.jpg?resize=214%2C300\" alt=\"Psychology of writing\" width=\"214\" height=\"300\" srcset=\"https:\/\/i0.wp.com\/www.robertosedda.it\/wp-content\/uploads\/2014\/10\/Psychology-of-writing.jpg?resize=214%2C300&amp;ssl=1 214w, https:\/\/i0.wp.com\/www.robertosedda.it\/wp-content\/uploads\/2014\/10\/Psychology-of-writing.jpg?resize=107%2C150&amp;ssl=1 107w, https:\/\/i0.wp.com\/www.robertosedda.it\/wp-content\/uploads\/2014\/10\/Psychology-of-writing.jpg?resize=510%2C712&amp;ssl=1 510w, https:\/\/i0.wp.com\/www.robertosedda.it\/wp-content\/uploads\/2014\/10\/Psychology-of-writing.jpg?resize=35%2C50&amp;ssl=1 35w, https:\/\/i0.wp.com\/www.robertosedda.it\/wp-content\/uploads\/2014\/10\/Psychology-of-writing.jpg?w=600&amp;ssl=1 600w\" sizes=\"(max-width: 214px) 100vw, 214px\" data-recalc-dims=\"1\" \/><\/a>\u00c8 capitato a varie riprese, fra <em>La Locanda delle Arti Fantastiche <\/em> e i <em>Fabbricastorie<\/em> che io abbia evocato la &#8220;teoria del rigurgito&#8221;, un modo scherzoso per definire in qualche modo quel meccanismo che nel contesto <em>pop<\/em> attuale ci porta a costruire narrazioni che prendono a prestito e ricombinano in infinite variazioni archetipi, spezzoni narrativi, personaggi e situazioni visti e sentiti sui <em>media<\/em> pi\u00f9 diversi. Qualche volta \u00e8 casuale, qualche volta \u00e8 intenzionale, qualche volta \u00e8 onesto e qualche volta \u00e8&#8230; astuto (<em>copiare da uno \u00e8 plagio<\/em><em>, copiare da molti \u00e8 <\/em>citare). Ho scoperto <a href=\"http:\/\/www.brainpickings.org\/2014\/09\/26\/cryptomnesia-psychology-of-writing\">da un articolo sul <em>blog<\/em> di Maria Popova<\/a> che quelli che, beccati nell&#8217;avere inserito nelle loro produzioni materiali narrativi altrui dichiarano di averlo fatto <em>inconsciamente<\/em> senza volere, forse non sono dei mentitori spudorati ma soffrono invece di <em>criptomnesia<\/em>; a quanto pare sotto questo nome riassuntivo\u00a0la cosa \u00e8 discussa da almeno un ventennio. La lettura di <em>The psychology of writing<\/em> di Ronald T. Kellogg (che ho messo in lista desideri) sarebbe quindi una lettura indispensabile per chi si interessa di queste cose, naturalmente soprattutto se si \u00e8 interessati alla dimensione psicologica personale dello scrivere nel nostro contesto culturale: forse per un approccio sociologico o di altro tipo si tratta di una lettura meno interessante, ma consiglio comunque la lettura dell&#8217;articolo della Popova.<\/p>\n<h2>Novit\u00e0 a fumetti<\/h2>\n<p>L&#8217;ultima quindicina fumettistica italiana \u00e8 stata dominata dalle novit\u00e0 di casa <em>Bonelli<\/em>, che in una conferenza stampa ha presentato le uscite della prossima stagione e soprattutto la decisione di entrare in forze nella produzione di contenuti multimediali: se il <em>core business<\/em> rimane il fumetto ci si apre alla produzione &#8211; anche in proprio! &#8211; di film, serie tv e videogiochi. Ho visto che su <em>YouTube<\/em> c&#8217;era tutta la conferenza, la segnalo anche qui perch\u00e9 \u00e8 davvero interessante e poi si vedono dal vivo persone che normalmente sono solo nomi sulla seconda di copertina.<\/p>\n<div class=\"jetpack-video-wrapper\"><span class=\"embed-youtube\" style=\"text-align:center; display: block;\"><iframe class=\"youtube-player\" width=\"800\" height=\"450\" src=\"https:\/\/www.youtube.com\/embed\/o98wrRN8tjA?version=3&#038;rel=1&#038;showsearch=0&#038;showinfo=1&#038;iv_load_policy=1&#038;fs=1&#038;hl=it-IT&#038;autohide=2&#038;wmode=transparent\" allowfullscreen=\"true\" style=\"border:0;\" sandbox=\"allow-scripts allow-same-origin allow-popups allow-presentation\"><\/iframe><\/span><\/div>\n<p>Per quanto quella del multimediale sia la notizia obiettivamente pi\u00f9 importante della conferenza stampa, io aspetto soprattutto <a href=\"http:\/\/www.sergiobonelli.it\/sezioni\/3329\/il-mio-nome-e-adam-wild\">il nuovo <em>Adam Wild<\/em><\/a> di Gianfranco Manfredi, personaggio che promette oltretutto di avere dei <a href=\"http:\/\/www.sergiobonelli.it\/gallery\/37806\/Le-matite-di-Adam-Wild-.html\">disegnatori fenomenali<\/a>.<\/p>\n<div class=\"jetpack-video-wrapper\"><span class=\"embed-youtube\" style=\"text-align:center; display: block;\"><iframe class=\"youtube-player\" width=\"800\" height=\"450\" src=\"https:\/\/www.youtube.com\/embed\/gPfAxFCmiu0?version=3&#038;rel=1&#038;showsearch=0&#038;showinfo=1&#038;iv_load_policy=1&#038;fs=1&#038;hl=it-IT&#038;autohide=2&#038;wmode=transparent\" allowfullscreen=\"true\" style=\"border:0;\" sandbox=\"allow-scripts allow-same-origin allow-popups allow-presentation\"><\/iframe><\/span><\/div>\n<p>Per pura associazione di pensiero, e anche per mantenere ragionevole il numero di sezioni in cui\u00a0questo articolo \u00e8 suddiviso, voglio citare qui <a href=\"http:\/\/makezine.com\/2014\/09\/09\/how-crayola-crayons-are-made\/\">un interessante articolo su come sono fatti i pastelli\u00a0<em>Crayola<\/em><\/a>: &#8220;fatti&#8221; proprio nel senso di &#8220;fabbricati&#8221;. Ci sono foto e video e, sostanzialmente, interi silos di cera, dei pi\u00f9 vari colori. Chiss\u00e0 che fumetti ci verrebbero fuori, chiss\u00e0.<\/p>\n<h2>Dai fumetti ai libri<\/h2>\n<p>E visto che siamo in tema di letture, segnalo un bel video che \u00e8 girato recentemente in rete. Mi dicono che alcune delle mie nipoti e figlioccie rischiano di fare questa fine, purtroppo.<\/p>\n<div class=\"jetpack-video-wrapper\"><span class=\"embed-youtube\" style=\"text-align:center; display: block;\"><iframe class=\"youtube-player\" width=\"800\" height=\"450\" src=\"https:\/\/www.youtube.com\/embed\/GE7GbIGf7as?version=3&#038;rel=1&#038;showsearch=0&#038;showinfo=1&#038;iv_load_policy=1&#038;fs=1&#038;hl=it-IT&#038;autohide=2&#038;wmode=transparent\" allowfullscreen=\"true\" style=\"border:0;\" sandbox=\"allow-scripts allow-same-origin allow-popups allow-presentation\"><\/iframe><\/span><\/div>\n<p>Ovviamente il video \u00e8 spocchioso il giusto, un po&#8217; come quelli che non leggono gli <em>e-book<\/em> perch\u00e9, sai, <em>aaaah<\/em>, l&#8217;odore del libro di carta, gente che \u00e8, diciamolo, insopportabile. Per\u00f2 il video \u00e8 fatto benissimo, e merita.<\/p>\n<h2>Cose (auto?)animate<\/h2>\n<p>Che ci rimane fra le segnalazioni della settimana? Vediamo un po&#8217;.<\/p>\n<p>Ah, si. Su <em>My Modern Met<\/em> <a href=\"http:\/\/www.mymodernmet.com\/profiles\/blogs\/clifton-engagement-ring-box\">un anello di fidanzamento che piroetta elegantemente<\/a> quando si apre la custodia. Una roba di una inutilit\u00e0 assoluta, ovviamente, per\u00f2 commovente il giusto, soprattutto se siete nella fase che magari vi interessa l&#8217;articolo.<\/p>\n<p><a href=\"https:\/\/i0.wp.com\/www.robertosedda.it\/wp-content\/uploads\/2014\/10\/Animatronic-eyes.jpg\"><img data-attachment-id=\"8582\" data-permalink=\"https:\/\/www.robertosedda.it\/?attachment_id=8582\" data-orig-file=\"https:\/\/i0.wp.com\/www.robertosedda.it\/wp-content\/uploads\/2014\/10\/Animatronic-eyes.jpg?fit=600%2C450&amp;ssl=1\" data-orig-size=\"600,450\" data-comments-opened=\"1\" data-image-meta=\"{&quot;aperture&quot;:&quot;2.4&quot;,&quot;credit&quot;:&quot;&quot;,&quot;camera&quot;:&quot;iPhone 4S&quot;,&quot;caption&quot;:&quot;&quot;,&quot;created_timestamp&quot;:&quot;1405975871&quot;,&quot;copyright&quot;:&quot;&quot;,&quot;focal_length&quot;:&quot;4.28&quot;,&quot;iso&quot;:&quot;100&quot;,&quot;shutter_speed&quot;:&quot;0.05&quot;,&quot;title&quot;:&quot;&quot;,&quot;orientation&quot;:&quot;1&quot;}\" data-image-title=\"Animatronic eyes\" data-image-description=\"\" data-image-caption=\"\" data-medium-file=\"https:\/\/i0.wp.com\/www.robertosedda.it\/wp-content\/uploads\/2014\/10\/Animatronic-eyes.jpg?fit=300%2C225&amp;ssl=1\" data-large-file=\"https:\/\/i0.wp.com\/www.robertosedda.it\/wp-content\/uploads\/2014\/10\/Animatronic-eyes.jpg?fit=510%2C382&amp;ssl=1\" decoding=\"async\" loading=\"lazy\" class=\"alignleft size-medium wp-image-8582\" src=\"https:\/\/i0.wp.com\/www.robertosedda.it\/wp-content\/uploads\/2014\/10\/Animatronic-eyes-300x225.jpg?resize=300%2C225\" alt=\"Animatronic eyes\" width=\"300\" height=\"225\" srcset=\"https:\/\/i0.wp.com\/www.robertosedda.it\/wp-content\/uploads\/2014\/10\/Animatronic-eyes.jpg?resize=300%2C225&amp;ssl=1 300w, https:\/\/i0.wp.com\/www.robertosedda.it\/wp-content\/uploads\/2014\/10\/Animatronic-eyes.jpg?resize=150%2C112&amp;ssl=1 150w, https:\/\/i0.wp.com\/www.robertosedda.it\/wp-content\/uploads\/2014\/10\/Animatronic-eyes.jpg?resize=510%2C382&amp;ssl=1 510w, https:\/\/i0.wp.com\/www.robertosedda.it\/wp-content\/uploads\/2014\/10\/Animatronic-eyes.jpg?resize=268%2C200&amp;ssl=1 268w, https:\/\/i0.wp.com\/www.robertosedda.it\/wp-content\/uploads\/2014\/10\/Animatronic-eyes.jpg?resize=50%2C37&amp;ssl=1 50w, https:\/\/i0.wp.com\/www.robertosedda.it\/wp-content\/uploads\/2014\/10\/Animatronic-eyes.jpg?w=600&amp;ssl=1 600w\" sizes=\"(max-width: 300px) 100vw, 300px\" data-recalc-dims=\"1\" \/><\/a>Sempre per la serie delle cose inutili, per\u00f2 commoventi, l&#8217;istruttivo e pratico articolo sul come costruire <a href=\"http:\/\/www.instructables.com\/id\/Animatronic-Eyes-and-Wii-Nunchuck\/\">un <em>robot<\/em> con delle telecamere al posto degli occhi<\/a> che controlli con Arduino e un <em>joystick<\/em> della <em>Wii<\/em>. E il seguito: <a href=\"http:\/\/www.instructables.com\/id\/Animatronic-Eyes-and-Wii-Nunchuck-Part-2-Give-it-a\/\">come dotare il viso cos\u00ec creato di una voce<\/a>. Follia pura, ovviamente, e cose che si fanno per il puro gusto di farle, quindi commoventi oltremodo. Tra l&#8217;altro <a title=\"Il mondo dei robot\" href=\"http:\/\/www.robertosedda.it\/?p=1749\">ho sempre avuto un debole per i creatori di <em>robot<\/em><\/a>.<\/p>\n<p>Meno commoventi, e senz&#8217;altro pi\u00f9 preoccupanti, quelli dell&#8217;Universit\u00e0 della Virginia che invece hanno progettato un drone di livello miliare che pu\u00f2 essere stampato in 3-D. Costa appena 2500 dollari, peso circa tre chili, funziona con batterie elettriche con autonomia di tre quarti d&#8217;ora, pu\u00f2 fare circa 60 km all&#8217;ora e porta un carico utile di meno di un chilo. Un giocattolino, al momento, certo non un missile in grado di distruggere una citt\u00e0, ma \u00e8 il principio che conta. Dicono i progettisti che l&#8217;hanno fatto \u00abperch\u00e9 si poteva fare\u00bb. Perch\u00e9 questa frase evoca un brivido?<\/p>\n<h2>Linee di confine di vario genere: di politica e di cibo<\/h2>\n<p>Gli scorsi giorni sono stati dominati dalla questione del referendum scozzese. Mentre i nostri indipendentisti (e anche <a href=\"http:\/\/www.quotidianopiemontese.it\/2014\/09\/19\/piemonte-come-scozia-vogliamo-lindipendenza-dallitalia-gioventura-piemonteisa-propone-referendum\/\">altri<\/a>) riammainano le bandiere e volgono speranzoso lo sguardo alla Catalogna segnalo <a href=\"http:\/\/www.riforma.it\/it\/articolo\/2014\/09\/19\/la-scozia-vota-restare\">un articolo pubblicato sul giornale degli evangelici italiani<\/a>, <em>Riforma<\/em>, a firma di un pastore protestante. A me \u00e8 stato utile.<\/p>\n<p>Il che naturalmente non vuol dire che le linee di confine non esistano e magari non sia esilarante esplorarle. Per esempio nei giorni scorsi mi ha molto interessato <a href=\"http:\/\/www.npr.org\/blogs\/thesalt\/2014\/09\/24\/351185646\/the-gefilte-fish-line-a-sweet-and-salty-history-of-jewish-identity\">un articolo sui diversi modi con cui si fa il\u00a0<em>gefilte fish<\/em><\/a>\u00a0&#8211; il piatto simbolo della cucina ebraica &#8211; nelle varie comunit\u00e0 ebraiche europee: c&#8217;\u00e8 un crinale ben preciso che divide la ricetta &#8220;dolce&#8221; da quella &#8220;salata&#8221;. La cosa in s\u00e9 \u00e8 una curiosit\u00e0, ma dietro questi crinali ci stanno un bel po&#8217; di cose (tipo: l&#8217;intera identit\u00e0 europea) e quindi meritano riflessione e, per chi ci crede, anche un po&#8217; di studio.<\/p>\n<p>In tema \u00a0di cibo (ma non di confini, spero) mi rendo conto che periodicamente rilancio <a href=\"http:\/\/www.clickegusta.it\/\">il servizio di\u00a0<em>Click e gusta<\/em><\/a>, che permette a Cagliari e dintorni di ordinare rapidamente la pizza a casa usando il proprio cellulare o il <em>PC<\/em>. Visto che lo pubblicizzo periodicamente\u00a0su\u00a0<em>Facebook<\/em>\u00a0mi sembra opportuno farlo anche qui. Ammetto preventivamente che i gestori dell&#8217;iniziativa sono miei cari amici, ma inesplicabilmente non mi regalano pizze in cambio della pubblicit\u00e0, quindi credo che l&#8217;etica sia salva.<\/p>\n<h2>Imprenditori d&#8217;altri tempi e attuali<\/h2>\n<p><a href=\"http:\/\/www.facebook.com\/photo.php?fbid=10203967643664841&amp;set=a.1015576203072.3114.1635105775\">Marco Zurru ha scritto su <em>Facebook<\/em>\u00a0un articolo che \u00e8 stato variamente commentato e rilanciato<\/a>. Riguarda a grosse linee Renato Soru, Adriano Olivetti, Matteo Renzi, il lavoro, il crinale fra lavoratori e imprenditori: cose cos\u00ec. A me \u00e8 una lettura che ha fatto riflettere\u00a0parecchio, quindi la segnalo.<\/p>\n<p>Per pura associazione d&#8217;idee, e anche perch\u00e9 &#8211; di nuovo &#8211; non avevo voglia di fare mille altri titoletti, segnalo anche <a href=\"http:\/\/mgpf.it\/2014\/09\/19\/sito-confindustria-colabrodo.html\">l&#8217;allarme (o sberleffo) di Matteo Flora sulle falle di sicurezza del sito di <em>Confindustria<\/em><\/a>, argomento pi\u00f9 interessante per gli informatici che per altri, ma comunque comprensibile a chiunque.<\/p>\n<h2>E per finire&#8230;<\/h2>\n<p><a href=\"https:\/\/i0.wp.com\/www.robertosedda.it\/wp-content\/uploads\/2014\/10\/Matt-Stuart-Moorgate-Station.jpg\"><img data-attachment-id=\"8585\" data-permalink=\"https:\/\/www.robertosedda.it\/?attachment_id=8585\" data-orig-file=\"https:\/\/i0.wp.com\/www.robertosedda.it\/wp-content\/uploads\/2014\/10\/Matt-Stuart-Moorgate-Station.jpg?fit=900%2C597&amp;ssl=1\" data-orig-size=\"900,597\" data-comments-opened=\"1\" data-image-meta=\"{&quot;aperture&quot;:&quot;0&quot;,&quot;credit&quot;:&quot;&quot;,&quot;camera&quot;:&quot;&quot;,&quot;caption&quot;:&quot;&quot;,&quot;created_timestamp&quot;:&quot;1129031345&quot;,&quot;copyright&quot;:&quot;&quot;,&quot;focal_length&quot;:&quot;0&quot;,&quot;iso&quot;:&quot;0&quot;,&quot;shutter_speed&quot;:&quot;0&quot;,&quot;title&quot;:&quot;&quot;,&quot;orientation&quot;:&quot;0&quot;}\" data-image-title=\"Matt Stuart Moorgate Station\" data-image-description=\"\" data-image-caption=\"\" data-medium-file=\"https:\/\/i0.wp.com\/www.robertosedda.it\/wp-content\/uploads\/2014\/10\/Matt-Stuart-Moorgate-Station.jpg?fit=300%2C199&amp;ssl=1\" data-large-file=\"https:\/\/i0.wp.com\/www.robertosedda.it\/wp-content\/uploads\/2014\/10\/Matt-Stuart-Moorgate-Station.jpg?fit=510%2C338&amp;ssl=1\" decoding=\"async\" loading=\"lazy\" class=\"aligncenter size-full wp-image-8585\" src=\"https:\/\/i0.wp.com\/www.robertosedda.it\/wp-content\/uploads\/2014\/10\/Matt-Stuart-Moorgate-Station.jpg?resize=800%2C531\" alt=\"Matt Stuart Moorgate Station\" width=\"800\" height=\"531\" srcset=\"https:\/\/i0.wp.com\/www.robertosedda.it\/wp-content\/uploads\/2014\/10\/Matt-Stuart-Moorgate-Station.jpg?w=900&amp;ssl=1 900w, https:\/\/i0.wp.com\/www.robertosedda.it\/wp-content\/uploads\/2014\/10\/Matt-Stuart-Moorgate-Station.jpg?resize=150%2C99&amp;ssl=1 150w, https:\/\/i0.wp.com\/www.robertosedda.it\/wp-content\/uploads\/2014\/10\/Matt-Stuart-Moorgate-Station.jpg?resize=300%2C199&amp;ssl=1 300w, https:\/\/i0.wp.com\/www.robertosedda.it\/wp-content\/uploads\/2014\/10\/Matt-Stuart-Moorgate-Station.jpg?resize=510%2C338&amp;ssl=1 510w, https:\/\/i0.wp.com\/www.robertosedda.it\/wp-content\/uploads\/2014\/10\/Matt-Stuart-Moorgate-Station.jpg?resize=700%2C464&amp;ssl=1 700w, https:\/\/i0.wp.com\/www.robertosedda.it\/wp-content\/uploads\/2014\/10\/Matt-Stuart-Moorgate-Station.jpg?resize=50%2C33&amp;ssl=1 50w\" sizes=\"(max-width: 800px) 100vw, 800px\" data-recalc-dims=\"1\" \/><\/a>Per finire bellissime foto. L&#8217;<em>Huffington Post<\/em> presenta <a href=\"http:\/\/www.huffingtonpost.com\/2014\/09\/24\/street-art-photographers-_n_5863628.html\">dieci fotografi con punti di vista inaspettati<\/a> su luoghi del mondo altrettanto inaspettati. Ora. \u00c8 un articolo dell&#8217;<em>Huffington Post<\/em>, il che \u00e8 gi\u00e0 tendenzialmente un difetto, e per di pi\u00f9 un articolo della serie: <em>dieci cose che&#8230;<\/em>, il che fa <em>davvero<\/em> diffidare. Per\u00f2 le foto sono davvero belle, guardatele.<\/p>\n<p>Dopo averle guardate, potreste rilassatevi\u00a0con una sigaretta. O una colonscopia. Non sto facendo lo stupidino: \u00e8 <a href=\"http:\/\/www.nytimes.com\/2014\/09\/21\/opinion\/sunday\/too-young-to-die-too-old-to-worry.html\">il dilemma che propone Jason Karlawish<\/a>, medico ed esperto di etica, in un editoriale\u00a0sul\u00a0<em>New York Times<\/em>. \u00c8 una divagazione che mischia anche Leonard Cohen e il modo con cui festegger\u00e0 gli ottant&#8217;anni, le politiche di prevenzione sanitaria, il benessere globale della persona e varie altre cose. Un articolo molto elegante, se non altro.<\/p>\n","protected":false},"excerpt":{"rendered":"<p>Io canto il corpo elettrico Come sanno i miei vecchi amici, io sono fra coloro che sono stati colpiti dal<\/p>\n","protected":false},"author":1,"featured_media":8559,"comment_status":"open","ping_status":"open","sticky":false,"template":"","format":"standard","meta":{"_mi_skip_tracking":false,"_monsterinsights_sitenote_active":false,"_monsterinsights_sitenote_note":"","_monsterinsights_sitenote_category":0,"jetpack_post_was_ever_published":false,"_jetpack_newsletter_access":"","jetpack_publicize_message":"","jetpack_is_tweetstorm":false,"jetpack_publicize_feature_enabled":true,"jetpack_social_post_already_shared":true,"jetpack_social_options":{"image_generator_settings":{"template":"highway","enabled":false}}},"categories":[52,55,77,17,16],"tags":[],"jetpack_publicize_connections":[],"jetpack_featured_media_url":"https:\/\/i0.wp.com\/www.robertosedda.it\/wp-content\/uploads\/2014\/10\/Fulmine.jpg?fit=1200%2C675&ssl=1","jetpack_sharing_enabled":true,"jetpack_shortlink":"https:\/\/wp.me\/p4jV2T-2e2","jetpack_likes_enabled":true,"jetpack-related-posts":[{"id":11626,"url":"https:\/\/www.robertosedda.it\/?p=11626","url_meta":{"origin":8558,"position":0},"title":"Eccitazione incontenibile","author":"Rufus","date":"02\/03\/2016","format":false,"excerpt":"Molti anni fa andavo spesso a prendere il caff\u00e8 di mezza mattina col mio amico Andrea Assorgia. Lungo la strada fra l'ufficio di Andrea e la pasticceria Ecuador incontravamo spesso un cane,\u00a0un\u00a0bobtail, sderenato sul marciapiede come un tappetino. Non so se fosse un cane anziano o semplicemente incline a prendere\u2026","rel":"","context":"In &quot;Coordinate&quot;","block_context":{"text":"Coordinate","link":"https:\/\/www.robertosedda.it\/?cat=52"},"img":{"alt_text":"","src":"https:\/\/i0.wp.com\/www.robertosedda.it\/wp-content\/uploads\/2016\/03\/tesseramento.jpg?fit=857%2C1200&ssl=1&resize=350%2C200","width":350,"height":200,"srcset":"https:\/\/i0.wp.com\/www.robertosedda.it\/wp-content\/uploads\/2016\/03\/tesseramento.jpg?fit=857%2C1200&ssl=1&resize=350%2C200 1x, https:\/\/i0.wp.com\/www.robertosedda.it\/wp-content\/uploads\/2016\/03\/tesseramento.jpg?fit=857%2C1200&ssl=1&resize=700%2C400 2x"},"classes":[]},{"id":15736,"url":"https:\/\/www.robertosedda.it\/?p=15736","url_meta":{"origin":8558,"position":1},"title":"La caccia all&#8217;orso e Giulio Cesare","author":"Rufus","date":"12\/10\/2018","format":false,"excerpt":"Volevo segnalare agli anglofoni che su Slate \u00e8 appena terminata una serie di podcast intitolata Lend me your ears (\"Prestatemi orecchio\", dal discorso di Marco Antonio), che esplora il modo col quale Shakespeare si \u00e8 confrontato con la politica del suo tempo e come i suoi lettori hanno usato le\u2026","rel":"","context":"In &quot;Coordinate&quot;","block_context":{"text":"Coordinate","link":"https:\/\/www.robertosedda.it\/?cat=52"},"img":{"alt_text":"","src":"https:\/\/i0.wp.com\/www.robertosedda.it\/wp-content\/uploads\/2018\/10\/Julius-Caesar-in-the-park.jpg?fit=1200%2C773&ssl=1&resize=350%2C200","width":350,"height":200,"srcset":"https:\/\/i0.wp.com\/www.robertosedda.it\/wp-content\/uploads\/2018\/10\/Julius-Caesar-in-the-park.jpg?fit=1200%2C773&ssl=1&resize=350%2C200 1x, https:\/\/i0.wp.com\/www.robertosedda.it\/wp-content\/uploads\/2018\/10\/Julius-Caesar-in-the-park.jpg?fit=1200%2C773&ssl=1&resize=700%2C400 2x, https:\/\/i0.wp.com\/www.robertosedda.it\/wp-content\/uploads\/2018\/10\/Julius-Caesar-in-the-park.jpg?fit=1200%2C773&ssl=1&resize=1050%2C600 3x"},"classes":[]},{"id":15289,"url":"https:\/\/www.robertosedda.it\/?p=15289","url_meta":{"origin":8558,"position":2},"title":"Datevi al baseball. O alla politica","author":"Rufus","date":"29\/05\/2018","format":false,"excerpt":"Citazioni (non) intramontabili Una delle mie citazioni preferite di Brecht fa, pi\u00f9 o meno, Quali tempi son questi, quando un dialogo sugli alberi\u00a0\u00e8 quasi un delitto perch\u00e9 su troppe stragi comporta il silenzio! Nel caso specifico il dialogo sugli alberi era un genere di poesia bucolica, e il combattivo Bertolt\u2026","rel":"","context":"In &quot;Coordinate&quot;","block_context":{"text":"Coordinate","link":"https:\/\/www.robertosedda.it\/?cat=52"},"img":{"alt_text":"","src":"https:\/\/i0.wp.com\/www.robertosedda.it\/wp-content\/uploads\/2018\/05\/Sono-vietate-le-discussioni-politiche.jpg?fit=966%2C212&ssl=1&resize=350%2C200","width":350,"height":200,"srcset":"https:\/\/i0.wp.com\/www.robertosedda.it\/wp-content\/uploads\/2018\/05\/Sono-vietate-le-discussioni-politiche.jpg?fit=966%2C212&ssl=1&resize=350%2C200 1x, https:\/\/i0.wp.com\/www.robertosedda.it\/wp-content\/uploads\/2018\/05\/Sono-vietate-le-discussioni-politiche.jpg?fit=966%2C212&ssl=1&resize=700%2C400 2x"},"classes":[]},{"id":18217,"url":"https:\/\/www.robertosedda.it\/?p=18217","url_meta":{"origin":8558,"position":3},"title":"Il grande amore del suo cuore","author":"Rufus","date":"21\/07\/2020","format":false,"excerpt":"Tempo fa mi \u00e8 capitato di imbattermi nel Racconto di marzo di Neil Gaiman. \u00c8 un racconto brevissimo, e fa parte di un progetto collaborativo col pubblico sponsorizzato da Blackberry anni fa. Al tempo Gaiman ha scritto una serie di tweet, uno per ogni mese, facendo delle domande ai lettori:\u2026","rel":"","context":"In &quot;Cappe e spade&quot;","block_context":{"text":"Cappe e spade","link":"https:\/\/www.robertosedda.it\/?cat=70"},"img":{"alt_text":"","src":"https:\/\/i0.wp.com\/www.robertosedda.it\/wp-content\/uploads\/2020\/07\/March-tale-inspiration.png?fit=445%2C406&ssl=1&resize=350%2C200","width":350,"height":200},"classes":[]},{"id":14445,"url":"https:\/\/www.robertosedda.it\/?p=14445","url_meta":{"origin":8558,"position":4},"title":"Alla fine \u00e8 sempre questione di sesso","author":"Rufus","date":"27\/12\/2017","format":"video","excerpt":"Lola Darling (Spike Lee, USA 1986) Ho visto nella notte di Natale Lola Darling (o meglio, nel titolo originale: She's gotta have it, che in italiano sarebbe qualcosa tipo: \"Prima o poi a quella glielo daranno\", o: \"se lo prender\u00e0\"), opera prima di Spike Lee del 1986. Forse voi pensavate\u2026","rel":"","context":"In &quot;Coordinate&quot;","block_context":{"text":"Coordinate","link":"https:\/\/www.robertosedda.it\/?cat=52"},"img":{"alt_text":"","src":"https:\/\/i0.wp.com\/www.robertosedda.it\/wp-content\/uploads\/2017\/12\/Lola-Darling.jpg?fit=600%2C316&ssl=1&resize=350%2C200","width":350,"height":200},"classes":[]},{"id":13832,"url":"https:\/\/www.robertosedda.it\/?p=13832","url_meta":{"origin":8558,"position":5},"title":"Nessuna piet\u00e0, siamo inglesi","author":"Rufus","date":"09\/06\/2017","format":false,"excerpt":"Stanotte, lo confesso, ho fatto le ore piccole per seguire le elezioni inglesi. Quando sono andato a dormire, peraltro, Corbyn era in testa di due punti percentuali e una decina di seggi: facile dire che questo dipendeva dalla particolare conformazione politica e demografica dei collegi\u00a0scrutinati fino a quel momento; stamattina,\u2026","rel":"","context":"In &quot;Antropologia&quot;","block_context":{"text":"Antropologia","link":"https:\/\/www.robertosedda.it\/?cat=97"},"img":{"alt_text":"","src":"https:\/\/i0.wp.com\/www.robertosedda.it\/wp-content\/uploads\/2017\/06\/Scalpare.jpg?fit=1024%2C718&ssl=1&resize=350%2C200","width":350,"height":200,"srcset":"https:\/\/i0.wp.com\/www.robertosedda.it\/wp-content\/uploads\/2017\/06\/Scalpare.jpg?fit=1024%2C718&ssl=1&resize=350%2C200 1x, https:\/\/i0.wp.com\/www.robertosedda.it\/wp-content\/uploads\/2017\/06\/Scalpare.jpg?fit=1024%2C718&ssl=1&resize=700%2C400 2x"},"classes":[]}],"_links":{"self":[{"href":"https:\/\/www.robertosedda.it\/index.php?rest_route=\/wp\/v2\/posts\/8558"}],"collection":[{"href":"https:\/\/www.robertosedda.it\/index.php?rest_route=\/wp\/v2\/posts"}],"about":[{"href":"https:\/\/www.robertosedda.it\/index.php?rest_route=\/wp\/v2\/types\/post"}],"author":[{"embeddable":true,"href":"https:\/\/www.robertosedda.it\/index.php?rest_route=\/wp\/v2\/users\/1"}],"replies":[{"embeddable":true,"href":"https:\/\/www.robertosedda.it\/index.php?rest_route=%2Fwp%2Fv2%2Fcomments&post=8558"}],"version-history":[{"count":10,"href":"https:\/\/www.robertosedda.it\/index.php?rest_route=\/wp\/v2\/posts\/8558\/revisions"}],"predecessor-version":[{"id":8586,"href":"https:\/\/www.robertosedda.it\/index.php?rest_route=\/wp\/v2\/posts\/8558\/revisions\/8586"}],"wp:featuredmedia":[{"embeddable":true,"href":"https:\/\/www.robertosedda.it\/index.php?rest_route=\/wp\/v2\/media\/8559"}],"wp:attachment":[{"href":"https:\/\/www.robertosedda.it\/index.php?rest_route=%2Fwp%2Fv2%2Fmedia&parent=8558"}],"wp:term":[{"taxonomy":"category","embeddable":true,"href":"https:\/\/www.robertosedda.it\/index.php?rest_route=%2Fwp%2Fv2%2Fcategories&post=8558"},{"taxonomy":"post_tag","embeddable":true,"href":"https:\/\/www.robertosedda.it\/index.php?rest_route=%2Fwp%2Fv2%2Ftags&post=8558"}],"curies":[{"name":"wp","href":"https:\/\/api.w.org\/{rel}","templated":true}]}}