{"id":8547,"date":"2014-10-02T16:21:32","date_gmt":"2014-10-02T14:21:32","guid":{"rendered":"http:\/\/www.robertosedda.it\/?p=8547"},"modified":"2014-11-14T13:05:46","modified_gmt":"2014-11-14T12:05:46","slug":"passu-passu","status":"publish","type":"post","link":"https:\/\/www.robertosedda.it\/?p=8547","title":{"rendered":"Passu passu"},"content":{"rendered":"<p>Sul <a title=\"Camminando si apre cammino\" href=\"http:\/\/www.robertosedda.it\/?p=556\">camminare<\/a> e sul lavoro di\u00a0<em>Stalker<\/em> o di\u00a0<em>Osservatorio Nomade<\/em>\u00a0&#8211; <a title=\"Geografie transumanti\" href=\"http:\/\/www.robertosedda.it\/?p=1181\">o comunque su quello stile<\/a> &#8211; ho gi\u00e0 scritto altre volte qui sul\u00a0<em>blog<\/em>.<\/p>\n<p>La cosa interessante \u00e8 che adesso l&#8217;<a href=\"http:\/\/it.wikipedia.org\/wiki\/Stalker\/Osservatorio_Nomade\">esperienza di\u00a0<em>Stalker<\/em><\/a> sbarca direttamente a Cagliari, tramite la proposta organizzata da\u00a0un gruppo di artisti cagliaritani raccolti nella sigla di\u00a0<em>Passu passu<\/em>, \u00abprogetto itinerante di esplorazione urbana\u00a0che si propone di scoprire nuovi scorci e punti di vista sulla citt\u00e0 di Cagliari\u00bb.<\/p>\n<p><a href=\"https:\/\/i0.wp.com\/www.robertosedda.it\/wp-content\/uploads\/2014\/10\/Passu-Passu.jpg\"><img data-attachment-id=\"8548\" data-permalink=\"https:\/\/www.robertosedda.it\/?attachment_id=8548\" data-orig-file=\"https:\/\/i0.wp.com\/www.robertosedda.it\/wp-content\/uploads\/2014\/10\/Passu-Passu.jpg?fit=1020%2C299&amp;ssl=1\" data-orig-size=\"1020,299\" data-comments-opened=\"1\" data-image-meta=\"{&quot;aperture&quot;:&quot;0&quot;,&quot;credit&quot;:&quot;&quot;,&quot;camera&quot;:&quot;&quot;,&quot;caption&quot;:&quot;&quot;,&quot;created_timestamp&quot;:&quot;0&quot;,&quot;copyright&quot;:&quot;&quot;,&quot;focal_length&quot;:&quot;0&quot;,&quot;iso&quot;:&quot;0&quot;,&quot;shutter_speed&quot;:&quot;0&quot;,&quot;title&quot;:&quot;&quot;,&quot;orientation&quot;:&quot;0&quot;}\" data-image-title=\"Passu Passu\" data-image-description=\"\" data-image-caption=\"\" data-medium-file=\"https:\/\/i0.wp.com\/www.robertosedda.it\/wp-content\/uploads\/2014\/10\/Passu-Passu.jpg?fit=300%2C87&amp;ssl=1\" data-large-file=\"https:\/\/i0.wp.com\/www.robertosedda.it\/wp-content\/uploads\/2014\/10\/Passu-Passu.jpg?fit=510%2C149&amp;ssl=1\" decoding=\"async\" loading=\"lazy\" class=\"aligncenter size-full wp-image-8548\" src=\"https:\/\/i0.wp.com\/www.robertosedda.it\/wp-content\/uploads\/2014\/10\/Passu-Passu.jpg?resize=800%2C235\" alt=\"Passu Passu\" width=\"800\" height=\"235\" srcset=\"https:\/\/i0.wp.com\/www.robertosedda.it\/wp-content\/uploads\/2014\/10\/Passu-Passu.jpg?w=1020&amp;ssl=1 1020w, https:\/\/i0.wp.com\/www.robertosedda.it\/wp-content\/uploads\/2014\/10\/Passu-Passu.jpg?resize=150%2C43&amp;ssl=1 150w, https:\/\/i0.wp.com\/www.robertosedda.it\/wp-content\/uploads\/2014\/10\/Passu-Passu.jpg?resize=300%2C87&amp;ssl=1 300w, https:\/\/i0.wp.com\/www.robertosedda.it\/wp-content\/uploads\/2014\/10\/Passu-Passu.jpg?resize=510%2C149&amp;ssl=1 510w, https:\/\/i0.wp.com\/www.robertosedda.it\/wp-content\/uploads\/2014\/10\/Passu-Passu.jpg?resize=700%2C205&amp;ssl=1 700w, https:\/\/i0.wp.com\/www.robertosedda.it\/wp-content\/uploads\/2014\/10\/Passu-Passu.jpg?resize=50%2C14&amp;ssl=1 50w\" sizes=\"(max-width: 800px) 100vw, 800px\" data-recalc-dims=\"1\" \/><\/a>La cosa ha <a href=\"http:\/\/passupassu.wordpress.com\/\">un suo sito molto interessante<\/a> e trasudante suggestioni\u00a0culturali davvero di qualit\u00e0\u00a0peraltro,\u00a0<em>\u00e7a va sans dire<\/em> essendo fatto da architetti, di difficilissima navigazione. Per\u00f2 (molto) interessante. Per\u00f2 un po&#8217; (molto) frustrante: quindi segnalo anche <a href=\"https:\/\/www.facebook.com\/passupassupassu\/timeline\">la pagina\u00a0<em>Facebook<\/em><\/a>\u00a0e riporto qui sotto le date e il tema delle camminate: ho perso la prima ma cercher\u00f2 di fare almeno le altre.<\/p>\n<p>Da quel che mi pare capire non \u00e8 necessario preiscriversi, ma mi sembra quanto meno opportuno\u00a0inviare una mail di preavviso tramite il sito. Valgono poi le usuali avvertenze: scarpe comode ai piedi e testa libera.<\/p>\n<blockquote><p>Vogliamo camminare e riflettere sui confini della citt\u00e0, per riappropriarci dei luoghi, per costruire un\u2019interazione viva con limiti e frontiere simboliche. Invitiamo chiunque voglia unirsi a questo cammino affinch\u00e9 diventi un percorso collettivo che possa tradursi in un\u2019opera d\u2019arte. Nelle camminate lasceremo delle tracce di passaggio, raccoglieremo storie e suggestioni che trasformeremo in un di<span class=\"text_exposed_show\">pinto finale sul pavimento: una grande mappa nel centro della citt\u00e0 che racconti e lasci un segno di questa esperienza.<\/span><\/p>\n<p>Lo faremo in tre giornate, 3 itinerari diversi che vogliono abbracciare il Golfo di Cagliari e rileggere il rapporto che questa citt\u00e0 ha con il suo mare, che si manifesta spesso per singoli frammenti.<\/p>\n<p>Il camminare che proponiamo vuole essere esplorazione e connessione di quei frammenti attraverso percorsi di senso collettivi che si arricchiranno di storie, voci e narrazioni raccolti lungo la strada.<\/p>\n<p><strong>Le Camminate<\/strong><\/p>\n<p>La citt\u00e0 prosciugata<br \/>\nSabato 27 settembre, ore 10<br \/>\nFaro Calamosca \u2013 Porto della citt\u00e0<\/p>\n<p>La citt\u00e0 bucata<br \/>\nSabato 4 Ottobre, ore 10<br \/>\nMercato di via Quirra-Traversa I\u00a0Elmas<\/p>\n<p>La citt\u00e0 nascosta<br \/>\nSabato 11 Ottobre, ore 10<br \/>\nStazione FS \u2013 Scalo Alaggio<\/p>\n<p>La citt\u00e0 sconfinata: Il Pavimentales<br \/>\nSabato 18 Ottobre, ore 10<br \/>\nRealizzazione dell\u2019opera collettiva \u201cPavimentales\u201d a cura di Massimo Congiu, <em>Stalker\/On<\/em>, <em>Scambiare<\/em>, <em>L\u2019ambulante<\/em> e tutti i partecipanti alle camminate.<\/p><\/blockquote>\n","protected":false},"excerpt":{"rendered":"<p>Sul camminare e sul lavoro di\u00a0Stalker o di\u00a0Osservatorio Nomade\u00a0&#8211; o comunque su quello stile &#8211; ho gi\u00e0 scritto altre volte<\/p>\n","protected":false},"author":1,"featured_media":8548,"comment_status":"open","ping_status":"open","sticky":false,"template":"","format":"standard","meta":{"_mi_skip_tracking":false,"_monsterinsights_sitenote_active":false,"_monsterinsights_sitenote_note":"","_monsterinsights_sitenote_category":0,"jetpack_post_was_ever_published":false,"_jetpack_newsletter_access":"","jetpack_publicize_message":"","jetpack_is_tweetstorm":false,"jetpack_publicize_feature_enabled":true,"jetpack_social_post_already_shared":true,"jetpack_social_options":{"image_generator_settings":{"template":"highway","enabled":false}}},"categories":[52,49,55,77,12],"tags":[],"jetpack_publicize_connections":[],"jetpack_featured_media_url":"https:\/\/i0.wp.com\/www.robertosedda.it\/wp-content\/uploads\/2014\/10\/Passu-Passu.jpg?fit=1020%2C299&ssl=1","jetpack_sharing_enabled":true,"jetpack_shortlink":"https:\/\/wp.me\/p4jV2T-2dR","jetpack_likes_enabled":true,"jetpack-related-posts":[{"id":8189,"url":"https:\/\/www.robertosedda.it\/?p=8189","url_meta":{"origin":8547,"position":0},"title":"Quegli stalker sul mio sito","author":"Rufus","date":"11\/08\/2014","format":false,"excerpt":"Ho iniziato a pubblicare articoli sul blog a settembre 2012, quindi ogni anno quando arriva agosto mi guardo un po' le statistiche che Google e Wordpress mi mettono a disposizione. Ovviamente non \u00e8 che tenga il blog per raggiungere la notoriet\u00e0 mondiale, vendere pubblicit\u00e0 e diventare ricco sfondato, quindi l'attenzione\u2026","rel":"","context":"In &quot;Coordinate&quot;","block_context":{"text":"Coordinate","link":"https:\/\/www.robertosedda.it\/?cat=52"},"img":{"alt_text":"","src":"https:\/\/i0.wp.com\/www.robertosedda.it\/wp-content\/uploads\/2013\/12\/Katniss-Everdeen.jpg?fit=434%2C600&ssl=1&resize=350%2C200","width":350,"height":200},"classes":[]},{"id":7606,"url":"https:\/\/www.robertosedda.it\/?p=7606","url_meta":{"origin":8547,"position":1},"title":"Cose interessanti (e meno) a &#8220;Leggendo Metropolitano&#8221; (di festival &#8211; 3)","author":"Rufus","date":"05\/06\/2014","format":false,"excerpt":"Sono tornato ieri con Maria Bonaria a\u00a0Leggendo Metropolitano, dove\u00a0l'anno scorso avevo sentito Bruce Sterling e Paolo Nespoli. L'anno scorso c'ero capitato per caso, quest'anno mi sono studiato il programma in anticipo (e ne ho pure parlato nell'ultima puntata di\u00a0Oggi parliamo di libri, che non ho per\u00f2 ancora\u00a0pubblicato qui sul blog)\u2026","rel":"","context":"In &quot;Coordinate&quot;","block_context":{"text":"Coordinate","link":"https:\/\/www.robertosedda.it\/?cat=52"},"img":{"alt_text":"","src":"https:\/\/i0.wp.com\/www.robertosedda.it\/wp-content\/uploads\/2014\/06\/2014-06-04-20.06.13.jpg?fit=1200%2C900&ssl=1&resize=350%2C200","width":350,"height":200,"srcset":"https:\/\/i0.wp.com\/www.robertosedda.it\/wp-content\/uploads\/2014\/06\/2014-06-04-20.06.13.jpg?fit=1200%2C900&ssl=1&resize=350%2C200 1x, https:\/\/i0.wp.com\/www.robertosedda.it\/wp-content\/uploads\/2014\/06\/2014-06-04-20.06.13.jpg?fit=1200%2C900&ssl=1&resize=700%2C400 2x, https:\/\/i0.wp.com\/www.robertosedda.it\/wp-content\/uploads\/2014\/06\/2014-06-04-20.06.13.jpg?fit=1200%2C900&ssl=1&resize=1050%2C600 3x"},"classes":[]},{"id":4717,"url":"https:\/\/www.robertosedda.it\/?p=4717","url_meta":{"origin":8547,"position":2},"title":"Giochi di ruolo di giovani d&#8217;altri tempi","author":"Rufus","date":"17\/10\/2013","format":false,"excerpt":"Racconto a mia madre che sto leggendo La Gerusalemme liberata. \u00abChe bello\u00bb, mi dice, \u00abma allora devi leggere l'Orlando furioso\u00bb. La cosa spinge mia madre a ricordarsi dei suoi trascorsi scolastici. Non so perch\u00e9 ma di Tasso non ha un buon ricordo, Ariosto invece \u00e8 la sua passione. Poi mi\u2026","rel":"","context":"In &quot;Coordinate&quot;","block_context":{"text":"Coordinate","link":"https:\/\/www.robertosedda.it\/?cat=52"},"img":{"alt_text":"","src":"","width":0,"height":0},"classes":[]},{"id":1181,"url":"https:\/\/www.robertosedda.it\/?p=1181","url_meta":{"origin":8547,"position":3},"title":"Geografie transumanti","author":"Rufus","date":"29\/10\/2012","format":false,"excerpt":"Segnalo che nel prossimo fine settimana a Olzai chi \u00e8 interessato avr\u00e0 la possibilit\u00e0 di provare di persona l'esperienza di\u00a0riconoscere un territorio camminandoci dentro. \u00c8 un workshop che conduce Francesco Careri, docente di Arti Civiche a RomaTre, esponente del gruppo Stalker e... molte altre cose, fra cui essere uno dei\u2026","rel":"","context":"In &quot;Coordinate&quot;","block_context":{"text":"Coordinate","link":"https:\/\/www.robertosedda.it\/?cat=52"},"img":{"alt_text":"","src":"https:\/\/i0.wp.com\/www.robertosedda.it\/wp-content\/uploads\/2012\/10\/careri.jpg?fit=1195%2C1190&ssl=1&resize=350%2C200","width":350,"height":200,"srcset":"https:\/\/i0.wp.com\/www.robertosedda.it\/wp-content\/uploads\/2012\/10\/careri.jpg?fit=1195%2C1190&ssl=1&resize=350%2C200 1x, https:\/\/i0.wp.com\/www.robertosedda.it\/wp-content\/uploads\/2012\/10\/careri.jpg?fit=1195%2C1190&ssl=1&resize=700%2C400 2x, https:\/\/i0.wp.com\/www.robertosedda.it\/wp-content\/uploads\/2012\/10\/careri.jpg?fit=1195%2C1190&ssl=1&resize=1050%2C600 3x"},"classes":[]},{"id":4958,"url":"https:\/\/www.robertosedda.it\/?p=4958","url_meta":{"origin":8547,"position":4},"title":"Gente che dovrebbe partecipare a Scirarindi","author":"Rufus","date":"07\/11\/2013","format":false,"excerpt":"I prossimi 30 novembre e 1 dicembre ci sar\u00e0 a Cagliari\u00a0la terza edizione del festival di Scirarindi, la pi\u00f9 importante rassegna, fiera, momento culturale sulla sostenibilit\u00e0 (e sul benessere olistico) che ci sia in Sardegna, con migliaia di ingressi e centinaia di espositori. Forse prima dell'estate il tentativo di esportare\u2026","rel":"","context":"In &quot;Coordinate&quot;","block_context":{"text":"Coordinate","link":"https:\/\/www.robertosedda.it\/?cat=52"},"img":{"alt_text":"","src":"https:\/\/i0.wp.com\/www.robertosedda.it\/wp-content\/uploads\/2013\/11\/LOCANDINAweb_2013_preview.jpg?fit=320%2C454&ssl=1&resize=350%2C200","width":350,"height":200},"classes":[]},{"id":9537,"url":"https:\/\/www.robertosedda.it\/?p=9537","url_meta":{"origin":8547,"position":5},"title":"&#8220;Canti di strada&#8221;: io ci vado","author":"Rufus","date":"05\/02\/2015","format":false,"excerpt":"Solo una breve segnalazione per ricordare l'apertura, al MAN di Nuoro, della mostra Canto di strada, per la cui presentazione rubo dalla pagina del museo: Frutto di un dialogo ideale scaturito dalla condivisione di una concezione del cammino come motore di esperienze artistiche, la mostra, a cura di Lorenzo Giusti,\u2026","rel":"","context":"In &quot;Coordinate&quot;","block_context":{"text":"Coordinate","link":"https:\/\/www.robertosedda.it\/?cat=52"},"img":{"alt_text":"","src":"https:\/\/i0.wp.com\/www.robertosedda.it\/wp-content\/uploads\/2015\/02\/Canto-di-strada-MAN-Nuoro.jpg?fit=1200%2C370&ssl=1&resize=350%2C200","width":350,"height":200,"srcset":"https:\/\/i0.wp.com\/www.robertosedda.it\/wp-content\/uploads\/2015\/02\/Canto-di-strada-MAN-Nuoro.jpg?fit=1200%2C370&ssl=1&resize=350%2C200 1x, https:\/\/i0.wp.com\/www.robertosedda.it\/wp-content\/uploads\/2015\/02\/Canto-di-strada-MAN-Nuoro.jpg?fit=1200%2C370&ssl=1&resize=700%2C400 2x, https:\/\/i0.wp.com\/www.robertosedda.it\/wp-content\/uploads\/2015\/02\/Canto-di-strada-MAN-Nuoro.jpg?fit=1200%2C370&ssl=1&resize=1050%2C600 3x"},"classes":[]}],"_links":{"self":[{"href":"https:\/\/www.robertosedda.it\/index.php?rest_route=\/wp\/v2\/posts\/8547"}],"collection":[{"href":"https:\/\/www.robertosedda.it\/index.php?rest_route=\/wp\/v2\/posts"}],"about":[{"href":"https:\/\/www.robertosedda.it\/index.php?rest_route=\/wp\/v2\/types\/post"}],"author":[{"embeddable":true,"href":"https:\/\/www.robertosedda.it\/index.php?rest_route=\/wp\/v2\/users\/1"}],"replies":[{"embeddable":true,"href":"https:\/\/www.robertosedda.it\/index.php?rest_route=%2Fwp%2Fv2%2Fcomments&post=8547"}],"version-history":[{"count":2,"href":"https:\/\/www.robertosedda.it\/index.php?rest_route=\/wp\/v2\/posts\/8547\/revisions"}],"predecessor-version":[{"id":8869,"href":"https:\/\/www.robertosedda.it\/index.php?rest_route=\/wp\/v2\/posts\/8547\/revisions\/8869"}],"wp:featuredmedia":[{"embeddable":true,"href":"https:\/\/www.robertosedda.it\/index.php?rest_route=\/wp\/v2\/media\/8548"}],"wp:attachment":[{"href":"https:\/\/www.robertosedda.it\/index.php?rest_route=%2Fwp%2Fv2%2Fmedia&parent=8547"}],"wp:term":[{"taxonomy":"category","embeddable":true,"href":"https:\/\/www.robertosedda.it\/index.php?rest_route=%2Fwp%2Fv2%2Fcategories&post=8547"},{"taxonomy":"post_tag","embeddable":true,"href":"https:\/\/www.robertosedda.it\/index.php?rest_route=%2Fwp%2Fv2%2Ftags&post=8547"}],"curies":[{"name":"wp","href":"https:\/\/api.w.org\/{rel}","templated":true}]}}