{"id":8500,"date":"2014-09-30T19:42:48","date_gmt":"2014-09-30T17:42:48","guid":{"rendered":"http:\/\/www.robertosedda.it\/?p=8500"},"modified":"2017-03-22T11:06:06","modified_gmt":"2017-03-22T10:06:06","slug":"dieci-fumetti-da-leggere-almeno-una-volta-nella-vita","status":"publish","type":"post","link":"https:\/\/www.robertosedda.it\/?p=8500","title":{"rendered":"Dieci fumetti da leggere almeno una volta nella vita"},"content":{"rendered":"<p>Il mio amico Giovanni Piredda, copiando un&#8217;idea di un altro comune amico, <a href=\"http:\/\/www.facebook.com\/graziano.montanini\">Graziano Montanini<\/a>, mi ha inserito in quella che lui ritiene <a href=\"http:\/\/www.facebook.com\/pireddag\/posts\/10204910151898565\">la catena definitiva<\/a>, nella quale mi tocca di indicare dieci fumetti &#8220;che\u00a0si dovrebbe provare a leggere&#8221;.<\/p>\n<p>Per essere una catena (in realt\u00e0 finta, fintissima, perch\u00e9 non va avanti in nessun modo) la domanda \u00e8 molto interessante.<\/p>\n<p>Soprattutto perch\u00e9 non ammette risposta. Ma mettiamoci comodi e parliamone.<\/p>\n<p><a href=\"https:\/\/i0.wp.com\/www.robertosedda.it\/wp-content\/uploads\/2014\/09\/Corto-Maltese-comodo.jpg\"><img data-attachment-id=\"8502\" data-permalink=\"https:\/\/www.robertosedda.it\/?attachment_id=8502\" data-orig-file=\"https:\/\/i0.wp.com\/www.robertosedda.it\/wp-content\/uploads\/2014\/09\/Corto-Maltese-comodo.jpg?fit=625%2C309&amp;ssl=1\" data-orig-size=\"625,309\" data-comments-opened=\"1\" data-image-meta=\"{&quot;aperture&quot;:&quot;0&quot;,&quot;credit&quot;:&quot;&quot;,&quot;camera&quot;:&quot;&quot;,&quot;caption&quot;:&quot;&quot;,&quot;created_timestamp&quot;:&quot;0&quot;,&quot;copyright&quot;:&quot;&quot;,&quot;focal_length&quot;:&quot;0&quot;,&quot;iso&quot;:&quot;0&quot;,&quot;shutter_speed&quot;:&quot;0&quot;,&quot;title&quot;:&quot;&quot;,&quot;orientation&quot;:&quot;0&quot;}\" data-image-title=\"Corto Maltese comodo\" data-image-description=\"\" data-image-caption=\"\" data-medium-file=\"https:\/\/i0.wp.com\/www.robertosedda.it\/wp-content\/uploads\/2014\/09\/Corto-Maltese-comodo.jpg?fit=300%2C148&amp;ssl=1\" data-large-file=\"https:\/\/i0.wp.com\/www.robertosedda.it\/wp-content\/uploads\/2014\/09\/Corto-Maltese-comodo.jpg?fit=510%2C252&amp;ssl=1\" decoding=\"async\" loading=\"lazy\" class=\"aligncenter size-full wp-image-8502\" src=\"https:\/\/i0.wp.com\/www.robertosedda.it\/wp-content\/uploads\/2014\/09\/Corto-Maltese-comodo.jpg?resize=625%2C309\" alt=\"Corto Maltese comodo\" width=\"625\" height=\"309\" srcset=\"https:\/\/i0.wp.com\/www.robertosedda.it\/wp-content\/uploads\/2014\/09\/Corto-Maltese-comodo.jpg?w=625&amp;ssl=1 625w, https:\/\/i0.wp.com\/www.robertosedda.it\/wp-content\/uploads\/2014\/09\/Corto-Maltese-comodo.jpg?resize=150%2C74&amp;ssl=1 150w, https:\/\/i0.wp.com\/www.robertosedda.it\/wp-content\/uploads\/2014\/09\/Corto-Maltese-comodo.jpg?resize=300%2C148&amp;ssl=1 300w, https:\/\/i0.wp.com\/www.robertosedda.it\/wp-content\/uploads\/2014\/09\/Corto-Maltese-comodo.jpg?resize=510%2C252&amp;ssl=1 510w, https:\/\/i0.wp.com\/www.robertosedda.it\/wp-content\/uploads\/2014\/09\/Corto-Maltese-comodo.jpg?resize=50%2C24&amp;ssl=1 50w\" sizes=\"(max-width: 625px) 100vw, 625px\" data-recalc-dims=\"1\" \/><\/a>Le persone che vanno dalla mia generazione a quelle dell&#8217;et\u00e0 di Giovanni e fino pi\u00f9 o meno ai trentenni attuali hanno\u00a0normalmente le competenze sufficienti a leggere e comprendere una narrazione grafica sequenziale (cio\u00e8: un fumetto), nel senso che fin da piccoli ci sono passati per le mani\u00a0<em>Topolino<\/em> o\u00a0<em>Il Giornalino<\/em> o gli albetti per ragazzi e dopo probabilmente abbiamo letto almeno\u00a0uno dei\u00a0<i>bonellidi o un<\/i><em>\u00a0Diabolik<\/em> o qualche fumetto di supereroi.<\/p>\n<p>Non \u00e8 una competenza scontata per i ventenni, che sono molto pi\u00f9 abituati a narrazioni grafiche in movimento, ma per noi la capacit\u00e0 di maneggiare, leggere e comprendere un fumetto si pu\u00f2 dare per scontata, cos\u00ec come una certa conoscenza di base di generi e pubblicazioni.<\/p>\n<p>Quello che non \u00e8 scontato \u00e8 che i fumetti ci <em>piacciano<\/em>. C&#8217;\u00e8 un sacco di gente, intanto, che non legge fumetti: legge\u00a0<em>un\u00a0<\/em> tipo di fumetto<em>.\u00a0<\/em>Ci sono quelli che leggono solo\u00a0<em>Tex<\/em> e trovano che i\u00a0<em>manga<\/em> siano stupidi e disegnati male; ci sono quelli che leggono solo il fumetto d&#8217;autore, qualunque cosa questo voglia dire, e disprezzano il fumetto &#8220;popolare&#8221;, quelli che solo i\u00a0<em>manga<\/em> sono abbastanza moderni, quelli che seguono solo la <em>Marvel<\/em>\u00a0e cos\u00ec via. A tutti questi consigliare un fumetto &#8220;che si dovrebbe leggere&#8221; non ha molto senso, a meno che non sia del loro genere preferito.<\/p>\n<p>E poi ci sono quelli che non leggono proprio fumetti: passata l&#8217;infanzia hanno smesso e non si sognerebbero mai di ricominciare, mica sono ragazzini, loro.<\/p>\n<p><a href=\"https:\/\/i0.wp.com\/www.robertosedda.it\/wp-content\/uploads\/2014\/09\/Sergio-Toppi.jpg\"><img data-attachment-id=\"8512\" data-permalink=\"https:\/\/www.robertosedda.it\/?attachment_id=8512\" data-orig-file=\"https:\/\/i0.wp.com\/www.robertosedda.it\/wp-content\/uploads\/2014\/09\/Sergio-Toppi.jpg?fit=201%2C251&amp;ssl=1\" data-orig-size=\"201,251\" data-comments-opened=\"1\" data-image-meta=\"{&quot;aperture&quot;:&quot;0&quot;,&quot;credit&quot;:&quot;&quot;,&quot;camera&quot;:&quot;&quot;,&quot;caption&quot;:&quot;&quot;,&quot;created_timestamp&quot;:&quot;0&quot;,&quot;copyright&quot;:&quot;&quot;,&quot;focal_length&quot;:&quot;0&quot;,&quot;iso&quot;:&quot;0&quot;,&quot;shutter_speed&quot;:&quot;0&quot;,&quot;title&quot;:&quot;&quot;,&quot;orientation&quot;:&quot;0&quot;}\" data-image-title=\"Sergio Toppi\" data-image-description=\"\" data-image-caption=\"\" data-medium-file=\"https:\/\/i0.wp.com\/www.robertosedda.it\/wp-content\/uploads\/2014\/09\/Sergio-Toppi.jpg?fit=201%2C251&amp;ssl=1\" data-large-file=\"https:\/\/i0.wp.com\/www.robertosedda.it\/wp-content\/uploads\/2014\/09\/Sergio-Toppi.jpg?fit=201%2C251&amp;ssl=1\" decoding=\"async\" loading=\"lazy\" class=\"alignright size-full wp-image-8512\" src=\"https:\/\/i0.wp.com\/www.robertosedda.it\/wp-content\/uploads\/2014\/09\/Sergio-Toppi.jpg?resize=201%2C251\" alt=\"Sergio Toppi\" width=\"201\" height=\"251\" srcset=\"https:\/\/i0.wp.com\/www.robertosedda.it\/wp-content\/uploads\/2014\/09\/Sergio-Toppi.jpg?w=201&amp;ssl=1 201w, https:\/\/i0.wp.com\/www.robertosedda.it\/wp-content\/uploads\/2014\/09\/Sergio-Toppi.jpg?resize=120%2C150&amp;ssl=1 120w, https:\/\/i0.wp.com\/www.robertosedda.it\/wp-content\/uploads\/2014\/09\/Sergio-Toppi.jpg?resize=40%2C50&amp;ssl=1 40w\" sizes=\"(max-width: 201px) 100vw, 201px\" data-recalc-dims=\"1\" \/><\/a>Come per i libri, leggere fumetti \u00e8 un piacere, non un obbligo. Se uno non legge non lo puoi obbligare dicendo che cos\u00ec si accultura, aumenta le sue conoscenze, non puoi non aver mai letto <em>Little Nemo<\/em> nell&#8217;edizione originale\u00a0e cose del genere: se proprio lo obblighi\u00a0probabilmente si annoier\u00e0 a morte e finir\u00e0 che i fumetti gli piaceranno ancor meno.<\/p>\n<p>Tutto questo taglia fuori una bella fetta di gente alla quale indirizzare il consiglio. E se invece uno legge gi\u00e0 fumetti probabilmente quelli che gli puoi consigliare li ha gi\u00e0 letti comunque, se \u00e8 uno mediamente appassionato, e quindi l&#8217;elenco ha solo valore dimostrativo, di far vedere quanto ne capisce quello che l&#8217;ha redatto, ma per il resto \u00e8 del tutto inutile.<\/p>\n<p>L&#8217;unico a cui una lista come quella che mi chiede Giovanni pu\u00f2 interessare \u00e8 uno che per vari motivi ha smesso di leggere fumetti ma ha mantenuto curiosit\u00e0 e apertura mentale e vuole riprendere, o qualcuno che sinora ha letto solo un genere ma desidera di pi\u00f9.<\/p>\n<p>E qui interviene un&#8217;altra difficolt\u00e0.<\/p>\n<p>Rispetto al resto dell&#8217;editoria il mondo del fumetto \u00e8 contraddistinto da un volatilit\u00e0\u00a0molto maggiore: \u00e8 sempre possibile trovare in giro un&#8217;edizione di\u00a0<em>Guerra e pace<\/em>, diciamo, molto meno scontato che una fumetteria, anche fornita, abbia\u00a0il <em>Topolino<\/em> di Gottfredson.<\/p>\n<p><a href=\"https:\/\/i0.wp.com\/www.robertosedda.it\/wp-content\/uploads\/2014\/09\/Topolino.jpg\"><img data-attachment-id=\"8504\" data-permalink=\"https:\/\/www.robertosedda.it\/?attachment_id=8504\" data-orig-file=\"https:\/\/i0.wp.com\/www.robertosedda.it\/wp-content\/uploads\/2014\/09\/Topolino.jpg?fit=763%2C651&amp;ssl=1\" data-orig-size=\"763,651\" data-comments-opened=\"1\" data-image-meta=\"{&quot;aperture&quot;:&quot;0&quot;,&quot;credit&quot;:&quot;&quot;,&quot;camera&quot;:&quot;&quot;,&quot;caption&quot;:&quot;&quot;,&quot;created_timestamp&quot;:&quot;0&quot;,&quot;copyright&quot;:&quot;&quot;,&quot;focal_length&quot;:&quot;0&quot;,&quot;iso&quot;:&quot;0&quot;,&quot;shutter_speed&quot;:&quot;0&quot;,&quot;title&quot;:&quot;&quot;,&quot;orientation&quot;:&quot;0&quot;}\" data-image-title=\"Topolino\" data-image-description=\"\" data-image-caption=\"\" data-medium-file=\"https:\/\/i0.wp.com\/www.robertosedda.it\/wp-content\/uploads\/2014\/09\/Topolino.jpg?fit=300%2C255&amp;ssl=1\" data-large-file=\"https:\/\/i0.wp.com\/www.robertosedda.it\/wp-content\/uploads\/2014\/09\/Topolino.jpg?fit=510%2C435&amp;ssl=1\" decoding=\"async\" loading=\"lazy\" class=\"aligncenter size-full wp-image-8504\" src=\"https:\/\/i0.wp.com\/www.robertosedda.it\/wp-content\/uploads\/2014\/09\/Topolino.jpg?resize=763%2C651\" alt=\"Topolino\" width=\"763\" height=\"651\" srcset=\"https:\/\/i0.wp.com\/www.robertosedda.it\/wp-content\/uploads\/2014\/09\/Topolino.jpg?w=763&amp;ssl=1 763w, https:\/\/i0.wp.com\/www.robertosedda.it\/wp-content\/uploads\/2014\/09\/Topolino.jpg?resize=150%2C127&amp;ssl=1 150w, https:\/\/i0.wp.com\/www.robertosedda.it\/wp-content\/uploads\/2014\/09\/Topolino.jpg?resize=300%2C255&amp;ssl=1 300w, https:\/\/i0.wp.com\/www.robertosedda.it\/wp-content\/uploads\/2014\/09\/Topolino.jpg?resize=510%2C435&amp;ssl=1 510w, https:\/\/i0.wp.com\/www.robertosedda.it\/wp-content\/uploads\/2014\/09\/Topolino.jpg?resize=700%2C597&amp;ssl=1 700w, https:\/\/i0.wp.com\/www.robertosedda.it\/wp-content\/uploads\/2014\/09\/Topolino.jpg?resize=50%2C42&amp;ssl=1 50w\" sizes=\"(max-width: 763px) 100vw, 763px\" data-recalc-dims=\"1\" \/><\/a>Molti dei fumetti &#8220;classici&#8221; sono periodicamente ristampati nelle forme pi\u00f9 varie, ma che uno specifico fumetto sia effettivamente disponibile per l&#8217;acquisto immediato non \u00e8 particolarmente probabile. E spesso sono comunque acquisti discretamente\u00a0costosi verso i quali io, che sono molto pi\u00f9 lettore che collezionista, mantengo una diffidenza inconscia particolarmente forte. In questo senso se uno mi viene a chiedere cosa leggere per allargare gli orizzonti o farsi un&#8217;idea dei fumetti mi viene pi\u00f9 spontaneo dirgli di andare in edicola o in fumetteria e fare un po&#8217; come dal verduraio: prendere, soppesare, aprire, leggiucchiare (questo dal verduraio non si pu\u00f2 fare, e anche a molti edicolanti non piace) e alla fine prendere qualcosa e, se piace, qualche altra cosa &#8211;\u00a0passati un paio di mesi di questo sistema pi\u00f9 o meno sei gi\u00e0 un esperto e comunque avrai capito cosa scegliere. Anche operazioni come quella\u00a0delle ristampe dei grandi classici fatta da <em>Repubblica<\/em> anni fa, pur con tutti i limiti editoriali che possono avere, per fini come questi sono utilissime: permettono di scoprire, giudicare e orientarsi, e perfino con una spesa accettabile.<\/p>\n<p>Fatti tutti questi discorsi un po&#8217; moraleggianti, per\u00f2, la cosa interessante \u00e8 che la domanda di Giovanni continua lo stesso a essere affascinante: uno ha\u00a0<em>comunque<\/em> voglia di rispondere e ancora prima mi viene spontaneo chiedermi quale sia la <em>logica<\/em> giusta con cui costruire l&#8217;elenco (ok: la logica giusta sarebbe quella, come ho detto, di andare in edicola e scegliere le dieci copertine pi\u00f9 intriganti, ma ci capiamo). E insomma: <em>volevo<\/em> rispondere alla domanda.<\/p>\n<p><a href=\"https:\/\/i0.wp.com\/www.robertosedda.it\/wp-content\/uploads\/2013\/12\/Tex-Grande-Nord.jpg\"><img data-attachment-id=\"5391\" data-permalink=\"https:\/\/www.robertosedda.it\/?attachment_id=5391\" data-orig-file=\"https:\/\/i0.wp.com\/www.robertosedda.it\/wp-content\/uploads\/2013\/12\/Tex-Grande-Nord.jpg?fit=200%2C220&amp;ssl=1\" data-orig-size=\"200,220\" data-comments-opened=\"1\" data-image-meta=\"{&quot;aperture&quot;:&quot;0&quot;,&quot;credit&quot;:&quot;&quot;,&quot;camera&quot;:&quot;&quot;,&quot;caption&quot;:&quot;&quot;,&quot;created_timestamp&quot;:&quot;0&quot;,&quot;copyright&quot;:&quot;&quot;,&quot;focal_length&quot;:&quot;0&quot;,&quot;iso&quot;:&quot;0&quot;,&quot;shutter_speed&quot;:&quot;0&quot;,&quot;title&quot;:&quot;&quot;}\" data-image-title=\"Tex Grande Nord\" data-image-description=\"\" data-image-caption=\"\" data-medium-file=\"https:\/\/i0.wp.com\/www.robertosedda.it\/wp-content\/uploads\/2013\/12\/Tex-Grande-Nord.jpg?fit=200%2C220&amp;ssl=1\" data-large-file=\"https:\/\/i0.wp.com\/www.robertosedda.it\/wp-content\/uploads\/2013\/12\/Tex-Grande-Nord.jpg?fit=200%2C220&amp;ssl=1\" decoding=\"async\" loading=\"lazy\" class=\"alignleft size-full wp-image-5391\" src=\"https:\/\/i0.wp.com\/www.robertosedda.it\/wp-content\/uploads\/2013\/12\/Tex-Grande-Nord.jpg?resize=200%2C220\" alt=\"Tex Grande Nord\" width=\"200\" height=\"220\" srcset=\"https:\/\/i0.wp.com\/www.robertosedda.it\/wp-content\/uploads\/2013\/12\/Tex-Grande-Nord.jpg?w=200&amp;ssl=1 200w, https:\/\/i0.wp.com\/www.robertosedda.it\/wp-content\/uploads\/2013\/12\/Tex-Grande-Nord.jpg?resize=136%2C150&amp;ssl=1 136w\" sizes=\"(max-width: 200px) 100vw, 200px\" data-recalc-dims=\"1\" \/><\/a>Trovare la riposta giusta si \u00e8 rivelato pi\u00f9 difficile del previsto. Per rimanere in linea con le premesse di cui sopra volevo fumetti che potessero funzionare come porte d&#8217;ingresso verso altre letture, o rappresentativi di interi generi. Avevo pensato dapprima di indicare dei maestri, diciamo: Pratt, Trillo, Breccia <em>senior<\/em>, Bonelli <em>senior<\/em>, Stan Lee, Gottfredson, Trudeau, Eisner, Jean Giraud, Moebius, Takahashi, Watterson&#8230; ma diventava davvero difficile rimanere entro i dieci (infatti questi sono undici &#8211; rileggete bene, sono <em>undici<\/em> &#8211; e mancano Bonelli <em>junior<\/em>, Wood, Breccia <em>junior<\/em>, Moore, Pazienza, Gaiman, Toppi, Barks, Segar, Battaglia, Van Hamme, G\u014d Nagai, Alcatena, Raymond, Goscinny, Magnus, Osamu Tezuka, Milton Caniff\u00a0 e una marea di franco-belgi e di argentini e chiss\u00e0 quanti altri che mi sono dimenticato, tranne Satrapi, Spiegelmann, Manara, Claremont e Miller, la cui omissione \u00e8 <em>volontaria<\/em>) e poi era una lista un po&#8217; troppo autoriale e anche, diciamolo, un pelo datata.<\/p>\n<p>Poi ho provato a mettere i miei preferiti, ma voleva dire un po&#8217; tradire la domanda e la sfida in essa contenuta: non i fumetti che si <em>dovrebbero<\/em> leggere, ma quelli che io ho <em>letto<\/em>. E per motivi simili\u00a0&#8211; e perch\u00e9 voleva dire barare &#8211; ho scartato anche la possibilit\u00e0 di indicare\u00a0dieci fumetti in edicola in questo momento (diciamo\u00a0<em>Skorpio<\/em>,\u00a0<em>Lanciostory<\/em>, <em>Blueberry<\/em>, quattro\u00a0collane a scelta della\u00a0<em>Bonelli<\/em>, due\u00a0della\u00a0<em>Cosmo<\/em> e un <em>manga<\/em> a caso&#8230; ah, e<em> Rat-Man <\/em>ovviamente, e siamo da capo a undici).<\/p>\n<p>Alla fine e dopo altri tentativi ho elaborato l&#8217;elenco\u00a0che segue, che \u00e8 comunque datato (c&#8217;abbiamo comunque cinquant&#8217;anni, c&#8217;abbiamo) ma che mi soddisfa di pi\u00f9 e\u00a0che chiameremo:<\/p>\n<h2>Le dieci vie d&#8217;ingresso dello zio Rufus alla lettura del fumetto<\/h2>\n<p><img data-attachment-id=\"8517\" data-permalink=\"https:\/\/www.robertosedda.it\/?attachment_id=8517\" data-orig-file=\"https:\/\/i0.wp.com\/www.robertosedda.it\/wp-content\/uploads\/2014\/09\/Magnus-briganti-3.jpg?fit=207%2C300&amp;ssl=1\" data-orig-size=\"207,300\" data-comments-opened=\"1\" data-image-meta=\"{&quot;aperture&quot;:&quot;0&quot;,&quot;credit&quot;:&quot;&quot;,&quot;camera&quot;:&quot;&quot;,&quot;caption&quot;:&quot;&quot;,&quot;created_timestamp&quot;:&quot;0&quot;,&quot;copyright&quot;:&quot;&quot;,&quot;focal_length&quot;:&quot;0&quot;,&quot;iso&quot;:&quot;0&quot;,&quot;shutter_speed&quot;:&quot;0&quot;,&quot;title&quot;:&quot;&quot;,&quot;orientation&quot;:&quot;0&quot;}\" data-image-title=\"Magnus briganti 3\" data-image-description=\"\" data-image-caption=\"\" data-medium-file=\"https:\/\/i0.wp.com\/www.robertosedda.it\/wp-content\/uploads\/2014\/09\/Magnus-briganti-3.jpg?fit=207%2C300&amp;ssl=1\" data-large-file=\"https:\/\/i0.wp.com\/www.robertosedda.it\/wp-content\/uploads\/2014\/09\/Magnus-briganti-3.jpg?fit=207%2C300&amp;ssl=1\" decoding=\"async\" loading=\"lazy\" class=\"alignright size-full wp-image-8517\" src=\"https:\/\/i0.wp.com\/www.robertosedda.it\/wp-content\/uploads\/2014\/09\/Magnus-briganti-3.jpg?resize=207%2C300\" alt=\"Magnus briganti 3\" width=\"207\" height=\"300\" srcset=\"https:\/\/i0.wp.com\/www.robertosedda.it\/wp-content\/uploads\/2014\/09\/Magnus-briganti-3.jpg?w=207&amp;ssl=1 207w, https:\/\/i0.wp.com\/www.robertosedda.it\/wp-content\/uploads\/2014\/09\/Magnus-briganti-3.jpg?resize=103%2C150&amp;ssl=1 103w, https:\/\/i0.wp.com\/www.robertosedda.it\/wp-content\/uploads\/2014\/09\/Magnus-briganti-3.jpg?resize=34%2C50&amp;ssl=1 34w\" sizes=\"(max-width: 207px) 100vw, 207px\" data-recalc-dims=\"1\" \/>Avvertenza: nessuna via basta da sola. Esploratene almeno tre.<\/p>\n<p><strong>Prima via:<\/strong> <em>I briganti<\/em> di Magnus. Un maestro colto al lavoro nel momento del\u00a0possesso del massimo delle sue potenzialit\u00e0, grafiche e narrative\u00a0e una rivisitazione immaginifica di uno dei classici pi\u00f9 importanti della letteratura mondiale:\u00a0<em>I briganti<\/em>\u00a0ci ricorda la capacit\u00e0 straordinaria che il fumetto ha sempre avuto di dare sostanza e rappresentazione grafica\u00a0alle creazioni letterarie e in generale all&#8217;immaginazione.<\/p>\n<p>Se piace\u00a0<em>I briganti<\/em> c&#8217;\u00e8 tutto un mondo di trasposizioni e interpretazioni, dal\u00a0<em>Moby Dick<\/em> di Battaglia all&#8217;<em>Amleto<\/em> di De Luca alle trasposizioni\u00a0<em>horror\u00a0<\/em> di Lalia (e c&#8217;\u00e8 tutto un mondo di opere di Magnus da leggere, ma questa \u00e8 un&#8217;altra storia).<\/p>\n<p><strong>Seconda via:<\/strong> il <em>Topolino<\/em> di Gottfredson. Anche senza considerare la\u00a0qualit\u00e0 delle invenzioni grafiche, l&#8217;umorismo del racconto e il fatto che assistiamo qui alla nascita di un&#8217;icona fondamentale, io trovo\u00a0un fascino tutto particolare nelle avventure di lungo respiro narrate per\u00f2 secondo l&#8217;andamento delle\u00a0strisce giornaliere, come \u00e8 in questo caso e come \u00e8 anche nel\u00a0<em>Popeye<\/em> di Segar che non ho messo come rappresentante di questa categoria per un pelo.\u00a0La striscia giornaliera richiede un narratore capace di tenere sempre desta l&#8217;attenzione e l&#8217;abilit\u00e0 speciale di interpolare il racconto avventuroso con la <em>gag<\/em> e la battuta fulminante; in pi\u00f9 lo stretto rapporto con l&#8217;attualit\u00e0 &#8211; \u00e8 una storia che si dipana giorno dopo giorno, dopotutto &#8211; porta\u00a0<em>Topolino<\/em> e ancora di pi\u00f9\u00a0<em>Popeye<\/em> a raccontare in controluce l&#8217;America della Depressione e oltre, mostrandone cose talvolta nascoste e sorprendenti, e non \u00e8 poco.<\/p>\n<p>Per questa strada si arriva in posti inaspettati: l&#8217;elemento avventuroso, per esempio, porta dritti dritti a\u00a0<em>Tintin<\/em> e di l\u00e0 chiss\u00e0 dove; la dimensione umoristica a\u00a0<em>Asterix<\/em>; dietro Gottfredson, oltretutto, si staglia la sagoma colossale di Carl Barks e dei suoi paperi. Ma soprattutto, se vogliamo parlare di strisce giornaliere, c&#8217;\u00e8 la&#8230;<\/p>\n<p><strong><a href=\"https:\/\/i0.wp.com\/www.robertosedda.it\/wp-content\/uploads\/2014\/09\/Doonesbury-4.jpg\"><img data-attachment-id=\"8519\" data-permalink=\"https:\/\/www.robertosedda.it\/?attachment_id=8519\" data-orig-file=\"https:\/\/i0.wp.com\/www.robertosedda.it\/wp-content\/uploads\/2014\/09\/Doonesbury-4.jpg?fit=1024%2C338&amp;ssl=1\" data-orig-size=\"1024,338\" data-comments-opened=\"1\" data-image-meta=\"{&quot;aperture&quot;:&quot;0&quot;,&quot;credit&quot;:&quot;&quot;,&quot;camera&quot;:&quot;&quot;,&quot;caption&quot;:&quot;&quot;,&quot;created_timestamp&quot;:&quot;0&quot;,&quot;copyright&quot;:&quot;&quot;,&quot;focal_length&quot;:&quot;0&quot;,&quot;iso&quot;:&quot;0&quot;,&quot;shutter_speed&quot;:&quot;0&quot;,&quot;title&quot;:&quot;&quot;,&quot;orientation&quot;:&quot;0&quot;}\" data-image-title=\"Doonesbury 4\" data-image-description=\"\" data-image-caption=\"\" data-medium-file=\"https:\/\/i0.wp.com\/www.robertosedda.it\/wp-content\/uploads\/2014\/09\/Doonesbury-4.jpg?fit=300%2C99&amp;ssl=1\" data-large-file=\"https:\/\/i0.wp.com\/www.robertosedda.it\/wp-content\/uploads\/2014\/09\/Doonesbury-4.jpg?fit=510%2C168&amp;ssl=1\" decoding=\"async\" loading=\"lazy\" class=\"aligncenter size-full wp-image-8519\" src=\"https:\/\/i0.wp.com\/www.robertosedda.it\/wp-content\/uploads\/2014\/09\/Doonesbury-4.jpg?resize=800%2C264\" alt=\"Doonesbury 4\" width=\"800\" height=\"264\" srcset=\"https:\/\/i0.wp.com\/www.robertosedda.it\/wp-content\/uploads\/2014\/09\/Doonesbury-4.jpg?w=1024&amp;ssl=1 1024w, https:\/\/i0.wp.com\/www.robertosedda.it\/wp-content\/uploads\/2014\/09\/Doonesbury-4.jpg?resize=150%2C49&amp;ssl=1 150w, https:\/\/i0.wp.com\/www.robertosedda.it\/wp-content\/uploads\/2014\/09\/Doonesbury-4.jpg?resize=300%2C99&amp;ssl=1 300w, https:\/\/i0.wp.com\/www.robertosedda.it\/wp-content\/uploads\/2014\/09\/Doonesbury-4.jpg?resize=510%2C168&amp;ssl=1 510w, https:\/\/i0.wp.com\/www.robertosedda.it\/wp-content\/uploads\/2014\/09\/Doonesbury-4.jpg?resize=700%2C231&amp;ssl=1 700w, https:\/\/i0.wp.com\/www.robertosedda.it\/wp-content\/uploads\/2014\/09\/Doonesbury-4.jpg?resize=50%2C16&amp;ssl=1 50w\" sizes=\"(max-width: 800px) 100vw, 800px\" data-recalc-dims=\"1\" \/><\/a>&#8230; terza via:<\/strong>\u00a0<em>Doonesbury<\/em> di Garry Trudeau. Che differenza c&#8217;\u00e8 fra una striscia umoristica come\u00a0<em>Doonesbury<\/em> e\u00a0<em>Topolino<\/em>? Che nel primo scompare quasi del tutto la dimensione avventurosa e prevale l&#8217;accompagnamento quotidiano del lettore, con strisce che sono il contrappunto dell&#8217;esistenza e degli avvenimenti giornalieri, li commentano e li illuminano, talvolta direttamente e altre volte maggiormente in controluce. Ci sono altri fumetti con questo taglio quotidiano in cui quasi si fa amicizia coi protagonisti, ovviamente i\u00a0<em>Peanuts<\/em>, certamente\u00a0<em>Mafalda<\/em>, senza dubbio\u00a0<em>Calvin &amp; Hobbes<\/em>, che oltretutto \u00e8 molto pi\u00f9 divertente di\u00a0<em>Doonesbury<\/em>. A me piaceva anche un sacco\u00a0<em>Bloom County\/Opus<\/em> di Breathed. In Italia fra i contemporanei <em>Zero Calcare<\/em> \u00e8 straordinario e\u00a0<em>Makkox<\/em> ottimo.\u00a0Ma\u00a0<em>Doonesbury<\/em> \u00e8 ineguagliato &#8211; e ormai forse ineguagliabile &#8211; nella sua capacit\u00e0 di accompagnare il lettore americano per\u00a0<em>decenni<\/em> creando una folla di personaggi e situazioni tutti credibili, profondi, commoventi, provocatori e sempre interessanti e quindi si piazza di gran lunga al primo posto.<\/p>\n<p><strong><a href=\"https:\/\/i0.wp.com\/www.robertosedda.it\/wp-content\/uploads\/2014\/09\/Ken-Parker.jpg\"><img data-attachment-id=\"8520\" data-permalink=\"https:\/\/www.robertosedda.it\/?attachment_id=8520\" data-orig-file=\"https:\/\/i0.wp.com\/www.robertosedda.it\/wp-content\/uploads\/2014\/09\/Ken-Parker.jpg?fit=250%2C326&amp;ssl=1\" data-orig-size=\"250,326\" data-comments-opened=\"1\" data-image-meta=\"{&quot;aperture&quot;:&quot;0&quot;,&quot;credit&quot;:&quot;&quot;,&quot;camera&quot;:&quot;&quot;,&quot;caption&quot;:&quot;&quot;,&quot;created_timestamp&quot;:&quot;0&quot;,&quot;copyright&quot;:&quot;&quot;,&quot;focal_length&quot;:&quot;0&quot;,&quot;iso&quot;:&quot;0&quot;,&quot;shutter_speed&quot;:&quot;0&quot;,&quot;title&quot;:&quot;&quot;,&quot;orientation&quot;:&quot;0&quot;}\" data-image-title=\"Ken Parker\" data-image-description=\"\" data-image-caption=\"\" data-medium-file=\"https:\/\/i0.wp.com\/www.robertosedda.it\/wp-content\/uploads\/2014\/09\/Ken-Parker.jpg?fit=230%2C300&amp;ssl=1\" data-large-file=\"https:\/\/i0.wp.com\/www.robertosedda.it\/wp-content\/uploads\/2014\/09\/Ken-Parker.jpg?fit=250%2C326&amp;ssl=1\" decoding=\"async\" loading=\"lazy\" class=\"alignright size-full wp-image-8520\" src=\"https:\/\/i0.wp.com\/www.robertosedda.it\/wp-content\/uploads\/2014\/09\/Ken-Parker.jpg?resize=250%2C326\" alt=\"Ken Parker\" width=\"250\" height=\"326\" srcset=\"https:\/\/i0.wp.com\/www.robertosedda.it\/wp-content\/uploads\/2014\/09\/Ken-Parker.jpg?w=250&amp;ssl=1 250w, https:\/\/i0.wp.com\/www.robertosedda.it\/wp-content\/uploads\/2014\/09\/Ken-Parker.jpg?resize=115%2C150&amp;ssl=1 115w, https:\/\/i0.wp.com\/www.robertosedda.it\/wp-content\/uploads\/2014\/09\/Ken-Parker.jpg?resize=230%2C300&amp;ssl=1 230w, https:\/\/i0.wp.com\/www.robertosedda.it\/wp-content\/uploads\/2014\/09\/Ken-Parker.jpg?resize=38%2C50&amp;ssl=1 38w\" sizes=\"(max-width: 250px) 100vw, 250px\" data-recalc-dims=\"1\" \/><\/a>Quarta\u00a0via:<\/strong> <em>Ken Parker<\/em>. No,\u00a0<em>Tex<\/em>. No, dai\u00a0<em>Ken Parker<\/em>. Per\u00f2, hmmm,\u00a0<em>Tex<\/em>&#8230; Comunque si guardi alla questione la scuola italiana del fumetto seriale (preferisco evitare di infilarmi nelle questioni che stanno dietro la definizione di\u00a0<em>fumetto popolare<\/em>) merita di essere conosciuta: non per dovere, ma perch\u00e9 contiene tesori narrativi\u00a0e grafici.\u00a0<em>Tex<\/em> \u00e8 forse pi\u00f9 conosciuto, alla fine consiglio\u00a0<em>Ken Parker<\/em> perch\u00e9 un po&#8217; pi\u00f9 colto, un po&#8217; pi\u00f9 moderno, un po&#8217; pi\u00f9 complesso, ma certo \u00e8 stata una bella lotta nella quale sono dovuti giocoforza scomparire <em>Zagor<\/em> e i suoi fratelli, cio\u00e8 tutto il resto del mondo bonelliano e affine. Di\u00a0<em>Ken Parker<\/em> consiglio di recuperare anche le produzioni successive alla serie mensile originale, dove ci sono alcune cose al livello degli elementi migliori della serie.\u00a0<em>Tex<\/em> contiene storie indimenticabili a bizzeffe fino almeno al numero 200: dopo il livello cala un po&#8217; ma rimane comunque molto alto.<\/p>\n<p>Per questa strada si va verso il citato\u00a0<em>Zagor<\/em>, verso <em>Mister No<\/em>,\u00a0<em>Magico Vento<\/em>,\u00a0<em>Storia del West<\/em>,\u00a0<em>Cassidy<\/em>,\u00a0<em>Dylan Dog<\/em>\u00a0e <em>Gea<\/em>\u00a0(in quest&#8217;ordine).<\/p>\n<p>Oppure ci si ferma al <em>western<\/em>, verso\u00a0<em>Blueberry<\/em>,\u00a0<em>Comanche<\/em>, <em>Durango<\/em>,\u00a0<em>Jonathan Cartland<\/em> se si vuole rimanere in ambito europeo, oppure passando per l&#8217;Inghilterra di George Stokes si pu\u00f2 andare oltreoceano verso il\u00a0<em>Sergente Kirk\u00a0<\/em>(pi\u00f9 tardi parler\u00f2 di nuovo di Pratt) e Repetto,\u00a0Vieira o Roume (un mio favorito) e chiss\u00e0 quanti me ne dimentico.<\/p>\n<p><a href=\"https:\/\/i0.wp.com\/www.robertosedda.it\/wp-content\/uploads\/2014\/09\/Roume.jpg\"><img data-attachment-id=\"8529\" data-permalink=\"https:\/\/www.robertosedda.it\/?attachment_id=8529\" data-orig-file=\"https:\/\/i0.wp.com\/www.robertosedda.it\/wp-content\/uploads\/2014\/09\/Roume.jpg?fit=745%2C984&amp;ssl=1\" data-orig-size=\"745,984\" data-comments-opened=\"1\" data-image-meta=\"{&quot;aperture&quot;:&quot;0&quot;,&quot;credit&quot;:&quot;&quot;,&quot;camera&quot;:&quot;&quot;,&quot;caption&quot;:&quot;&quot;,&quot;created_timestamp&quot;:&quot;0&quot;,&quot;copyright&quot;:&quot;&quot;,&quot;focal_length&quot;:&quot;0&quot;,&quot;iso&quot;:&quot;0&quot;,&quot;shutter_speed&quot;:&quot;0&quot;,&quot;title&quot;:&quot;&quot;,&quot;orientation&quot;:&quot;0&quot;}\" data-image-title=\"Roume\" data-image-description=\"\" data-image-caption=\"\" data-medium-file=\"https:\/\/i0.wp.com\/www.robertosedda.it\/wp-content\/uploads\/2014\/09\/Roume.jpg?fit=227%2C300&amp;ssl=1\" data-large-file=\"https:\/\/i0.wp.com\/www.robertosedda.it\/wp-content\/uploads\/2014\/09\/Roume.jpg?fit=510%2C673&amp;ssl=1\" decoding=\"async\" loading=\"lazy\" class=\"aligncenter size-full wp-image-8529\" src=\"https:\/\/i0.wp.com\/www.robertosedda.it\/wp-content\/uploads\/2014\/09\/Roume.jpg?resize=745%2C984\" alt=\"Roume\" width=\"745\" height=\"984\" srcset=\"https:\/\/i0.wp.com\/www.robertosedda.it\/wp-content\/uploads\/2014\/09\/Roume.jpg?w=745&amp;ssl=1 745w, https:\/\/i0.wp.com\/www.robertosedda.it\/wp-content\/uploads\/2014\/09\/Roume.jpg?resize=113%2C150&amp;ssl=1 113w, https:\/\/i0.wp.com\/www.robertosedda.it\/wp-content\/uploads\/2014\/09\/Roume.jpg?resize=227%2C300&amp;ssl=1 227w, https:\/\/i0.wp.com\/www.robertosedda.it\/wp-content\/uploads\/2014\/09\/Roume.jpg?resize=510%2C673&amp;ssl=1 510w, https:\/\/i0.wp.com\/www.robertosedda.it\/wp-content\/uploads\/2014\/09\/Roume.jpg?resize=700%2C924&amp;ssl=1 700w, https:\/\/i0.wp.com\/www.robertosedda.it\/wp-content\/uploads\/2014\/09\/Roume.jpg?resize=37%2C50&amp;ssl=1 37w\" sizes=\"(max-width: 745px) 100vw, 745px\" data-recalc-dims=\"1\" \/><\/a>O magari si salta verso la quinta via perch\u00e9, parlando di serialit\u00e0&#8230;<\/p>\n<p><strong><img data-attachment-id=\"8527\" data-permalink=\"https:\/\/www.robertosedda.it\/?attachment_id=8527\" data-orig-file=\"https:\/\/i0.wp.com\/www.robertosedda.it\/wp-content\/uploads\/2014\/09\/Savarese.jpg?fit=399%2C234&amp;ssl=1\" data-orig-size=\"399,234\" data-comments-opened=\"1\" data-image-meta=\"{&quot;aperture&quot;:&quot;0&quot;,&quot;credit&quot;:&quot;&quot;,&quot;camera&quot;:&quot;&quot;,&quot;caption&quot;:&quot;&quot;,&quot;created_timestamp&quot;:&quot;0&quot;,&quot;copyright&quot;:&quot;&quot;,&quot;focal_length&quot;:&quot;0&quot;,&quot;iso&quot;:&quot;0&quot;,&quot;shutter_speed&quot;:&quot;0&quot;,&quot;title&quot;:&quot;&quot;,&quot;orientation&quot;:&quot;0&quot;}\" data-image-title=\"Savarese\" data-image-description=\"\" data-image-caption=\"\" data-medium-file=\"https:\/\/i0.wp.com\/www.robertosedda.it\/wp-content\/uploads\/2014\/09\/Savarese.jpg?fit=300%2C175&amp;ssl=1\" data-large-file=\"https:\/\/i0.wp.com\/www.robertosedda.it\/wp-content\/uploads\/2014\/09\/Savarese.jpg?fit=399%2C234&amp;ssl=1\" decoding=\"async\" loading=\"lazy\" class=\"alignright wp-image-8527 size-full\" src=\"https:\/\/i0.wp.com\/www.robertosedda.it\/wp-content\/uploads\/2014\/09\/Savarese.jpg?resize=399%2C234\" alt=\"Savarese\" width=\"399\" height=\"234\" srcset=\"https:\/\/i0.wp.com\/www.robertosedda.it\/wp-content\/uploads\/2014\/09\/Savarese.jpg?w=399&amp;ssl=1 399w, https:\/\/i0.wp.com\/www.robertosedda.it\/wp-content\/uploads\/2014\/09\/Savarese.jpg?resize=150%2C87&amp;ssl=1 150w, https:\/\/i0.wp.com\/www.robertosedda.it\/wp-content\/uploads\/2014\/09\/Savarese.jpg?resize=300%2C175&amp;ssl=1 300w, https:\/\/i0.wp.com\/www.robertosedda.it\/wp-content\/uploads\/2014\/09\/Savarese.jpg?resize=50%2C29&amp;ssl=1 50w\" sizes=\"(max-width: 399px) 100vw, 399px\" data-recalc-dims=\"1\" \/>&#8230; quinta via:<\/strong>\u00a0c&#8217;\u00e8<strong>\u00a0<\/strong><em>Savarese<\/em> di Wood e Mandrafina. \u00c8 un modo diverso di narrare da quello italiano, ma altrettanto affascinante: storie pi\u00f9 brevi, pi\u00f9 compatte, forse non pensate per pause mensili ma per ritmi di pubblicazione pi\u00f9 serrati. Scelgo <em>Savarese<\/em> anche perch\u00e9 cos\u00ec posso rendere omaggio alla scuola argentina del fumetto e perch\u00e9 mi consente di ricordare che il fumetto \u00e8 sempre stato un grande strumento per tracciare il quadro di un&#8217;epoca: in questo caso specifico\u00a0l&#8217;epopea gangsterica negli USA, ma in altri casi praticamente tutte le terre e tutte le epoche, ogni volta attraverso l&#8217;angolo visuale di un protagonista e delle sue vicende, e senza cadere, di solito, nelle pesantezze del romanzo storico.<\/p>\n<p><a href=\"https:\/\/i0.wp.com\/www.robertosedda.it\/wp-content\/uploads\/2014\/09\/Cayenna.gif\"><img data-attachment-id=\"8530\" data-permalink=\"https:\/\/www.robertosedda.it\/?attachment_id=8530\" data-orig-file=\"https:\/\/i0.wp.com\/www.robertosedda.it\/wp-content\/uploads\/2014\/09\/Cayenna.gif?fit=200%2C184&amp;ssl=1\" data-orig-size=\"200,184\" data-comments-opened=\"1\" data-image-meta=\"{&quot;aperture&quot;:&quot;0&quot;,&quot;credit&quot;:&quot;&quot;,&quot;camera&quot;:&quot;&quot;,&quot;caption&quot;:&quot;&quot;,&quot;created_timestamp&quot;:&quot;0&quot;,&quot;copyright&quot;:&quot;&quot;,&quot;focal_length&quot;:&quot;0&quot;,&quot;iso&quot;:&quot;0&quot;,&quot;shutter_speed&quot;:&quot;0&quot;,&quot;title&quot;:&quot;&quot;,&quot;orientation&quot;:&quot;0&quot;}\" data-image-title=\"Cayenna\" data-image-description=\"\" data-image-caption=\"\" data-medium-file=\"https:\/\/i0.wp.com\/www.robertosedda.it\/wp-content\/uploads\/2014\/09\/Cayenna.gif?fit=200%2C184&amp;ssl=1\" data-large-file=\"https:\/\/i0.wp.com\/www.robertosedda.it\/wp-content\/uploads\/2014\/09\/Cayenna.gif?fit=200%2C184&amp;ssl=1\" decoding=\"async\" loading=\"lazy\" class=\"alignleft size-full wp-image-8530\" src=\"https:\/\/i0.wp.com\/www.robertosedda.it\/wp-content\/uploads\/2014\/09\/Cayenna.gif?resize=200%2C184\" alt=\"Cayenna\" width=\"200\" height=\"184\" data-recalc-dims=\"1\" \/><\/a>A me piace molto un fumetto, sempre disegnato da Mandrafina ma sceneggiato invece da Saccomanno,\u00a0<em>Cayenna<\/em>. Quelli che avranno apprezzato\u00a0<em>Savarese<\/em> saranno d&#8217;accordo con me nel trovarlo straordinario. Nel fumetto argentino ci sono tante altre belle cose ed \u00e8 una scuola che merita di essere visitata e ri-visitata: ne parleremo di nuovo fra poco. E naturalmente per questa strada \u00e8 probabile incontrare di nuovo Wood: anche di lui riparler\u00f2 fra poco. \u00a0Anzi (quasi) adesso.<\/p>\n<p><strong>Sesta via:<\/strong> <em>Corto Maltese<\/em>. Perch\u00e9 \u00e8 uno dei fumetti pi\u00f9 belli del mondo, ecco perch\u00e9. E perch\u00e9 parlando di fumetti non si pu\u00f2 trascurare il ruolo che hanno avuto nel definire il mondo dell&#8217;Avventura (notate la &#8220;A&#8221; maiuscola). E perch\u00e9 non c&#8217;\u00e8 nessuno come Pratt che con pochi tratti e tre vignette ti trasporti via dalla tua stanza e dalla tua scrivania verso l&#8217;Avventura (notate sempre la &#8220;A&#8221; maiuscola).<\/p>\n<p>Mi sarebbe piaciuto raccomandare Milton Caniff o Alex Raymond, ma trovo che Pratt li superi e li completi, e comunque uno ha sempre tempo di recuperarli. E naturalmente sui sentieri dell&#8217;Avventura (con la solita &#8220;A&#8221; maiuscola) c&#8217;\u00e8 sempre la folla di creazioni di Robin Wood, da\u00a0<em>Dago<\/em> a\u00a0<em>Nippur<\/em>, c&#8217;\u00e8 il gi\u00e0 citato\u00a0<em>Mister No<\/em> e in fondo tutto o quasi tutto il fumetto (menzione d&#8217;onore per\u00a0<em>L&#8217;Eternauta<\/em> di Oesterheld, che non sembra c&#8217;entri tanto con l&#8217;Avventura e invece c&#8217;entra, oh se c&#8217;entra).<\/p>\n<p>Pratt tuttavia cui ha portato un pochino fuori strada, perch\u00e9 si parlava di serialit\u00e0. E qui c&#8217;\u00e8 un&#8217;ultima scuola e qualcuno di altro di cui parlare, cio\u00e8&#8230;<\/p>\n<p><a href=\"https:\/\/i0.wp.com\/www.robertosedda.it\/wp-content\/uploads\/2014\/09\/Uomo-Ragno.jpg\"><img data-attachment-id=\"8531\" data-permalink=\"https:\/\/www.robertosedda.it\/?attachment_id=8531\" data-orig-file=\"https:\/\/i0.wp.com\/www.robertosedda.it\/wp-content\/uploads\/2014\/09\/Uomo-Ragno.jpg?fit=340%2C450&amp;ssl=1\" data-orig-size=\"340,450\" data-comments-opened=\"1\" data-image-meta=\"{&quot;aperture&quot;:&quot;0&quot;,&quot;credit&quot;:&quot;&quot;,&quot;camera&quot;:&quot;&quot;,&quot;caption&quot;:&quot;&quot;,&quot;created_timestamp&quot;:&quot;0&quot;,&quot;copyright&quot;:&quot;&quot;,&quot;focal_length&quot;:&quot;0&quot;,&quot;iso&quot;:&quot;0&quot;,&quot;shutter_speed&quot;:&quot;0&quot;,&quot;title&quot;:&quot;&quot;,&quot;orientation&quot;:&quot;0&quot;}\" data-image-title=\"Uomo Ragno\" data-image-description=\"\" data-image-caption=\"\" data-medium-file=\"https:\/\/i0.wp.com\/www.robertosedda.it\/wp-content\/uploads\/2014\/09\/Uomo-Ragno.jpg?fit=226%2C300&amp;ssl=1\" data-large-file=\"https:\/\/i0.wp.com\/www.robertosedda.it\/wp-content\/uploads\/2014\/09\/Uomo-Ragno.jpg?fit=340%2C450&amp;ssl=1\" decoding=\"async\" loading=\"lazy\" class=\"alignright size-full wp-image-8531\" src=\"https:\/\/i0.wp.com\/www.robertosedda.it\/wp-content\/uploads\/2014\/09\/Uomo-Ragno.jpg?resize=340%2C450\" alt=\"Uomo Ragno\" width=\"340\" height=\"450\" srcset=\"https:\/\/i0.wp.com\/www.robertosedda.it\/wp-content\/uploads\/2014\/09\/Uomo-Ragno.jpg?w=340&amp;ssl=1 340w, https:\/\/i0.wp.com\/www.robertosedda.it\/wp-content\/uploads\/2014\/09\/Uomo-Ragno.jpg?resize=113%2C150&amp;ssl=1 113w, https:\/\/i0.wp.com\/www.robertosedda.it\/wp-content\/uploads\/2014\/09\/Uomo-Ragno.jpg?resize=226%2C300&amp;ssl=1 226w, https:\/\/i0.wp.com\/www.robertosedda.it\/wp-content\/uploads\/2014\/09\/Uomo-Ragno.jpg?resize=37%2C50&amp;ssl=1 37w\" sizes=\"(max-width: 340px) 100vw, 340px\" data-recalc-dims=\"1\" \/><\/a><strong>Settima\u00a0via:\u00a0<\/strong><em>L&#8217;Uomo Ragno<\/em> di Stan Lee. In realt\u00e0 qui la serialit\u00e0 c&#8217;entra molto poco, e c&#8217;entra invece il senso del meraviglioso e la capacit\u00e0 di sbalordire e affascinare il lettore con millemila invenzioni: in italiano un po&#8217; di cose si perdono, ma ne rimane comunque traccia nel\u00a0<em>sorprendente<\/em>\u00a0Uomo Ragno, l&#8217;<em>incredibile<\/em> Hulk e cos\u00ec via; in originale l&#8217;effetto \u00e8 cento volte pi\u00f9 forte &#8211; ricordo un redattore di\u00a0<em>Dragon<\/em>, il giornale della\u00a0<em>TSR<\/em> di\u00a0<em>Dungeons &amp; Dragons<\/em> e editrice anche del gioco di ruolo dei supereroi, che commentava l&#8217;entrata in scena di Medusa,\u00a0<em>the glamazon<\/em>, con una fusione fra\u00a0<em>glamour<\/em>, fascino, e\u00a0<em>amazon<\/em>, amazzone. In quanti fumetti c&#8217;\u00e8 una\u00a0<em>glamazon<\/em>\u00a0e la cosa non sembra una caduta di gusto ma un tocco di classe?<\/p>\n<p>Infatti il consiglio verso l&#8217;Uomo Ragno vale per tutti i supereroi dell&#8217;epoca d&#8217;oro di Stan Lee: i Fantastici Quattro, Iron Man, Hulk, Devil, Sub-Mariner e cos\u00ec via. E leggendoli magari in parallelo si apprezza l&#8217;altra grande abilit\u00e0 dello <em>staff<\/em> della\u00a0<em>Marvel<\/em>, la capacit\u00e0 di intessere una trama enorme, con una ridda di personaggi e comprimari, con sfide avvincenti ad ogni albetto curando al contempo sottotrame di lungo periodo:\u00a0guarda un po&#8217;, la tradizione dei romanzi d&#8217;appendice a puntate dov&#8217;\u00e8 andata ad annidarsi, nell&#8217;attesa di resuscitare nei <em>telefilm<\/em> d&#8217;oggi.<\/p>\n<p>E poi c&#8217;\u00e8 da leggere il miglior fumetto di supereroi pubblicato oggi, cio\u00e8 il <em>Rat-Man<\/em> di Ortolani: non l&#8217;ho messo come primo rappresentante di questa via perch\u00e9 senza la conoscenza delle storie di Stan Lee un po&#8217; del sottotesto di Ortolani si perde e si rischia di sopravvalutare il solo elemento comico: invece <em>Rat-Man<\/em> \u00e8 una storia di supereroi pura, purissima. Discorso analogo vale per i <em>Watchmen<\/em> di Moore, un fumetto epocale e un&#8217;altra riflessione su cosa sia il genere supereroistico e quale sia il suo significato.<\/p>\n<p><strong><img data-attachment-id=\"8532\" data-permalink=\"https:\/\/www.robertosedda.it\/?attachment_id=8532\" data-orig-file=\"https:\/\/i0.wp.com\/www.robertosedda.it\/wp-content\/uploads\/2014\/09\/Touch-Adachi.jpg?fit=220%2C229&amp;ssl=1\" data-orig-size=\"220,229\" data-comments-opened=\"1\" data-image-meta=\"{&quot;aperture&quot;:&quot;0&quot;,&quot;credit&quot;:&quot;&quot;,&quot;camera&quot;:&quot;&quot;,&quot;caption&quot;:&quot;&quot;,&quot;created_timestamp&quot;:&quot;0&quot;,&quot;copyright&quot;:&quot;&quot;,&quot;focal_length&quot;:&quot;0&quot;,&quot;iso&quot;:&quot;0&quot;,&quot;shutter_speed&quot;:&quot;0&quot;,&quot;title&quot;:&quot;&quot;,&quot;orientation&quot;:&quot;0&quot;}\" data-image-title=\"Touch Adachi\" data-image-description=\"\" data-image-caption=\"\" data-medium-file=\"https:\/\/i0.wp.com\/www.robertosedda.it\/wp-content\/uploads\/2014\/09\/Touch-Adachi.jpg?fit=220%2C229&amp;ssl=1\" data-large-file=\"https:\/\/i0.wp.com\/www.robertosedda.it\/wp-content\/uploads\/2014\/09\/Touch-Adachi.jpg?fit=220%2C229&amp;ssl=1\" decoding=\"async\" loading=\"lazy\" class=\"alignleft size-full wp-image-8532\" src=\"https:\/\/i0.wp.com\/www.robertosedda.it\/wp-content\/uploads\/2014\/09\/Touch-Adachi.jpg?resize=220%2C229\" alt=\"Touch Adachi\" width=\"220\" height=\"229\" srcset=\"https:\/\/i0.wp.com\/www.robertosedda.it\/wp-content\/uploads\/2014\/09\/Touch-Adachi.jpg?w=220&amp;ssl=1 220w, https:\/\/i0.wp.com\/www.robertosedda.it\/wp-content\/uploads\/2014\/09\/Touch-Adachi.jpg?resize=144%2C150&amp;ssl=1 144w, https:\/\/i0.wp.com\/www.robertosedda.it\/wp-content\/uploads\/2014\/09\/Touch-Adachi.jpg?resize=48%2C50&amp;ssl=1 48w\" sizes=\"(max-width: 220px) 100vw, 220px\" data-recalc-dims=\"1\" \/>Ottava via:<\/strong> <em>Maison Hikkoku<\/em> di Rumiko Takahashi. Un po&#8217; perch\u00e9 mancava una storia d&#8217;amore, e un po&#8217; perch\u00e9 volevo invitare alla lettura di un\u00a0<em>manga<\/em>, poco importa se <em>sh\u014djo<\/em> (cio\u00e8 per ragazze) o\u00a0<em>sh\u014dnen<\/em>\u00a0(per ragazzi). In realt\u00e0\u00a0il\u00a0<em>manga<\/em>\u00a0non \u00e8 un genere, e quindi come categoria non \u00e8 particolarmente significativa, ma richiede un minimo di competenze di lettura specifiche (a partire dal fatto che si legge al contrario e considerando anche che alcune convenzioni grafiche sono differenti) e quindi si deve comunque imparare a leggerli, anche se poi ci si vuole orientare verso storie completamente differenti. E poi la Takahashi \u00e8 una maestra, qui mantiene il massimo di quel senso della misura che in altri casi le difetter\u00e0 alquanto e la storia di\u00a0<em>Maison Hikkoku<\/em> \u00e8 molto poetica, secondo me, sotto l&#8217;apparente patina comica. E quindi vale la pena di leggerlo e, caso non troppo comune, di rileggerlo.<\/p>\n<p>Menzione d&#8217;onore per un altro <em>sh\u014djo<\/em> che a me \u00e8 piaciuto molto,\u00a0<em>Touch<\/em> di Mitsuru Adachi (in realt\u00e0 mi piacciono molte cose di Adachi). E poi c&#8217;\u00e8 tutto un vasto mondo da esplorare, magari inaspettato: non parlo solo dei fumetti giapponesi, ma dei fumetti dedicati alla cronaca dei sentimenti e delle emozioni nel quale certo i giapponesi sono maestri, ma non sono i soli: penso a Lauzier, per esempio.<\/p>\n<p><strong><a href=\"https:\/\/i0.wp.com\/www.robertosedda.it\/wp-content\/uploads\/2014\/09\/Perramus.jpg\"><img data-attachment-id=\"8533\" data-permalink=\"https:\/\/www.robertosedda.it\/?attachment_id=8533\" data-orig-file=\"https:\/\/i0.wp.com\/www.robertosedda.it\/wp-content\/uploads\/2014\/09\/Perramus.jpg?fit=700%2C364&amp;ssl=1\" data-orig-size=\"700,364\" data-comments-opened=\"1\" data-image-meta=\"{&quot;aperture&quot;:&quot;0&quot;,&quot;credit&quot;:&quot;&quot;,&quot;camera&quot;:&quot;&quot;,&quot;caption&quot;:&quot;&quot;,&quot;created_timestamp&quot;:&quot;0&quot;,&quot;copyright&quot;:&quot;&quot;,&quot;focal_length&quot;:&quot;0&quot;,&quot;iso&quot;:&quot;0&quot;,&quot;shutter_speed&quot;:&quot;0&quot;,&quot;title&quot;:&quot;&quot;,&quot;orientation&quot;:&quot;1&quot;}\" data-image-title=\"Perramus\" data-image-description=\"\" data-image-caption=\"\" data-medium-file=\"https:\/\/i0.wp.com\/www.robertosedda.it\/wp-content\/uploads\/2014\/09\/Perramus.jpg?fit=300%2C156&amp;ssl=1\" data-large-file=\"https:\/\/i0.wp.com\/www.robertosedda.it\/wp-content\/uploads\/2014\/09\/Perramus.jpg?fit=510%2C265&amp;ssl=1\" decoding=\"async\" loading=\"lazy\" class=\"aligncenter size-full wp-image-8533\" src=\"https:\/\/i0.wp.com\/www.robertosedda.it\/wp-content\/uploads\/2014\/09\/Perramus.jpg?resize=700%2C364\" alt=\"Perramus\" width=\"700\" height=\"364\" srcset=\"https:\/\/i0.wp.com\/www.robertosedda.it\/wp-content\/uploads\/2014\/09\/Perramus.jpg?w=700&amp;ssl=1 700w, https:\/\/i0.wp.com\/www.robertosedda.it\/wp-content\/uploads\/2014\/09\/Perramus.jpg?resize=150%2C78&amp;ssl=1 150w, https:\/\/i0.wp.com\/www.robertosedda.it\/wp-content\/uploads\/2014\/09\/Perramus.jpg?resize=300%2C156&amp;ssl=1 300w, https:\/\/i0.wp.com\/www.robertosedda.it\/wp-content\/uploads\/2014\/09\/Perramus.jpg?resize=510%2C265&amp;ssl=1 510w, https:\/\/i0.wp.com\/www.robertosedda.it\/wp-content\/uploads\/2014\/09\/Perramus.jpg?resize=50%2C26&amp;ssl=1 50w\" sizes=\"(max-width: 700px) 100vw, 700px\" data-recalc-dims=\"1\" \/><\/a>Nona via:<\/strong> <em>Perramus<\/em> di Breccia e Sasturain. Il romanzo a fumetti, l&#8217;autore che prende e dice quel che vuole dire al suo pubblico, fuori delle convenzioni, dei generi e di ci\u00f2 che normalmente ci si aspetta dal fumetto. Il massimo della capacit\u00e0 grafica, in questo caso, ma non \u00e8 questo il punto: questa \u00e8 la strada in cui si impara che il fumetto prima di tutto racconta storie che illuminano altre storie e che, rispetto al romanzo e alla parola scritta, la dimensione grafica arricchisce tutto questo in una maniera inimitabile.<\/p>\n<p>Su questa strada si incontra Eisner (prima di tutto direi\u00a0<em>Verso la tempesta<\/em>), Gaiman e il suo\u00a0<em>Sandman\u00a0<\/em>e, come al solito, tanta altra roba (tra cui Oesterheld, ovviamente, motivo in pi\u00f9 per leggere\u00a0<em>L&#8217;Eternauta<\/em>).<\/p>\n<p><strong>Decima via:<\/strong> la decima via \u00e8 il fumetto che comprer\u00f2 domani. Meglio ricordarsene.<\/p>\n","protected":false},"excerpt":{"rendered":"<p>Il mio amico Giovanni Piredda, copiando un&#8217;idea di un altro comune amico, Graziano Montanini, mi ha inserito in quella che<\/p>\n","protected":false},"author":1,"featured_media":8502,"comment_status":"open","ping_status":"open","sticky":false,"template":"","format":"standard","meta":{"_mi_skip_tracking":false,"_monsterinsights_sitenote_active":false,"_monsterinsights_sitenote_note":"","_monsterinsights_sitenote_category":0,"jetpack_post_was_ever_published":false,"_jetpack_newsletter_access":"","jetpack_publicize_message":"","jetpack_is_tweetstorm":false,"jetpack_publicize_feature_enabled":true,"jetpack_social_post_already_shared":true,"jetpack_social_options":{"image_generator_settings":{"template":"highway","enabled":false}}},"categories":[52,20,56,82,12],"tags":[],"jetpack_publicize_connections":[],"jetpack_featured_media_url":"https:\/\/i0.wp.com\/www.robertosedda.it\/wp-content\/uploads\/2014\/09\/Corto-Maltese-comodo.jpg?fit=625%2C309&ssl=1","jetpack_sharing_enabled":true,"jetpack_shortlink":"https:\/\/wp.me\/p4jV2T-2d6","jetpack_likes_enabled":true,"jetpack-related-posts":[{"id":13904,"url":"https:\/\/www.robertosedda.it\/?p=13904","url_meta":{"origin":8500,"position":0},"title":"Avventure, avventure&#8230; per bambine","author":"Rufus","date":"04\/07\/2017","format":false,"excerpt":"L'altro giorno ero al mare, beatamente seduto sotto l'ombrellone con\u00a0Skorpio e Lanciostory\u00a0e mia nipote Agnese mi ha chiesto: \u00abChe leggi, zio?\u00bb. Stavo leggendo in quel momento\u00a0Aria, e ho risposto: \u00abLa storia di una ragazza che ha nella sua memoria i ricordi di un grande bardo dell'antichit\u00e0 e che con questi\u2026","rel":"","context":"In &quot;Cappe e spade&quot;","block_context":{"text":"Cappe e spade","link":"https:\/\/www.robertosedda.it\/?cat=70"},"img":{"alt_text":"","src":"https:\/\/i0.wp.com\/www.robertosedda.it\/wp-content\/uploads\/2017\/07\/Lanciostory.jpg?fit=497%2C709&ssl=1&resize=350%2C200","width":350,"height":200},"classes":[]},{"id":15688,"url":"https:\/\/www.robertosedda.it\/?p=15688","url_meta":{"origin":8500,"position":1},"title":"Irruzioni e rotture non riuscite","author":"Rufus","date":"25\/09\/2018","format":"video","excerpt":"https:\/\/www.youtube.com\/watch?v=k_Opj9MVQgI La profezia dell'armadillo (Emanuele Scaringi, Italia 2018) Sono andato a vedere la settimana scorsa\u00a0La profezia dell'armadillo, tratto dal primo fortunatissimo libro di\u00a0Zerocalcare. Non avevo letto il libro e prima di fare la recensione del film mi sono voluto togliere il dubbio e me lo sono comprato e letto. \u00c8\u2026","rel":"","context":"In &quot;Coordinate&quot;","block_context":{"text":"Coordinate","link":"https:\/\/www.robertosedda.it\/?cat=52"},"img":{"alt_text":"","src":"https:\/\/i0.wp.com\/www.robertosedda.it\/wp-content\/uploads\/2018\/09\/Profezia-delllarmadillo.jpeg?fit=1200%2C605&ssl=1&resize=350%2C200","width":350,"height":200,"srcset":"https:\/\/i0.wp.com\/www.robertosedda.it\/wp-content\/uploads\/2018\/09\/Profezia-delllarmadillo.jpeg?fit=1200%2C605&ssl=1&resize=350%2C200 1x, https:\/\/i0.wp.com\/www.robertosedda.it\/wp-content\/uploads\/2018\/09\/Profezia-delllarmadillo.jpeg?fit=1200%2C605&ssl=1&resize=700%2C400 2x, https:\/\/i0.wp.com\/www.robertosedda.it\/wp-content\/uploads\/2018\/09\/Profezia-delllarmadillo.jpeg?fit=1200%2C605&ssl=1&resize=1050%2C600 3x"},"classes":[]},{"id":8445,"url":"https:\/\/www.robertosedda.it\/?p=8445","url_meta":{"origin":8500,"position":2},"title":"Modi eleganti per sottrarsi alle catene e i miei dieci libri preferiti","author":"Rufus","date":"16\/09\/2014","format":false,"excerpt":"Ho deciso da un po' di fare il possibile per non partecipare alle catene su Facebook: non \u00e8 proprio una regola fissa, ma se posso lascio cadere le chiamate per quanto possa sentirmi solleticato nell'orgoglio dal fatto che c'\u00e8 gente che mi pensa. Lo faccio perch\u00e9 penso che le catene\u2026","rel":"","context":"In &quot;Coordinate&quot;","block_context":{"text":"Coordinate","link":"https:\/\/www.robertosedda.it\/?cat=52"},"img":{"alt_text":"","src":"https:\/\/i0.wp.com\/www.robertosedda.it\/wp-content\/uploads\/2014\/09\/Il-signore-degli-anelli.jpg?fit=393%2C620&ssl=1&resize=350%2C200","width":350,"height":200},"classes":[]},{"id":8256,"url":"https:\/\/www.robertosedda.it\/?p=8256","url_meta":{"origin":8500,"position":3},"title":"Fumetti che ho fatto bene a smettere di comprare","author":"Rufus","date":"09\/09\/2014","format":false,"excerpt":"Julia\u00a0190,\u00a0In malafede\u00a0(Sergio Bonelli Editore\u00a0luglio 2014, Berardi\/Calza\u00a0e\u00a0Zaghi) Avevo\u00a0letto recentemente da qualche parte un esperto di fumetti (o forse un autore, ora mi sfugge) dire che\u00a0Julia \u00e8 oggi la serie a fumetti Bonelli che ha il linguaggio pi\u00f9 moderno: nel contesto non era chiaro se \"linguaggio\" si riferiva alle tematiche proposte, allo\u2026","rel":"","context":"In &quot;Coordinate&quot;","block_context":{"text":"Coordinate","link":"https:\/\/www.robertosedda.it\/?cat=52"},"img":{"alt_text":"","src":"https:\/\/i0.wp.com\/www.robertosedda.it\/wp-content\/uploads\/2014\/09\/Il-calvario-Dylan-Dog.jpg?fit=381%2C502&ssl=1&resize=350%2C200","width":350,"height":200},"classes":[]},{"id":13443,"url":"https:\/\/www.robertosedda.it\/?p=13443","url_meta":{"origin":8500,"position":4},"title":"Come il Cagliari di Tiddia che giocava a memoria","author":"Rufus","date":"20\/03\/2017","format":false,"excerpt":"Ieri e avantieri ero a Teramo per una riunione di Banca Etica:\u00a0pi\u00f9 precisamente per il Coordinamento dell'Area Centro, i componenti del quale conosco ormai da minimo\u00a0tre anni, spesso da molto di pi\u00f9 (questo che sta per scadere \u00e8 il mio terzo mandato). Io e altri abbiamo dormito da Gennaro, il\u2026","rel":"","context":"In &quot;Coordinate&quot;","block_context":{"text":"Coordinate","link":"https:\/\/www.robertosedda.it\/?cat=52"},"img":{"alt_text":"","src":"https:\/\/i0.wp.com\/www.robertosedda.it\/wp-content\/uploads\/2017\/03\/Pausa-Coordinamento-Teramo.jpg?fit=1200%2C720&ssl=1&resize=350%2C200","width":350,"height":200,"srcset":"https:\/\/i0.wp.com\/www.robertosedda.it\/wp-content\/uploads\/2017\/03\/Pausa-Coordinamento-Teramo.jpg?fit=1200%2C720&ssl=1&resize=350%2C200 1x, https:\/\/i0.wp.com\/www.robertosedda.it\/wp-content\/uploads\/2017\/03\/Pausa-Coordinamento-Teramo.jpg?fit=1200%2C720&ssl=1&resize=700%2C400 2x, https:\/\/i0.wp.com\/www.robertosedda.it\/wp-content\/uploads\/2017\/03\/Pausa-Coordinamento-Teramo.jpg?fit=1200%2C720&ssl=1&resize=1050%2C600 3x"},"classes":[]},{"id":8260,"url":"https:\/\/www.robertosedda.it\/?p=8260","url_meta":{"origin":8500,"position":5},"title":"Un evento di tanto tempo fa","author":"Rufus","date":"25\/08\/2014","format":false,"excerpt":"Stavo scrivendo una recensione di un paio di letture recenti di fumetti quando improvvisamente mi sono reso conto che per parlare di\u00a0Julia avrei dovuto raccontare cosa ne pensavo tanto tempo fa e perch\u00e9 ho smesso di leggerlo: tutte cose che mi avrebbero portato un po' lontano. Poi mi sono ricordato\u2026","rel":"","context":"In &quot;Biografie&quot;","block_context":{"text":"Biografie","link":"https:\/\/www.robertosedda.it\/?cat=83"},"img":{"alt_text":"","src":"https:\/\/i0.wp.com\/www.robertosedda.it\/wp-content\/uploads\/2014\/08\/Julia-Bonelli.jpg?fit=292%2C407&ssl=1&resize=350%2C200","width":350,"height":200},"classes":[]}],"_links":{"self":[{"href":"https:\/\/www.robertosedda.it\/index.php?rest_route=\/wp\/v2\/posts\/8500"}],"collection":[{"href":"https:\/\/www.robertosedda.it\/index.php?rest_route=\/wp\/v2\/posts"}],"about":[{"href":"https:\/\/www.robertosedda.it\/index.php?rest_route=\/wp\/v2\/types\/post"}],"author":[{"embeddable":true,"href":"https:\/\/www.robertosedda.it\/index.php?rest_route=\/wp\/v2\/users\/1"}],"replies":[{"embeddable":true,"href":"https:\/\/www.robertosedda.it\/index.php?rest_route=%2Fwp%2Fv2%2Fcomments&post=8500"}],"version-history":[{"count":21,"href":"https:\/\/www.robertosedda.it\/index.php?rest_route=\/wp\/v2\/posts\/8500\/revisions"}],"predecessor-version":[{"id":13459,"href":"https:\/\/www.robertosedda.it\/index.php?rest_route=\/wp\/v2\/posts\/8500\/revisions\/13459"}],"wp:featuredmedia":[{"embeddable":true,"href":"https:\/\/www.robertosedda.it\/index.php?rest_route=\/wp\/v2\/media\/8502"}],"wp:attachment":[{"href":"https:\/\/www.robertosedda.it\/index.php?rest_route=%2Fwp%2Fv2%2Fmedia&parent=8500"}],"wp:term":[{"taxonomy":"category","embeddable":true,"href":"https:\/\/www.robertosedda.it\/index.php?rest_route=%2Fwp%2Fv2%2Fcategories&post=8500"},{"taxonomy":"post_tag","embeddable":true,"href":"https:\/\/www.robertosedda.it\/index.php?rest_route=%2Fwp%2Fv2%2Ftags&post=8500"}],"curies":[{"name":"wp","href":"https:\/\/api.w.org\/{rel}","templated":true}]}}