{"id":8467,"date":"2014-09-19T14:22:46","date_gmt":"2014-09-19T12:22:46","guid":{"rendered":"http:\/\/www.robertosedda.it\/?p=8467"},"modified":"2014-10-02T16:22:20","modified_gmt":"2014-10-02T14:22:20","slug":"i-consigli-del-venerdi-no-profit-alle-donne-che-giocano-e-discoteche-cadenti","status":"publish","type":"post","link":"https:\/\/www.robertosedda.it\/?p=8467","title":{"rendered":"I consigli del venerd\u00ec: no profit, donne che giocano e discoteche cadenti"},"content":{"rendered":"<h2>Di varia economia<\/h2>\n<p><a href=\"https:\/\/i0.wp.com\/www.robertosedda.it\/wp-content\/uploads\/2014\/09\/Wikieconomia-Becchetti.jpg.jpg\"><img data-attachment-id=\"8475\" data-permalink=\"https:\/\/www.robertosedda.it\/?attachment_id=8475\" data-orig-file=\"https:\/\/i0.wp.com\/www.robertosedda.it\/wp-content\/uploads\/2014\/09\/Wikieconomia-Becchetti.jpg.jpg?fit=752%2C1200&amp;ssl=1\" data-orig-size=\"752,1200\" data-comments-opened=\"1\" data-image-meta=\"{&quot;aperture&quot;:&quot;0&quot;,&quot;credit&quot;:&quot;&quot;,&quot;camera&quot;:&quot;&quot;,&quot;caption&quot;:&quot;&quot;,&quot;created_timestamp&quot;:&quot;0&quot;,&quot;copyright&quot;:&quot;&quot;,&quot;focal_length&quot;:&quot;0&quot;,&quot;iso&quot;:&quot;0&quot;,&quot;shutter_speed&quot;:&quot;0&quot;,&quot;title&quot;:&quot;&quot;,&quot;orientation&quot;:&quot;0&quot;}\" data-image-title=\"Wikieconomia Becchetti.jpg\" data-image-description=\"\" data-image-caption=\"\" data-medium-file=\"https:\/\/i0.wp.com\/www.robertosedda.it\/wp-content\/uploads\/2014\/09\/Wikieconomia-Becchetti.jpg.jpg?fit=188%2C300&amp;ssl=1\" data-large-file=\"https:\/\/i0.wp.com\/www.robertosedda.it\/wp-content\/uploads\/2014\/09\/Wikieconomia-Becchetti.jpg.jpg?fit=510%2C813&amp;ssl=1\" decoding=\"async\" loading=\"lazy\" class=\"alignright wp-image-8475 size-medium\" src=\"https:\/\/i0.wp.com\/www.robertosedda.it\/wp-content\/uploads\/2014\/09\/Wikieconomia-Becchetti.jpg.jpg?resize=188%2C300\" alt=\"Wikieconomia Becchetti.jpg\" width=\"188\" height=\"300\" srcset=\"https:\/\/i0.wp.com\/www.robertosedda.it\/wp-content\/uploads\/2014\/09\/Wikieconomia-Becchetti.jpg.jpg?resize=188%2C300&amp;ssl=1 188w, https:\/\/i0.wp.com\/www.robertosedda.it\/wp-content\/uploads\/2014\/09\/Wikieconomia-Becchetti.jpg.jpg?resize=94%2C150&amp;ssl=1 94w, https:\/\/i0.wp.com\/www.robertosedda.it\/wp-content\/uploads\/2014\/09\/Wikieconomia-Becchetti.jpg.jpg?resize=510%2C813&amp;ssl=1 510w, https:\/\/i0.wp.com\/www.robertosedda.it\/wp-content\/uploads\/2014\/09\/Wikieconomia-Becchetti.jpg.jpg?resize=700%2C1117&amp;ssl=1 700w, https:\/\/i0.wp.com\/www.robertosedda.it\/wp-content\/uploads\/2014\/09\/Wikieconomia-Becchetti.jpg.jpg?resize=31%2C50&amp;ssl=1 31w, https:\/\/i0.wp.com\/www.robertosedda.it\/wp-content\/uploads\/2014\/09\/Wikieconomia-Becchetti.jpg.jpg?w=752&amp;ssl=1 752w\" sizes=\"(max-width: 188px) 100vw, 188px\" data-recalc-dims=\"1\" \/><\/a>Questa settimana ho consigliato <a href=\"http:\/\/blog.vita.it\/geografiesociali\/2014\/09\/18\/wikieconomia-la-radicalita-e-la-ragionevolezza-della-proposta-idealista\/\">un\u00a0articolo su\u00a0<em>Vita<\/em> che recensisce\u00a0<em>Wikieconomia. Manifesto dell\u2019economia civile<\/em><\/a>, un libro di Leonardo Becchetti, che \u00e8 stato a lungo anche Presidente del Comitato Etico di Banca Etica. \u00c8 chiaro che si tratta di un libro che non posso non consigliare, ma la recensione mi sembra interessante a prescindere. E poi cita La Pira, il che va sempre bene.<\/p>\n<p>In realt\u00e0 sull&#8217;impostazione di un libro come quello di Becchetti ho le mie perplessit\u00e0, che non sono tanto sul contenuto, sull&#8217;analisi o sulla mozione ideale, sui quali non si pu\u00f2 che concordare, quanto sulla sensazione che oltre tutto questo ci sia pure tutto un altro mondo altrettanto &#8211; forse di pi\u00f9 &#8211; importante.<\/p>\n<p>\u00c8 un po&#8217; quello che ho provato a dire ieri <a title=\"Un pensiero volante sul Convegno pastorale della diocesi di Cagliari\" href=\"http:\/\/www.robertosedda.it\/?p=8456\">parlando del Convegno pastorale<\/a>\u00a0e non devo essere il solo a pensarla cos\u00ec se sempre su\u00a0<em>Vita<\/em> leggo che l&#8217;<a href=\"http:\/\/www.vita.it\/welfare\/social-innovation\/i-designer-alla-sfida-del-non-profit.html\">annuale\u00a0<em>workshop\u00a0<\/em> sull&#8217;impresa sociale si rivolge ai\u00a0<em>service designer<\/em><\/a> (qualunque cosa essi siano) per un aiuto a ripensare i servizi al\u00a0<em>welfare <\/em>offerti dal Terzo Settore. L&#8217;articolo \u00e8 molto breve ma vale come segnalazione e come punto di partenza per navigazioni pi\u00f9 approfondite.<\/p>\n<p>Infine ho condiviso <a href=\"http:\/\/www.facebook.com\/flavatar\/posts\/10152388957651818\">uno stato su<em> Facebook<\/em><\/a>\u00a0che ho trovato stimolante e che \u00e8 stato parecchio ricondiviso. Inizia con<em>\u00a0Prima di tutto bloccarono lo stipendio agli statali<\/em>, e tanto basta per invitare a leggerlo.<\/p>\n<h2>Dal mondo del gioco<\/h2>\n<p>Il\u00a0<em>Guardian<\/em> d\u00e0 conto di <a href=\"http:\/\/www.theguardian.com\/technology\/2014\/sep\/17\/women-video-games-iab\">uno studio sulle abitudine di gioco della popolazione inglese<\/a>\u00a0(si parla di <em>videogame<\/em><i>). Non ho avuto il tempo di cercare lo studio originale, ma la sintesi \u00e8 che, soprattutto sotto una certa et\u00e0,\u00a0<\/i><em>tutti<\/em> giocano (e questo ce lo potevamo aspettare) e che le donne giocano comunque pi\u00f9 dei maschi (e questo crea un po&#8217; pi\u00f9 di sorpresa). Se trovo lo studio magari riprender\u00f2 il discorso.<\/p>\n<h2>Hanno ballato una sola estate<\/h2>\n<p><a href=\"https:\/\/i0.wp.com\/www.robertosedda.it\/wp-content\/uploads\/2014\/09\/Discoteca-abbandonata.jpg\"><img data-attachment-id=\"8478\" data-permalink=\"https:\/\/www.robertosedda.it\/?attachment_id=8478\" data-orig-file=\"https:\/\/i0.wp.com\/www.robertosedda.it\/wp-content\/uploads\/2014\/09\/Discoteca-abbandonata.jpg?fit=1065%2C710&amp;ssl=1\" data-orig-size=\"1065,710\" data-comments-opened=\"1\" data-image-meta=\"{&quot;aperture&quot;:&quot;0&quot;,&quot;credit&quot;:&quot;Antonio La Grotta&quot;,&quot;camera&quot;:&quot;&quot;,&quot;caption&quot;:&quot;&quot;,&quot;created_timestamp&quot;:&quot;0&quot;,&quot;copyright&quot;:&quot;&quot;,&quot;focal_length&quot;:&quot;0&quot;,&quot;iso&quot;:&quot;0&quot;,&quot;shutter_speed&quot;:&quot;0&quot;,&quot;title&quot;:&quot;La Nave.&quot;,&quot;orientation&quot;:&quot;1&quot;}\" data-image-title=\"La Nave.\" data-image-description=\"\" data-image-caption=\"\" data-medium-file=\"https:\/\/i0.wp.com\/www.robertosedda.it\/wp-content\/uploads\/2014\/09\/Discoteca-abbandonata.jpg?fit=300%2C200&amp;ssl=1\" data-large-file=\"https:\/\/i0.wp.com\/www.robertosedda.it\/wp-content\/uploads\/2014\/09\/Discoteca-abbandonata.jpg?fit=510%2C340&amp;ssl=1\" decoding=\"async\" loading=\"lazy\" class=\"aligncenter size-full wp-image-8478\" src=\"https:\/\/i0.wp.com\/www.robertosedda.it\/wp-content\/uploads\/2014\/09\/Discoteca-abbandonata.jpg?resize=800%2C533\" alt=\"La Nave.\" width=\"800\" height=\"533\" srcset=\"https:\/\/i0.wp.com\/www.robertosedda.it\/wp-content\/uploads\/2014\/09\/Discoteca-abbandonata.jpg?w=1065&amp;ssl=1 1065w, https:\/\/i0.wp.com\/www.robertosedda.it\/wp-content\/uploads\/2014\/09\/Discoteca-abbandonata.jpg?resize=150%2C100&amp;ssl=1 150w, https:\/\/i0.wp.com\/www.robertosedda.it\/wp-content\/uploads\/2014\/09\/Discoteca-abbandonata.jpg?resize=300%2C200&amp;ssl=1 300w, https:\/\/i0.wp.com\/www.robertosedda.it\/wp-content\/uploads\/2014\/09\/Discoteca-abbandonata.jpg?resize=510%2C340&amp;ssl=1 510w, https:\/\/i0.wp.com\/www.robertosedda.it\/wp-content\/uploads\/2014\/09\/Discoteca-abbandonata.jpg?resize=700%2C466&amp;ssl=1 700w, https:\/\/i0.wp.com\/www.robertosedda.it\/wp-content\/uploads\/2014\/09\/Discoteca-abbandonata.jpg?resize=50%2C33&amp;ssl=1 50w\" sizes=\"(max-width: 800px) 100vw, 800px\" data-recalc-dims=\"1\" \/><\/a>Su <em>Slate<\/em> <a href=\"http:\/\/www.slate.com\/blogs\/behold\/2014\/09\/14\/antonio_la_grotta_photographs_abandoned_italian_discotheques_in_his_series.html\">uno straordinario servizio fotografico sulle grandi discoteche italiane<\/a> che accoglievano folle negli anni &#8217;80 e &#8217;90 e che adesso, fuori moda, non sono altro che capannoni abbandonati: ma\u00a0<em>glamour<\/em>. Se c&#8217;\u00e8 qualcosa che pi\u00f9 di loro merita il nome di spazi urbani di mezzo o di non luoghi non saprei immaginare cosa possa essere.<\/p>\n<h2>E infine menzione di demerito&#8230;<\/h2>\n<p>&#8230; per <em>Il Post<\/em>, che leggo sempre ma che questa volta ha abbastanza toppato: un paio di giorni fa ha pubblicato <a href=\"http:\/\/www.ilpost.it\/2014\/09\/16\/cose-nascoste-loghi\/\">un articolo sui messaggi\u00a0nascosti nella grafica dei loghi di alcune famose aziende<\/a>. \u00c8 un \u00a0articolo spiritoso, peraltro su un argomento che \u00e8 stato trattato\u00a0in maniera\u00a0grosso modo\u00a0corrispondente\u00a0da <a href=\"http:\/\/www.logopro.it\/blog\/2009\/09\/i-simboli-nascosti-nei-loghi\/\"><em>Logopro<\/em> nel 2009<\/a>, da <a href=\"https:\/\/www.andreapernici.com\/alcuni-fantastici-loghi-con-messaggio-nascosto\/\">Andrea Pernici nel 2010<\/a>, di nuovo da\u00a0<a href=\"http:\/\/www.logopro.it\/blog\/2011\/05\/10-loghi-con-simboli-nascosti\/\"><em>Logopro<\/em>\u00a0nel 2012<\/a>, <a href=\"http:\/\/www.ilovegreen.it\/advertising\/messaggi-subliminali-nei-loghi-dei-brand\/\">nello stesso anno anche da <em>I love green<\/em><\/a>,\u00a0su\u00a0<a href=\"http:\/\/allthatweb.sixeleven.it\/post\/50977900956\/11-loghi-che-nascondono-messaggi-subliminali#.VBwRyZR_tsU\"><em>All that web<\/em> nel 2013<\/a> e recentemente da\u00a0<a href=\"http:\/\/intraprendere.net\/1402\/i-significati-nascosti-dei-loghi-12-famosissime-aziende-tecnologiche\/\"><em>Intraprendere<\/em><\/a> a luglio 2014, come rivela\u00a0una rapida ricerchina su <em>Google<\/em> (124 000 risultati). In inglese i risultati salgono a pi\u00f9 di 130 000), le aziende citate sono pi\u00f9 o meno sempre le stesse e infatti per la maggior parte i loghi discussi non sono di aziende italiane: sarei pronto a scommettere che \u00e8 possibile tracciare gli &#8220;scoppi&#8221; di pubblicazioni italiane a partire dall&#8217;innesco fornito da qualche sito americano.<\/p>\n<p>Del resto basta stare abitualmente sui\u00a0<em>social<\/em> per ricordarsi di aver visto passare mille volte materiale di questo genere: che <em>Il\u00a0Post<\/em> lo usi per farci un articolo\u00a0&#8211; nella sezione\u00a0&#8220;economia&#8221;, oltretutto &#8211; \u00e8 un po&#8217; deludente, come se si fosse scelta pigramente la strada pi\u00f9 facile. Oppure si ammette di posizionarsi in fondo alla catena alimentare dell&#8217;informazione, nutrendo il proprio pubblico di\u00a0materiale gi\u00e0 prodotto, masticato e predigerito da altri, e anche questo sarebbe piuttosto eludente, anche se in senso diverso, viste le ambizioni del\u00a0<em>Post<\/em> e il profilo di Sofri. O forse la disperata lotta per fare accessi e accaparrarsi pubblico obbliga a fare anche questo\u00a0e dare al pubblico pi\u00f9 cose, qualunque cosa, e magari\u00a0dovremo aspettarci allora sul\u00a0<em>Post<\/em> anche il\u00a0<em>gossip<\/em> sul lato B delle modelle e questa sarebbe la cosa pi\u00f9 deludente di tutte. E preoccupante.<\/p>\n","protected":false},"excerpt":{"rendered":"<p>Di varia economia Questa settimana ho consigliato un\u00a0articolo su\u00a0Vita che recensisce\u00a0Wikieconomia. Manifesto dell\u2019economia civile, un libro di Leonardo Becchetti, che<\/p>\n","protected":false},"author":1,"featured_media":8478,"comment_status":"open","ping_status":"open","sticky":false,"template":"","format":"standard","meta":{"_mi_skip_tracking":false,"_monsterinsights_sitenote_active":false,"_monsterinsights_sitenote_note":"","_monsterinsights_sitenote_category":0,"jetpack_post_was_ever_published":false,"_jetpack_newsletter_access":"","jetpack_publicize_message":"","jetpack_is_tweetstorm":false,"jetpack_publicize_feature_enabled":true,"jetpack_social_post_already_shared":true,"jetpack_social_options":{"image_generator_settings":{"template":"highway","enabled":false}}},"categories":[52,55,77,17,16],"tags":[],"jetpack_publicize_connections":[],"jetpack_featured_media_url":"https:\/\/i0.wp.com\/www.robertosedda.it\/wp-content\/uploads\/2014\/09\/Discoteca-abbandonata.jpg?fit=1065%2C710&ssl=1","jetpack_sharing_enabled":true,"jetpack_shortlink":"https:\/\/wp.me\/p4jV2T-2cz","jetpack_likes_enabled":true,"jetpack-related-posts":[{"id":14405,"url":"https:\/\/www.robertosedda.it\/?p=14405","url_meta":{"origin":8467,"position":0},"title":"Io e Leonardo Becchetti","author":"Rufus","date":"11\/12\/2017","format":false,"excerpt":"Io e Leonardo Becchetti saremo insieme alle 18 di gioved\u00ec 14 dicembre sul palco dell'Auditorium Comunale per il festival Lei, che quest'anno \u00e8 dedicato al tema della felicit\u00e0. E sar\u00e0 proprio sulla felicit\u00e0 la prima domanda che rivolger\u00f2 a Leonardo, per introdurre la presentazione del suo libro Capire l'economia in\u2026","rel":"","context":"In &quot;Coordinate&quot;","block_context":{"text":"Coordinate","link":"https:\/\/www.robertosedda.it\/?cat=52"},"img":{"alt_text":"","src":"https:\/\/i0.wp.com\/www.robertosedda.it\/wp-content\/uploads\/2017\/12\/Becchetti-LEI.jpg?fit=960%2C768&ssl=1&resize=350%2C200","width":350,"height":200,"srcset":"https:\/\/i0.wp.com\/www.robertosedda.it\/wp-content\/uploads\/2017\/12\/Becchetti-LEI.jpg?fit=960%2C768&ssl=1&resize=350%2C200 1x, https:\/\/i0.wp.com\/www.robertosedda.it\/wp-content\/uploads\/2017\/12\/Becchetti-LEI.jpg?fit=960%2C768&ssl=1&resize=700%2C400 2x"},"classes":[]},{"id":13088,"url":"https:\/\/www.robertosedda.it\/?p=13088","url_meta":{"origin":8467,"position":1},"title":"E nessuno chiudeva la porta","author":"Rufus","date":"16\/01\/2017","format":false,"excerpt":"Questo pomeriggio, come sempre dopo pranzo, a casa era accesa la radio e ascoltavamo Radio3, per la precisione Fahrenheit. Si parlava del rapporto Oxfam diffuso oggi, l'articolo di inquadramento della loro campagna Un'economia umana per il 99%, dove il 99% sarebbero le persone normali e l'1% quella minoranza di super-ricchi\u2026","rel":"","context":"In &quot;Coordinate&quot;","block_context":{"text":"Coordinate","link":"https:\/\/www.robertosedda.it\/?cat=52"},"img":{"alt_text":"","src":"https:\/\/i0.wp.com\/www.robertosedda.it\/wp-content\/uploads\/2017\/01\/Oxfam.jpg?fit=457%2C457&ssl=1&resize=350%2C200","width":350,"height":200},"classes":[]},{"id":5461,"url":"https:\/\/www.robertosedda.it\/?p=5461","url_meta":{"origin":8467,"position":2},"title":"Letture per Natale","author":"Rufus","date":"17\/12\/2013","format":false,"excerpt":"Raccolgo volentieri la segnalazione della mia amica, antica collega universitaria\u00a0e consocia di Banca Etica Marina Boetti, la libraia pi\u00f9 affascinante che conosca (qui a lato in una foto di Dietrich Steinmetz che ho rubato da Facebook). Marina mi ha\u00a0inviato per mail un elenco di titoli che per chi fa politica,\u2026","rel":"","context":"In &quot;Coordinate&quot;","block_context":{"text":"Coordinate","link":"https:\/\/www.robertosedda.it\/?cat=52"},"img":{"alt_text":"","src":"https:\/\/i0.wp.com\/www.robertosedda.it\/wp-content\/uploads\/2013\/12\/economia-con-l-anima.jpg?resize=350%2C200","width":350,"height":200},"classes":[]},{"id":14422,"url":"https:\/\/www.robertosedda.it\/?p=14422","url_meta":{"origin":8467,"position":3},"title":"Energia pulita","author":"Rufus","date":"13\/12\/2017","format":false,"excerpt":"Settimana impegnativa, questa. Se domani c'\u00e8 l'incontro con Becchetti, venerd\u00ec introdurr\u00f2 questo incontro sulla democrazia energetica: produrre la propria energia in piccoli impianti sostenibili locali, per esempio, oppure affidarsia fonritori sul mercato libero che garantisocno l'utilizzo di fonti rinnovabili. L'incontro serve anche a presentare due realt\u00e0 socie di Banca Etica\u2026","rel":"","context":"In &quot;Coordinate&quot;","block_context":{"text":"Coordinate","link":"https:\/\/www.robertosedda.it\/?cat=52"},"img":{"alt_text":"","src":"https:\/\/i0.wp.com\/www.robertosedda.it\/wp-content\/uploads\/2017\/12\/24232220_1761698587196586_895917333946927694_n.jpg?fit=810%2C450&ssl=1&resize=350%2C200","width":350,"height":200,"srcset":"https:\/\/i0.wp.com\/www.robertosedda.it\/wp-content\/uploads\/2017\/12\/24232220_1761698587196586_895917333946927694_n.jpg?fit=810%2C450&ssl=1&resize=350%2C200 1x, https:\/\/i0.wp.com\/www.robertosedda.it\/wp-content\/uploads\/2017\/12\/24232220_1761698587196586_895917333946927694_n.jpg?fit=810%2C450&ssl=1&resize=700%2C400 2x"},"classes":[]},{"id":19681,"url":"https:\/\/www.robertosedda.it\/?p=19681","url_meta":{"origin":8467,"position":4},"title":"Contro il voto col portafoglio","author":"Rufus","date":"19\/05\/2022","format":false,"excerpt":"Lo scrittore Cory Doctorow ha pubblicato sul suo blog un articolo molto critico nei confronti dell'idea del voto col portafoglio (che lui definisce consumerism, che per\u00f2 vuol dire anche \"consumismo\" e quindi pu\u00f2 porre una serie di problemi di traduzione e di comprensione - o invece essere un collegamento illuminante).\u2026","rel":"","context":"In &quot;Coordinate&quot;","block_context":{"text":"Coordinate","link":"https:\/\/www.robertosedda.it\/?cat=52"},"img":{"alt_text":"","src":"https:\/\/i0.wp.com\/www.robertosedda.it\/wp-content\/uploads\/2022\/05\/Doctorow-voto-col-portafoglio.jpg?fit=615%2C752&ssl=1&resize=350%2C200","width":350,"height":200},"classes":[]},{"id":4435,"url":"https:\/\/www.robertosedda.it\/?p=4435","url_meta":{"origin":8467,"position":5},"title":"Lo Yin, lo Yang e&#8230; la fain\u00e9","author":"Rufus","date":"14\/09\/2013","format":false,"excerpt":"Sono stato gioved\u00ec alla presentazione, presso la libreria Odradek di Sassari, del libro Davide e Golia. La primavera delle economie diverse (Jaca Boook 2013), uno studio a pi\u00f9 voci su una serie di esperienze economiche di tipo alternativo (anche se ai curatori dello studio questa parola non piace), met\u00e0 situate\u2026","rel":"","context":"In &quot;Coordinate&quot;","block_context":{"text":"Coordinate","link":"https:\/\/www.robertosedda.it\/?cat=52"},"img":{"alt_text":"","src":"","width":0,"height":0},"classes":[]}],"_links":{"self":[{"href":"https:\/\/www.robertosedda.it\/index.php?rest_route=\/wp\/v2\/posts\/8467"}],"collection":[{"href":"https:\/\/www.robertosedda.it\/index.php?rest_route=\/wp\/v2\/posts"}],"about":[{"href":"https:\/\/www.robertosedda.it\/index.php?rest_route=\/wp\/v2\/types\/post"}],"author":[{"embeddable":true,"href":"https:\/\/www.robertosedda.it\/index.php?rest_route=\/wp\/v2\/users\/1"}],"replies":[{"embeddable":true,"href":"https:\/\/www.robertosedda.it\/index.php?rest_route=%2Fwp%2Fv2%2Fcomments&post=8467"}],"version-history":[{"count":9,"href":"https:\/\/www.robertosedda.it\/index.php?rest_route=\/wp\/v2\/posts\/8467\/revisions"}],"predecessor-version":[{"id":8546,"href":"https:\/\/www.robertosedda.it\/index.php?rest_route=\/wp\/v2\/posts\/8467\/revisions\/8546"}],"wp:featuredmedia":[{"embeddable":true,"href":"https:\/\/www.robertosedda.it\/index.php?rest_route=\/wp\/v2\/media\/8478"}],"wp:attachment":[{"href":"https:\/\/www.robertosedda.it\/index.php?rest_route=%2Fwp%2Fv2%2Fmedia&parent=8467"}],"wp:term":[{"taxonomy":"category","embeddable":true,"href":"https:\/\/www.robertosedda.it\/index.php?rest_route=%2Fwp%2Fv2%2Fcategories&post=8467"},{"taxonomy":"post_tag","embeddable":true,"href":"https:\/\/www.robertosedda.it\/index.php?rest_route=%2Fwp%2Fv2%2Ftags&post=8467"}],"curies":[{"name":"wp","href":"https:\/\/api.w.org\/{rel}","templated":true}]}}