{"id":8320,"date":"2014-09-04T17:23:23","date_gmt":"2014-09-04T15:23:23","guid":{"rendered":"http:\/\/www.robertosedda.it\/?p=8320"},"modified":"2014-10-03T13:48:49","modified_gmt":"2014-10-03T11:48:49","slug":"valutare-loperato-del-sindaco-massimo-zedda-e-della-giunta-e-quindi","status":"publish","type":"post","link":"https:\/\/www.robertosedda.it\/?p=8320","title":{"rendered":"Valutare l&#8217;operato del sindaco Massimo Zedda e della giunta? E quindi&#8230;"},"content":{"rendered":"<p><img data-attachment-id=\"8321\" data-permalink=\"https:\/\/www.robertosedda.it\/?attachment_id=8321\" data-orig-file=\"https:\/\/i0.wp.com\/www.robertosedda.it\/wp-content\/uploads\/2014\/09\/e_possibile_a_Cagliari.jpg?fit=180%2C180&amp;ssl=1\" data-orig-size=\"180,180\" data-comments-opened=\"1\" data-image-meta=\"{&quot;aperture&quot;:&quot;0&quot;,&quot;credit&quot;:&quot;&quot;,&quot;camera&quot;:&quot;&quot;,&quot;caption&quot;:&quot;&quot;,&quot;created_timestamp&quot;:&quot;0&quot;,&quot;copyright&quot;:&quot;&quot;,&quot;focal_length&quot;:&quot;0&quot;,&quot;iso&quot;:&quot;0&quot;,&quot;shutter_speed&quot;:&quot;0&quot;,&quot;title&quot;:&quot;&quot;}\" data-image-title=\"e_possibile_a_Cagliari\" data-image-description=\"\" data-image-caption=\"\" data-medium-file=\"https:\/\/i0.wp.com\/www.robertosedda.it\/wp-content\/uploads\/2014\/09\/e_possibile_a_Cagliari.jpg?fit=180%2C180&amp;ssl=1\" data-large-file=\"https:\/\/i0.wp.com\/www.robertosedda.it\/wp-content\/uploads\/2014\/09\/e_possibile_a_Cagliari.jpg?fit=180%2C180&amp;ssl=1\" decoding=\"async\" loading=\"lazy\" class=\"alignleft size-full wp-image-8321\" src=\"https:\/\/i0.wp.com\/www.robertosedda.it\/wp-content\/uploads\/2014\/09\/e_possibile_a_Cagliari.jpg?resize=180%2C180\" alt=\"e_possibile_a_Cagliari\" width=\"180\" height=\"180\" srcset=\"https:\/\/i0.wp.com\/www.robertosedda.it\/wp-content\/uploads\/2014\/09\/e_possibile_a_Cagliari.jpg?w=180&amp;ssl=1 180w, https:\/\/i0.wp.com\/www.robertosedda.it\/wp-content\/uploads\/2014\/09\/e_possibile_a_Cagliari.jpg?resize=150%2C150&amp;ssl=1 150w, https:\/\/i0.wp.com\/www.robertosedda.it\/wp-content\/uploads\/2014\/09\/e_possibile_a_Cagliari.jpg?resize=100%2C100&amp;ssl=1 100w\" sizes=\"(max-width: 180px) 100vw, 180px\" data-recalc-dims=\"1\" \/>Ho ricevuto da diversi su\u00a0<em>Facebook\u00a0<\/em>l&#8217;invito a rispondere\u00a0<em>on line<\/em> a <a href=\"https:\/\/docs.google.com\/forms\/d\/1jbuGw7R8UVPRlXHcq3b4Z0WIH0Zz_pJ6lNH-dzmGC6U\/viewform?embedded=true\">un questionario che valuti l&#8217;operato del centrosinistra alla guida di Cagliari<\/a> pi\u00f9 o meno alla scadenza di met\u00e0\u00a0mandato.<\/p>\n<p>Iniziativa lodevole anche se la presenza ricorrente nelle varie pagine in cui \u00e8 diviso il questionario di riassunti di ci\u00f2 che la giunta ha fatto, argomento per argomento, fa scivolare l&#8217;iniziativa pi\u00f9 verso le strategie di comunicazione che verso l&#8217;apertura alla partecipazione dei cittadini<\/p>\n<p>La prima domanda \u00e8 secca:\u00a0<span style=\"font-style: italic; color: #000000;\">Secondo te, negli ultimi anni, con la giunta Zedda, c&#8217;\u00e8 stato un cambiamento tangibile in citt\u00e0?<\/span><\/p>\n<p><em>Orpo<\/em>, ho pensato,\u00a0<em>certo che s\u00ec<\/em>.<\/p>\n<p>La seconda domanda chiede di precisare se il cambiamento \u00e8 positivo. Giusto, perch\u00e9 in effetti poteva essere anche il contrario, non ci avevo pensato.\u00a0<em>Si, certo<\/em>.<\/p>\n<p>Andiamo avanti.<\/p>\n<p>La terza elenca una serie di iniziative: <em>a quali hai partecipato?<\/em><\/p>\n<p>Guarda che caso strano, a nessuna. Ho un brivido di premonizione.<\/p>\n<p><span style=\"font-style: italic; color: #000000;\">Un&#8217;azione della Giunta Zedda di cui sei orgoglioso?<\/span><\/p>\n<p>Non me ne viene in mente nessuna entro i primi dieci secondi. Preoccupante.<\/p>\n<p>Ci penso ancora. Niente.<\/p>\n<p>Forse il fatto che il Comune adesso porta il Gonfalone al 25 aprile.\u00a0Un po&#8217; poco. Il taglio della auto blu? Per\u00f2 \u00e8\u00a0di due anni fa. Insomma: non granch\u00e9 perch\u00e9 uno possa gridare:\u00a0<em>oh Capitano! Mio Capitano!<\/em><\/p>\n<p>Trovato: il\u00a0<em>CTM<\/em>. Per\u00f2 funzionava bene anche da prima. La metro leggera. I trasporti verso Elmas. Cose forse avviate da prima ma comunque perseguite con determinazione. Va bene. Per\u00f2 ci ho dovuto pensare. Parecchio.<\/p>\n<p>Invece alla domanda successiva, <em>cose che non condividi<\/em>, mi vengono in mente (<em>subito!<\/em>) diverse cose. La gestione imbarazzante della vicenda del Teatro Lirico, di getto. La mancata partenza\u00a0della differenziata porta a porta pi\u00f9 volte annunciata, un&#8217;altra. Dell&#8217;Anfiteatro non ci sono notizie. Anche ammettendo che altri infortuni, come la questione Poetto o lo stadio, dipendano (anche) dal sabotaggio di altri enti o da vincoli esterni ai quali non si poteva sfuggire il bilancio non \u00e8, a una valutazione istintiva, esaltante. Mettiamo poi che sia solo io che rimango perplesso rispetto alle politiche culturali per Cagliari capitale europea della cultura, forse per\u00f2 non sono solo io a trovare le politiche sociali di taglio un po&#8217; tradizionale, statiche.\u00a0E sono sicuro che pensandoci un po&#8217; altre magagne, di minore importanza, salterebbero fuori.<\/p>\n<p><em>Uhm<\/em>.<\/p>\n<p>Sono in imbarazzo: questo cambiamento positivo come faccio a giustificarlo?<\/p>\n<p>Poi comincia una parte del questionario pi\u00f9 centrata su singoli macroargomenti. Per esempio:<\/p>\n<blockquote>\n<h2 class=\"ss-page-title\" style=\"color: #222222;\">Cagliari efficiente e trasparente<\/h2>\n<p>Il comune di Cagliari vuole diventare un\u2019amministrazione al servizio del cittadino:\u00a0\u00e8 giunto il momento che ognuno sia sempre pi\u00f9 parte attiva del processo di amministrazione locale. Per questo:<\/p>\n<ul>\n<li>trasmette in streaming tutte le sedute del Consiglio Comunale<\/li>\n<li>pubblica tempestivamente atti e informazioni relative agli amministratori<\/li>\n<li>ha iniziato a riprogettare il sito internet istituzionale<\/li>\n<li>pubblica i dati del bilancio in formato opendata<\/li>\n<li>ha avviato la possibilit\u00e0 di registrarsi al sito del comune per usufruire di alcuni servizi online (istanze online, prenotazione appuntamenti, richiesta certificati, permessi ZTL, portale del creditore, etc)<\/li>\n<li>ha creato un front office del servizio edilizia privata<\/li>\n<li>per la prima volta ha iniziato a effettuare una seria valutazione dei dirigenti basata su parametri anche comportamentali nei confronti dei lavoratori e dei cittadini.<\/li>\n<\/ul>\n<\/blockquote>\n<p>Allora: in un bilancio di cose fatte, &#8220;ha iniziato a&#8230;&#8221; non si dovrebbe mai scrivere. Mai. O una cosa \u00e8 fatta o non \u00e8 fatta. Se non \u00e8 fatta non va in bilancio. Tanto pi\u00f9 che sul\u00a0sito istituzionale, per esempio, ci vado spesso ed \u00e8 veramente di difficoltosa navigazione, <em>oggi<\/em>,\u00a0quindi a me cittadino tutto questo\u00a0<em>inizio<\/em> non risolve i problemi. E se perci\u00f2 togliamo le cose solo annunciate\u00a0ne partono gi\u00e0 via due su sette (il servizio\u00a0<em>online<\/em>\u00a0per gli utenti registrati obiettivamente almeno in parte funziona).<\/p>\n<p>Poi c&#8217;\u00e8 il\u00a0<em>front office<\/em> del servizio edilizia privata.<\/p>\n<p><em>A-ah<\/em>. Quest&#8217;anno ho terminato una pratica edilizia che \u00e8 durata tre anni. Tre anni.<\/p>\n<p>Direte: chiss\u00e0 cosa dovevi fare.<\/p>\n<p><a href=\"https:\/\/i0.wp.com\/www.robertosedda.it\/wp-content\/uploads\/2014\/07\/Amici-7.jpg\"><img data-attachment-id=\"8105\" data-permalink=\"https:\/\/www.robertosedda.it\/?attachment_id=8105\" data-orig-file=\"https:\/\/i0.wp.com\/www.robertosedda.it\/wp-content\/uploads\/2014\/07\/Amici-7.jpg?fit=1600%2C900&amp;ssl=1\" data-orig-size=\"1600,900\" data-comments-opened=\"1\" data-image-meta=\"{&quot;aperture&quot;:&quot;2.2&quot;,&quot;credit&quot;:&quot;&quot;,&quot;camera&quot;:&quot;GT-I9505&quot;,&quot;caption&quot;:&quot;&quot;,&quot;created_timestamp&quot;:&quot;1402255480&quot;,&quot;copyright&quot;:&quot;&quot;,&quot;focal_length&quot;:&quot;4.2&quot;,&quot;iso&quot;:&quot;50&quot;,&quot;shutter_speed&quot;:&quot;0.0017482517482517&quot;,&quot;title&quot;:&quot;&quot;}\" data-image-title=\"Amici 7\" data-image-description=\"\" data-image-caption=\"\" data-medium-file=\"https:\/\/i0.wp.com\/www.robertosedda.it\/wp-content\/uploads\/2014\/07\/Amici-7.jpg?fit=300%2C168&amp;ssl=1\" data-large-file=\"https:\/\/i0.wp.com\/www.robertosedda.it\/wp-content\/uploads\/2014\/07\/Amici-7.jpg?fit=510%2C286&amp;ssl=1\" decoding=\"async\" loading=\"lazy\" class=\"alignright size-medium wp-image-8105\" src=\"https:\/\/i0.wp.com\/www.robertosedda.it\/wp-content\/uploads\/2014\/07\/Amici-7.jpg?resize=300%2C168\" alt=\"Amici 7\" width=\"300\" height=\"168\" srcset=\"https:\/\/i0.wp.com\/www.robertosedda.it\/wp-content\/uploads\/2014\/07\/Amici-7.jpg?resize=300%2C168&amp;ssl=1 300w, https:\/\/i0.wp.com\/www.robertosedda.it\/wp-content\/uploads\/2014\/07\/Amici-7.jpg?resize=150%2C84&amp;ssl=1 150w, https:\/\/i0.wp.com\/www.robertosedda.it\/wp-content\/uploads\/2014\/07\/Amici-7.jpg?resize=510%2C286&amp;ssl=1 510w, https:\/\/i0.wp.com\/www.robertosedda.it\/wp-content\/uploads\/2014\/07\/Amici-7.jpg?resize=700%2C393&amp;ssl=1 700w, https:\/\/i0.wp.com\/www.robertosedda.it\/wp-content\/uploads\/2014\/07\/Amici-7.jpg?w=1600&amp;ssl=1 1600w\" sizes=\"(max-width: 300px) 100vw, 300px\" data-recalc-dims=\"1\" \/><\/a>Mettere una pergola nel terrazzo, mica costruire l&#8217;<em>Empire State Building<\/em>. Certo, in una zona in cui c&#8217;\u00e8 il vincolo paesaggistico (la Basilica)<em>, <\/em>il vincolo cimiteriale (sappiatelo: esiste!) e quello archeologico. Maaaa&#8230;\u00a0<em>tre anni?<\/em> E soprattutto: perch\u00e9 mi chiedono pi\u00f9 e pi\u00f9 volte documenti sempre nuovi? Tutta colpa del mio \u00a0architetto? Anche ammettendolo, sono un impiegato pubblico anch&#8217;io, alla terza raccomandata avrei voluto chiedergli:\u00a0<em>ma voi la pratica la guardate a pezzi? Esaminare tutto il fascicolo una volta sola non fa? <\/em><\/p>\n<p>Solo che, mi dice l&#8217;architetto, c&#8217;\u00e8 il\u00a0<em>front office<\/em>\u00a0quindi non puoi prendere, alzarti e andare a chiedere spiegazioni\u00a0domani mattina, come avrei voluto fare io.\u00a0Devi registrarti al sito e prendere appuntamento. Dopodich\u00e9 nel frattempo ti si calmano i bollori e con rassegnazione ti prepari i documenti richiesti e aspetti la raccomandata successiva.<\/p>\n<p>L&#8217;ultima volta dice che serve una firma, mia e di mia madre, quindi andiamo noi di persona al famoso\u00a0<em>front office<\/em>. Con l&#8217;appuntamento.<\/p>\n<p>E l&#8217;impiegato, peraltro gentilissimo, timidamente dice che non ha la pratica. Gli dovevano portare il fascicolo dal\u00a0<em>back office<\/em> ieri, per le pratiche di stamattina, ma non l&#8217;hanno fatto. Aspettiamo mezz&#8217;ora, poi lui si attacca al telefono e fa un cazziatone a chiss\u00e0 chi. Dopo un altro po&#8217; arriva un&#8217;impiegata con le pratiche: i precari, spiega, fanno sempre casino con l&#8217;archivio e non si capiva dove avevano messo le pratiche e non sapevano di doverle portare oggi e meno male che lei sa dove mettere le mani. E finalmente, firmiamo. Un&#8217;ora, con l&#8217;appuntamento, per due firme.<\/p>\n<p>Ecco, io non metterei il\u00a0<em>front office<\/em> e soprattutto il servizio edilizia privata fra i migliori risultati del Comune. Nemmeno fra i risultati, ecco.<\/p>\n<p><a href=\"https:\/\/i0.wp.com\/www.robertosedda.it\/wp-content\/uploads\/2014\/05\/Scacchi.jpg\"><img data-attachment-id=\"7393\" data-permalink=\"https:\/\/www.robertosedda.it\/?attachment_id=7393\" data-orig-file=\"https:\/\/i0.wp.com\/www.robertosedda.it\/wp-content\/uploads\/2014\/05\/Scacchi.jpg?fit=1600%2C1200&amp;ssl=1\" data-orig-size=\"1600,1200\" data-comments-opened=\"1\" data-image-meta=\"{&quot;aperture&quot;:&quot;2.8&quot;,&quot;credit&quot;:&quot;&quot;,&quot;camera&quot;:&quot;F8035&quot;,&quot;caption&quot;:&quot;&quot;,&quot;created_timestamp&quot;:&quot;1252850963&quot;,&quot;copyright&quot;:&quot;&quot;,&quot;focal_length&quot;:&quot;5.7&quot;,&quot;iso&quot;:&quot;104&quot;,&quot;shutter_speed&quot;:&quot;0.015625&quot;,&quot;title&quot;:&quot;YASHICA Digital Camera&quot;}\" data-image-title=\"Scacchi\" data-image-description=\"\" data-image-caption=\"\" data-medium-file=\"https:\/\/i0.wp.com\/www.robertosedda.it\/wp-content\/uploads\/2014\/05\/Scacchi.jpg?fit=300%2C225&amp;ssl=1\" data-large-file=\"https:\/\/i0.wp.com\/www.robertosedda.it\/wp-content\/uploads\/2014\/05\/Scacchi.jpg?fit=510%2C382&amp;ssl=1\" decoding=\"async\" loading=\"lazy\" class=\"alignleft size-medium wp-image-7393\" src=\"https:\/\/i0.wp.com\/www.robertosedda.it\/wp-content\/uploads\/2014\/05\/Scacchi.jpg?resize=300%2C225\" alt=\"Scacchi\" width=\"300\" height=\"225\" srcset=\"https:\/\/i0.wp.com\/www.robertosedda.it\/wp-content\/uploads\/2014\/05\/Scacchi.jpg?resize=300%2C225&amp;ssl=1 300w, https:\/\/i0.wp.com\/www.robertosedda.it\/wp-content\/uploads\/2014\/05\/Scacchi.jpg?resize=150%2C112&amp;ssl=1 150w, https:\/\/i0.wp.com\/www.robertosedda.it\/wp-content\/uploads\/2014\/05\/Scacchi.jpg?resize=510%2C382&amp;ssl=1 510w, https:\/\/i0.wp.com\/www.robertosedda.it\/wp-content\/uploads\/2014\/05\/Scacchi.jpg?resize=268%2C200&amp;ssl=1 268w, https:\/\/i0.wp.com\/www.robertosedda.it\/wp-content\/uploads\/2014\/05\/Scacchi.jpg?resize=700%2C525&amp;ssl=1 700w, https:\/\/i0.wp.com\/www.robertosedda.it\/wp-content\/uploads\/2014\/05\/Scacchi.jpg?w=1600&amp;ssl=1 1600w\" sizes=\"(max-width: 300px) 100vw, 300px\" data-recalc-dims=\"1\" \/><\/a>Gi\u00e0. E mi viene in mente:\u00a0sono il presidente di una piccolissima associazione culturale. Partecipiamo a un bando per contributi. \u00a0Non \u00e8 prevista scadenza di gestione del procedimento amministrativo. A dir la verit\u00e0, non \u00e8 indicato neanche il responsabile del procedimento.<\/p>\n<p>Dopo qualche\u00a0<em>mese<\/em>, perplesso, chiamo la dirigente che\u00a0immagino si occupi della cosa: ho paura di essermi perso la graduatoria sul sito (quello che hanno iniziato a rivedere). Mi dice\u00a0<em>no problem<\/em>,\u00a0che hanno tanto lavoro per altre cose e che magari, se tutto va come deve, il mese prossimo vedranno anche di esaminare le varie proposte presentate.<\/p>\n<p>Aspetteremo le graduatorie altri tre mesi.<\/p>\n<p>E parliamo di una dirigente universalmente stimata e senz&#8217;altro brava. Sono curioso insomma\u00a0di vedere man mano queste famose valutazioni.<\/p>\n<p>E quel che rimane, a questo punto, \u00e8 grosso modo lo\u00a0<em>streaming<\/em>, l&#8217;<em>opendata<\/em> e poco altro. Diciamo che siamo pi\u00f9 forti sul lato trasparenza che su quello efficienza.<\/p>\n<p>E un po&#8217; il problema \u00e8 tutto l\u00ec, credo. Ci sono elencate nel prosieguo del questionario alcune cose davvero buone, parecchie cose puramente annunciate, due o tre vaccate e moltissime attivit\u00e0 di cui non si vede traccia. Di queste ultime alcune magari dipendono dal fatto che se non sei direttamente interessato puoi non rendertene conto, ma molte altre sembrano essere soprattutto nell&#8217;occhio di chi guarda: non \u00e8 che non ci sono, ma chi le fa e ci mette impegno non ha la stessa percezione della loro utilit\u00e0 e del loro risultato che ne ha\u00a0l&#8217;utente finale.<\/p>\n<p>Come il famoso <em>front office<\/em>, o come le cose che l&#8217;<a title=\"Democrazia ateniese in salsa di Marina\" href=\"http:\/\/www.robertosedda.it\/?p=4770\">assessore annunciava alla Marina un anno fa<\/a>\u00a0e che\u00a0francamente non\u00a0sembrano essersi verificate. Per\u00f2 c&#8217;\u00e8 stata l&#8217;ordinanza sulla vendita di alcolici. Quel che sembra \u00e8 cio\u00e8 che non si sia riusciti a cambiare politica sociale, ma\u00a0che si sia preferito mettere un coperchio sulla pentola. Probabilmente il disagio degli abitanti della Marina \u00e8 diminuito, per\u00f2&#8230; non si \u00e8 fatta una diversa politica. Non si \u00e8\u00a0<em>amministrato<\/em>. Perlomeno: non molto.<\/p>\n<p>E quindi, per una amministrazione che ho votato e che ancora stimo, visto che ho detto che ha cambiato in meglio la citt\u00e0, ho messo una marea di voti bassi. Curioso, no?<\/p>\n<p>Secondo me, dal mio minuscolo punto d&#8217;osservazione, non \u00e8 un buon segnale: perch\u00e9 non essere riusciti a fare le cose \u00e8 ovviamente un problema, ma non avere sulle cose fatte la stessa percezione dell&#8217;utente finale \u00e8 sicuramente\u00a0esiziale.<\/p>\n<p>Ecco, lo volevo dire. L&#8217;ho detto.<\/p>\n<p>Ci sentiamo fra due anni.<\/p>\n<p>Ah no. Un&#8217;altra cosa.<\/p>\n<p>In realt\u00e0, c&#8217;\u00e8 una cosa che nel questionario non c&#8217;\u00e8.<\/p>\n<p>\u00c8 il bene pubblico.<\/p>\n<p>Come credo molti altri cittadini ho scelto questa amministrazione perch\u00e9 avevo la sensazione che la cura dell&#8217;interesse pubblico, contrapposta al perseguimento degli interessi privati e allo sfruttamento della citt\u00e0, delle posizioni di potere, delle amicizie e delle consorterie,\u00a0avesse raggiunto un livello critico.<\/p>\n<p>Mi sembra che la nuova amministrazione abbia invertito la tendenza e quindi che l&#8217;aria in citt\u00e0 sia cambiata e mi rendo conto che, quando ho risposto alla prima risposta del questionario, a questo stavo pensando e questo continuo a riconoscere.<\/p>\n<p>Finch\u00e9 non decideranno di costruire a\u00a0<em>Su Stangioni<\/em>, ovviamente. Ma questo non c&#8217;entra, per il momento.<\/p>\n<p>Solo che questa inversione di tendenza nel questionario non c&#8217;\u00e8. Secondo me poteva esserci.<\/p>\n<p>Mi correggo: <em>doveva\u00a0<\/em>esserci.<\/p>\n<p>Non che bilanci del tutto le cose non fatte o fatte male, eh.<\/p>\n","protected":false},"excerpt":{"rendered":"<p>Ho ricevuto da diversi su\u00a0Facebook\u00a0l&#8217;invito a rispondere\u00a0on line a un questionario che valuti l&#8217;operato del centrosinistra alla guida di Cagliari<\/p>\n","protected":false},"author":1,"featured_media":8321,"comment_status":"open","ping_status":"open","sticky":false,"template":"","format":"standard","meta":{"_mi_skip_tracking":false,"_monsterinsights_sitenote_active":false,"_monsterinsights_sitenote_note":"","_monsterinsights_sitenote_category":0,"jetpack_post_was_ever_published":false,"_jetpack_newsletter_access":"","jetpack_publicize_message":"","jetpack_is_tweetstorm":false,"jetpack_publicize_feature_enabled":true,"jetpack_social_post_already_shared":true,"jetpack_social_options":{"image_generator_settings":{"template":"highway","enabled":false}}},"categories":[52,57,17,59,16],"tags":[],"jetpack_publicize_connections":[],"jetpack_featured_media_url":"https:\/\/i0.wp.com\/www.robertosedda.it\/wp-content\/uploads\/2014\/09\/e_possibile_a_Cagliari.jpg?fit=180%2C180&ssl=1","jetpack_sharing_enabled":true,"jetpack_shortlink":"https:\/\/wp.me\/p4jV2T-2ac","jetpack_likes_enabled":true,"jetpack-related-posts":[{"id":11144,"url":"https:\/\/www.robertosedda.it\/?p=11144","url_meta":{"origin":8320,"position":0},"title":"Un bilancio onesto cercasi. E partecipato","author":"Rufus","date":"09\/11\/2015","format":false,"excerpt":"Venerd\u00ec scorso Davide Carta, un consigliere comunale del PD che conosco da una vita e che stimo, ha pubblicato su Facebook una anticipazione del suo intervento alla direzione cittadina del PD, nella quale intendeva sostenere l'appoggio alla ricandidatura a sindaco di Massimo Zedda. Sono rimasto molto colpito dai commenti sotto\u2026","rel":"","context":"In &quot;Coordinate&quot;","block_context":{"text":"Coordinate","link":"https:\/\/www.robertosedda.it\/?cat=52"},"img":{"alt_text":"","src":"https:\/\/i0.wp.com\/www.robertosedda.it\/wp-content\/uploads\/2015\/11\/Davide-Carta.jpg?fit=480%2C723&ssl=1&resize=350%2C200","width":350,"height":200},"classes":[]},{"id":4504,"url":"https:\/\/www.robertosedda.it\/?p=4504","url_meta":{"origin":8320,"position":1},"title":"La mia vita con il Papa &#8211; l&#8217;evento (1)","author":"Rufus","date":"25\/09\/2013","format":false,"excerpt":"Prima di tutto vi rassicuro: sono tornato a casa, per giunta senza problemi. Se non ho scritto negli scorsi due giorni non \u00e8 perch\u00e9 vagavo alla ricerca di una varco nelle transenne ma perch\u00e9 si sono accumulate un po' di cose familiari\u00a0di altro genere. A proposito, per quelli che lo\u2026","rel":"","context":"In &quot;Coordinate&quot;","block_context":{"text":"Coordinate","link":"https:\/\/www.robertosedda.it\/?cat=52"},"img":{"alt_text":"","src":"https:\/\/i0.wp.com\/www.robertosedda.it\/wp-content\/uploads\/2013\/09\/Papa-Francesco-Cagliari-foto-gruppo.jpg?fit=960%2C720&ssl=1&resize=350%2C200","width":350,"height":200,"srcset":"https:\/\/i0.wp.com\/www.robertosedda.it\/wp-content\/uploads\/2013\/09\/Papa-Francesco-Cagliari-foto-gruppo.jpg?fit=960%2C720&ssl=1&resize=350%2C200 1x, https:\/\/i0.wp.com\/www.robertosedda.it\/wp-content\/uploads\/2013\/09\/Papa-Francesco-Cagliari-foto-gruppo.jpg?fit=960%2C720&ssl=1&resize=700%2C400 2x"},"classes":[]},{"id":11281,"url":"https:\/\/www.robertosedda.it\/?p=11281","url_meta":{"origin":8320,"position":2},"title":"Slittamenti di senso","author":"Rufus","date":"11\/12\/2015","format":false,"excerpt":"Ieri ho avuto un breve scambio su\u00a0Facebook\u00a0 con un amico. Lo riporto qui per due motivi. Uno \u00e8 che il\u00a0blog serve esattamente a questo: a riportare tutto a casa di quel che spargo sulla rete. La seconda \u00e8 che il breve dialogo svela alcuni, come dire?, impoverimenti del ragionamento politico\u2026","rel":"","context":"In &quot;Coordinate&quot;","block_context":{"text":"Coordinate","link":"https:\/\/www.robertosedda.it\/?cat=52"},"img":{"alt_text":"","src":"https:\/\/external.xx.fbcdn.net\/safe_image.php?d=AQDHnfuSv7NvIG7Y&w=487&h=255&url=http%3A%2F%2Fwww.ilpost.it%2Fwp-content%2Fuploads%2F2015%2F12%2FLibero10.png&cfs=1&upscale=1&sx=0&sy=147&sw=470&sh=246","width":350,"height":200},"classes":[]},{"id":11847,"url":"https:\/\/www.robertosedda.it\/?p=11847","url_meta":{"origin":8320,"position":3},"title":"L&#8217;odore del sangue","author":"Rufus","date":"19\/04\/2016","format":false,"excerpt":"Spira a Cagliari un'arietta frizzantina che dovrebbe impensierire il centrosinistra... Domenica ero al seggio a fare lo scrutatore per il referendum, un'esperienza della quale parler\u00f2 casomai in altra sede. Il seggio faceva riferimento a un'area cittadina di composizione piuttosto variegata, dai molto benestanti ai non tanto benestanti, ed \u00e8 capitato\u2026","rel":"","context":"In &quot;Coordinate&quot;","block_context":{"text":"Coordinate","link":"https:\/\/www.robertosedda.it\/?cat=52"},"img":{"alt_text":"","src":"https:\/\/i0.wp.com\/www.robertosedda.it\/wp-content\/uploads\/2016\/04\/massidda_sindaco.png?fit=688%2C250&ssl=1&resize=350%2C200","width":350,"height":200},"classes":[]},{"id":6923,"url":"https:\/\/www.robertosedda.it\/?p=6923","url_meta":{"origin":8320,"position":4},"title":"Sardegna, a ciascuno il suo silenzio (un intervento di Vito Biolchini)","author":"Rufus","date":"08\/04\/2014","format":false,"excerpt":"Oltre che su questo blog, questo articolo viene pubblicato anche sui siti\u00a0di Vito Biolchini,\u00a0Enrico Lobina,\u00a0Fondazione Sardinia,\u00a0Aladinpensiero,\u00a0Tramas de Amistade,\u00a0Madrigopolis,\u00a0Sardegna Soprattutto,\u00a0Sportello Formaparis,\u00a0Tottusinpari. Sardegna, a ciascuno il suo silenzio (Pigliaru non spiega: almeno ascolter\u00e0?) di Vito Biolchini E all'improvviso scese il silenzio. Se nei sette mesi che hanno preceduto il voto una febbre\u2026","rel":"","context":"In &quot;Coordinate&quot;","block_context":{"text":"Coordinate","link":"https:\/\/www.robertosedda.it\/?cat=52"},"img":{"alt_text":"","src":"https:\/\/i0.wp.com\/www.robertosedda.it\/wp-content\/uploads\/2014\/02\/videolina_pigliaru.jpg?fit=1200%2C900&ssl=1&resize=350%2C200","width":350,"height":200,"srcset":"https:\/\/i0.wp.com\/www.robertosedda.it\/wp-content\/uploads\/2014\/02\/videolina_pigliaru.jpg?fit=1200%2C900&ssl=1&resize=350%2C200 1x, https:\/\/i0.wp.com\/www.robertosedda.it\/wp-content\/uploads\/2014\/02\/videolina_pigliaru.jpg?fit=1200%2C900&ssl=1&resize=700%2C400 2x, https:\/\/i0.wp.com\/www.robertosedda.it\/wp-content\/uploads\/2014\/02\/videolina_pigliaru.jpg?fit=1200%2C900&ssl=1&resize=1050%2C600 3x"},"classes":[]},{"id":14780,"url":"https:\/\/www.robertosedda.it\/?p=14780","url_meta":{"origin":8320,"position":5},"title":"Il testosterone delle Sorelle Lehman","author":"Rufus","date":"08\/03\/2018","format":false,"excerpt":"L'articolo che segue, preso dalla sezione Letture approfondite per il fine settimana\u00a0del Financial Times, mi ha fatto compagnia nella mattinata post-elettorale, passata a casa in malattia. Mi \u00e8 sembrato interessante e tratta di argomenti in parte gi\u00e0 comparsi qui sul\u00a0blog, come il ruolo (differente?) delle donne nei consigli di amministrazione\u2026","rel":"","context":"In &quot;Antropologia&quot;","block_context":{"text":"Antropologia","link":"https:\/\/www.robertosedda.it\/?cat=97"},"img":{"alt_text":"","src":"https:\/\/i0.wp.com\/www.robertosedda.it\/wp-content\/uploads\/2018\/03\/Cordelia-Fine-2.jpg?fit=800%2C514&ssl=1&resize=350%2C200","width":350,"height":200,"srcset":"https:\/\/i0.wp.com\/www.robertosedda.it\/wp-content\/uploads\/2018\/03\/Cordelia-Fine-2.jpg?fit=800%2C514&ssl=1&resize=350%2C200 1x, https:\/\/i0.wp.com\/www.robertosedda.it\/wp-content\/uploads\/2018\/03\/Cordelia-Fine-2.jpg?fit=800%2C514&ssl=1&resize=700%2C400 2x"},"classes":[]}],"_links":{"self":[{"href":"https:\/\/www.robertosedda.it\/index.php?rest_route=\/wp\/v2\/posts\/8320"}],"collection":[{"href":"https:\/\/www.robertosedda.it\/index.php?rest_route=\/wp\/v2\/posts"}],"about":[{"href":"https:\/\/www.robertosedda.it\/index.php?rest_route=\/wp\/v2\/types\/post"}],"author":[{"embeddable":true,"href":"https:\/\/www.robertosedda.it\/index.php?rest_route=\/wp\/v2\/users\/1"}],"replies":[{"embeddable":true,"href":"https:\/\/www.robertosedda.it\/index.php?rest_route=%2Fwp%2Fv2%2Fcomments&post=8320"}],"version-history":[{"count":7,"href":"https:\/\/www.robertosedda.it\/index.php?rest_route=\/wp\/v2\/posts\/8320\/revisions"}],"predecessor-version":[{"id":8364,"href":"https:\/\/www.robertosedda.it\/index.php?rest_route=\/wp\/v2\/posts\/8320\/revisions\/8364"}],"wp:featuredmedia":[{"embeddable":true,"href":"https:\/\/www.robertosedda.it\/index.php?rest_route=\/wp\/v2\/media\/8321"}],"wp:attachment":[{"href":"https:\/\/www.robertosedda.it\/index.php?rest_route=%2Fwp%2Fv2%2Fmedia&parent=8320"}],"wp:term":[{"taxonomy":"category","embeddable":true,"href":"https:\/\/www.robertosedda.it\/index.php?rest_route=%2Fwp%2Fv2%2Fcategories&post=8320"},{"taxonomy":"post_tag","embeddable":true,"href":"https:\/\/www.robertosedda.it\/index.php?rest_route=%2Fwp%2Fv2%2Ftags&post=8320"}],"curies":[{"name":"wp","href":"https:\/\/api.w.org\/{rel}","templated":true}]}}