{"id":8300,"date":"2014-09-02T18:44:28","date_gmt":"2014-09-02T16:44:28","guid":{"rendered":"http:\/\/www.robertosedda.it\/?p=8300"},"modified":"2026-02-12T16:42:37","modified_gmt":"2026-02-12T15:42:37","slug":"magari-ci-si-becca-al-cafe-noir","status":"publish","type":"post","link":"https:\/\/www.robertosedda.it\/?p=8300","title":{"rendered":"Magari ci si becca al Caf\u00e8 Noir"},"content":{"rendered":"<p>Vedo che \u00e8 uscito il programma del <em>festival&nbsp;<\/em>letterario di&nbsp;<em>Marina Caf\u00e8 Noir<\/em>, che pi\u00f9 o meno chiude la stagione degli eventi culturali di piazza dell&#8217;estate 2014. Il titolo \u00e8&nbsp;<em>Non tutto \u00e8 in vendita<\/em>: dal programma fatico a capire perch\u00e9, ma non posso che essere d&#8217;accordo.<\/p>\n<p>Riporto comunque il programma, <a href=\"http:\/\/www.marinacafenoir.it\/\">che trovate ovviamente sul sito<\/a>, evidenziando le cose a cui penso di andare, cos\u00ec magari ci si becca l\u00ec.E in ogni caso aspettatevi recensioni, che non \u00e8 che posso&nbsp;<a title=\"Cose interessanti (e meno) a \u201cLeggendo Metropolitano\u201d (di festival \u2013 3)\" href=\"http:\/\/www.robertosedda.it\/?p=7606\">rompere le palle solo alla concorrenza<\/a>.<\/p>\n<h3><a href=\"https:\/\/i0.wp.com\/www.robertosedda.it\/wp-content\/uploads\/2014\/09\/Marina-caf\u00e8-noir.jpg\"><img data-attachment-id=\"8302\" data-permalink=\"https:\/\/www.robertosedda.it\/?attachment_id=8302\" data-orig-file=\"https:\/\/i0.wp.com\/www.robertosedda.it\/wp-content\/uploads\/2014\/09\/Marina-caf\u00e8-noir.jpg?fit=650%2C197&amp;ssl=1\" data-orig-size=\"650,197\" data-comments-opened=\"1\" data-image-meta=\"{&quot;aperture&quot;:&quot;0&quot;,&quot;credit&quot;:&quot;&quot;,&quot;camera&quot;:&quot;&quot;,&quot;caption&quot;:&quot;&quot;,&quot;created_timestamp&quot;:&quot;0&quot;,&quot;copyright&quot;:&quot;&quot;,&quot;focal_length&quot;:&quot;0&quot;,&quot;iso&quot;:&quot;0&quot;,&quot;shutter_speed&quot;:&quot;0&quot;,&quot;title&quot;:&quot;&quot;}\" data-image-title=\"Marina caf\u00e8 noir\" data-image-description=\"\" data-image-caption=\"\" data-medium-file=\"https:\/\/i0.wp.com\/www.robertosedda.it\/wp-content\/uploads\/2014\/09\/Marina-caf\u00e8-noir.jpg?fit=300%2C90&amp;ssl=1\" data-large-file=\"https:\/\/i0.wp.com\/www.robertosedda.it\/wp-content\/uploads\/2014\/09\/Marina-caf\u00e8-noir.jpg?fit=510%2C154&amp;ssl=1\" decoding=\"async\" loading=\"lazy\" class=\"alignleft size-full wp-image-8302\" src=\"https:\/\/i0.wp.com\/www.robertosedda.it\/wp-content\/uploads\/2014\/09\/Marina-caf\u00e8-noir.jpg?resize=650%2C197\" alt=\"Marina caf\u00e8 noir\" width=\"650\" height=\"197\" srcset=\"https:\/\/i0.wp.com\/www.robertosedda.it\/wp-content\/uploads\/2014\/09\/Marina-caf\u00e8-noir.jpg?w=650&amp;ssl=1 650w, https:\/\/i0.wp.com\/www.robertosedda.it\/wp-content\/uploads\/2014\/09\/Marina-caf\u00e8-noir.jpg?resize=150%2C45&amp;ssl=1 150w, https:\/\/i0.wp.com\/www.robertosedda.it\/wp-content\/uploads\/2014\/09\/Marina-caf\u00e8-noir.jpg?resize=300%2C90&amp;ssl=1 300w, https:\/\/i0.wp.com\/www.robertosedda.it\/wp-content\/uploads\/2014\/09\/Marina-caf\u00e8-noir.jpg?resize=510%2C154&amp;ssl=1 510w\" sizes=\"(max-width: 650px) 100vw, 650px\" data-recalc-dims=\"1\" \/><\/a>mercoled\u00ec 10 settembre<\/h3>\n<h4>ore 18 &#8211; Piazza Savoia<\/h4>\n<p>Apertura Festival e inaugurazione mostra&nbsp;\u201cSACROSANTE RISATE \u201d<br \/>\nA cura di U.A.A.R. Incontro con Sergio Staino. Presenta Bepi Vigna.<\/p>\n<p><em>Su questo io, perdonerete, passo<\/em><em>.<\/em><\/p>\n<h3>gioved\u00ec 11 settembre<\/h3>\n<h4>ore 18 &#8211; Giardino sotto le mura<\/h4>\n<p>TRA SPRECO E&nbsp;SOSTENIBILIT\u00c0<br \/>\nIncontro con Massimo Cirri. Presenta Gianni Zanata<\/p>\n<p><em>Massimo Cirri! Quello di&nbsp;<\/em>Caterpillar<em>: ci vado.<\/em><\/p>\n<h4>ore 19 &#8211; Giardino sotto le mura<\/h4>\n<p>BLUES DI BANLIEU e \u2013 UOMINI IN RIVOLTA<br \/>\nIncontro con Nan Aurousseau. Presenta Serge Quadruppani. <em>Reading<\/em> con Dario Cosseddu e Nicola Adamo<\/p>\n<h4>ore 20 &#8211; Terrapieno<\/h4>\n<p>AI FIGLI DELLE OFFICINE<br \/>\nIncontro con Alberto Prunetti. Presenta Chicco Fresu. <em>Reading<\/em> di Charme de Caroline e Felice Montervino<\/p>\n<h4>ore 21 &#8211; Giardino sotto le mura<\/h4>\n<p>SENZA PREZZO &#8211; CANZONI FUORI CORSO<br \/>\nConcerto di Alessio Lega con Guido Baldoni<\/p>\n<h4>ore 22 &#8211; Giardino sotto le mura<\/h4>\n<p>LA NOTTE CHE ARRIV\u00d2&nbsp;L\u2019INVERNO<br \/>\nConcerto\/<em>Reading<\/em>\/<em>Live Painting<\/em> con <em>Musica ex Machina,<\/em> Checco Frongia e Eleonora Pacciani<\/p>\n<h4>ore 23 &#8211; Terrapieno<\/h4>\n<p>MALOFRANCO &#8211; OMAGGIO AL TANGO E A FRANCO GAUDIANO<br \/>\n<em>Reading<\/em>\/Concerto\/<em>Milonga<\/em> con <em>MaloTango<\/em> e <em>BuenosArk<\/em><\/p>\n<p><em>Tango! Anche qui vorrei esserci!<\/em><\/p>\n<h3>venerd\u00ec 12 settembre<\/h3>\n<h4>ore 18 &#8211; Giardino sotto le mura<\/h4>\n<p>E PER CHI RESTA , ARRIVEDERCI<br \/>\nIncontro con Loriano e Sabina Macchiavelli. <em>Reading<\/em> di Michela Atzeni e Ivana Busu<\/p>\n<p><em>Loriano Macchiavelli, autore delle storie del brigadiere Sarti Antonio, \u00e8 un mio mito personale, e cercher\u00f2 di assistere. E <a href=\"http:\/\/www.bancaetica.it\/finanziamento\/addiopizzo-community\">a seguire<\/a>&#8230;<\/em><\/p>\n<h4>ore 19 &#8211; Giardino sotto le mura<\/h4>\n<p>CONSUMO E CRITICO \u2013 LA STORIA DI <em>ADDIOPIZZO<br \/>\n<\/em>Incontro con Nino Vaccaro e Pico Di Trapani. Presenta Maria Francesca Chiappe.<br \/>\nIn collaborazione con <em>Agenzia Kalama<\/em> e <em>Arkadia Editore<\/em><\/p>\n<h4>ore 20 &#8211; Terrapieno<\/h4>\n<p>IL SANGUE INTORNO AL CUORE<br \/>\nAnteprima del Festival \u201cOttobre in Poesia\u201d &#8211; <a href=\"http:\/\/www.ottobreinpoesia.it\">www.ottobreinpoesia.it<br \/>\n<\/a>Incontro con Sarah Menefee. Presenta Leonardo Onida. Reading con Lia Careddu.<br \/>\nIn collaborazione con <em>Ottobre in Poesia<\/em>, <em>Biblioteca Gramsciana Onlus<\/em> e <em>Teatro di Sardegna<\/em><\/p>\n<h4>ore 21 &#8211; Giardino sotto le mura<\/h4>\n<p>BENVENUTI NEL BUIO<br \/>\n<em>Reading<\/em>\/Concerto con Alan D. Altieri, Vincent Spasaro e <em>Brigata Stirner<\/em><\/p>\n<h4>ore 22 &#8211; Giardino sotto le mura<\/h4>\n<p>BLUES, NIENTE IN VENDITA TRANNE L&#8217;ANIMA<br \/>\n<em>Reading<\/em>\/Concerto con Fabrizio Poggi e Enrico Polverari<\/p>\n<h4>ore 23 &#8211; Terrapieno<\/h4>\n<p>SARTI ANTONIO : BUON COMPLEANNO&nbsp;SBIRRO<br \/>\n<em>Reading<\/em>\/Concerto dai libri di Loriano Macchiavelli. Con <em>Dancefloor Stompers<\/em> e Giuseppe Boy<\/p>\n<p><em>Anche questo direi che ci tocca&#8230;<\/em><\/p>\n<h4>ore 24 &#8211; Caff\u00e8 degli Spiriti, Bastione S.Remy<\/h4>\n<p><em>After show<\/em> &#8211; <em>music caf\u00e8 noir<\/em> &#8211; A cura di Zimbra<\/p>\n<h3>sabato 13 settembre<\/h3>\n<h4>ore 11 &#8211; Hostel Marina, scale San Sepolcro 2<\/h4>\n<p>SOCRATES , UNO DI NOI<br \/>\nFilm di Mimmo Calopresti. Incontro col regista e Marco Mathieu. Presenta Daniele Maggioni.<br \/>\nIn collaborazione con MOVIEMENTU<\/p>\n<p><em>Anche questo mi tenta molto.<\/em><\/p>\n<h4>ore 18 &#8211; Giardino sotto le mura<\/h4>\n<p>LA FAME O L&#8217;AMORE<br \/>\nIncontro con Maurizio De Giovanni.&nbsp;Presentano Francesco Abate, Antonio Bachis e Mauro Pusceddu (ex Elias Mandreu)<\/p>\n<h3>ore 19 &#8211; Giardino sotto le mura<\/h3>\n<p>TERRA BRUCIATA<br \/>\nIncontro con Sandro Ruotolo e i rappresentanti del <em>Valsusa Filmfest<\/em>. Presenta Matteo Sau.<br \/>\nIn collaborazione con la <em>Rete del Caff\u00e8 Sospeso<\/em><\/p>\n<h4>ore 20 &#8211; Terrapieno<\/h4>\n<p>L\u2019ANGELO, LA STORIA , LE BATTAGLIE<br \/>\nIncontro con Bruno Arpaia. Presenta Carlo Birocchi. <em>Reading<\/em> con Francesca Pani e Maurizio Pretta<\/p>\n<h4>ore 21 &#8211; Giardino sotto le mura<\/h4>\n<p>CALCIATORI , O RIVOLUZIONARI<br \/>\nIncontro con Marco Mathieu e Mimmo Calopresti. Presenta Nicola Muscas<\/p>\n<p><em>Ci sar\u00f2, soprattutto se non riesco a vedere il film la mattina.<\/em><\/p>\n<h4>ore 22 &#8211; Giardino sotto le mura<\/h4>\n<p>PI\u00d9 ALTO DEL MARE<br \/>\n<em>Reading<\/em>\/Concerto dal libro di Francesca Melandri. Con <em>Lilies on Mars<\/em> e Cristina Racca<\/p>\n<h4>ore 23 &#8211; Terrapieno<\/h4>\n<p>L&#8217;ULTIMO PEZZO DELLA VITA<br \/>\n<em>Reading<\/em>\/Concerto dai libri di M. De Giovanni. Con <em>L\u2019Armeria dei Briganti<\/em> e Elio Turno Arthemalle.<br \/>\nIn collaborazione con <em>Teatro Impossibile<\/em>.<\/p>\n<p><em>L&#8217;<\/em>Armeria<em> ha fatto cose che mi sono piaciute e cose che mi sono piaciute meno, ma c&#8217;\u00e8 anche Elio, quindi resto.<\/em><\/p>\n<h4>ore 24 &#8211; Caff\u00e8 degli Spiriti, Bastione S.Remy<\/h4>\n<p><em>After show<\/em> &#8211; <em>music caf\u00e8 noir<\/em> &#8211; A cura di Zimbra<\/p>\n<h3>domenica 14 settembre<\/h3>\n<h4>ore 10 &#8211; Terrapieno<\/h4>\n<p><em>Piazza della Solidariet\u00e0<\/em><\/p>\n<h4>ore 11 &#8211; Terrapieno<\/h4>\n<p>UNA STORIA PARTIGIANA<br \/>\nIncontro con Luciana Castellina. Presenta Paolo Frau.<\/p>\n<h4>ore 18 &#8211; Giardino sotto le mura<\/h4>\n<p>NEI CUNICOLI DELLE RIVOLUZIONI<br \/>\nIncontro con i <em>Wu Ming<\/em>. Presenta Paolo Piras.<\/p>\n<p><em>Vado pi\u00f9 per il titolo che per i&nbsp;<\/em>Wu Ming<em>, ma vado<\/em>.<\/p>\n<h4>ore 19 &#8211; Giardino sotto le mura<\/h4>\n<p>FELICI COS\u00cc&nbsp;NON LO SAREMO MAI PI\u00d9<br \/>\nIncontro con Stephan Enter. Presenta Michela Murgia. <em>Reading<\/em> di Massimo Moi. In collaborazione con <em>Iperborea<\/em><\/p>\n<h4>ore 20 &#8211; Terrapieno<\/h4>\n<p>CORPI RINCHIUSI<br \/>\nIncontro con Rosella Postorino e Francesca Melandri. Presentano Francesco Abate e Manuela Arca<\/p>\n<h4>ore 21 &#8211; Giardino sotto le mura<\/h4>\n<p>GUARDATI DALLA MIA FAME<br \/>\n<em>Reading<\/em> dal libro di Milena Agus e Luciana Castellina. Con Camilla Soru, Maria Teresa Sabato e Sara Scalabrelli<\/p>\n<h4>ore 22 &#8211; Giardino sotto le mura<\/h4>\n<p>L\u2019ARMATA DEI SONNAMBULI<br \/>\n<em>Reading<\/em>\/Concerto dal libro di Wu Ming. Con Giacomo Casti, Arrogalla, Giacomo Salis e Giorgia Mascia<\/p>\n<h4>ore 23 &#8211; Terrapieno<\/h4>\n<p>FIESTA FINAL &#8211; PRIMA VIENE LA PECORA, POI IL PANE<br \/>\nConcerto\/<em>Performance<\/em> di Teatro Cucina dal racconto di Michela Murgia. Con <em>Kenzedomu Ent.<\/em>, Stefano Lai e <em>Ratapignata<\/em><\/p>\n<p><em>Ho l&#8217;impressione che si mangi&#8230;<\/em><\/p>\n","protected":false},"excerpt":{"rendered":"<p>Vedo che \u00e8 uscito il programma del festival&nbsp;letterario di&nbsp;Marina Caf\u00e8 Noir, che pi\u00f9 o meno chiude la stagione degli eventi<\/p>\n","protected":false},"author":1,"featured_media":20975,"comment_status":"open","ping_status":"open","sticky":false,"template":"","format":"standard","meta":{"_mi_skip_tracking":false,"_monsterinsights_sitenote_active":false,"_monsterinsights_sitenote_note":"","_monsterinsights_sitenote_category":0,"jetpack_post_was_ever_published":false,"_jetpack_newsletter_access":"","jetpack_publicize_message":"","jetpack_is_tweetstorm":false,"jetpack_publicize_feature_enabled":true,"jetpack_social_post_already_shared":true,"jetpack_social_options":{"image_generator_settings":{"template":"highway","enabled":false}}},"categories":[52,49,55,77,12],"tags":[],"jetpack_publicize_connections":[],"jetpack_featured_media_url":"https:\/\/i0.wp.com\/www.robertosedda.it\/wp-content\/uploads\/2014\/09\/Marina-cafe-noir.jpg?fit=225%2C225&ssl=1","jetpack_sharing_enabled":true,"jetpack_shortlink":"https:\/\/wp.me\/p4jV2T-29S","jetpack_likes_enabled":true,"jetpack-related-posts":[{"id":1360,"url":"https:\/\/www.robertosedda.it\/?p=1360","url_meta":{"origin":8300,"position":0},"title":"Le foto di Scirarindi","author":"Rufus","date":"20\/11\/2012","format":"gallery","excerpt":"Sono stati due giorni piuttosto intensi, ma \u00e8 andato tutto bene. Magari pi\u00f9 avanti vi parler\u00f2 del festival pi\u00f9 diffusamente, per il momento ecco a voi le immagini.","rel":"","context":"In &quot;Banche e finanza&quot;","block_context":{"text":"Banche e finanza","link":"https:\/\/www.robertosedda.it\/?cat=72"},"img":{"alt_text":"","src":"https:\/\/i0.wp.com\/www.robertosedda.it\/wp-content\/uploads\/2012\/11\/2012-11-18-10.14.20.jpg?fit=1200%2C900&ssl=1&resize=350%2C200","width":350,"height":200,"srcset":"https:\/\/i0.wp.com\/www.robertosedda.it\/wp-content\/uploads\/2012\/11\/2012-11-18-10.14.20.jpg?fit=1200%2C900&ssl=1&resize=350%2C200 1x, https:\/\/i0.wp.com\/www.robertosedda.it\/wp-content\/uploads\/2012\/11\/2012-11-18-10.14.20.jpg?fit=1200%2C900&ssl=1&resize=700%2C400 2x, https:\/\/i0.wp.com\/www.robertosedda.it\/wp-content\/uploads\/2012\/11\/2012-11-18-10.14.20.jpg?fit=1200%2C900&ssl=1&resize=1050%2C600 3x"},"classes":[]},{"id":8535,"url":"https:\/\/www.robertosedda.it\/?p=8535","url_meta":{"origin":8300,"position":1},"title":"L&#8217;ultima puntata di &#8220;Oggi parliamo di libri&#8221; (dell&#8217;anno scorso)","author":"Rufus","date":"02\/10\/2014","format":"video","excerpt":"Ho messo in linea oggi l'ultima puntata della scorsa stagione di Oggi parliamo di libri, andata in onda a fine maggio e quindi ormai vetusta. \u00c8 stata una puntata abbastanza strana, come avrete sentito: si intuisce l'imbarazzo di essermi incamminato su un'idea di argomento da trattare in commissione - i\u2026","rel":"","context":"In &quot;Coordinate&quot;","block_context":{"text":"Coordinate","link":"https:\/\/www.robertosedda.it\/?cat=52"},"img":{"alt_text":"","src":"https:\/\/i0.wp.com\/img.youtube.com\/vi\/7tzycI2ao-0\/0.jpg?resize=350%2C200","width":350,"height":200},"classes":[]},{"id":14405,"url":"https:\/\/www.robertosedda.it\/?p=14405","url_meta":{"origin":8300,"position":2},"title":"Io e Leonardo Becchetti","author":"Rufus","date":"11\/12\/2017","format":false,"excerpt":"Io e Leonardo Becchetti saremo insieme alle 18 di gioved\u00ec 14 dicembre sul palco dell'Auditorium Comunale per il festival Lei, che quest'anno \u00e8 dedicato al tema della felicit\u00e0. E sar\u00e0 proprio sulla felicit\u00e0 la prima domanda che rivolger\u00f2 a Leonardo, per introdurre la presentazione del suo libro Capire l'economia in\u2026","rel":"","context":"In &quot;Coordinate&quot;","block_context":{"text":"Coordinate","link":"https:\/\/www.robertosedda.it\/?cat=52"},"img":{"alt_text":"","src":"https:\/\/i0.wp.com\/www.robertosedda.it\/wp-content\/uploads\/2017\/12\/Becchetti-LEI.jpg?fit=960%2C768&ssl=1&resize=350%2C200","width":350,"height":200,"srcset":"https:\/\/i0.wp.com\/www.robertosedda.it\/wp-content\/uploads\/2017\/12\/Becchetti-LEI.jpg?fit=960%2C768&ssl=1&resize=350%2C200 1x, https:\/\/i0.wp.com\/www.robertosedda.it\/wp-content\/uploads\/2017\/12\/Becchetti-LEI.jpg?fit=960%2C768&ssl=1&resize=700%2C400 2x"},"classes":[]},{"id":7606,"url":"https:\/\/www.robertosedda.it\/?p=7606","url_meta":{"origin":8300,"position":3},"title":"Cose interessanti (e meno) a &#8220;Leggendo Metropolitano&#8221; (di festival &#8211; 3)","author":"Rufus","date":"05\/06\/2014","format":false,"excerpt":"Sono tornato ieri con Maria Bonaria a\u00a0Leggendo Metropolitano, dove\u00a0l'anno scorso avevo sentito Bruce Sterling e Paolo Nespoli. L'anno scorso c'ero capitato per caso, quest'anno mi sono studiato il programma in anticipo (e ne ho pure parlato nell'ultima puntata di\u00a0Oggi parliamo di libri, che non ho per\u00f2 ancora\u00a0pubblicato qui sul blog)\u2026","rel":"","context":"In &quot;Coordinate&quot;","block_context":{"text":"Coordinate","link":"https:\/\/www.robertosedda.it\/?cat=52"},"img":{"alt_text":"","src":"https:\/\/i0.wp.com\/www.robertosedda.it\/wp-content\/uploads\/2014\/06\/2014-06-04-20.06.13.jpg?fit=1200%2C900&ssl=1&resize=350%2C200","width":350,"height":200,"srcset":"https:\/\/i0.wp.com\/www.robertosedda.it\/wp-content\/uploads\/2014\/06\/2014-06-04-20.06.13.jpg?fit=1200%2C900&ssl=1&resize=350%2C200 1x, https:\/\/i0.wp.com\/www.robertosedda.it\/wp-content\/uploads\/2014\/06\/2014-06-04-20.06.13.jpg?fit=1200%2C900&ssl=1&resize=700%2C400 2x, https:\/\/i0.wp.com\/www.robertosedda.it\/wp-content\/uploads\/2014\/06\/2014-06-04-20.06.13.jpg?fit=1200%2C900&ssl=1&resize=1050%2C600 3x"},"classes":[]},{"id":15837,"url":"https:\/\/www.robertosedda.it\/?p=15837","url_meta":{"origin":8300,"position":4},"title":"La mediocre ottima sceneggiatura","author":"Rufus","date":"13\/11\/2018","format":"video","excerpt":"Tutti lo sanno (Asghar Farhadi, Spagna, Francia Italia 2018) Ai bei tempi, il critico cinematografico di\u00a0Famiglia Cristiana era uso accompagnare le sue recensioni con due parole riassuntive, che contenevano anche una sorta di avvertimento morale per le famiglie perbene: che so, un film della serie de\u00a0Il Monnezza era probabilmente etichettato\u2026","rel":"","context":"In &quot;Coordinate&quot;","block_context":{"text":"Coordinate","link":"https:\/\/www.robertosedda.it\/?cat=52"},"img":{"alt_text":"","src":"https:\/\/i0.wp.com\/www.robertosedda.it\/wp-content\/uploads\/2018\/11\/Tutti-lo-sanno.jpg?fit=677%2C381&ssl=1&resize=350%2C200","width":350,"height":200},"classes":[]},{"id":19258,"url":"https:\/\/www.robertosedda.it\/?p=19258","url_meta":{"origin":8300,"position":5},"title":"Il noir e Guillermo","author":"Rufus","date":"10\/03\/2022","format":false,"excerpt":"Trovo casualmente una definizione di noir attribuita a Guillermo del Toro - il testo parla di noir senza precisazioni, ma \u00e8 evidente che si tratta in realt\u00e0 del noir americano, anche dato che probabilmente la definizione deriva da un'intervista sul suo ultimo film, La fiera delle illusioni, che \u00e8 il\u2026","rel":"","context":"In &quot;Coordinate&quot;","block_context":{"text":"Coordinate","link":"https:\/\/www.robertosedda.it\/?cat=52"},"img":{"alt_text":"","src":"https:\/\/i0.wp.com\/www.robertosedda.it\/wp-content\/uploads\/2022\/03\/Fiera-delle-illusioni.jpg?fit=1200%2C675&ssl=1&resize=350%2C200","width":350,"height":200,"srcset":"https:\/\/i0.wp.com\/www.robertosedda.it\/wp-content\/uploads\/2022\/03\/Fiera-delle-illusioni.jpg?fit=1200%2C675&ssl=1&resize=350%2C200 1x, https:\/\/i0.wp.com\/www.robertosedda.it\/wp-content\/uploads\/2022\/03\/Fiera-delle-illusioni.jpg?fit=1200%2C675&ssl=1&resize=700%2C400 2x, https:\/\/i0.wp.com\/www.robertosedda.it\/wp-content\/uploads\/2022\/03\/Fiera-delle-illusioni.jpg?fit=1200%2C675&ssl=1&resize=1050%2C600 3x"},"classes":[]}],"_links":{"self":[{"href":"https:\/\/www.robertosedda.it\/index.php?rest_route=\/wp\/v2\/posts\/8300"}],"collection":[{"href":"https:\/\/www.robertosedda.it\/index.php?rest_route=\/wp\/v2\/posts"}],"about":[{"href":"https:\/\/www.robertosedda.it\/index.php?rest_route=\/wp\/v2\/types\/post"}],"author":[{"embeddable":true,"href":"https:\/\/www.robertosedda.it\/index.php?rest_route=\/wp\/v2\/users\/1"}],"replies":[{"embeddable":true,"href":"https:\/\/www.robertosedda.it\/index.php?rest_route=%2Fwp%2Fv2%2Fcomments&post=8300"}],"version-history":[{"count":3,"href":"https:\/\/www.robertosedda.it\/index.php?rest_route=\/wp\/v2\/posts\/8300\/revisions"}],"predecessor-version":[{"id":20976,"href":"https:\/\/www.robertosedda.it\/index.php?rest_route=\/wp\/v2\/posts\/8300\/revisions\/20976"}],"wp:featuredmedia":[{"embeddable":true,"href":"https:\/\/www.robertosedda.it\/index.php?rest_route=\/wp\/v2\/media\/20975"}],"wp:attachment":[{"href":"https:\/\/www.robertosedda.it\/index.php?rest_route=%2Fwp%2Fv2%2Fmedia&parent=8300"}],"wp:term":[{"taxonomy":"category","embeddable":true,"href":"https:\/\/www.robertosedda.it\/index.php?rest_route=%2Fwp%2Fv2%2Fcategories&post=8300"},{"taxonomy":"post_tag","embeddable":true,"href":"https:\/\/www.robertosedda.it\/index.php?rest_route=%2Fwp%2Fv2%2Ftags&post=8300"}],"curies":[{"name":"wp","href":"https:\/\/api.w.org\/{rel}","templated":true}]}}