{"id":8285,"date":"2014-09-01T16:44:11","date_gmt":"2014-09-01T14:44:11","guid":{"rendered":"http:\/\/www.robertosedda.it\/?p=8285"},"modified":"2014-09-12T15:57:19","modified_gmt":"2014-09-12T13:57:19","slug":"bilancio-e-ringraziamenti-annuali","status":"publish","type":"post","link":"https:\/\/www.robertosedda.it\/?p=8285","title":{"rendered":"Bilancio e ringraziamenti annuali"},"content":{"rendered":"<figure id=\"attachment_8290\" aria-describedby=\"caption-attachment-8290\" style=\"width: 2048px\" class=\"wp-caption aligncenter\"><a href=\"https:\/\/i0.wp.com\/www.robertosedda.it\/wp-content\/uploads\/2014\/09\/Pasquetta-2004-019.jpg\"><img data-attachment-id=\"8290\" data-permalink=\"https:\/\/www.robertosedda.it\/?attachment_id=8290\" data-orig-file=\"https:\/\/i0.wp.com\/www.robertosedda.it\/wp-content\/uploads\/2014\/09\/Pasquetta-2004-019.jpg?fit=2048%2C1536&amp;ssl=1\" data-orig-size=\"2048,1536\" data-comments-opened=\"1\" data-image-meta=\"{&quot;aperture&quot;:&quot;2.8&quot;,&quot;credit&quot;:&quot;&quot;,&quot;camera&quot;:&quot;L-300&quot;,&quot;caption&quot;:&quot;&quot;,&quot;created_timestamp&quot;:&quot;1082235264&quot;,&quot;copyright&quot;:&quot;&quot;,&quot;focal_length&quot;:&quot;5.6&quot;,&quot;iso&quot;:&quot;100&quot;,&quot;shutter_speed&quot;:&quot;0.0313&quot;,&quot;title&quot;:&quot;EPSON DSC picture&quot;}\" data-image-title=\"Zio Rufus\" data-image-description=\"\" data-image-caption=\"&lt;p&gt;L&#8217;autore del blog intento a documentarsi&lt;\/p&gt;\n\" data-medium-file=\"https:\/\/i0.wp.com\/www.robertosedda.it\/wp-content\/uploads\/2014\/09\/Pasquetta-2004-019.jpg?fit=300%2C225&amp;ssl=1\" data-large-file=\"https:\/\/i0.wp.com\/www.robertosedda.it\/wp-content\/uploads\/2014\/09\/Pasquetta-2004-019.jpg?fit=510%2C382&amp;ssl=1\" decoding=\"async\" loading=\"lazy\" class=\"size-full wp-image-8290\" src=\"https:\/\/i0.wp.com\/www.robertosedda.it\/wp-content\/uploads\/2014\/09\/Pasquetta-2004-019.jpg?resize=800%2C600\" alt=\"L'autore del blog intento a documentarsi\" width=\"800\" height=\"600\" srcset=\"https:\/\/i0.wp.com\/www.robertosedda.it\/wp-content\/uploads\/2014\/09\/Pasquetta-2004-019.jpg?w=2048&amp;ssl=1 2048w, https:\/\/i0.wp.com\/www.robertosedda.it\/wp-content\/uploads\/2014\/09\/Pasquetta-2004-019.jpg?resize=150%2C112&amp;ssl=1 150w, https:\/\/i0.wp.com\/www.robertosedda.it\/wp-content\/uploads\/2014\/09\/Pasquetta-2004-019.jpg?resize=300%2C225&amp;ssl=1 300w, https:\/\/i0.wp.com\/www.robertosedda.it\/wp-content\/uploads\/2014\/09\/Pasquetta-2004-019.jpg?resize=510%2C382&amp;ssl=1 510w, https:\/\/i0.wp.com\/www.robertosedda.it\/wp-content\/uploads\/2014\/09\/Pasquetta-2004-019.jpg?resize=268%2C200&amp;ssl=1 268w, https:\/\/i0.wp.com\/www.robertosedda.it\/wp-content\/uploads\/2014\/09\/Pasquetta-2004-019.jpg?resize=700%2C525&amp;ssl=1 700w, https:\/\/i0.wp.com\/www.robertosedda.it\/wp-content\/uploads\/2014\/09\/Pasquetta-2004-019.jpg?w=1600 1600w\" sizes=\"(max-width: 800px) 100vw, 800px\" data-recalc-dims=\"1\" \/><\/a><figcaption id=\"caption-attachment-8290\" class=\"wp-caption-text\">L&#8217;autore del blog intento a documentarsi<\/figcaption><\/figure>\n<p>Col 31 agosto il sito ha festeggiato due anni di vita e quindi \u00e8 tempo di bilanci.<\/p>\n<p>Non tanto perch\u00e9 i numeri siano rilevanti:\u00a0<em>La casa di Roberto<\/em> resta, come \u00e8 giusto che sia, un sito assolutamente minuscolo\u00a0nel vasto mondo della rete, con numeri di visitatori molto bassi.<\/p>\n<p>Cio\u00e8, sono numeri molto bassi in assoluto (in un anno 25.575 visite, 20.801 visitatori singoli e 44.578 visualizzazioni di pagina: sembra tanto finch\u00e9 non li dividete per 365) ma per me del tutto straordinari e quindi anche di questi numeri sono felice e molto grato a tutti quelli che sono passati a farmi visita, soprattutto a chi ha commentato consentendomi di imparare qualcosa e di intavolare una discussione. Ecco, <a href=\"http:\/\/www.robertosedda.it\/?p=4396\">come dicevo l&#8217;anno scorso<\/a>, mi piacerebbe davvero avere pi\u00f9 commenti ma tutto sommato sono lo stesso\u00a0contento cos\u00ec. Grazie a tutti.<\/p>\n<p>Gi\u00e0, l&#8217;anno scorso. Sappiate che oltretutto il\u00a0<em>blog<\/em> \u00e8 in crescita: l&#8217;anno scorso le visite erano 15.003, i visitatori singoli 10.527 e le pagine 29.332, quindi c&#8217;\u00e8 stato un aumento molto forte e anche questo mi fa molto piacere. Vorrei contraccambiare ma non so come fare, quindi per il momento ci penso e vediamo se mi viene in mente qualcosa.<\/p>\n<h2>La classifica degli articoli: quest&#8217;anno e l&#8217;anno scorso<\/h2>\n<p>Una cosa che credo sia interessante il confronto fra gli articoli pi\u00f9 letti quest&#8217;anno e quelli dell&#8217;anno precedente. Per i curiosi &#8211; \u00a0e per chi magari se li \u00e8 persi &#8211; li elenco qui sotto.<\/p>\n<p>Allora, l&#8217;articolo pi\u00f9 visto di quest&#8217;anno \u00e8 <a href=\"http:\/\/www.robertosedda.it\/?p=2574\">la lacrimevole storia del professore di fisica innamorato di Denise Milani<\/a>\u00a0(l&#8217;anno scorso era secondo).<\/p>\n<p>Al secondo posto <a href=\"http:\/\/www.robertosedda.it\/?p=2568\">le cose da fare a Cagliari almeno una volta nella vita<\/a>\u00a0(l&#8217;anno scorso era terzo). Chiudono il podio i <a href=\"http:\/\/www.robertosedda.it\/?p=2202\">consigli su come scrivere una\u00a0<em>mail<\/em> alla Segreteria studenti<\/a> (che l&#8217;anno scorso erano quarti). Certo, un po&#8217; il fatto che i tre articoli pi\u00f9 letti siano praticamente gli stessi dell&#8217;anno scorso mi lascia perplesso: vuol dire che ho sprecato un anno?<\/p>\n<p>Comunque.<\/p>\n<p>Segue, distaccata, l&#8217;<a href=\"http:\/\/www.robertosedda.it\/?p=4129\">intervista a Jennifer Lawrence<\/a>, che \u00e8 anche il primo articolo scritto quest&#8217;anno, quindi l&#8217;anno scorso\u00a0ovviamente non era in classifica. Quinto invece un articolo che\u00a0l&#8217;anno scorso non era in classifica, quello della\u00a0<a href=\"http:\/\/www.robertosedda.it\/?p=3820\"><em>playlist<\/em><\/a><a href=\"http:\/\/www.robertosedda.it\/?p=3820\"> di canzoni su Ges\u00f9<\/a>. Sesto il sempre <a href=\"http:\/\/www.robertosedda.it\/?p=128\">classico articolo su cos&#8217;\u00e8 l&#8217;animazione<\/a>, che l&#8217;anno scorso era quinto e perde una posizione.<\/p>\n<p>Segue un gruppetto di articoli di quest&#8217;anno. Settimo \u00e8 l&#8217;<a href=\"http:\/\/www.robertosedda.it\/?p=6973\">articolo relativamente recente sui parchi\u00a0avventura e l&#8217;educazione dei\u00a0bambini<\/a>. Ottavo l&#8217;<a href=\"http:\/\/www.robertosedda.it\/?p=5850\">articolo sul &#8220;porno vendicativo&#8221; e la lotta senza esclusione di colpi fra Charlotte Laws e Hunter Moore<\/a>,\u00a0un articolo che proprio la storia di oggi sulle foto rubate alla Lawrence e ad altre celebrit\u00e0 dovrebbe indurre a rileggere. Nono invece un articolo sui giochi, <a href=\"http:\/\/www.robertosedda.it\/?p=5850\">quello su come iniziare una campagna di giochi di ruolo<\/a>.<\/p>\n<p>Chiude la classifica un articolo dell&#8217;anno scorso di cui non riesco bene a spiegarmi il successo tardivo, <a href=\"http:\/\/www.robertosedda.it\/?p=2910\">il commento alla puntata di\u00a0<em>Oggi parliamo di libri<\/em> dedicata all&#8217;<em>Isola del tesoro<\/em><\/a>. Impedisce l&#8217;ingresso in classifica a un articolo che invece ha avuto un buon successo e che pensavo di trovare fra i primi dieci, quello sul <a href=\"http:\/\/www.robertosedda.it\/?p=6872\">fiasco della\u00a0<em>Polaris<\/em> e della sua\u00a0<em>gamejam<\/em> in diretta<\/a>.<\/p>\n<p>Escono dalla classifica <a href=\"http:\/\/www.robertosedda.it\/?p=4245\">l&#8217;invettiva contro i nazionalisti sardi<\/a> (stravisualizzata ad agosto 2013 e poi mai pi\u00f9), <a href=\"http:\/\/www.robertosedda.it\/?p=4081\">un articolo sui giochi di ruolo e la caratterizzazione dei personaggi<\/a> (era sesto), la mia <a href=\"http:\/\/www.robertosedda.it\/?page_id=6\">autopresentazione<\/a> (settima), il <a href=\"http:\/\/www.robertosedda.it\/?p=877\">bizzarro concorso<\/a>\u00a0e il <a href=\"http:\/\/www.robertosedda.it\/?p=2383\">sondaggio sul nuovo Presidente della Repubblica<\/a> (ottavo e nono rispettivamente) e infine <a href=\"http:\/\/www.robertosedda.it\/?p=1700\">la recensione incrociata di\u00a0<\/a><em><a href=\"http:\/\/www.robertosedda.it\/?p=1700\">Grandi speranze<\/a>\u00a0<\/em>(era decima). \u00c8 curioso come nel variare degli articoli la composizione degli argomenti, mi rendo conto adesso, rimane invariata.<\/p>\n<figure id=\"attachment_8291\" aria-describedby=\"caption-attachment-8291\" style=\"width: 1600px\" class=\"wp-caption aligncenter\"><a href=\"https:\/\/i0.wp.com\/www.robertosedda.it\/wp-content\/uploads\/2014\/09\/febbraio-2008.jpg\"><img data-attachment-id=\"8291\" data-permalink=\"https:\/\/www.robertosedda.it\/?attachment_id=8291\" data-orig-file=\"https:\/\/i0.wp.com\/www.robertosedda.it\/wp-content\/uploads\/2014\/09\/febbraio-2008.jpg?fit=1600%2C1200&amp;ssl=1\" data-orig-size=\"1600,1200\" data-comments-opened=\"1\" data-image-meta=\"{&quot;aperture&quot;:&quot;2.8&quot;,&quot;credit&quot;:&quot;&quot;,&quot;camera&quot;:&quot;E3700&quot;,&quot;caption&quot;:&quot;&quot;,&quot;created_timestamp&quot;:&quot;1201969776&quot;,&quot;copyright&quot;:&quot;&quot;,&quot;focal_length&quot;:&quot;5.4&quot;,&quot;iso&quot;:&quot;50&quot;,&quot;shutter_speed&quot;:&quot;0.0082101806239737&quot;,&quot;title&quot;:&quot;&quot;}\" data-image-title=\"Zio Rufus 2\" data-image-description=\"\" data-image-caption=\"&lt;p&gt;L&#8217;autore del blog intento al lavoro&lt;\/p&gt;\n\" data-medium-file=\"https:\/\/i0.wp.com\/www.robertosedda.it\/wp-content\/uploads\/2014\/09\/febbraio-2008.jpg?fit=300%2C225&amp;ssl=1\" data-large-file=\"https:\/\/i0.wp.com\/www.robertosedda.it\/wp-content\/uploads\/2014\/09\/febbraio-2008.jpg?fit=510%2C382&amp;ssl=1\" decoding=\"async\" loading=\"lazy\" class=\"size-full wp-image-8291\" src=\"https:\/\/i0.wp.com\/www.robertosedda.it\/wp-content\/uploads\/2014\/09\/febbraio-2008.jpg?resize=800%2C600\" alt=\"L'autore del blog intento al lavoro\" width=\"800\" height=\"600\" srcset=\"https:\/\/i0.wp.com\/www.robertosedda.it\/wp-content\/uploads\/2014\/09\/febbraio-2008.jpg?w=1600&amp;ssl=1 1600w, https:\/\/i0.wp.com\/www.robertosedda.it\/wp-content\/uploads\/2014\/09\/febbraio-2008.jpg?resize=150%2C112&amp;ssl=1 150w, https:\/\/i0.wp.com\/www.robertosedda.it\/wp-content\/uploads\/2014\/09\/febbraio-2008.jpg?resize=300%2C225&amp;ssl=1 300w, https:\/\/i0.wp.com\/www.robertosedda.it\/wp-content\/uploads\/2014\/09\/febbraio-2008.jpg?resize=510%2C382&amp;ssl=1 510w, https:\/\/i0.wp.com\/www.robertosedda.it\/wp-content\/uploads\/2014\/09\/febbraio-2008.jpg?resize=268%2C200&amp;ssl=1 268w, https:\/\/i0.wp.com\/www.robertosedda.it\/wp-content\/uploads\/2014\/09\/febbraio-2008.jpg?resize=700%2C525&amp;ssl=1 700w\" sizes=\"(max-width: 800px) 100vw, 800px\" data-recalc-dims=\"1\" \/><\/a><figcaption id=\"caption-attachment-8291\" class=\"wp-caption-text\">L&#8217;autore del blog intento al lavoro<\/figcaption><\/figure>\n<h2>La classifica <em>all time<\/em><\/h2>\n<p>Stufi? Forse s\u00ec e avete ragione. Ma segnalo, soprattutto come promemoria per me, che la classifica sui due anni complessivi \u00e8 questa:<\/p>\n<ol>\n<li><a href=\"http:\/\/www.robertosedda.it\/?p=2574\">Amori contrastati<\/a><\/li>\n<li>\u00a0<a href=\"http:\/\/www.robertosedda.it\/?p=2568\">Cose da fare a Cagliari almeno una volta nella vita<\/a><\/li>\n<li><a href=\"http:\/\/www.robertosedda.it\/?p=2202\">Come scrivere una mail alla Segreteria studenti (o della pigrizia)<\/a><\/li>\n<li><a href=\"http:\/\/www.robertosedda.it\/?p=4245\">Io non sono sardo (o meglio: io si, voi non so)<\/a><\/li>\n<li><a href=\"http:\/\/www.robertosedda.it\/?p=128\">Che cos&#8217;\u00e8 l\u2019animazione?<\/a><\/li>\n<li><a href=\"http:\/\/www.robertosedda.it\/?p=4129\">Intervista a Jennifer Lawrence<\/a><\/li>\n<li><a href=\"http:\/\/www.robertosedda.it\/?p=3820\">Otto grandi canzoni su Ges\u00f9<\/a><\/li>\n<li><a href=\"http:\/\/www.robertosedda.it\/?page_id=6\">Chi sono\u2026<\/a><\/li>\n<li><a href=\"http:\/\/www.robertosedda.it\/?p=2910\">L\u2019isola del tesoro<\/a><\/li>\n<li><a href=\"http:\/\/www.robertosedda.it\/?p=6973\">Lasciate in pace i bambini<\/a><\/li>\n<\/ol>\n","protected":false},"excerpt":{"rendered":"<p>Col 31 agosto il sito ha festeggiato due anni di vita e quindi \u00e8 tempo di bilanci. Non tanto perch\u00e9<\/p>\n","protected":false},"author":1,"featured_media":8290,"comment_status":"open","ping_status":"open","sticky":false,"template":"","format":"standard","meta":{"_mi_skip_tracking":false,"_monsterinsights_sitenote_active":false,"_monsterinsights_sitenote_note":"","_monsterinsights_sitenote_category":0,"jetpack_post_was_ever_published":false,"_jetpack_newsletter_access":"","jetpack_publicize_message":"","jetpack_is_tweetstorm":false,"jetpack_publicize_feature_enabled":true,"jetpack_social_post_already_shared":true,"jetpack_social_options":{"image_generator_settings":{"template":"highway","enabled":false}}},"categories":[52,64,55,17,16],"tags":[],"jetpack_publicize_connections":[],"jetpack_featured_media_url":"https:\/\/i0.wp.com\/www.robertosedda.it\/wp-content\/uploads\/2014\/09\/Pasquetta-2004-019.jpg?fit=2048%2C1536&ssl=1","jetpack_sharing_enabled":true,"jetpack_shortlink":"https:\/\/wp.me\/p4jV2T-29D","jetpack_likes_enabled":true,"jetpack-related-posts":[{"id":10799,"url":"https:\/\/www.robertosedda.it\/?p=10799","url_meta":{"origin":8285,"position":0},"title":"Ringraziamenti annuali (i soliti, ma sinceri)","author":"Rufus","date":"09\/09\/2015","format":false,"excerpt":"Come sempre fine agosto \u00e8 tempo di bilanci annuali per quanto riguarda le statistiche di frequenza del blog. Col fatto che siamo rimasti fermi quasi una settimana sono un po\u2019 in ritardo, ma ieri sono andato finalmente a guardarmele. Raccontava il compianto padre Acquaro di un suo confratello mercedario, afflitto\u2026","rel":"","context":"In &quot;Il web&quot;","block_context":{"text":"Il web","link":"https:\/\/www.robertosedda.it\/?cat=64"},"img":{"alt_text":"","src":"https:\/\/i0.wp.com\/www.robertosedda.it\/wp-content\/uploads\/2015\/09\/Stats-2014_15.jpg?fit=1187%2C581&ssl=1&resize=350%2C200","width":350,"height":200,"srcset":"https:\/\/i0.wp.com\/www.robertosedda.it\/wp-content\/uploads\/2015\/09\/Stats-2014_15.jpg?fit=1187%2C581&ssl=1&resize=350%2C200 1x, https:\/\/i0.wp.com\/www.robertosedda.it\/wp-content\/uploads\/2015\/09\/Stats-2014_15.jpg?fit=1187%2C581&ssl=1&resize=700%2C400 2x, https:\/\/i0.wp.com\/www.robertosedda.it\/wp-content\/uploads\/2015\/09\/Stats-2014_15.jpg?fit=1187%2C581&ssl=1&resize=1050%2C600 3x"},"classes":[]},{"id":3082,"url":"https:\/\/www.robertosedda.it\/?p=3082","url_meta":{"origin":8285,"position":1},"title":"Traguardo di visitatori (e ringraziamenti)","author":"Rufus","date":"04\/05\/2013","format":false,"excerpt":"Ieri, secondo Google Analytics, il blog ha raggiunto 5.000 visitatori unici (le visualizzazioni di pagina sono pi\u00f9 di 16.000). Sono visite da fine agosto, quando ho cominciato a pubblicare articoli, a oggi. Oggetto meraviglioso, Google Analytics. Evocatore di misteri: perch\u00e9 per esempio ti informa che fra gli articoli pi\u00f9 letti\u2026","rel":"","context":"In &quot;Coordinate&quot;","block_context":{"text":"Coordinate","link":"https:\/\/www.robertosedda.it\/?cat=52"},"img":{"alt_text":"","src":"https:\/\/i0.wp.com\/www.robertosedda.it\/wp-content\/uploads\/2013\/05\/statistiche-blog.png?fit=1200%2C580&ssl=1&resize=350%2C200","width":350,"height":200,"srcset":"https:\/\/i0.wp.com\/www.robertosedda.it\/wp-content\/uploads\/2013\/05\/statistiche-blog.png?fit=1200%2C580&ssl=1&resize=350%2C200 1x, https:\/\/i0.wp.com\/www.robertosedda.it\/wp-content\/uploads\/2013\/05\/statistiche-blog.png?fit=1200%2C580&ssl=1&resize=700%2C400 2x, https:\/\/i0.wp.com\/www.robertosedda.it\/wp-content\/uploads\/2013\/05\/statistiche-blog.png?fit=1200%2C580&ssl=1&resize=1050%2C600 3x"},"classes":[]},{"id":8189,"url":"https:\/\/www.robertosedda.it\/?p=8189","url_meta":{"origin":8285,"position":2},"title":"Quegli stalker sul mio sito","author":"Rufus","date":"11\/08\/2014","format":false,"excerpt":"Ho iniziato a pubblicare articoli sul blog a settembre 2012, quindi ogni anno quando arriva agosto mi guardo un po' le statistiche che Google e Wordpress mi mettono a disposizione. Ovviamente non \u00e8 che tenga il blog per raggiungere la notoriet\u00e0 mondiale, vendere pubblicit\u00e0 e diventare ricco sfondato, quindi l'attenzione\u2026","rel":"","context":"In &quot;Coordinate&quot;","block_context":{"text":"Coordinate","link":"https:\/\/www.robertosedda.it\/?cat=52"},"img":{"alt_text":"","src":"https:\/\/i0.wp.com\/www.robertosedda.it\/wp-content\/uploads\/2013\/12\/Katniss-Everdeen.jpg?fit=434%2C600&ssl=1&resize=350%2C200","width":350,"height":200},"classes":[]},{"id":17315,"url":"https:\/\/www.robertosedda.it\/?p=17315","url_meta":{"origin":8285,"position":3},"title":"Gente che viene da dappertutto","author":"Rufus","date":"23\/09\/2019","format":false,"excerpt":"Nello scorso fine settimana, come avevo annunciato, sono stato a Cortes Apertas di Orani per aprire casa e accogliere i visitatori. Quiete prima della festa Essendo di corv\u00e9e non mi sono goduto il paese e la festa quasi per niente, a parte un consumo spropositato di proteine di origine animale,\u2026","rel":"","context":"In &quot;Coordinate&quot;","block_context":{"text":"Coordinate","link":"https:\/\/www.robertosedda.it\/?cat=52"},"img":{"alt_text":"","src":"https:\/\/i0.wp.com\/www.robertosedda.it\/wp-content\/uploads\/2019\/09\/Su-Postu.jpg?fit=1200%2C900&ssl=1&resize=350%2C200","width":350,"height":200,"srcset":"https:\/\/i0.wp.com\/www.robertosedda.it\/wp-content\/uploads\/2019\/09\/Su-Postu.jpg?fit=1200%2C900&ssl=1&resize=350%2C200 1x, https:\/\/i0.wp.com\/www.robertosedda.it\/wp-content\/uploads\/2019\/09\/Su-Postu.jpg?fit=1200%2C900&ssl=1&resize=700%2C400 2x, https:\/\/i0.wp.com\/www.robertosedda.it\/wp-content\/uploads\/2019\/09\/Su-Postu.jpg?fit=1200%2C900&ssl=1&resize=1050%2C600 3x"},"classes":[]},{"id":2219,"url":"https:\/\/www.robertosedda.it\/?p=2219","url_meta":{"origin":8285,"position":4},"title":"Davvero","author":"Rufus","date":"15\/02\/2013","format":false,"excerpt":"Ho conosciuto il progetto di Davvero a Lucca, anche se un po' en passant, come credo di avere gi\u00e0 raccontato. Arrivati adesso al terzo numero credo che si possa provare a tracciare un bilancio: naturalmente, considerato che io sto seguendo l'edizione in edicola mentre on line il fumetto \u00e8 andato\u2026","rel":"","context":"In &quot;Coordinate&quot;","block_context":{"text":"Coordinate","link":"https:\/\/www.robertosedda.it\/?cat=52"},"img":{"alt_text":"","src":"https:\/\/i0.wp.com\/www.robertosedda.it\/wp-content\/uploads\/2013\/02\/davvero-di-paola-barbato-edizioni-star-comics-L-Popq4s.jpeg?fit=368%2C556&ssl=1&resize=350%2C200","width":350,"height":200},"classes":[]},{"id":15553,"url":"https:\/\/www.robertosedda.it\/?p=15553","url_meta":{"origin":8285,"position":5},"title":"Grazie a voi","author":"Rufus","date":"02\/08\/2018","format":false,"excerpt":"Con il 31 luglio si \u00e8 chiuso il sesto anno di vita del blog, ed \u00e8 nuovamente tempo di ringraziamenti! A me sembra tutto straordinario: cio\u00e8,\u00a0La casa di Roberto \u00e8 minuscola rispetto al vasto mondo del\u00a0web, per\u00f2 comunque 34 000 utenti mi sembrano moltissimi, e anche escludendo quelli che sono\u2026","rel":"","context":"In &quot;Coordinate&quot;","block_context":{"text":"Coordinate","link":"https:\/\/www.robertosedda.it\/?cat=52"},"img":{"alt_text":"","src":"https:\/\/i0.wp.com\/www.robertosedda.it\/wp-content\/uploads\/2018\/08\/Statistiche-totali.jpg?fit=1200%2C494&ssl=1&resize=350%2C200","width":350,"height":200,"srcset":"https:\/\/i0.wp.com\/www.robertosedda.it\/wp-content\/uploads\/2018\/08\/Statistiche-totali.jpg?fit=1200%2C494&ssl=1&resize=350%2C200 1x, https:\/\/i0.wp.com\/www.robertosedda.it\/wp-content\/uploads\/2018\/08\/Statistiche-totali.jpg?fit=1200%2C494&ssl=1&resize=700%2C400 2x, https:\/\/i0.wp.com\/www.robertosedda.it\/wp-content\/uploads\/2018\/08\/Statistiche-totali.jpg?fit=1200%2C494&ssl=1&resize=1050%2C600 3x"},"classes":[]}],"_links":{"self":[{"href":"https:\/\/www.robertosedda.it\/index.php?rest_route=\/wp\/v2\/posts\/8285"}],"collection":[{"href":"https:\/\/www.robertosedda.it\/index.php?rest_route=\/wp\/v2\/posts"}],"about":[{"href":"https:\/\/www.robertosedda.it\/index.php?rest_route=\/wp\/v2\/types\/post"}],"author":[{"embeddable":true,"href":"https:\/\/www.robertosedda.it\/index.php?rest_route=\/wp\/v2\/users\/1"}],"replies":[{"embeddable":true,"href":"https:\/\/www.robertosedda.it\/index.php?rest_route=%2Fwp%2Fv2%2Fcomments&post=8285"}],"version-history":[{"count":4,"href":"https:\/\/www.robertosedda.it\/index.php?rest_route=\/wp\/v2\/posts\/8285\/revisions"}],"predecessor-version":[{"id":8292,"href":"https:\/\/www.robertosedda.it\/index.php?rest_route=\/wp\/v2\/posts\/8285\/revisions\/8292"}],"wp:featuredmedia":[{"embeddable":true,"href":"https:\/\/www.robertosedda.it\/index.php?rest_route=\/wp\/v2\/media\/8290"}],"wp:attachment":[{"href":"https:\/\/www.robertosedda.it\/index.php?rest_route=%2Fwp%2Fv2%2Fmedia&parent=8285"}],"wp:term":[{"taxonomy":"category","embeddable":true,"href":"https:\/\/www.robertosedda.it\/index.php?rest_route=%2Fwp%2Fv2%2Fcategories&post=8285"},{"taxonomy":"post_tag","embeddable":true,"href":"https:\/\/www.robertosedda.it\/index.php?rest_route=%2Fwp%2Fv2%2Ftags&post=8285"}],"curies":[{"name":"wp","href":"https:\/\/api.w.org\/{rel}","templated":true}]}}