{"id":8260,"date":"2014-08-25T16:51:50","date_gmt":"2014-08-25T14:51:50","guid":{"rendered":"http:\/\/www.robertosedda.it\/?p=8260"},"modified":"2014-09-09T13:39:12","modified_gmt":"2014-09-09T11:39:12","slug":"un-evento-di-tanto-tempo-fa","status":"publish","type":"post","link":"https:\/\/www.robertosedda.it\/?p=8260","title":{"rendered":"Un evento di tanto tempo fa"},"content":{"rendered":"<p><a href=\"https:\/\/i0.wp.com\/www.robertosedda.it\/wp-content\/uploads\/2014\/08\/Julia-Bonelli.jpg\"><img data-attachment-id=\"8262\" data-permalink=\"https:\/\/www.robertosedda.it\/?attachment_id=8262\" data-orig-file=\"https:\/\/i0.wp.com\/www.robertosedda.it\/wp-content\/uploads\/2014\/08\/Julia-Bonelli.jpg?fit=292%2C407&amp;ssl=1\" data-orig-size=\"292,407\" data-comments-opened=\"1\" data-image-meta=\"{&quot;aperture&quot;:&quot;0&quot;,&quot;credit&quot;:&quot;Picasa 3.0&quot;,&quot;camera&quot;:&quot;&quot;,&quot;caption&quot;:&quot;&quot;,&quot;created_timestamp&quot;:&quot;0&quot;,&quot;copyright&quot;:&quot;&quot;,&quot;focal_length&quot;:&quot;0&quot;,&quot;iso&quot;:&quot;0&quot;,&quot;shutter_speed&quot;:&quot;0&quot;,&quot;title&quot;:&quot;&quot;}\" data-image-title=\"Julia Bonelli\" data-image-description=\"\" data-image-caption=\"\" data-medium-file=\"https:\/\/i0.wp.com\/www.robertosedda.it\/wp-content\/uploads\/2014\/08\/Julia-Bonelli.jpg?fit=215%2C300&amp;ssl=1\" data-large-file=\"https:\/\/i0.wp.com\/www.robertosedda.it\/wp-content\/uploads\/2014\/08\/Julia-Bonelli.jpg?fit=292%2C407&amp;ssl=1\" decoding=\"async\" loading=\"lazy\" class=\"alignleft size-medium wp-image-8262\" src=\"https:\/\/i0.wp.com\/www.robertosedda.it\/wp-content\/uploads\/2014\/08\/Julia-Bonelli.jpg?resize=215%2C300\" alt=\"Julia Bonelli\" width=\"215\" height=\"300\" srcset=\"https:\/\/i0.wp.com\/www.robertosedda.it\/wp-content\/uploads\/2014\/08\/Julia-Bonelli.jpg?resize=215%2C300&amp;ssl=1 215w, https:\/\/i0.wp.com\/www.robertosedda.it\/wp-content\/uploads\/2014\/08\/Julia-Bonelli.jpg?resize=107%2C150&amp;ssl=1 107w, https:\/\/i0.wp.com\/www.robertosedda.it\/wp-content\/uploads\/2014\/08\/Julia-Bonelli.jpg?w=292&amp;ssl=1 292w\" sizes=\"(max-width: 215px) 100vw, 215px\" data-recalc-dims=\"1\" \/><\/a>Stavo scrivendo una recensione di un paio di letture recenti di fumetti quando improvvisamente mi sono reso conto che per parlare di\u00a0<em>Julia <\/em>avrei dovuto raccontare cosa ne pensavo tanto tempo fa e perch\u00e9 ho smesso di leggerlo: tutte cose che mi avrebbero portato un po&#8217; lontano.<\/p>\n<p>Poi mi sono ricordato che nel 1998, quasi un secolo fa, sono stato alla presentazione di\u00a0<em>Julia<\/em>, allora appena uscita, a\u00a0<em>Lucca Comics<\/em> e che dell&#8217;evento avevo fatto anche una recensione. Potenza di\u00a0<em>Google<\/em>: \u00e8 saltata fuori e l&#8217;ho riletta con piacere, sbigottimento per la precisione assoluta di certe cose e la totale infondatezza di altre, compassione per me stesso e un po&#8217; di malinconia per quel mondo magnifico che erano i<em>\u00a0newsgroups<\/em>. E quindi la posto, rimandando le altre recensioni a domani. Se qualcuno vuole leggere tutto il <em>thread<\/em> <a href=\"https:\/\/groups.google.com\/forum\/#!searchin\/it.arti.fumetti.bonelli\/sedda\/it.arti.fumetti.bonelli\/gW7ZamWbkTE\/dhenVqpjbhgJ\">lo trova facilmente in rete<\/a>.<\/p>\n<h2>Berardi a Lucca<\/h2>\n<p>Pensavo che l&#8217;avrebbe fatto qualcun altro, trattandosi di un incontro\u00a0pubblico con un autore molto amato subito dopo l&#8217;uscita di un suo\u00a0nuovo personaggio che ha avuto subito successo&#8230; invece niente.<\/p>\n<p>Allora provo io a dirvi com&#8217;\u00e8 andato l&#8217;incontro con Berardi a Lucca, invitando i pi\u00f9 competenti del <em>newsgroup<\/em> a correggere e integrare.<\/p>\n<p>(okkio: il file \u00e8 in <em>crosspost<\/em> fra <em>it.arti.fumetti.bonelli<\/em> \u00a0e il gruppo &#8220;padre&#8221;, piuttosto pi\u00f9 frequentato, <em>it.arti.fumetti<\/em>. Ho settato per\u00f2 il <em>follow-up<\/em> solo su quest&#8217;ultimo, perch\u00e9 mi e&#8217; parso il pi\u00f9 adatto).<\/p>\n<p>Vado per punti.<\/p>\n<h4>A. BERARDI \u00c8 SIMPATICO (ANCHE SE NON SIMPATICISSIMO)<\/h4>\n<p>Ricordo che diverso tempo fa c&#8217;era stato un thread sul genere: chi\u00a0\u00e8\u00a0l&#8217;autore di fumetti con cui vorreste passare del tempo a parlare\u00a0davanti a una birra? E io, che avevo amato moltissimo <em>Ken Parker<\/em>, come<br \/>\nun razzo avevo detto: \u00abBerardi!\u00bb, suscitando <em>snort<\/em> di compatimento:\u00a0mi era stato spiegato che Berardi \u00e8\u00a0scostante, antipatico e in\u00a0generale poco appetibile di persona. Avendolo visto a Lucca\u00a0(ovviamente non a tu per tu), devo dire che mi aspettavo ben di\u00a0peggio: invece Berardi mi \u00e8\u00a0sembrata semplicemente una persona\u00a0normale, piuttosto timida, senz&#8217;altro tormentata, con una discreta<br \/>\nambizione derivante dal fatto di pensare di essere un bravo autore\u00a0(cosa che peraltro \u00e8) e d&#8217;altra parte conscia di alcuni difetti\u00a0(quale quello, a quanto pare, di essere tirannico \u00a0coi collaboratori).<\/p>\n<h4>B. CHE PALLE &#8216;STI <em>KENPARKERIANI&#8230;<\/em><\/h4>\n<p>&#8230; e lo dico io che sono un &#8220;Ken Parker <em>fan<\/em>&#8221; dal primo numero della\u00a0prima serie. Ma quando si fa un incontro per presentare <em>Julia<\/em> (<em>Julia<\/em>!\u00a0<em>ok<\/em>!?) perch\u00e9 la prima domanda deve essere su <em>KP<\/em>? E la seconda? La\u00a0terza? Tutte fatte da quarantenni barbuti, poi&#8230; domande <em>IMHO<\/em> poco\u00a0interessanti, fatte per far vedere che si appartiene al <em>club<\/em> oppure\u00a0motivate da sentimento di orfanit\u00e0 acuta, come quel tizio che a un\u00a0certo punto sperava in un improbabile <em>crossover<\/em> <em>KP\/Julia<\/em>, cio\u00e8\u00a0in un\u00a0personaggio somigliante a Robert Redford che <em>zac!<\/em> entrasse nella\u00a0nuova serie e magari conquistasse pure il cuore di Julia (domanda\u00a0posta con garbo, per carit\u00e0, per\u00f2&#8230;). Anche sulla qualit\u00e0 di\u00a0questi <em>fan<\/em> avrei dei dubbi, considerato che alcuni paragoni fra <em>KP<\/em> e\u00a0<em>Julia<\/em> sarebbero stati pi\u00f9 pertinenti a partire da <em>Tom&#8217;s bar<\/em> o Giuli\u00a0Bao, fumetti che invece magari molti di loro non conoscevano (<em>ok<\/em>, i\u00a0presenti alla conferenza mi <em>flammino<\/em> pure).<\/p>\n<h4>C. PERCH\u00c9\u00a0<em>KP<\/em> HA CHIUSO?<\/h4>\n<p>Comunque, visto che le domande proseguivano, Berardi ha detto, anche\u00a0con una certa, <em>IMHO<\/em>, durezza, perch\u00e9 <em>KP<\/em> ha chiuso. Non si trattava\u00a0semplicemente del fatto che vendesse poco, perch\u00e9 Bonelli era<br \/>\ndisposto ad andare avanti in modo che la serie avesse una conclusione\u00a0logica. Secondo Berardi, questo richiedeva almeno 5-6 albi (io\u00a0sospetterei di pi\u00f9, considerato che all&#8217;ultimo conto il figlio era da<br \/>\nqualche parte dell&#8217;America e Ken\u00a0in galera), cio\u00e8\u00a0tenere bloccati per\u00a0almeno tre anni autore e disegnatori su un progetto &#8220;a termine&#8221;. A\u00a0quanto pare, \u00e8\u00a0stato proprio Berardi a non volerci stare, ma a volere\u00a0dedicare le sue energie a qualcosa che non fosse destinato a finire.<\/p>\n<p>Ognuno la penser\u00e0 in proposito come gli pare (io non l&#8217;ho apprezzato\u00a0moltissimo) ma d&#8217;altra parte forse Berardi ha un&#8217;et\u00e0 per cui sente la\u00a0necessita&#8217; di nuove sfide, e chi siamo noi per negargli questa<br \/>\nambizione? <em>BTW<\/em>, l&#8217;impressione che ho avuto \u00e8\u00a0che la decisione di\u00a0smettere fosse pi\u00f9 di Berardi che di Milazzo, il quale magari non era\u00a0troppo contento&#8230; ma magari sto scoprendo l&#8217;acqua calda.<\/p>\n<h4>D. JULIA \u00c8\u00a0UN FUMETTO REALISTICO<\/h4>\n<p>Questa \u00e8 la cosa su cui Berardi ha insistito ossessivamente, e vedo\u00a0che lo ripete anche su <em>Julia<\/em>\u00a0numero 2: Julia vuole essere un fumetto\u00a0realistico sotto ogni punto di vista. Questo vuol dire che dietro\u00a0<em>Julia<\/em> c&#8217;\u00e8 un lavoro di redattori che mi \u00e8\u00a0sembrato veramente grosso,\u00a0a sentire Berardi: documentazione sulla criminologia (Berardi ha\u00a0frequentato sei mesi l&#8217;Istituto di Criminologia di Genova), libri su\u00a0libri, ricerche in Internet sugli archivi <em>FBI<\/em> eccetera (inciso: ovviamente\u00a0il lavoro dell&#8217;\u00e9<em>quipe<\/em> che affianca Berardi non si limita alla\u00a0documentazione. L&#8217;impressione che ho avuto \u00e8\u00a0quella di Berardi al\u00a0centro di una ragnatela che lancia <em>input<\/em>\/vibrazioni verso la\u00a0periferia&#8230;). La scelta del realismo spiega anche certe scelte: la<br \/>\ncitt\u00e0\/contea delle avventure \u00e8\u00a0immaginaria, in modo da poter essere\u00a0plasmata completamente dagli autori, mentre se la serie fosse\u00a0ambientata a, poniamo, New York, il rischio dell&#8217;incongruenza sarebbe<br \/>\nstato molto pi\u00f9 forte. La propensione al realismo spiega anche, <em>IMHO<\/em>,\u00a0il fatto che Berardi sia stato molto parco di riferimenti letterari o\u00a0cinematografici: l&#8217;impressione \u00e8\u00a0che preferisca ispirarsi pi\u00f9<br \/>\nall&#8217;<em>FBI<\/em> che al <em>Silenzio degli innocenti<\/em> (anche se poi di libri e <em>film<\/em>\u00a0se ne deve essere sciroppato migliaia). <em>BTW<\/em>, i due unici fumetti\u00a0citati come riferimento (per modo di dire) sono stati <em>Rip Kirby<\/em> e\u00a0<em>Modesty Blaise<\/em>.<\/p>\n<h4>E. JULIA \u00c8\u00a0UN FUMETTO REALISTICO E SENTIMENTALE<\/h4>\n<p>A quanto pare, la caratteristica &#8220;femminile&#8221; della serie sar\u00e0 nel\u00a0fatto che non sar\u00e0 tanto un fumetto d&#8217;azione centrato sulle &#8220;opere&#8221;\u00a0dei criminali, quanto un fumetto psicologico centrato sulle\u00a0&#8220;motivazioni&#8221;&#8230; il riferimento a me \u00e8\u00a0parso Pepe Carvalho (il\u00a0<em>detective<\/em> di Vazquez Montalban) ma Berardi non l&#8217;ha citato\u00a0esplicitamente. A quanto pare, per Berardi l&#8217;universo femminile si\u00a0sostanzia nella <em>sensibilit\u00e0<\/em>\u00a0(cosa che mi lascia un po&#8217; perplesso) e\u00a0la serie avr\u00e0 certamente mooolto spazio per i sentimenti. Vedremo.<\/p>\n<p><em>BTW<\/em>, i <em>serial killer<\/em>\u00a0non saranno caratteristica ricorsiva della\u00a0serie: Berardi ha detto che sui primi 22 soggetti preparati, oltre a\u00a0Myrna c&#8217;\u00e8 solo un altro <em>serial killer<\/em>.<\/p>\n<h4>F. TRUCCHI DEL MESTIERE<\/h4>\n<p>Non mi dilungo su cose tipo: \u00abPerch\u00e9 i volti degli attori?\u00bb, \u00abPerch\u00e9\u00a0Audrey Hepburn?\u00bb\u00a0eccetera perch\u00e9 vedo che Berardi ha iniziato a rispondere\u00a0in seconda di copertina sul mensile. La mia impressione a partire da\u00a0Lucca \u00e8\u00a0che Berardi abbia deciso di non spendere troppe energie su\u00a0queste cose (come camuffare Julia perch\u00e9 ricordi Audrey ma non le\u00a0assomigli troppo eccetera) perch\u00e9 gli interessa di pi\u00f9 altro (vedi\u00a0sotto).<\/p>\n<h4>G. CONSIDERAZIONI CONCLUSIVE<\/h4>\n<p>Sono andato via prima della fine, e qualcosa potrei essermi perso ma\u00a0non credo: le domande si stavano facendo ricorsive. Le cose che dico\u00a0adesso sono quelle per cui &#8220;non ho le prove&#8221;, cio\u00e8 le impressioni che\u00a0ho ricevuto aldil\u00e0 delle parole di Berardi, e un dubbio che mi\u00a0\u00e8\u00a0rimasto.<\/p>\n<p>1. Berardi \u00e8 convinto (ci metto la mano sul fuoco) di avere messo in\u00a0cantiere un fumetto che lascer\u00e0 il segno. Si vede, \u00e8\u00a0chiarissimo.\u00a0Dire che segno vuole lasciare, a parte la citata ossessione per il<br \/>\nrealismo e per i &#8220;crimini dei sentimenti&#8221;, \u00e8 gi\u00e0 pi\u00f9\u00a0difficile,\u00a0posto che Julia \u00e8, per il momento, un buon fumetto ben scritto e ben\u00a0disegnato ma non ancora un personaggio con una sua profondit\u00e0.<\/p>\n<p>2. Secondo me, anche se Berardi dice che il fumetto dovr\u00e0 rimanere\u00a0nel genere <em>noir<\/em> lo sviluppo naturale \u00e8\u00a0quello della <em>soap opera<\/em> e il\u00a0riferimento fumettistico i supereroi americani. <em>BUM!<\/em> L&#8217;ho detto. Non<br \/>\nho le prove ma \u00e8\u00a0cosi&#8217;. Sono pronto a essere <em>flammato<\/em>.<\/p>\n<p>2. Gli autori di fumetti non leggono fumetti. O leggono solo certi\u00a0fumetti. Lo penso da un po&#8217;, ma per Berardi sono sicuro. Berardi ha\u00a0smesso di leggere fumetti quando ha iniziato a farli lui.<\/p>\n<p>3. Lo dico per gli altri <em>IAFer<\/em>\u00a0presenti: io ero quello che ha fatto\u00a0la domanda su eventuali fumetti di riferimento, oltre a libri, <em>film<\/em> e\u00a0realt\u00e0 (e su Julia &#8220;dilettante&#8221;). In realt\u00e0 la domanda iniziale era<br \/>\npi\u00f9 cattiva, ma non ho avuto il coraggio: la domanda iniziale\u00a0riguardava il confronto con le altre serie &#8220;recenti&#8221; Bonelli. Perch\u00e9\u00a0Julia rompe gli schemi dell&#8217;eroe pi\u00f9 spalla (Martin Mystere, Dylan Dog, Magico Vento, Brendon,\u00a0Napoleone in parte, eccetera) e si propone come fumetto corale,\u00a0confrontandosi direttamente con l&#8217;unico altro fumetto &#8220;corale&#8221;, cio\u00e8\u00a0<em>Nathan Never<\/em>, curato non a caso da persone che si sono proposte da subito come\u00a0&#8220;autori&#8221; e non come &#8220;onesti artigiani&#8221; (passatemi i termini) e che<br \/>\nhanno fatto un fumetto che si proponeva come &#8220;innovativo&#8221; sia nel\u00a0disegno che nelle trame. Eppure, <em>NN<\/em> ha fallito (<em>IMHO<\/em>, <em>NN<\/em>\u00a0\u00e8 al massimo\u00a0un buon fumetto ma non vale n\u00e9 <em>Ken Parker<\/em>\u00a0n\u00e9 <em>Tex<\/em>) mentre <em>Julia<\/em> potrebbe\u00a0riuscire (&#8220;potrebbe&#8221;, ovviamente siamo al secondo numero): ad avere una <em>continuity<\/em>, a rivoluzionare un genere, a essere corale. La cosa\u00a0che avrei voluto chiedere a Berardi era: perch\u00e9\u00a0Julia s\u00ec e <em>NN<\/em> no?\u00a0Dov&#8217;\u00e8 la differenza?<\/p>\n","protected":false},"excerpt":{"rendered":"<p>Stavo scrivendo una recensione di un paio di letture recenti di fumetti quando improvvisamente mi sono reso conto che per<\/p>\n","protected":false},"author":1,"featured_media":8262,"comment_status":"open","ping_status":"open","sticky":false,"template":"","format":"standard","meta":{"_mi_skip_tracking":false,"_monsterinsights_sitenote_active":false,"_monsterinsights_sitenote_note":"","_monsterinsights_sitenote_category":0,"jetpack_post_was_ever_published":false,"_jetpack_newsletter_access":"","jetpack_publicize_message":"","jetpack_is_tweetstorm":false,"jetpack_publicize_feature_enabled":true,"jetpack_social_post_already_shared":true,"jetpack_social_options":{"image_generator_settings":{"template":"highway","enabled":false}}},"categories":[83,52,49,56,12],"tags":[],"jetpack_publicize_connections":[],"jetpack_featured_media_url":"https:\/\/i0.wp.com\/www.robertosedda.it\/wp-content\/uploads\/2014\/08\/Julia-Bonelli.jpg?fit=292%2C407&ssl=1","jetpack_sharing_enabled":true,"jetpack_shortlink":"https:\/\/wp.me\/p4jV2T-29e","jetpack_likes_enabled":true,"jetpack-related-posts":[{"id":8098,"url":"https:\/\/www.robertosedda.it\/?p=8098","url_meta":{"origin":8260,"position":0},"title":"Nuove foto del bookcrossing","author":"Rufus","date":"31\/07\/2014","format":"gallery","excerpt":"A distanza di diverse settimane dalla festa dei cinquant'anni mi ritrovo un altro po' di foto relative all'evento (una prima serie di foto \u00e8 gi\u00e0 state pubblicata tempo fa). Pubblico anche queste sebbene sia passato del tempo un po' perch\u00e9... s\u00ec, un po' perch\u00e9 magari qualcuno ci si riconosce e\u2026","rel":"","context":"In &quot;Coordinate&quot;","block_context":{"text":"Coordinate","link":"https:\/\/www.robertosedda.it\/?cat=52"},"img":{"alt_text":"","src":"https:\/\/i0.wp.com\/www.robertosedda.it\/wp-content\/uploads\/2014\/07\/Amici-1.jpg?resize=350%2C200","width":350,"height":200},"classes":[]},{"id":8256,"url":"https:\/\/www.robertosedda.it\/?p=8256","url_meta":{"origin":8260,"position":1},"title":"Fumetti che ho fatto bene a smettere di comprare","author":"Rufus","date":"09\/09\/2014","format":false,"excerpt":"Julia\u00a0190,\u00a0In malafede\u00a0(Sergio Bonelli Editore\u00a0luglio 2014, Berardi\/Calza\u00a0e\u00a0Zaghi) Avevo\u00a0letto recentemente da qualche parte un esperto di fumetti (o forse un autore, ora mi sfugge) dire che\u00a0Julia \u00e8 oggi la serie a fumetti Bonelli che ha il linguaggio pi\u00f9 moderno: nel contesto non era chiaro se \"linguaggio\" si riferiva alle tematiche proposte, allo\u2026","rel":"","context":"In &quot;Coordinate&quot;","block_context":{"text":"Coordinate","link":"https:\/\/www.robertosedda.it\/?cat=52"},"img":{"alt_text":"","src":"https:\/\/i0.wp.com\/www.robertosedda.it\/wp-content\/uploads\/2014\/09\/Il-calvario-Dylan-Dog.jpg?fit=381%2C502&ssl=1&resize=350%2C200","width":350,"height":200},"classes":[]},{"id":3627,"url":"https:\/\/www.robertosedda.it\/?p=3627","url_meta":{"origin":8260,"position":2},"title":"Da un teaser su Cagliari all&#8217;altro","author":"Rufus","date":"21\/06\/2013","format":"video","excerpt":"Ieri, mentre preparavo la recensione della Cagliari Unofficial Guide, ho trovato un video che voglio farvi vedere. \u00c8 una pubblicit\u00e0 (si scopre a met\u00e0 del video) ma prima di tutto \u00e8 una descrizione di Cagliari a uso turisti, secondo me tra l'altro fatta piuttosto bene, divertente e accattivante. Ma quello\u2026","rel":"","context":"In &quot;Coordinate&quot;","block_context":{"text":"Coordinate","link":"https:\/\/www.robertosedda.it\/?cat=52"},"img":{"alt_text":"","src":"https:\/\/i0.wp.com\/www.robertosedda.it\/wp-content\/uploads\/2013\/06\/Teaser-Cagliari.png?fit=1200%2C673&ssl=1&resize=350%2C200","width":350,"height":200,"srcset":"https:\/\/i0.wp.com\/www.robertosedda.it\/wp-content\/uploads\/2013\/06\/Teaser-Cagliari.png?fit=1200%2C673&ssl=1&resize=350%2C200 1x, https:\/\/i0.wp.com\/www.robertosedda.it\/wp-content\/uploads\/2013\/06\/Teaser-Cagliari.png?fit=1200%2C673&ssl=1&resize=700%2C400 2x, https:\/\/i0.wp.com\/www.robertosedda.it\/wp-content\/uploads\/2013\/06\/Teaser-Cagliari.png?fit=1200%2C673&ssl=1&resize=1050%2C600 3x"},"classes":[]},{"id":5222,"url":"https:\/\/www.robertosedda.it\/?p=5222","url_meta":{"origin":8260,"position":3},"title":"Le foto di Scirarindi 2013","author":"Rufus","date":"02\/12\/2013","format":"gallery","excerpt":"Ci siamo divertiti parecchio e stancati molto di pi\u00f9. Ci sarebbero un po' di cose da discutere, e che nei corridoi sono state molto discusse (Herbalife al festival della sostenibilit\u00e0?! Davvero?? ma la risposta \u00e8 molto meno socntata di quel che potrebbe sembrare...) ma quello sar\u00e0 il tema di domani\u2026","rel":"","context":"In &quot;Coordinate&quot;","block_context":{"text":"Coordinate","link":"https:\/\/www.robertosedda.it\/?cat=52"},"img":{"alt_text":"","src":"https:\/\/i0.wp.com\/www.robertosedda.it\/wp-content\/uploads\/2013\/12\/2013-12-01-19.36.27-e1638449402367.jpg?fit=900%2C1200&ssl=1&resize=350%2C200","width":350,"height":200,"srcset":"https:\/\/i0.wp.com\/www.robertosedda.it\/wp-content\/uploads\/2013\/12\/2013-12-01-19.36.27-e1638449402367.jpg?fit=900%2C1200&ssl=1&resize=350%2C200 1x, https:\/\/i0.wp.com\/www.robertosedda.it\/wp-content\/uploads\/2013\/12\/2013-12-01-19.36.27-e1638449402367.jpg?fit=900%2C1200&ssl=1&resize=700%2C400 2x"},"classes":[]},{"id":1249,"url":"https:\/\/www.robertosedda.it\/?p=1249","url_meta":{"origin":8260,"position":4},"title":"A Lucca","author":"Rufus","date":"06\/11\/2012","format":false,"excerpt":"Non so cosa mi aspettassi di trovare a Lucca Comics & Games. L'ultima volta c'ero stato anni fa, ed era una fiera importante ma di grandezza limitata. Adesso \u00e8 una massa compatta di persone ed attivit\u00e0 che riempie ogni spazio. Tanto che per alcuni aspetti mi chiedo se sia ancora\u2026","rel":"","context":"In &quot;Coordinate&quot;","block_context":{"text":"Coordinate","link":"https:\/\/www.robertosedda.it\/?cat=52"},"img":{"alt_text":"","src":"https:\/\/i0.wp.com\/www.robertosedda.it\/wp-content\/uploads\/2012\/11\/Lucca-Comics-2012-Sclavi.jpg?fit=370%2C239&ssl=1&resize=350%2C200","width":350,"height":200},"classes":[]},{"id":7291,"url":"https:\/\/www.robertosedda.it\/?p=7291","url_meta":{"origin":8260,"position":5},"title":"Avviso ai radionaviganti e #wrcita","author":"Rufus","date":"07\/05\/2014","format":false,"excerpt":"Gioved\u00ec 8 maggio alle 10 mi intervistano su unicaradio, la web radio degli studenti dell'Universit\u00e0 di Cagliari. I ragazzi sono impegnati in una gara con altre radio studentesche di otto diversi paesi (Italia, Spagna, Messico, Germania, Inghilterra, Turchia, Finlandia, e Singapore): una maratona di 72 ore ininterrotte per realizzare la\u2026","rel":"","context":"In &quot;Coordinate&quot;","block_context":{"text":"Coordinate","link":"https:\/\/www.robertosedda.it\/?cat=52"},"img":{"alt_text":"","src":"https:\/\/i0.wp.com\/www.robertosedda.it\/wp-content\/uploads\/2014\/05\/Unica-Radio.jpg?fit=1200%2C461&ssl=1&resize=350%2C200","width":350,"height":200,"srcset":"https:\/\/i0.wp.com\/www.robertosedda.it\/wp-content\/uploads\/2014\/05\/Unica-Radio.jpg?fit=1200%2C461&ssl=1&resize=350%2C200 1x, https:\/\/i0.wp.com\/www.robertosedda.it\/wp-content\/uploads\/2014\/05\/Unica-Radio.jpg?fit=1200%2C461&ssl=1&resize=700%2C400 2x, https:\/\/i0.wp.com\/www.robertosedda.it\/wp-content\/uploads\/2014\/05\/Unica-Radio.jpg?fit=1200%2C461&ssl=1&resize=1050%2C600 3x"},"classes":[]}],"_links":{"self":[{"href":"https:\/\/www.robertosedda.it\/index.php?rest_route=\/wp\/v2\/posts\/8260"}],"collection":[{"href":"https:\/\/www.robertosedda.it\/index.php?rest_route=\/wp\/v2\/posts"}],"about":[{"href":"https:\/\/www.robertosedda.it\/index.php?rest_route=\/wp\/v2\/types\/post"}],"author":[{"embeddable":true,"href":"https:\/\/www.robertosedda.it\/index.php?rest_route=\/wp\/v2\/users\/1"}],"replies":[{"embeddable":true,"href":"https:\/\/www.robertosedda.it\/index.php?rest_route=%2Fwp%2Fv2%2Fcomments&post=8260"}],"version-history":[{"count":4,"href":"https:\/\/www.robertosedda.it\/index.php?rest_route=\/wp\/v2\/posts\/8260\/revisions"}],"predecessor-version":[{"id":8265,"href":"https:\/\/www.robertosedda.it\/index.php?rest_route=\/wp\/v2\/posts\/8260\/revisions\/8265"}],"wp:featuredmedia":[{"embeddable":true,"href":"https:\/\/www.robertosedda.it\/index.php?rest_route=\/wp\/v2\/media\/8262"}],"wp:attachment":[{"href":"https:\/\/www.robertosedda.it\/index.php?rest_route=%2Fwp%2Fv2%2Fmedia&parent=8260"}],"wp:term":[{"taxonomy":"category","embeddable":true,"href":"https:\/\/www.robertosedda.it\/index.php?rest_route=%2Fwp%2Fv2%2Fcategories&post=8260"},{"taxonomy":"post_tag","embeddable":true,"href":"https:\/\/www.robertosedda.it\/index.php?rest_route=%2Fwp%2Fv2%2Ftags&post=8260"}],"curies":[{"name":"wp","href":"https:\/\/api.w.org\/{rel}","templated":true}]}}