{"id":8150,"date":"2014-08-05T13:58:37","date_gmt":"2014-08-05T11:58:37","guid":{"rendered":"http:\/\/www.robertosedda.it\/?p=8150"},"modified":"2022-11-08T14:39:53","modified_gmt":"2022-11-08T13:39:53","slug":"lombra-della-paura-a-oggi-parliamo-di-libri","status":"publish","type":"post","link":"https:\/\/www.robertosedda.it\/?p=8150","title":{"rendered":"L&#8217;ombra della paura a &#8220;Oggi parliamo di libri&#8221;"},"content":{"rendered":"<h2><em>L&#8217;ombra del vento <\/em>(Carlos Ruiz Zaf\u00f3n, <em>Mondadori<\/em> 2006)<\/h2>\n<p>Ho messo in linea da alcuni giorni sul mio solito <a href=\"http:\/\/www.youtube.com\/channel\/UC37IP50YwIadpe6Wqz4RpEw\">canale<\/a> <em>Youtube<\/em> da alcuni giorni la puntata dedicata a <em>L&#8217;ombra del vento<\/em> di Carlos Ruiz Zaf\u00f3n.<\/p>\n<div class=\"jetpack-video-wrapper\"><span class=\"embed-youtube\" style=\"text-align:center; display: block;\"><iframe class=\"youtube-player\" width=\"800\" height=\"450\" src=\"https:\/\/www.youtube.com\/embed\/x_ZSai08aNk?version=3&#038;rel=1&#038;showsearch=0&#038;showinfo=1&#038;iv_load_policy=1&#038;fs=1&#038;hl=it-IT&#038;autohide=2&#038;wmode=transparent\" allowfullscreen=\"true\" style=\"border:0;\" sandbox=\"allow-scripts allow-same-origin allow-popups allow-presentation\"><\/iframe><\/span><\/div>\n<h3>Due cose da dire a cui tenevo<\/h3>\n<p>Come avrete sentito ci sono nella parte iniziale della puntata un paio di cose che non riguardano specificamente il libro ma che mi ero appuntato per dirle alla prima occasione durante questo ciclo di trasmissioni: la prima \u00e8 una bordata &#8211; del tutto gratuita naturalmente, se no che bordata sarebbe? &#8211; nei confronti di Ildefonso Falcones, uno scrittore che davvero non apprezzo. E la seconda invece era la battuta sulla creazione di &#8220;scuole nazionali&#8221; &#8211; o di mode, o di etichette &#8211; nella letteratura di genere: i gialli nordici, il giallo mediterraneo, le avventure spagnoleggianti e cos\u00ec via. In trasmissione me la sono cavata con una battuta, ma in realt\u00e0 \u00e8 un tema interessante &#8211; o forse pi\u00f9 esattamente una chiave di lettura &#8211; sul quale vorrei tornare in qualche altra puntata, perch\u00e9 credo che sia un meccanismo attraverso il quale si determinano o si possono capire tanti fenomeni dell&#8217;industria culturale e anche in rapporto al quale chi volesse iniziare a fare letteratura di genere dovrebbe scegliere in quale campo stare: per esempio a seconda di come si giudica il fenomeno si decide anche come porsi rispetto a chi vuol fare &#8220;la via italiana al <em>fantasy<\/em>&#8221; e cose del genere. Non \u00e8 questa la sede per sviluppare del tutto il discorso, forse in questo momento non sono nemmeno in grado di discuterne in modo interessante, ma mi \u00e8 sembrato ugualmente importante parlarne in trasmissione e segnalarlo anche qui.<\/p>\n<h3>Le puntate che riescono meglio e quelle difficili da preparare<\/h3>\n<p>Se avete ascoltato la puntata penso concorderete con me che era abbastanza equilibrata e sufficientemente coerente: non ho avuto, per esempio, il classico problema di aver finito il tempo a disposizione ancora nel bel mezzo del discorso. Lo dico non per farmi i complimenti da solo ma perch\u00e9 trovo buffo che siano alla fine le puntate che riguardano libri a cui non sono particolarmente affezionato &#8211; la mia frequentazione di Zaf\u00f3n \u00e8 piuttosto limitata &#8211; quelle che, almeno dal punto di vista tecnico, riescono meglio: \u00e8 quando parlo dei libri a cui sono pi\u00f9 affezionato che di solito vado nel pallone. Anche in questo caso non so bene che cosa questo significhi ma mi sembrava opportuno notarlo.<\/p>\n<p>In realt\u00e0 la puntata non era difficile da fare, era difficile da <em>preparare<\/em>, perch\u00e9 mi sono reso conto ben presto che la maggior parte delle linee di discorso erano state gi\u00e0 esplorate in altre puntate e, in generale, nell&#8217;ampio discorso sull&#8217;avventura sviluppato nel corso della passata stagione: e quindi mi \u00e8 sembrato dapprima difficile trovare qualcosa di <em>nuovo<\/em> da dire e in generale mi sono sentito piuttosto respinto dal libro.<\/p>\n<p>Poi mi sono reso conto che in realt\u00e0 era proprio questa una possibile linea di sviluppo della puntata: raccontare gli elementi essenziali del libro facendo notare come non sia esattamente nuovo il materiale narrativo, non sia particolarmente nuovo neanche il trattamento che ne fa Zaf\u00f3n, ma segnalando che il libro funziona ed \u00e8 molto gradevole lo stesso. In parte immagino che un critico professionista possa darne la spiegazione agganciandosi a motivazioni tecniche, lo stile di scrittura, l&#8217;armonizzazione dei vari elementi, la costruzione dell&#8217;intreccio, l&#8217;inserimento di quel giusto tanto di brivido (o in altri casi di torbido o di ironia); in realt\u00e0 per\u00f2 il lettore e l&#8217;appassionato non hanno bisogno di questo tipo di analisi: gli basta sapere che nella letteratura di genere \u00e8 sempre possibile, se l&#8217;autore \u00e8 bravo, ricombinare elementi ben noti per offrire, come dicevo, un prodotto gradevole.<\/p>\n<p>Ho detto: <em>se l&#8217;autore \u00e8 bravo<\/em>. Ultimamente mi sto convincendo che non \u00e8 <em>bravo<\/em> il termine da usare (certo, se uno \u00e8 uno scribacchino non ne verr\u00e0 fuori niente di buono) quanto un&#8217;altra espressione che, in mancanza di parole migliori, condenser\u00f2 nell&#8217;espressione <em>onesto<\/em>. \u00c8 un pensiero per il momento ancora non molto elaborato, quindi lo butto qui cos\u00ec e magari quando avr\u00f2 le idee pi\u00f9 chiare ci torner\u00f2 su.<\/p>\n<h3>La paura e l&#8217;inquietudine<\/h3>\n<p>La nota finale della puntata faceva riferimento a una dimensione della letteratura avventurosa che non ho mai approfondito troppo, cio\u00e8 quella delle storie inquietanti, ricche di brivido o di dimensioni che in qualche modo facciano riferimento a dimensioni pi\u00f9 oscure dell&#8217;animo umano. Non \u00e8 il tipo di letteratura avventurosa che io prediliga, ma \u00e8 un sottogenere ben consolidato e che meritava certo di essere presentato. In una puntata che all&#8217;inizio non sapevo bene come organizzare avrei potuto scegliere di dedicarmi a questo tema: se non l&#8217;ho fatto \u00e8 perch\u00e9 non sono riuscito a decidermi se <em>L&#8217;ombra del vento<\/em> fosse veramente il libro adatto, cio\u00e8 se quegli aspetti torbidi che io vi trovavo erano davvero presenti o se dipendeva dalla mia sensibilit\u00e0: nel dubbio, ho scelto una soluzione di compromesso. Che pavido!<\/p>\n<div class=\"jetpack-video-wrapper\"><span class=\"embed-youtube\" style=\"text-align:center; display: block;\"><iframe class=\"youtube-player\" width=\"800\" height=\"450\" src=\"https:\/\/www.youtube.com\/embed\/taADLPtyDb0?version=3&#038;rel=1&#038;showsearch=0&#038;showinfo=1&#038;iv_load_policy=1&#038;fs=1&#038;hl=it-IT&#038;autohide=2&#038;wmode=transparent\" allowfullscreen=\"true\" style=\"border:0;\" sandbox=\"allow-scripts allow-same-origin allow-popups allow-presentation\"><\/iframe><\/span><\/div>\n","protected":false},"excerpt":{"rendered":"<p>L&#8217;ombra del vento (Carlos Ruiz Zaf\u00f3n, Mondadori 2006) Ho messo in linea da alcuni giorni sul mio solito canale Youtube<\/p>\n","protected":false},"author":1,"featured_media":19906,"comment_status":"open","ping_status":"open","sticky":false,"template":"","format":"video","meta":{"_mi_skip_tracking":false,"_monsterinsights_sitenote_active":false,"_monsterinsights_sitenote_note":"","_monsterinsights_sitenote_category":0,"jetpack_post_was_ever_published":false,"_jetpack_newsletter_access":"","jetpack_publicize_message":"","jetpack_is_tweetstorm":false,"jetpack_publicize_feature_enabled":true,"jetpack_social_post_already_shared":true,"jetpack_social_options":{"image_generator_settings":{"template":"highway","enabled":false}}},"categories":[52,56,13,68,12],"tags":[],"jetpack_publicize_connections":[],"jetpack_featured_media_url":"https:\/\/i0.wp.com\/www.robertosedda.it\/wp-content\/uploads\/2014\/08\/Zafon.png?fit=768%2C438&ssl=1","jetpack_sharing_enabled":true,"jetpack_shortlink":"https:\/\/wp.me\/p4jV2T-27s","jetpack_likes_enabled":true,"jetpack-related-posts":[{"id":6599,"url":"https:\/\/www.robertosedda.it\/?p=6599","url_meta":{"origin":8150,"position":0},"title":"Sono di nuovo alla caccia di suggerimenti musicali: fatevi avanti!","author":"Rufus","date":"27\/02\/2014","format":"video","excerpt":"A met\u00e0 marzo inizier\u00f2 un nuovo ciclo di trasmissioni di Oggi parliamo di libri in cui parler\u00f2 dei libri del cuore di tutti noi che lavoriamo alla radio: tecnici, giornalisti e tutti quelli che curano i programmi dedicati alla comunicazione, i viaggi, la salute, l'arte sacra e cos\u00ec via e\u2026","rel":"","context":"In &quot;Coordinate&quot;","block_context":{"text":"Coordinate","link":"https:\/\/www.robertosedda.it\/?cat=52"},"img":{"alt_text":"","src":"https:\/\/i0.wp.com\/img.youtube.com\/vi\/7dtn9Gk4Q_E\/0.jpg?resize=350%2C200","width":350,"height":200},"classes":[]},{"id":2153,"url":"https:\/\/www.robertosedda.it\/?p=2153","url_meta":{"origin":8150,"position":1},"title":"Sono su Youtube!","author":"Rufus","date":"01\/02\/2013","format":"video","excerpt":"Bella gente, grandi novit\u00e0! L'impegno che mi ero preso, di trascrivere volta per volta le puntate di Oggi parliamo di libri, si sta rivelando troppo oneroso: sono rimasto alla quarta puntata e ne sono state trasmesse gi\u00e0 nove, ogni \"sbobinatura\" prende tempo e non sembra probabile che possa facilmente recuperare\u2026","rel":"","context":"In &quot;Coordinate&quot;","block_context":{"text":"Coordinate","link":"https:\/\/www.robertosedda.it\/?cat=52"},"img":{"alt_text":"","src":"https:\/\/i0.wp.com\/img.youtube.com\/vi\/mN9gq-HwVBA\/0.jpg?resize=350%2C200","width":350,"height":200},"classes":[]},{"id":7986,"url":"https:\/\/www.robertosedda.it\/?p=7986","url_meta":{"origin":8150,"position":2},"title":"Incursione giapponese a &#8220;Oggi parliamo di libri&#8221;","author":"Rufus","date":"21\/07\/2014","format":"video","excerpt":"Kitchen (Banana Yoshimoto, Feltrinelli 1991) Per quelle strane coincidenze di cui mi rendo conto solo rivedendo le puntate e alle quali non ho minimamente pensato preparandole\u00a0Kitchen \u00e8 incapsulato fra altre due storie d'amore - o\u00a0storie, in un certo senso, di educazione sentimentale: lo \u00e8 certamente Emma di cui ho parlato\u2026","rel":"","context":"In &quot;Coordinate&quot;","block_context":{"text":"Coordinate","link":"https:\/\/www.robertosedda.it\/?cat=52"},"img":{"alt_text":"","src":"https:\/\/i0.wp.com\/www.robertosedda.it\/wp-content\/uploads\/2014\/07\/Kitchen.jpg?fit=499%2C257&ssl=1&resize=350%2C200","width":350,"height":200},"classes":[]},{"id":8315,"url":"https:\/\/www.robertosedda.it\/?p=8315","url_meta":{"origin":8150,"position":3},"title":"Riparte &#8220;Oggi parliamo di libri&#8221;","author":"Rufus","date":"03\/09\/2014","format":false,"excerpt":"EDIT: scopro dalla redazione che ho fatto casino e che ripartiamo l'11 settembre. Ehm. Aggiorno. Domani gioved\u00ec 4 settembre\u00a0L'11 settembre torno in onda con Oggi parliamo di libri, la trasmissione di Radio Kalaritana nella quale, immagina un po'?, parlo di libri. Volete sapere: l'orario? Ogni gioved\u00ec alle 19.10 e in\u2026","rel":"","context":"In &quot;Coordinate&quot;","block_context":{"text":"Coordinate","link":"https:\/\/www.robertosedda.it\/?cat=52"},"img":{"alt_text":"","src":"https:\/\/i0.wp.com\/www.robertosedda.it\/wp-content\/uploads\/2014\/09\/Diapositiva10.jpg?fit=960%2C720&ssl=1&resize=350%2C200","width":350,"height":200,"srcset":"https:\/\/i0.wp.com\/www.robertosedda.it\/wp-content\/uploads\/2014\/09\/Diapositiva10.jpg?fit=960%2C720&ssl=1&resize=350%2C200 1x, https:\/\/i0.wp.com\/www.robertosedda.it\/wp-content\/uploads\/2014\/09\/Diapositiva10.jpg?fit=960%2C720&ssl=1&resize=700%2C400 2x"},"classes":[]},{"id":6018,"url":"https:\/\/www.robertosedda.it\/?p=6018","url_meta":{"origin":8150,"position":4},"title":"Dashiell Hammett e i suoi eroi fragili","author":"Rufus","date":"29\/01\/2014","format":"video","excerpt":"Per questa puntata ho scelto Sharp dressed man dei ZZ Top, non perch\u00e9 gli eroi di Dashiell Hammett di cui volevo parlare abbiano i trasporti amorosi di cui parla il testo della canzone e che il video\u00a0satireggia in maniera fantastica: ma perch\u00e9 mi piaceva l'idea di confrontare il Continental Op,\u2026","rel":"","context":"In &quot;Coordinate&quot;","block_context":{"text":"Coordinate","link":"https:\/\/www.robertosedda.it\/?cat=52"},"img":{"alt_text":"","src":"https:\/\/i0.wp.com\/www.robertosedda.it\/wp-content\/uploads\/2014\/01\/220px-ThinMan.jpg?fit=220%2C325&ssl=1&resize=350%2C200","width":350,"height":200},"classes":[]},{"id":8031,"url":"https:\/\/www.robertosedda.it\/?p=8031","url_meta":{"origin":8150,"position":5},"title":"Canne al vento","author":"Rufus","date":"24\/07\/2014","format":"video","excerpt":"Debiti di gratitudine da pagare C'\u00e8 un momento, durante la puntata di Oggi parliamo di libri dedicata a Canne al vento in cui dico di essermi ispirato, per organizzare i miei discorsi, a una trasmissione radio \"della concorrenza\" (scherzavo). Peccato che, nella foga del parlare, non abbia detto quale fosse\u2026","rel":"","context":"In &quot;Coordinate&quot;","block_context":{"text":"Coordinate","link":"https:\/\/www.robertosedda.it\/?cat=52"},"img":{"alt_text":"","src":"https:\/\/i0.wp.com\/img.youtube.com\/vi\/G7KZfP96dP4\/0.jpg?resize=350%2C200","width":350,"height":200},"classes":[]}],"_links":{"self":[{"href":"https:\/\/www.robertosedda.it\/index.php?rest_route=\/wp\/v2\/posts\/8150"}],"collection":[{"href":"https:\/\/www.robertosedda.it\/index.php?rest_route=\/wp\/v2\/posts"}],"about":[{"href":"https:\/\/www.robertosedda.it\/index.php?rest_route=\/wp\/v2\/types\/post"}],"author":[{"embeddable":true,"href":"https:\/\/www.robertosedda.it\/index.php?rest_route=\/wp\/v2\/users\/1"}],"replies":[{"embeddable":true,"href":"https:\/\/www.robertosedda.it\/index.php?rest_route=%2Fwp%2Fv2%2Fcomments&post=8150"}],"version-history":[{"count":4,"href":"https:\/\/www.robertosedda.it\/index.php?rest_route=\/wp\/v2\/posts\/8150\/revisions"}],"predecessor-version":[{"id":19905,"href":"https:\/\/www.robertosedda.it\/index.php?rest_route=\/wp\/v2\/posts\/8150\/revisions\/19905"}],"wp:featuredmedia":[{"embeddable":true,"href":"https:\/\/www.robertosedda.it\/index.php?rest_route=\/wp\/v2\/media\/19906"}],"wp:attachment":[{"href":"https:\/\/www.robertosedda.it\/index.php?rest_route=%2Fwp%2Fv2%2Fmedia&parent=8150"}],"wp:term":[{"taxonomy":"category","embeddable":true,"href":"https:\/\/www.robertosedda.it\/index.php?rest_route=%2Fwp%2Fv2%2Fcategories&post=8150"},{"taxonomy":"post_tag","embeddable":true,"href":"https:\/\/www.robertosedda.it\/index.php?rest_route=%2Fwp%2Fv2%2Ftags&post=8150"}],"curies":[{"name":"wp","href":"https:\/\/api.w.org\/{rel}","templated":true}]}}