{"id":798,"date":"2012-08-31T16:05:18","date_gmt":"2012-08-31T14:05:18","guid":{"rendered":"http:\/\/www.robertosedda.it\/?p=798"},"modified":"2012-08-31T16:05:18","modified_gmt":"2012-08-31T14:05:18","slug":"stupid-white-men","status":"publish","type":"post","link":"https:\/\/www.robertosedda.it\/?p=798","title":{"rendered":"Stupid white men"},"content":{"rendered":"<p>Fra due capitoli &#8220;politici&#8221; (<em>A very American coup<\/em>, dedicato alla designazione di Bush alla Casa Bianca, e <em>Democratics, DOA<\/em>, in cui in realt\u00e0 si fanno le pulci anche a Nader) \u00e8 racchiusa tutta la visione degli Stati Uniti di Moore. Sfilano temi che erano presenti in <em>Bowling to Columbine<\/em>, la segregazione razziale, l&#8217;ossessione per la sicurezza, l&#8217;immiserimento e la frustrazione delle classi povere, l&#8217;amministrazione condizionata della giustizia, lo stato derelitto dell&#8217;istruzione negli USA, e altri\u00a0argomenti che ci si aspetterebbe comunque (l&#8217;ecologia, per esempio), insieme con altri davvero meno attesi.<\/p>\n<p>Il tono \u00e8 un misto fra il caustico, il rabbioso e l&#8217;ironico. Il raffronto immediato che viene in mente \u00e8 con Beppe Grillo, ma Moore, pur essendo altrettanto divertente (o pi\u00f9) \u00e8 senz&#8217;altro molto pi\u00f9 politico, pi\u00f9 capaci di analizzare e di inquadrare, mentre ripensandoci per confronto ho trovato Grillo troppo anedottico, o parziale.<\/p>\n<p>Si ride molto, ci si incazza parecchio, si scoprono un sacco di cose e ci cura dall&#8217;antiamericanismo a senso unico.<\/p>\n<p>Per molti aspetti, insomma, uno di quei libri &#8220;definitivi&#8221;, destinati a rimanere come raffronti. O meglio, per capirci: \u00e8 un libro destinato a invecchiare, presto avr\u00e0 statistiche, personaggi, forse questioni superati. Eppure ho l&#8217;impressione che in futuro mi capiter\u00e0 di pensare che era gi\u00e0 tutto l\u00ec dentro.<\/p>\n<p>Da quando l&#8217;ho letto, e l&#8217;hanno letto i miei amici, ci chiediamo se qualcuno ha scritto qualcosa del genere anche in Italia (a parte il Gabibbo, naturalmente), e non trovandolo, ci chiediamo perch\u00e9.<\/p>\n","protected":false},"excerpt":{"rendered":"<p>Fra due capitoli &#8220;politici&#8221; (A very American coup, dedicato alla designazione di Bush alla Casa Bianca, e Democratics, DOA, in<\/p>\n","protected":false},"author":1,"featured_media":0,"comment_status":"open","ping_status":"open","sticky":false,"template":"","format":"standard","meta":{"_mi_skip_tracking":false,"_monsterinsights_sitenote_active":false,"_monsterinsights_sitenote_note":"","_monsterinsights_sitenote_category":0,"jetpack_post_was_ever_published":false,"_jetpack_newsletter_access":"","jetpack_publicize_message":"","jetpack_is_tweetstorm":false,"jetpack_publicize_feature_enabled":true,"jetpack_social_post_already_shared":false,"jetpack_social_options":{"image_generator_settings":{"template":"highway","enabled":false}}},"categories":[52,57,13,59,12],"tags":[],"jetpack_publicize_connections":[],"jetpack_featured_media_url":"","jetpack_sharing_enabled":true,"jetpack_shortlink":"https:\/\/wp.me\/p4jV2T-cS","jetpack_likes_enabled":true,"jetpack-related-posts":[{"id":5126,"url":"https:\/\/www.robertosedda.it\/?p=5126","url_meta":{"origin":798,"position":0},"title":"Mamma, \u00e8 successo un casino","author":"Rufus","date":"27\/11\/2013","format":false,"excerpt":"Questa storia inizia con una madre che riceve da una figlia la telefonata che tutti i genitori temono: \u00abMamma, \u00e8 successo un casino\u00bb. O forse inizia quando Pamela e Tommy hanno girato il loro famoso filmino privato, e qualcuno l'ha messo in linea. O forse inizia quando qualcuno ha guardato\u2026","rel":"","context":"In &quot;Coordinate&quot;","block_context":{"text":"Coordinate","link":"https:\/\/www.robertosedda.it\/?cat=52"},"img":{"alt_text":"","src":"https:\/\/i0.wp.com\/www.robertosedda.it\/wp-content\/uploads\/2013\/11\/Charlotte-Laws.jpg?fit=480%2C600&ssl=1&resize=350%2C200","width":350,"height":200},"classes":[]},{"id":12618,"url":"https:\/\/www.robertosedda.it\/?p=12618","url_meta":{"origin":798,"position":1},"title":"Col senno di poi","author":"Rufus","date":"09\/11\/2016","format":false,"excerpt":"Avevo da parecchio tempo da tradurre un articolo di Michael Moore (quello di\u00a0Columbine) che in tempi non sospetti sosteneva che Trump avvrebbe vinto: non mi sono mai deciso perch\u00e9 non avevo tempo e poi perch\u00e9 mi pareva di dedicare alle elezioni americane un'attenzione spropositata - nei temini di questo\u00a0blog, ovviamente.\u2026","rel":"","context":"In &quot;Coordinate&quot;","block_context":{"text":"Coordinate","link":"https:\/\/www.robertosedda.it\/?cat=52"},"img":{"alt_text":"","src":"https:\/\/i0.wp.com\/www.robertosedda.it\/wp-content\/uploads\/2016\/11\/trumpwillwin.jpg?fit=1200%2C667&ssl=1&resize=350%2C200","width":350,"height":200,"srcset":"https:\/\/i0.wp.com\/www.robertosedda.it\/wp-content\/uploads\/2016\/11\/trumpwillwin.jpg?fit=1200%2C667&ssl=1&resize=350%2C200 1x, https:\/\/i0.wp.com\/www.robertosedda.it\/wp-content\/uploads\/2016\/11\/trumpwillwin.jpg?fit=1200%2C667&ssl=1&resize=700%2C400 2x, https:\/\/i0.wp.com\/www.robertosedda.it\/wp-content\/uploads\/2016\/11\/trumpwillwin.jpg?fit=1200%2C667&ssl=1&resize=1050%2C600 3x"},"classes":[]},{"id":13765,"url":"https:\/\/www.robertosedda.it\/?p=13765","url_meta":{"origin":798,"position":2},"title":"Nonostante tutti i suoi difetti","author":"Rufus","date":"24\/05\/2017","format":"video","excerpt":"Girovagando per Torino mi sono imbattuto in una locandina che annunciava una proiezione straordinaria di PIIGS (sottotitolo: Come imparai a preoccuparmi e a combattere l'austerity), un film di cui in diversi ambienti si parla molto e che ha peraltro una circolazione quasi clandestina, con proiezioni organizzate apposta qui e l\u00e0\u2026","rel":"","context":"In &quot;Banche e finanza&quot;","block_context":{"text":"Banche e finanza","link":"https:\/\/www.robertosedda.it\/?cat=72"},"img":{"alt_text":"","src":"https:\/\/i0.wp.com\/www.robertosedda.it\/wp-content\/uploads\/2017\/05\/pigs.png?fit=921%2C365&ssl=1&resize=350%2C200","width":350,"height":200,"srcset":"https:\/\/i0.wp.com\/www.robertosedda.it\/wp-content\/uploads\/2017\/05\/pigs.png?fit=921%2C365&ssl=1&resize=350%2C200 1x, https:\/\/i0.wp.com\/www.robertosedda.it\/wp-content\/uploads\/2017\/05\/pigs.png?fit=921%2C365&ssl=1&resize=700%2C400 2x"},"classes":[]},{"id":845,"url":"https:\/\/www.robertosedda.it\/?p=845","url_meta":{"origin":798,"position":3},"title":"I link della settimana","author":"Rufus","date":"10\/09\/2012","format":false,"excerpt":"Credo che questo sar\u00e0 il primo e unico articolo di questo genere sul sito. Dapprima avevo l'idea di pubblicare, ogni fine settimana, il riassunto dei link e segnalazioni che faccio sulla rete, su Facebook principalmente. Scrivendo l'articolo mi sono reso conto che \u00e8 una roba di una noia mortale e,\u2026","rel":"","context":"In &quot;Coordinate&quot;","block_context":{"text":"Coordinate","link":"https:\/\/www.robertosedda.it\/?cat=52"},"img":{"alt_text":"","src":"","width":0,"height":0},"classes":[]},{"id":10799,"url":"https:\/\/www.robertosedda.it\/?p=10799","url_meta":{"origin":798,"position":4},"title":"Ringraziamenti annuali (i soliti, ma sinceri)","author":"Rufus","date":"09\/09\/2015","format":false,"excerpt":"Come sempre fine agosto \u00e8 tempo di bilanci annuali per quanto riguarda le statistiche di frequenza del blog. Col fatto che siamo rimasti fermi quasi una settimana sono un po\u2019 in ritardo, ma ieri sono andato finalmente a guardarmele. Raccontava il compianto padre Acquaro di un suo confratello mercedario, afflitto\u2026","rel":"","context":"In &quot;Il web&quot;","block_context":{"text":"Il web","link":"https:\/\/www.robertosedda.it\/?cat=64"},"img":{"alt_text":"","src":"https:\/\/i0.wp.com\/www.robertosedda.it\/wp-content\/uploads\/2015\/09\/Stats-2014_15.jpg?fit=1187%2C581&ssl=1&resize=350%2C200","width":350,"height":200,"srcset":"https:\/\/i0.wp.com\/www.robertosedda.it\/wp-content\/uploads\/2015\/09\/Stats-2014_15.jpg?fit=1187%2C581&ssl=1&resize=350%2C200 1x, https:\/\/i0.wp.com\/www.robertosedda.it\/wp-content\/uploads\/2015\/09\/Stats-2014_15.jpg?fit=1187%2C581&ssl=1&resize=700%2C400 2x, https:\/\/i0.wp.com\/www.robertosedda.it\/wp-content\/uploads\/2015\/09\/Stats-2014_15.jpg?fit=1187%2C581&ssl=1&resize=1050%2C600 3x"},"classes":[]},{"id":17820,"url":"https:\/\/www.robertosedda.it\/?p=17820","url_meta":{"origin":798,"position":5},"title":"L&#8217;opzione della violenza","author":"Rufus","date":"20\/02\/2020","format":false,"excerpt":"Fare i conti con la violenza. Una strana riflessione a partire dal dibattito fra Luigi Manconi e Giovanni De Luna a Storie in trasformazione fino alla visione recente di The Image you missed di D\u00f3nal Foreman organizzata da L'Ambulante.","rel":"","context":"In &quot;Coordinate&quot;","block_context":{"text":"Coordinate","link":"https:\/\/www.robertosedda.it\/?cat=52"},"img":{"alt_text":"","src":"https:\/\/i0.wp.com\/www.robertosedda.it\/wp-content\/uploads\/2020\/02\/Manconi-De-Luna.jpg?fit=1200%2C900&ssl=1&resize=350%2C200","width":350,"height":200,"srcset":"https:\/\/i0.wp.com\/www.robertosedda.it\/wp-content\/uploads\/2020\/02\/Manconi-De-Luna.jpg?fit=1200%2C900&ssl=1&resize=350%2C200 1x, https:\/\/i0.wp.com\/www.robertosedda.it\/wp-content\/uploads\/2020\/02\/Manconi-De-Luna.jpg?fit=1200%2C900&ssl=1&resize=700%2C400 2x, https:\/\/i0.wp.com\/www.robertosedda.it\/wp-content\/uploads\/2020\/02\/Manconi-De-Luna.jpg?fit=1200%2C900&ssl=1&resize=1050%2C600 3x"},"classes":[]}],"_links":{"self":[{"href":"https:\/\/www.robertosedda.it\/index.php?rest_route=\/wp\/v2\/posts\/798"}],"collection":[{"href":"https:\/\/www.robertosedda.it\/index.php?rest_route=\/wp\/v2\/posts"}],"about":[{"href":"https:\/\/www.robertosedda.it\/index.php?rest_route=\/wp\/v2\/types\/post"}],"author":[{"embeddable":true,"href":"https:\/\/www.robertosedda.it\/index.php?rest_route=\/wp\/v2\/users\/1"}],"replies":[{"embeddable":true,"href":"https:\/\/www.robertosedda.it\/index.php?rest_route=%2Fwp%2Fv2%2Fcomments&post=798"}],"version-history":[{"count":1,"href":"https:\/\/www.robertosedda.it\/index.php?rest_route=\/wp\/v2\/posts\/798\/revisions"}],"predecessor-version":[{"id":799,"href":"https:\/\/www.robertosedda.it\/index.php?rest_route=\/wp\/v2\/posts\/798\/revisions\/799"}],"wp:attachment":[{"href":"https:\/\/www.robertosedda.it\/index.php?rest_route=%2Fwp%2Fv2%2Fmedia&parent=798"}],"wp:term":[{"taxonomy":"category","embeddable":true,"href":"https:\/\/www.robertosedda.it\/index.php?rest_route=%2Fwp%2Fv2%2Fcategories&post=798"},{"taxonomy":"post_tag","embeddable":true,"href":"https:\/\/www.robertosedda.it\/index.php?rest_route=%2Fwp%2Fv2%2Ftags&post=798"}],"curies":[{"name":"wp","href":"https:\/\/api.w.org\/{rel}","templated":true}]}}