{"id":7802,"date":"2014-06-17T19:10:25","date_gmt":"2014-06-17T17:10:25","guid":{"rendered":"http:\/\/www.robertosedda.it\/?p=7802"},"modified":"2021-06-18T11:50:22","modified_gmt":"2021-06-18T09:50:22","slug":"la-maestra-ditalia","status":"publish","type":"post","link":"https:\/\/www.robertosedda.it\/?p=7802","title":{"rendered":"La maestra d&#8217;Italia"},"content":{"rendered":"<p>Sono molto di fretta e quindi non posso approfondire, ma un pensiero mi ha colto quando ho letto che <a href=\"http:\/\/www.ansa.it\/sito\/notizie\/speciali\/tempo_di_esami\/2014\/06\/17\/maturita-giannini-a-studenti-siate-padroni-di-voi-stessi_dba28e26-5a9c-423f-b21e-2aac95ec029c.html\">il ministro Giannini si \u00e8 sentita in dovere di rivolgersi ai ragazzi che domani faranno la maturit\u00e0<\/a><\/p>\n<blockquote><p><span style=\"color: #000000;\">\u00abDormite tranquilli, cena leggera e nessun alcolico. Arrivate nelle migliori condizioni fisiche.\u00a0Dovete essere padroni di voi stessi\u00bb. Alla vigilia dell&#8217;esame di Maturit\u00e0, il ministro dell&#8217;Istruzione, Stefania Giannini, rivolge un grande &#8220;in bocca al lupo&#8221; a tutti gli studenti in un video che sar\u00e0 trasmesso questa sera in diretta streaming dal portale di <em>Skuola.net<\/em><\/span><\/p><\/blockquote>\n<p>oltretutto su un sito privato, neanche su quella istituzionale del Ministero. <a href=\"https:\/\/i0.wp.com\/www.robertosedda.it\/wp-content\/uploads\/2014\/06\/Giannini-skuola.net_.jpg\"><img data-attachment-id=\"7803\" data-permalink=\"https:\/\/www.robertosedda.it\/?attachment_id=7803\" data-orig-file=\"https:\/\/i0.wp.com\/www.robertosedda.it\/wp-content\/uploads\/2014\/06\/Giannini-skuola.net_.jpg?fit=480%2C360&amp;ssl=1\" data-orig-size=\"480,360\" data-comments-opened=\"1\" data-image-meta=\"{&quot;aperture&quot;:&quot;0&quot;,&quot;credit&quot;:&quot;&quot;,&quot;camera&quot;:&quot;&quot;,&quot;caption&quot;:&quot;&quot;,&quot;created_timestamp&quot;:&quot;0&quot;,&quot;copyright&quot;:&quot;&quot;,&quot;focal_length&quot;:&quot;0&quot;,&quot;iso&quot;:&quot;0&quot;,&quot;shutter_speed&quot;:&quot;0&quot;,&quot;title&quot;:&quot;&quot;}\" data-image-title=\"Giannini skuola.net\" data-image-description=\"\" data-image-caption=\"\" data-medium-file=\"https:\/\/i0.wp.com\/www.robertosedda.it\/wp-content\/uploads\/2014\/06\/Giannini-skuola.net_.jpg?fit=300%2C225&amp;ssl=1\" data-large-file=\"https:\/\/i0.wp.com\/www.robertosedda.it\/wp-content\/uploads\/2014\/06\/Giannini-skuola.net_.jpg?fit=480%2C360&amp;ssl=1\" decoding=\"async\" loading=\"lazy\" class=\"alignleft size-full wp-image-7803\" src=\"https:\/\/i0.wp.com\/www.robertosedda.it\/wp-content\/uploads\/2014\/06\/Giannini-skuola.net_.jpg?resize=480%2C360\" alt=\"Giannini skuola.net\" width=\"480\" height=\"360\" srcset=\"https:\/\/i0.wp.com\/www.robertosedda.it\/wp-content\/uploads\/2014\/06\/Giannini-skuola.net_.jpg?w=480&amp;ssl=1 480w, https:\/\/i0.wp.com\/www.robertosedda.it\/wp-content\/uploads\/2014\/06\/Giannini-skuola.net_.jpg?resize=150%2C112&amp;ssl=1 150w, https:\/\/i0.wp.com\/www.robertosedda.it\/wp-content\/uploads\/2014\/06\/Giannini-skuola.net_.jpg?resize=300%2C225&amp;ssl=1 300w, https:\/\/i0.wp.com\/www.robertosedda.it\/wp-content\/uploads\/2014\/06\/Giannini-skuola.net_.jpg?resize=268%2C200&amp;ssl=1 268w\" sizes=\"(max-width: 480px) 100vw, 480px\" data-recalc-dims=\"1\" \/><\/a>Il pensiero \u00e8 stato: <em>ma perch\u00e9?<\/em> Non \u00e8 mica la mamma di tutti gli studenti, il ministro, non \u00e8 il loro preside o uno dei loro docenti, non \u00e8 il loro\u00a0<em>coach<\/em>. \u00c8 un ministro della Repubblica: non insegna, non lavora direttamente coi ragazzi, casomai fa funzionare la scuola, si assicura che i ragazzi abbiano strutture scolastiche adeguate, insegnanti sufficienti e preparati, mezzi di apprendimento adatti e cos\u00ec via. La dieta della sera prima degli esami, francamente, viene dopo tutto questo e potremmo anche non occuparcene, considerando pure che non \u00e8 che le\u00a0<em>performance<\/em> del Ministero e di chi lo dirige negli ultimi decenni siano state proprio proprio esaltanti.<\/p>\n<p>Eppure il ministro fa\u00a0la superpreside\u00a0su\u00a0<em>skuola.net<\/em>.<\/p>\n<p>Il giorno dopo in cui Alfano si \u00e8 presentato come il superpoliziotto, annunciando la cattura del (presunto! presunto!) assassino di Yara Gambirasio. Eppure il Ministro dell&#8217;Interno non ha il compito di catturare i latitanti o di svolgere le indagini sui delitti, neppure su quelli pi\u00f9 bestiali: infatti, cos\u00ec come non \u00e8 merito suo l&#8217;arresto, nessuno si sarebbe sognato si imputargli la mancata scoperta dell&#8217;assassino: se non ci sono indizi sufficienti, se non ci sono mezzi di scoperta, pazienza. Pu\u00f2 essere straziante ma \u00e8 cos\u00ec, e il ministro non c&#8217;entra. Quello che gli si pu\u00f2 chiedere \u00e8 che la Repubblica abbia un numero sufficiente di poliziotti, che siano pagati adeguatamente, abbiano mezzi adeguati e linee operative efficaci a tutela di un&#8217;ordinata\u00a0vita comune e della democrazia repubblicana: su questo s\u00ec che si pu\u00f2 chiedere conto al Ministro dell&#8217;Interno e anche su questo, diciamo, \u00e8 lecito avere dubbi sulla qualit\u00e0 dei risultati.<\/p>\n<p>Potrei continuare: dopo la superpreside e il superpoliziotto, per esempio, ci sarebbe\u00a0Renzi che \u00e8 super per definizione e la Boschi che vola in Africa\u00a0per portare\u00a0bambini ai genitori (supermamma?).<\/p>\n<p><img data-attachment-id=\"7804\" data-permalink=\"https:\/\/www.robertosedda.it\/?attachment_id=7804\" data-orig-file=\"https:\/\/i0.wp.com\/www.robertosedda.it\/wp-content\/uploads\/2014\/06\/Boschi-bambini.jpg?fit=660%2C440&amp;ssl=1\" data-orig-size=\"660,440\" data-comments-opened=\"1\" data-image-meta=\"{&quot;aperture&quot;:&quot;0&quot;,&quot;credit&quot;:&quot;&quot;,&quot;camera&quot;:&quot;&quot;,&quot;caption&quot;:&quot;&quot;,&quot;created_timestamp&quot;:&quot;0&quot;,&quot;copyright&quot;:&quot;&quot;,&quot;focal_length&quot;:&quot;0&quot;,&quot;iso&quot;:&quot;0&quot;,&quot;shutter_speed&quot;:&quot;0&quot;,&quot;title&quot;:&quot;&quot;}\" data-image-title=\"Boschi bambini\" data-image-description=\"\" data-image-caption=\"\" data-medium-file=\"https:\/\/i0.wp.com\/www.robertosedda.it\/wp-content\/uploads\/2014\/06\/Boschi-bambini.jpg?fit=300%2C200&amp;ssl=1\" data-large-file=\"https:\/\/i0.wp.com\/www.robertosedda.it\/wp-content\/uploads\/2014\/06\/Boschi-bambini.jpg?fit=510%2C340&amp;ssl=1\" decoding=\"async\" loading=\"lazy\" class=\"aligncenter wp-image-7804 size-full\" src=\"https:\/\/i0.wp.com\/www.robertosedda.it\/wp-content\/uploads\/2014\/06\/Boschi-bambini.jpg?resize=660%2C440\" alt=\"Boschi bambini\" width=\"660\" height=\"440\" srcset=\"https:\/\/i0.wp.com\/www.robertosedda.it\/wp-content\/uploads\/2014\/06\/Boschi-bambini.jpg?w=660&amp;ssl=1 660w, https:\/\/i0.wp.com\/www.robertosedda.it\/wp-content\/uploads\/2014\/06\/Boschi-bambini.jpg?resize=150%2C100&amp;ssl=1 150w, https:\/\/i0.wp.com\/www.robertosedda.it\/wp-content\/uploads\/2014\/06\/Boschi-bambini.jpg?resize=300%2C200&amp;ssl=1 300w, https:\/\/i0.wp.com\/www.robertosedda.it\/wp-content\/uploads\/2014\/06\/Boschi-bambini.jpg?resize=510%2C340&amp;ssl=1 510w\" sizes=\"(max-width: 660px) 100vw, 660px\" data-recalc-dims=\"1\" \/>Non \u00e8 ovviamente una questione di questo governo: mi pare che gi\u00e0 la Moratti avesse l&#8217;abitudine di\u00a0rivolgersi agli studenti via\u00a0<em>YouTube<\/em>, per esempio. Non \u00e8 neanche questione del fatto che si tratta di strategie, davvero di bassa lega, finalizzate all&#8217;ottenimento di un po&#8217; di visibilit\u00e0 in pi\u00f9. O meglio: \u00e8\u00a0<em>anche<\/em> questione di questo governo,\u00a0perch\u00e9 era legittimo attendersi uno stile magari meno berlusconiano nel ricoprire incarichi ministeriali, e non lo stesso stile o peggio di quello di prima, ed \u00e8\u00a0<em>anche<\/em> questione di strategia di visibilit\u00e0<em>, <\/em>perch\u00e9 di solito quando i ministri si curano cos\u00ec tanto dei riflettori non\u00a0si fa buona politica.<\/p>\n<p>La questione pi\u00f9 importante, per\u00f2, \u00e8 che si tratta complessivamente di atteggiamenti <em>diseducativi<\/em>. Tra il piano dell&#8217;amministrazione e del governo, fra l&#8217;esecutivit\u00e0 e l&#8217;indirizzo, passa la stessa differenza che c&#8217;\u00e8 tra le questioni semplici e le questioni complesse.\u00a0Se questo piano si confonde e ai cittadini non \u00e8 mai fatto percepire, \u00e8 difficile che\u00a0possano valutare correttamente le questioni pubbliche e politiche. Prevale l&#8217;idea che amministrare lo Stato \u00e8, pi\u00f9 o meno, cosa simile alla cura del buon padre di famiglia (cosa che non \u00e8). Che, per esempio, per la riforma della Pubblica Amministrazione, o per la gestione della giustizia, o per qualunque altra cosa, baster\u00e0 al massimo un po&#8217; di buon senso, e che ci vuole?<\/p>\n<p>A occhio la radice dell&#8217;antipolitica sta in questo tipo di atteggiamento tanto quanto nell&#8217;idea che tanto tutti sono uguali e tutti rubano alla stessa maniera: l&#8217;antipolitica \u00e8 la costruzione di un sentire popolare facilone, superficiale e ingannevolmente semplificato. La politica \u00e8 scienza del possibile e del complesso, l&#8217;antipolitica si appella a soluzioni sbrigative.<\/p>\n<p>Un governo che si propone programmaticamente come argine all&#8217;antipolitica dovrebbe, pensa un ingenuo come me, essere pi\u00f9 attento al rispetto del ruolo\u00a0<em>istituzionale<\/em>, alla differenziazione dei piani, alla discussione dei risultati di lunga durata piuttosto che all&#8217;effimero.<\/p>\n<p>Se.<\/p>\n<p>Se il contrasto fra politica e antipolitica \u00e8 davvero vissuto e posto in questi termini. Perch\u00e9 a giudicare dalla quantit\u00e0 di supereroi in servizio permanente effettivo nel governo e dintorni, forse il tema non \u00e8 questo. Forse politica e antipolitica perseguono entrambe lo stesso obiettivo, che \u00e8 la sottomissione politica e culturale dei cittadini: gli uni mediante la delega in bianco a capipopolo assatanati, gli altri attraverso la delega in bianco a\u00a0entit\u00e0 poderose e benevole, capaci di preoccuparsi del benessere psicofisico dei cittadini sotto ogni punto di vista: perch\u00e9 preoccuparsi se il tetto della scuola \u00e8 cadente, occorre portare la carta igienica da casa, il\u00a0<em>PC\u00a0<\/em> della scuola \u00e8 un\u00a0<em>Vic20<\/em> e il professore \u00e8 precario da vent&#8217;anni? Ci penser\u00e0 il Ministro: voi, appunto,\u00a0<em>dormite tranquilli.\u00a0<\/em>E\u00a0<em>niente alcool<\/em>, non sia mai.<\/p>\n","protected":false},"excerpt":{"rendered":"<p>Sono molto di fretta e quindi non posso approfondire, ma un pensiero mi ha colto quando ho letto che il<\/p>\n","protected":false},"author":1,"featured_media":7803,"comment_status":"open","ping_status":"open","sticky":false,"template":"","format":"standard","meta":{"_mi_skip_tracking":false,"_monsterinsights_sitenote_active":false,"_monsterinsights_sitenote_note":"","_monsterinsights_sitenote_category":0,"jetpack_post_was_ever_published":false,"_jetpack_newsletter_access":"","jetpack_publicize_message":"","jetpack_is_tweetstorm":false,"jetpack_publicize_feature_enabled":true,"jetpack_social_post_already_shared":true,"jetpack_social_options":{"image_generator_settings":{"template":"highway","enabled":false}}},"categories":[52,57,17,59,16],"tags":[],"jetpack_publicize_connections":[],"jetpack_featured_media_url":"https:\/\/i0.wp.com\/www.robertosedda.it\/wp-content\/uploads\/2014\/06\/Giannini-skuola.net_.jpg?fit=480%2C360&ssl=1","jetpack_sharing_enabled":true,"jetpack_shortlink":"https:\/\/wp.me\/p4jV2T-21Q","jetpack_likes_enabled":true,"jetpack-related-posts":[{"id":4917,"url":"https:\/\/www.robertosedda.it\/?p=4917","url_meta":{"origin":7802,"position":0},"title":"Due parole su Halloween","author":"Rufus","date":"31\/10\/2013","format":false,"excerpt":"\u00c8 mia ferma convinzione che uno degli elementi pi\u00f9 caratteristici del caos che viviamo sia rappresentato dagli strani compagni di letto che ci scegliamo. No, non intendo quelli. Voglio dire cose come queste: gente di sinistra che vota Oscar Giannino. O voleva votarlo, prima della famosa storia della laurea. Non\u2026","rel":"","context":"In &quot;Coordinate&quot;","block_context":{"text":"Coordinate","link":"https:\/\/www.robertosedda.it\/?cat=52"},"img":{"alt_text":"","src":"https:\/\/i0.wp.com\/www.robertosedda.it\/wp-content\/uploads\/2013\/10\/1053_07.gif?fit=458%2C235&ssl=1&resize=350%2C200","width":350,"height":200},"classes":[]},{"id":2410,"url":"https:\/\/www.robertosedda.it\/?p=2410","url_meta":{"origin":7802,"position":1},"title":"La vita cambia","author":"Rufus","date":"04\/03\/2013","format":false,"excerpt":"Quando ho compiuto i quarantacinque anni ho fatto, con una certa sorpresa, la riflessione di non essere poi cambiato cos\u00ec tanto rispetto ai vent'anni. A vent'anni stavo in Azione Cattolica: oggi - come quando ho compiuto i quarantacinque - ne faccio ancora parte, occupa ancora tanto dei miei pensieri e\u2026","rel":"","context":"In &quot;Coordinate&quot;","block_context":{"text":"Coordinate","link":"https:\/\/www.robertosedda.it\/?cat=52"},"img":{"alt_text":"","src":"https:\/\/i0.wp.com\/www.robertosedda.it\/wp-content\/uploads\/2013\/03\/ALIM2711.jpg?fit=1200%2C900&ssl=1&resize=350%2C200","width":350,"height":200,"srcset":"https:\/\/i0.wp.com\/www.robertosedda.it\/wp-content\/uploads\/2013\/03\/ALIM2711.jpg?fit=1200%2C900&ssl=1&resize=350%2C200 1x, https:\/\/i0.wp.com\/www.robertosedda.it\/wp-content\/uploads\/2013\/03\/ALIM2711.jpg?fit=1200%2C900&ssl=1&resize=700%2C400 2x, https:\/\/i0.wp.com\/www.robertosedda.it\/wp-content\/uploads\/2013\/03\/ALIM2711.jpg?fit=1200%2C900&ssl=1&resize=1050%2C600 3x"},"classes":[]},{"id":7261,"url":"https:\/\/www.robertosedda.it\/?p=7261","url_meta":{"origin":7802,"position":2},"title":"Lineamenti di pedagogia sulla linea 1","author":"Rufus","date":"02\/05\/2014","format":false,"excerpt":"Stamattina ho preso l'1 per andare a risolvere questioni di CID (ouch). Al ritorno sale un gruppo di ragazzine che si siede a fianco a me. Appena sistemate estraggono cellulari e lettori e si apprestano ad ascoltare musica. Tranne una, che \u00e8 priva di cuffiette. \u00abMe le hanno sequestrate i\u2026","rel":"","context":"In &quot;Coordinate&quot;","block_context":{"text":"Coordinate","link":"https:\/\/www.robertosedda.it\/?cat=52"},"img":{"alt_text":"","src":"https:\/\/i0.wp.com\/www.robertosedda.it\/wp-content\/uploads\/2014\/03\/A-Olzai-coi-giovanissimi-e1648137071330.jpg?fit=600%2C443&ssl=1&resize=350%2C200","width":350,"height":200},"classes":[]},{"id":2197,"url":"https:\/\/www.robertosedda.it\/?p=2197","url_meta":{"origin":7802,"position":3},"title":"Disonesta ricchezza","author":"Rufus","date":"11\/02\/2013","format":false,"excerpt":"L'altro giorno, mentre guardavo alla TV un candidato premier, anzi candidato ministro degli Esteri (o dell'Economia, boh), fare iperboliche promesse elettorali, mi \u00e8 tornata alla mente una parabola (nel Vangelo di Luca, 16,1-8): In quel tempo, Ges\u00f9 disse ai suoi discepoli: \u201cC\u2019era un uomo ricco che aveva un amministratore, e\u2026","rel":"","context":"In &quot;Coordinate&quot;","block_context":{"text":"Coordinate","link":"https:\/\/www.robertosedda.it\/?cat=52"},"img":{"alt_text":"","src":"","width":0,"height":0},"classes":[]},{"id":747,"url":"https:\/\/www.robertosedda.it\/?p=747","url_meta":{"origin":7802,"position":4},"title":"Piazza delle Cinque Noie","author":"Rufus","date":"24\/08\/2012","format":false,"excerpt":"Un film imbarazzante e, insomma, abbastanza pessimo. Gli americani hanno un grande mistero non risolto, \u00e8 l'omicidio Kennedy, ormai se ne sa quasi tutto e risale agli anni '60. Noi abbiamo un'infinit\u00e0 di misteri, della maggior parte non si sa abbastanza e sono dolorosamente vicini a noi nella storia. Dev'essere\u2026","rel":"","context":"In &quot;Cappe e spade&quot;","block_context":{"text":"Cappe e spade","link":"https:\/\/www.robertosedda.it\/?cat=70"},"img":{"alt_text":"","src":"https:\/\/i0.wp.com\/www.robertosedda.it\/wp-content\/uploads\/2012\/08\/locandina1.jpg?fit=420%2C582&ssl=1&resize=350%2C200","width":350,"height":200},"classes":[]},{"id":2257,"url":"https:\/\/www.robertosedda.it\/?p=2257","url_meta":{"origin":7802,"position":5},"title":"Se lo fai ti voto","author":"Rufus","date":"19\/02\/2013","format":false,"excerpt":"Appelli (ai) politici Mai come questa volta in vista delle elezioni ci sono stati pezzi della societ\u00e0 civile (anzi, della societ\u00e0 tout court) che hanno lavorato per mettere in chiaro le proprie esigenze e aspirazioni e sottoporle ai candidati e ai partiti, in modo da sollecitare un loro pronunciamento chiaro\u2026","rel":"","context":"In &quot;Coordinate&quot;","block_context":{"text":"Coordinate","link":"https:\/\/www.robertosedda.it\/?cat=52"},"img":{"alt_text":"","src":"https:\/\/i0.wp.com\/www.robertosedda.it\/wp-content\/uploads\/2013\/02\/Greenpeace-io-non-vi-voto.jpg?fit=580%2C243&ssl=1&resize=350%2C200","width":350,"height":200},"classes":[]}],"_links":{"self":[{"href":"https:\/\/www.robertosedda.it\/index.php?rest_route=\/wp\/v2\/posts\/7802"}],"collection":[{"href":"https:\/\/www.robertosedda.it\/index.php?rest_route=\/wp\/v2\/posts"}],"about":[{"href":"https:\/\/www.robertosedda.it\/index.php?rest_route=\/wp\/v2\/types\/post"}],"author":[{"embeddable":true,"href":"https:\/\/www.robertosedda.it\/index.php?rest_route=\/wp\/v2\/users\/1"}],"replies":[{"embeddable":true,"href":"https:\/\/www.robertosedda.it\/index.php?rest_route=%2Fwp%2Fv2%2Fcomments&post=7802"}],"version-history":[{"count":5,"href":"https:\/\/www.robertosedda.it\/index.php?rest_route=\/wp\/v2\/posts\/7802\/revisions"}],"predecessor-version":[{"id":7937,"href":"https:\/\/www.robertosedda.it\/index.php?rest_route=\/wp\/v2\/posts\/7802\/revisions\/7937"}],"wp:featuredmedia":[{"embeddable":true,"href":"https:\/\/www.robertosedda.it\/index.php?rest_route=\/wp\/v2\/media\/7803"}],"wp:attachment":[{"href":"https:\/\/www.robertosedda.it\/index.php?rest_route=%2Fwp%2Fv2%2Fmedia&parent=7802"}],"wp:term":[{"taxonomy":"category","embeddable":true,"href":"https:\/\/www.robertosedda.it\/index.php?rest_route=%2Fwp%2Fv2%2Fcategories&post=7802"},{"taxonomy":"post_tag","embeddable":true,"href":"https:\/\/www.robertosedda.it\/index.php?rest_route=%2Fwp%2Fv2%2Ftags&post=7802"}],"curies":[{"name":"wp","href":"https:\/\/api.w.org\/{rel}","templated":true}]}}