{"id":7627,"date":"2014-06-06T13:08:05","date_gmt":"2014-06-06T11:08:05","guid":{"rendered":"http:\/\/www.robertosedda.it\/?p=7627"},"modified":"2015-06-08T10:26:54","modified_gmt":"2015-06-08T08:26:54","slug":"non-per-soldi-ma-per-lettura","status":"publish","type":"post","link":"https:\/\/www.robertosedda.it\/?p=7627","title":{"rendered":"Non per soldi ma per lettura"},"content":{"rendered":"<p><a href=\"https:\/\/i0.wp.com\/www.robertosedda.it\/wp-content\/uploads\/2014\/02\/Banca-Etica-15-anni.jpg\"><img data-attachment-id=\"6143\" data-permalink=\"https:\/\/www.robertosedda.it\/?attachment_id=6143\" data-orig-file=\"https:\/\/i0.wp.com\/www.robertosedda.it\/wp-content\/uploads\/2014\/02\/Banca-Etica-15-anni.jpg?fit=510%2C250&amp;ssl=1\" data-orig-size=\"510,250\" data-comments-opened=\"1\" data-image-meta=\"{&quot;aperture&quot;:&quot;0&quot;,&quot;credit&quot;:&quot;&quot;,&quot;camera&quot;:&quot;&quot;,&quot;caption&quot;:&quot;&quot;,&quot;created_timestamp&quot;:&quot;0&quot;,&quot;copyright&quot;:&quot;&quot;,&quot;focal_length&quot;:&quot;0&quot;,&quot;iso&quot;:&quot;0&quot;,&quot;shutter_speed&quot;:&quot;0&quot;,&quot;title&quot;:&quot;&quot;}\" data-image-title=\"Banca Etica 15 anni\" data-image-description=\"\" data-image-caption=\"\" data-medium-file=\"https:\/\/i0.wp.com\/www.robertosedda.it\/wp-content\/uploads\/2014\/02\/Banca-Etica-15-anni.jpg?fit=300%2C147&amp;ssl=1\" data-large-file=\"https:\/\/i0.wp.com\/www.robertosedda.it\/wp-content\/uploads\/2014\/02\/Banca-Etica-15-anni.jpg?fit=510%2C250&amp;ssl=1\" decoding=\"async\" loading=\"lazy\" class=\"aligncenter size-full wp-image-6143\" src=\"https:\/\/i0.wp.com\/www.robertosedda.it\/wp-content\/uploads\/2014\/02\/Banca-Etica-15-anni.jpg?resize=510%2C250\" alt=\"Banca Etica 15 anni\" width=\"510\" height=\"250\" srcset=\"https:\/\/i0.wp.com\/www.robertosedda.it\/wp-content\/uploads\/2014\/02\/Banca-Etica-15-anni.jpg?w=510&amp;ssl=1 510w, https:\/\/i0.wp.com\/www.robertosedda.it\/wp-content\/uploads\/2014\/02\/Banca-Etica-15-anni.jpg?resize=150%2C73&amp;ssl=1 150w, https:\/\/i0.wp.com\/www.robertosedda.it\/wp-content\/uploads\/2014\/02\/Banca-Etica-15-anni.jpg?resize=300%2C147&amp;ssl=1 300w\" sizes=\"(max-width: 510px) 100vw, 510px\" data-recalc-dims=\"1\" \/><\/a>Il mio amico Antonio Messina, coordinatore del gruppo dei soci di Banca Etica delle Marche settentrionali, cela fra le tante sue multiformi capacit\u00e0 e interessi anche la voglia di costruire una bibliografia di narrativa in cui si affronti in\u00a0qualche modo il tema del denaro.<\/p>\n<p>Antonio ha\u00a0chiesto qualche suggerimento a me e a alcuni altri soci e io gli ho controproposto a mia volta di fare un articolo qui sul\u00a0<em>blog<\/em> da aggiornare con i commenti di tutti. Quindi ecco le proposte di Antonio &#8211; sono libri che lui ha letto, quindi anche i suggerimenti non dovrebbero essere per sentito dire &#8211; poi fra i commenti metter\u00f2 alcune mie proposte e chi vuole aggiungersi sar\u00e0 il benvenuto. Come ricorda l&#8217;immagine qui sopra, possiamo considerarlo magari parte del programma culturale dei festeggiamenti per i quindici anni di Banca Etica.<\/p>\n<p>L&#8217;elenco inizia con miss Austen non solo perch\u00e9 sia io che\u00a0Antonio siamo appassionati: chiunque abbia letto il modo accurato, accuratissimo, con cui sono sono pesati gli scapoli e le loro rendite nei suoi romanzi concorder\u00e0 che non c&#8217;era altro modo con cui iniziare la rassegna.<\/p>\n<h2>Bibliografia romanzesca sul tema del denaro<\/h2>\n<ul>\n<li>AUSTEN, Jane,\u00a0<em>Orgoglio e pregiudizio<\/em><\/li>\n<li>AUSTEN, Jane,\u00a0<em>Ragione e sentimento<\/em><\/li>\n<li>BALZAC, Honor\u00e9 de,\u00a0<em>Pap\u00e0 Goriot<\/em><\/li>\n<li>DUMAS, Alexandre,\u00a0<em>Il conte di Montecristo<\/em><\/li>\n<li>GOETHE, Johann Wolfgang,\u00a0<em>Faust (Seconda parte)<\/em><\/li>\n<li>HARRIS, Robert,\u00a0<em>L&#8217;indice della paura<\/em><\/li>\n<li>KRAKAUER, Jon,\u00a0<em>Nelle terre estreme<\/em><\/li>\n<li>LAXNESS, Halld\u00f3r,\u00a0<em>Gente indipendente<\/em><\/li>\n<li>MEES, Rudolf,\u00a0<em>Ecologia del denaro<\/em><\/li>\n<li>ORWELL, George,\u00a0<em>Fiorir\u00e0 l&#8217;aspidistra<\/em><\/li>\n<li>PAASILINNA, Arto,\u00a0<em>Prigionieri del paradiso<\/em><\/li>\n<li><span style=\"color: #141413;\">SCORZA, Manuel,\u00a0<\/span><span style=\"color: #141413;\"><em>Rullo di tamburi per Rancas<\/em><\/span><\/li>\n<li><span style=\"color: #141413;\">SIMENON, Georges,\u00a0<\/span><span style=\"color: #141413;\"><em>L&#8217;uomo di Londra<\/em><\/span><\/li>\n<li><span style=\"color: #141413;\">ZOLA, \u00c9mile,\u00a0<\/span><span style=\"color: #141413;\"><em>Il denaro<\/em><\/span><\/li>\n<li><span class=\"Apple-style-span\"><span style=\"color: #141413;\">ZOLA, \u00c9mile,\u00a0<\/span><\/span><span class=\"Apple-style-span\"><span style=\"color: #141413;\"><em>Il Paradiso delle signore<\/em><\/span><\/span><\/li>\n<\/ul>\n","protected":false},"excerpt":{"rendered":"<p>Il mio amico Antonio Messina, coordinatore del gruppo dei soci di Banca Etica delle Marche settentrionali, cela fra le tante<\/p>\n","protected":false},"author":1,"featured_media":6143,"comment_status":"open","ping_status":"open","sticky":false,"template":"","format":"standard","meta":{"_mi_skip_tracking":false,"_monsterinsights_sitenote_active":false,"_monsterinsights_sitenote_note":"","_monsterinsights_sitenote_category":0,"jetpack_post_was_ever_published":false,"_jetpack_newsletter_access":"","jetpack_publicize_message":"","jetpack_is_tweetstorm":false,"jetpack_publicize_feature_enabled":true,"jetpack_social_post_already_shared":true,"jetpack_social_options":{"image_generator_settings":{"template":"highway","enabled":false}}},"categories":[52,56,13,82,12],"tags":[],"jetpack_publicize_connections":[],"jetpack_featured_media_url":"https:\/\/i0.wp.com\/www.robertosedda.it\/wp-content\/uploads\/2014\/02\/Banca-Etica-15-anni.jpg?fit=510%2C250&ssl=1","jetpack_sharing_enabled":true,"jetpack_shortlink":"https:\/\/wp.me\/p4jV2T-1Z1","jetpack_likes_enabled":true,"jetpack-related-posts":[{"id":9751,"url":"https:\/\/www.robertosedda.it\/?p=9751","url_meta":{"origin":7627,"position":0},"title":"Il momento della pausa musicale, di nuovo","author":"Rufus","date":"08\/03\/2015","format":"video","excerpt":"La settimana prossima registro quattro nuove puntate di Oggi parliamo di libri e mi \u00e8 venuta voglia di nuovo di chiedervi consiglio sui brani musicali da utilizzare come pausa e commento. Le quattro puntate saranno dedicate: Ai libretti d'opera; lo so che qui i suggerimenti sembrano ovvi, ma voi stupitemi...\u2026","rel":"","context":"In &quot;Coordinate&quot;","block_context":{"text":"Coordinate","link":"https:\/\/www.robertosedda.it\/?cat=52"},"img":{"alt_text":"","src":"https:\/\/i0.wp.com\/img.youtube.com\/vi\/lASwxqAlnFs\/0.jpg?resize=350%2C200","width":350,"height":200},"classes":[]},{"id":6519,"url":"https:\/\/www.robertosedda.it\/?p=6519","url_meta":{"origin":7627,"position":1},"title":"Bustianu e Marcello Fois","author":"Rufus","date":"20\/02\/2014","format":"video","excerpt":"Ho dedicato una puntata a Bustianu e ai gialli di ambientazione ottocentesca di Marcello Fois, Sempre caro, Sangue dal cielo e L'altro mondo con qualche esitazione e una sicurezza. La sicurezza era che il brano musicale scelto per l'intermezzo era uno dei migliori di tutte le puntate: Fin da quando\u2026","rel":"","context":"In &quot;Coordinate&quot;","block_context":{"text":"Coordinate","link":"https:\/\/www.robertosedda.it\/?cat=52"},"img":{"alt_text":"","src":"https:\/\/i0.wp.com\/img.youtube.com\/vi\/p6OI5M5DYWw\/0.jpg?resize=350%2C200","width":350,"height":200},"classes":[]},{"id":6599,"url":"https:\/\/www.robertosedda.it\/?p=6599","url_meta":{"origin":7627,"position":2},"title":"Sono di nuovo alla caccia di suggerimenti musicali: fatevi avanti!","author":"Rufus","date":"27\/02\/2014","format":"video","excerpt":"A met\u00e0 marzo inizier\u00f2 un nuovo ciclo di trasmissioni di Oggi parliamo di libri in cui parler\u00f2 dei libri del cuore di tutti noi che lavoriamo alla radio: tecnici, giornalisti e tutti quelli che curano i programmi dedicati alla comunicazione, i viaggi, la salute, l'arte sacra e cos\u00ec via e\u2026","rel":"","context":"In &quot;Coordinate&quot;","block_context":{"text":"Coordinate","link":"https:\/\/www.robertosedda.it\/?cat=52"},"img":{"alt_text":"","src":"https:\/\/i0.wp.com\/img.youtube.com\/vi\/7dtn9Gk4Q_E\/0.jpg?resize=350%2C200","width":350,"height":200},"classes":[]},{"id":2153,"url":"https:\/\/www.robertosedda.it\/?p=2153","url_meta":{"origin":7627,"position":3},"title":"Sono su Youtube!","author":"Rufus","date":"01\/02\/2013","format":"video","excerpt":"Bella gente, grandi novit\u00e0! L'impegno che mi ero preso, di trascrivere volta per volta le puntate di Oggi parliamo di libri, si sta rivelando troppo oneroso: sono rimasto alla quarta puntata e ne sono state trasmesse gi\u00e0 nove, ogni \"sbobinatura\" prende tempo e non sembra probabile che possa facilmente recuperare\u2026","rel":"","context":"In &quot;Coordinate&quot;","block_context":{"text":"Coordinate","link":"https:\/\/www.robertosedda.it\/?cat=52"},"img":{"alt_text":"","src":"https:\/\/i0.wp.com\/img.youtube.com\/vi\/mN9gq-HwVBA\/0.jpg?resize=350%2C200","width":350,"height":200},"classes":[]},{"id":1339,"url":"https:\/\/www.robertosedda.it\/?p=1339","url_meta":{"origin":7627,"position":4},"title":"Ci vediamo nel week end","author":"Rufus","date":"15\/11\/2012","format":false,"excerpt":"Come vedete dalla locandina qui sotto il prossimo fine settimana c'\u00e8 il festival di Scirarindi. Sar\u00f2 l\u00ec, con i soci di Banca Etica della Sardegna, nel nostro stand (cercateci vicino alle foto della mostra di Letizia Battaglia) credo per tutto il fine settimana, tranne brevi pause per la Messa, andare\u2026","rel":"","context":"In &quot;Banche e finanza&quot;","block_context":{"text":"Banche e finanza","link":"https:\/\/www.robertosedda.it\/?cat=72"},"img":{"alt_text":"","src":"https:\/\/i0.wp.com\/www.robertosedda.it\/wp-content\/uploads\/2012\/11\/persito_preview.jpg?fit=320%2C454&ssl=1&resize=350%2C200","width":350,"height":200},"classes":[]},{"id":4594,"url":"https:\/\/www.robertosedda.it\/?p=4594","url_meta":{"origin":7627,"position":5},"title":"La musica che metter\u00f2, se me la consigliate","author":"Rufus","date":"10\/10\/2013","format":false,"excerpt":"Sono ripartite su Radio Kalaritana le trasmissioni di Oggi parliamo di libri. Ok, breve riassunto pubblicitario: vado in onda il gioved\u00ec alle 19,10 e in replica il venerd\u00ec alle 8,30 del mattino sui 97.5 FM (o in streaming). La trasmissione ha anche una sua pagina Facebook che dopo la pausa\u2026","rel":"","context":"In &quot;Coordinate&quot;","block_context":{"text":"Coordinate","link":"https:\/\/www.robertosedda.it\/?cat=52"},"img":{"alt_text":"","src":"https:\/\/i0.wp.com\/www.robertosedda.it\/wp-content\/uploads\/2013\/03\/535033_144686819023383_216259237_n.jpg?fit=960%2C960&ssl=1&resize=350%2C200","width":350,"height":200,"srcset":"https:\/\/i0.wp.com\/www.robertosedda.it\/wp-content\/uploads\/2013\/03\/535033_144686819023383_216259237_n.jpg?fit=960%2C960&ssl=1&resize=350%2C200 1x, https:\/\/i0.wp.com\/www.robertosedda.it\/wp-content\/uploads\/2013\/03\/535033_144686819023383_216259237_n.jpg?fit=960%2C960&ssl=1&resize=700%2C400 2x"},"classes":[]}],"_links":{"self":[{"href":"https:\/\/www.robertosedda.it\/index.php?rest_route=\/wp\/v2\/posts\/7627"}],"collection":[{"href":"https:\/\/www.robertosedda.it\/index.php?rest_route=\/wp\/v2\/posts"}],"about":[{"href":"https:\/\/www.robertosedda.it\/index.php?rest_route=\/wp\/v2\/types\/post"}],"author":[{"embeddable":true,"href":"https:\/\/www.robertosedda.it\/index.php?rest_route=\/wp\/v2\/users\/1"}],"replies":[{"embeddable":true,"href":"https:\/\/www.robertosedda.it\/index.php?rest_route=%2Fwp%2Fv2%2Fcomments&post=7627"}],"version-history":[{"count":3,"href":"https:\/\/www.robertosedda.it\/index.php?rest_route=\/wp\/v2\/posts\/7627\/revisions"}],"predecessor-version":[{"id":10325,"href":"https:\/\/www.robertosedda.it\/index.php?rest_route=\/wp\/v2\/posts\/7627\/revisions\/10325"}],"wp:featuredmedia":[{"embeddable":true,"href":"https:\/\/www.robertosedda.it\/index.php?rest_route=\/wp\/v2\/media\/6143"}],"wp:attachment":[{"href":"https:\/\/www.robertosedda.it\/index.php?rest_route=%2Fwp%2Fv2%2Fmedia&parent=7627"}],"wp:term":[{"taxonomy":"category","embeddable":true,"href":"https:\/\/www.robertosedda.it\/index.php?rest_route=%2Fwp%2Fv2%2Fcategories&post=7627"},{"taxonomy":"post_tag","embeddable":true,"href":"https:\/\/www.robertosedda.it\/index.php?rest_route=%2Fwp%2Fv2%2Ftags&post=7627"}],"curies":[{"name":"wp","href":"https:\/\/api.w.org\/{rel}","templated":true}]}}