{"id":7617,"date":"2014-06-06T09:55:50","date_gmt":"2014-06-06T07:55:50","guid":{"rendered":"http:\/\/www.robertosedda.it\/?p=7617"},"modified":"2014-06-27T17:30:33","modified_gmt":"2014-06-27T15:30:33","slug":"editori-truffati-un-appello","status":"publish","type":"post","link":"https:\/\/www.robertosedda.it\/?p=7617","title":{"rendered":"Editori truffati: un appello"},"content":{"rendered":"<p>Stamattina ho trovato su\u00a0<em>Facebook<\/em>\u00a0questa nota de\u00a0<a href=\"http:\/\/www.lameridiana.it\/\"><em>La Meridiana<\/em><\/a>, una benemerita casa editrice di Molfetta\u00a0attiva sia nel campo dell&#8217;editoria sul gioco e l&#8217;educazione &#8211; ha pubblicato diversi miei amici, fra l&#8217;altro &#8211; sia nel campo della spiritualit\u00e0 cristiana (pubblica, ad esempio, gli scritti di don Tonino Bello). La rilancio per il contenuto dell&#8217;appello e anche perch\u00e9\u00a0mi sembra una storia da conoscere e che induce ad alcune riflessioni.<\/p>\n<blockquote><p><a href=\"https:\/\/i0.wp.com\/www.robertosedda.it\/wp-content\/uploads\/2014\/06\/truffa-editori-3.jpg\"><img data-attachment-id=\"7621\" data-permalink=\"https:\/\/www.robertosedda.it\/?attachment_id=7621\" data-orig-file=\"https:\/\/i0.wp.com\/www.robertosedda.it\/wp-content\/uploads\/2014\/06\/truffa-editori-3.jpg?fit=541%2C402&amp;ssl=1\" data-orig-size=\"541,402\" data-comments-opened=\"1\" data-image-meta=\"{&quot;aperture&quot;:&quot;0&quot;,&quot;credit&quot;:&quot;Roberto Sedda&quot;,&quot;camera&quot;:&quot;&quot;,&quot;caption&quot;:&quot;&quot;,&quot;created_timestamp&quot;:&quot;1402046367&quot;,&quot;copyright&quot;:&quot;&quot;,&quot;focal_length&quot;:&quot;0&quot;,&quot;iso&quot;:&quot;0&quot;,&quot;shutter_speed&quot;:&quot;0&quot;,&quot;title&quot;:&quot;&quot;}\" data-image-title=\"truffa editori 3\" data-image-description=\"\" data-image-caption=\"\" data-medium-file=\"https:\/\/i0.wp.com\/www.robertosedda.it\/wp-content\/uploads\/2014\/06\/truffa-editori-3.jpg?fit=300%2C222&amp;ssl=1\" data-large-file=\"https:\/\/i0.wp.com\/www.robertosedda.it\/wp-content\/uploads\/2014\/06\/truffa-editori-3.jpg?fit=510%2C378&amp;ssl=1\" decoding=\"async\" loading=\"lazy\" class=\"aligncenter size-full wp-image-7621\" src=\"https:\/\/i0.wp.com\/www.robertosedda.it\/wp-content\/uploads\/2014\/06\/truffa-editori-3.jpg?resize=541%2C402\" alt=\"truffa editori 3\" width=\"541\" height=\"402\" srcset=\"https:\/\/i0.wp.com\/www.robertosedda.it\/wp-content\/uploads\/2014\/06\/truffa-editori-3.jpg?w=541&amp;ssl=1 541w, https:\/\/i0.wp.com\/www.robertosedda.it\/wp-content\/uploads\/2014\/06\/truffa-editori-3.jpg?resize=150%2C111&amp;ssl=1 150w, https:\/\/i0.wp.com\/www.robertosedda.it\/wp-content\/uploads\/2014\/06\/truffa-editori-3.jpg?resize=300%2C222&amp;ssl=1 300w, https:\/\/i0.wp.com\/www.robertosedda.it\/wp-content\/uploads\/2014\/06\/truffa-editori-3.jpg?resize=510%2C378&amp;ssl=1 510w, https:\/\/i0.wp.com\/www.robertosedda.it\/wp-content\/uploads\/2014\/06\/truffa-editori-3.jpg?resize=268%2C200&amp;ssl=1 268w\" sizes=\"(max-width: 541px) 100vw, 541px\" data-recalc-dims=\"1\" \/><\/a>Si chiama truffa. E noi l&#8217;abbiamo subita. E con noi, a quanto risulta a ieri, gi\u00e0 altri 200 editori. Da nord a sud. Isole comprese. Qualcuno ipotizza che arriveremo a 2400 editori. Noi l&#8217;abbiamo scoperto ieri. <span style=\"color: #37404e;\">Abbiamo tutti ricevuto un ordine tra marzo e aprile dalla Fondazione Arcobaleno, che ha un sito internet (<\/span><a style=\"color: #3b5998;\" href=\"http:\/\/l.facebook.com\/l.php?u=http%3A%2F%2Ffondazionearcobaleno.com%2F&amp;h=MAQEFvPv0&amp;enc=AZMPLYB9-xHUK2Gnu90wEj_0GS8fKk_gjtvgA_MNIKoEggO-VBv0_lJo5WVbQhlZqHHZPdp57S0qdVxr49tntg1ODIHL17l6iuKIZuIDyJWT8Ys0OJ6mK6Bu2DU0SJlqeMtGqxXu41mWHIHM1ySmXGfS&amp;s=1\" target=\"_blank\" rel=\"nofollow nofollow\">http:\/\/fondazionearcobaleno.com\/<\/a><span style=\"color: #37404e;\">), delle persone con cui abbiamo parlato,<\/span><span class=\"text_exposed_show\" style=\"color: #37404e;\">\u00a0partita Iva, conto corrente bancario (presso uno sportello dell&#8217;Unicredit di Roma). Qualche editore li ha anche incontrati nella loro sede. Cio\u00e8 ci ha parlato ma anche stretto la mano.<\/span> La Fondazione non \u00e8 la sola ad aver agito in questi mesi. Orecchio Acerbo Editore (leggete il post della casa editrice del 13 maggio) ha consegnato i libri e ricevuto 2 assegni. Questo accadeva di venerd\u00ec. Il luned\u00ec successivo scoprono che gli assegni sono scoperti. Ordini importanti: 400, 500 e anche pi\u00f9 libri. Noi: 510 libri. 3 o 4 copie per titolo dalle collane Partenze, Pcome gioco, Premesse, Persone, Passaggi, Per Sport. Della collana di spiritualit\u00e0 e don Ton Tonino Bello nulla. Bene: hanno preso i libri e sono spariti dalla sede della Fondazione e, ovviamente, dagli impegni presi con gli editori. Eppure ci abbiamo parlato, eppure l&#8217;ordine \u00e8 arrivato con tanto di mandato del direttivo, eppure ce lo siamo guardato e riguardato il sito per capire chi fossero. Eppure&#8230; ci siamo cascati. Chi poteva immaginare! Stanno partendo le denunce e le prime scoperte. <a href=\"https:\/\/i0.wp.com\/www.robertosedda.it\/wp-content\/uploads\/2014\/06\/truffa-editori-2.jpg\"><img data-attachment-id=\"7622\" data-permalink=\"https:\/\/www.robertosedda.it\/?attachment_id=7622\" data-orig-file=\"https:\/\/i0.wp.com\/www.robertosedda.it\/wp-content\/uploads\/2014\/06\/truffa-editori-2.jpg?fit=528%2C524&amp;ssl=1\" data-orig-size=\"528,524\" data-comments-opened=\"1\" data-image-meta=\"{&quot;aperture&quot;:&quot;0&quot;,&quot;credit&quot;:&quot;Roberto Sedda&quot;,&quot;camera&quot;:&quot;&quot;,&quot;caption&quot;:&quot;&quot;,&quot;created_timestamp&quot;:&quot;1402046208&quot;,&quot;copyright&quot;:&quot;&quot;,&quot;focal_length&quot;:&quot;0&quot;,&quot;iso&quot;:&quot;0&quot;,&quot;shutter_speed&quot;:&quot;0&quot;,&quot;title&quot;:&quot;&quot;}\" data-image-title=\"truffa editori 2\" data-image-description=\"\" data-image-caption=\"\" data-medium-file=\"https:\/\/i0.wp.com\/www.robertosedda.it\/wp-content\/uploads\/2014\/06\/truffa-editori-2.jpg?fit=300%2C297&amp;ssl=1\" data-large-file=\"https:\/\/i0.wp.com\/www.robertosedda.it\/wp-content\/uploads\/2014\/06\/truffa-editori-2.jpg?fit=510%2C506&amp;ssl=1\" decoding=\"async\" loading=\"lazy\" class=\"alignleft size-medium wp-image-7622\" src=\"https:\/\/i0.wp.com\/www.robertosedda.it\/wp-content\/uploads\/2014\/06\/truffa-editori-2.jpg?resize=300%2C297\" alt=\"truffa editori 2\" width=\"300\" height=\"297\" srcset=\"https:\/\/i0.wp.com\/www.robertosedda.it\/wp-content\/uploads\/2014\/06\/truffa-editori-2.jpg?resize=300%2C297&amp;ssl=1 300w, https:\/\/i0.wp.com\/www.robertosedda.it\/wp-content\/uploads\/2014\/06\/truffa-editori-2.jpg?resize=150%2C148&amp;ssl=1 150w, https:\/\/i0.wp.com\/www.robertosedda.it\/wp-content\/uploads\/2014\/06\/truffa-editori-2.jpg?resize=510%2C506&amp;ssl=1 510w, https:\/\/i0.wp.com\/www.robertosedda.it\/wp-content\/uploads\/2014\/06\/truffa-editori-2.jpg?resize=100%2C100&amp;ssl=1 100w, https:\/\/i0.wp.com\/www.robertosedda.it\/wp-content\/uploads\/2014\/06\/truffa-editori-2.jpg?w=528&amp;ssl=1 528w\" sizes=\"(max-width: 300px) 100vw, 300px\" data-recalc-dims=\"1\" \/><\/a>E ovviamente si scopre che i tipi sono recidivi. E si scopre che anni fa i libri furono poi visti sulle bancarelle. Perch\u00e9 una truffa cos\u00ec non la metti in piedi se non hai un acquirente certo. Qualcuno degli editori ritiene che servissero le fatture di acquisto per rendicontare progetti (fasulli). E quindi i truffati non siamo solo noi, ma anche Enti e Istituzioni. Certo \u00e8 che questi signori sono andati in una Banca, hanno aperto un conto, e hanno avuto un credito, non hanno avuto alcune remora a mostrare le loro facce, a incontrare personalmente gli editori. Si sono dati una credibilit\u00e0 con tanto di timbro, partita Iva, progetti a favore della cultura e dei minori&#8230;certificati. Carte false. Scopriamo oggi. Tutto questo fa rabbia in un momento complicato nel quale vendere anche un solo libro \u00e8 difficile. Tutto questo ti complica di pi\u00f9 le cose perch\u00e9 con l&#8217;incasso di quella fattura si pagavano fatture di fornitori, gli stipendi nostri. Un buco nero. Da coprire e in fretta. Perch\u00e9 a chi fa onestamente il suo lavoro, le Banche mettono fretta. <span class=\"text_exposed_show\" style=\"color: #37404e;\">Forse troverete i nostri libri e quelli di altri a prezzi scontatissimi da qualche parte. Se vi capiter\u00e0, informateci, aiuteremo i carabinieri nelle indagini. Sappiate che quello sconto a voi favorevole \u00e8 il risultato di una truffa ben ingegnata.<\/span> Con gli altri editori stiamo coordinando le denunce. Se vi capiter\u00e0 di raccogliere tasselli e informazioni o appunto di trovare da qualche parte libri nostri o di altri a prezzi bassi, scriveteci (media@lameridiana.it) o chiamateci allo 0803971945. <a href=\"https:\/\/i0.wp.com\/www.robertosedda.it\/wp-content\/uploads\/2014\/06\/truffa-editori.jpg\"><img data-attachment-id=\"7624\" data-permalink=\"https:\/\/www.robertosedda.it\/?attachment_id=7624\" data-orig-file=\"https:\/\/i0.wp.com\/www.robertosedda.it\/wp-content\/uploads\/2014\/06\/truffa-editori.jpg?fit=540%2C422&amp;ssl=1\" data-orig-size=\"540,422\" data-comments-opened=\"1\" data-image-meta=\"{&quot;aperture&quot;:&quot;0&quot;,&quot;credit&quot;:&quot;Roberto Sedda&quot;,&quot;camera&quot;:&quot;&quot;,&quot;caption&quot;:&quot;&quot;,&quot;created_timestamp&quot;:&quot;1402044318&quot;,&quot;copyright&quot;:&quot;&quot;,&quot;focal_length&quot;:&quot;0&quot;,&quot;iso&quot;:&quot;0&quot;,&quot;shutter_speed&quot;:&quot;0&quot;,&quot;title&quot;:&quot;&quot;}\" data-image-title=\"truffa editori\" data-image-description=\"\" data-image-caption=\"\" data-medium-file=\"https:\/\/i0.wp.com\/www.robertosedda.it\/wp-content\/uploads\/2014\/06\/truffa-editori.jpg?fit=300%2C234&amp;ssl=1\" data-large-file=\"https:\/\/i0.wp.com\/www.robertosedda.it\/wp-content\/uploads\/2014\/06\/truffa-editori.jpg?fit=510%2C398&amp;ssl=1\" decoding=\"async\" loading=\"lazy\" class=\"alignright size-medium wp-image-7624\" src=\"https:\/\/i0.wp.com\/www.robertosedda.it\/wp-content\/uploads\/2014\/06\/truffa-editori-300x234.jpg?resize=300%2C234\" alt=\"truffa editori\" width=\"300\" height=\"234\" srcset=\"https:\/\/i0.wp.com\/www.robertosedda.it\/wp-content\/uploads\/2014\/06\/truffa-editori.jpg?resize=300%2C234&amp;ssl=1 300w, https:\/\/i0.wp.com\/www.robertosedda.it\/wp-content\/uploads\/2014\/06\/truffa-editori.jpg?resize=150%2C117&amp;ssl=1 150w, https:\/\/i0.wp.com\/www.robertosedda.it\/wp-content\/uploads\/2014\/06\/truffa-editori.jpg?resize=510%2C398&amp;ssl=1 510w, https:\/\/i0.wp.com\/www.robertosedda.it\/wp-content\/uploads\/2014\/06\/truffa-editori.jpg?w=540&amp;ssl=1 540w\" sizes=\"(max-width: 300px) 100vw, 300px\" data-recalc-dims=\"1\" \/><\/a>E intanto, ve lo chiediamo con sincerit\u00e0, ordinate un libro dal nostro sito e aiutateci a coprire il buco. Da situazioni che vicende come questa creano si esce facendo rete e sostenendo chi \u00e8 stato truffato. Lascio la mia mail (media@lameridiana.it) per chi anche vorr\u00e0 ricevere l&#8217;elenco degli altri editori. Anche loro hanno un buon catalogo e bisogno, come noi, di lettori veri e onesti.<\/p><\/blockquote>\n<p>Quando arrivo a casa vedo con Maria Bonaria, ma noi\u00a0un libro credo proprio che lo compreremo. E dovreste farlo anche voi. Piuttosto&#8230;<\/p>\n<h3><em>Disclaimer<\/em><\/h3>\n<p>Mi sono per\u00f2 chiesto se lasciare nel testo del messaggio il nome dei (presunti?) truffatori, per banali questioni di possibile responsabilit\u00e0 penale (mia) nel\u00a0riferire accuse di terzi. Un rapido controllo sullo stesso\u00a0<em>Facebook<\/em> rivela per\u00f2 una vasta gamma di segnalazioni (alcune sono riportate nelle foto a corredo di questo articolo) e anche <a href=\"http:\/\/messaggeroveneto.gelocal.it\/udine\/cronaca\/2014\/06\/03\/news\/ordinano-e-non-pagano-casa-editrice-truffata-1.9352830\">una segnalazione sulla stampa sul\u00a0<\/a><em><a href=\"http:\/\/messaggeroveneto.gelocal.it\/udine\/cronaca\/2014\/06\/03\/news\/ordinano-e-non-pagano-casa-editrice-truffata-1.9352830\">Messaggero Veneto<\/a><\/em>: mi pare quindi che si possa parlare di un fatto pubblicamente accertato. Sar\u00f2 comunque lieto di pubblicare smentite da parte della <em>Fondazione Arcobaleno<\/em>\u00a0o\u00a0delle persone coinvolte: lieto soprattutto perch\u00e9 vorrebbe dire che i piccoli editori che sono stati truffati sono stati pagati.<\/p>\n","protected":false},"excerpt":{"rendered":"<p>Stamattina ho trovato su\u00a0Facebook\u00a0questa nota de\u00a0La Meridiana, una benemerita casa editrice di Molfetta\u00a0attiva sia nel campo dell&#8217;editoria sul gioco e<\/p>\n","protected":false},"author":1,"featured_media":7624,"comment_status":"open","ping_status":"open","sticky":false,"template":"","format":"standard","meta":{"_mi_skip_tracking":false,"_monsterinsights_sitenote_active":false,"_monsterinsights_sitenote_note":"","_monsterinsights_sitenote_category":0,"jetpack_post_was_ever_published":false,"_jetpack_newsletter_access":"","jetpack_publicize_message":"","jetpack_is_tweetstorm":false,"jetpack_publicize_feature_enabled":true,"jetpack_social_post_already_shared":true,"jetpack_social_options":{"image_generator_settings":{"template":"highway","enabled":false}}},"categories":[52,55,77,17,16],"tags":[],"jetpack_publicize_connections":[],"jetpack_featured_media_url":"https:\/\/i0.wp.com\/www.robertosedda.it\/wp-content\/uploads\/2014\/06\/truffa-editori.jpg?fit=540%2C422&ssl=1","jetpack_sharing_enabled":true,"jetpack_shortlink":"https:\/\/wp.me\/p4jV2T-1YR","jetpack_likes_enabled":true,"jetpack-related-posts":[{"id":17767,"url":"https:\/\/www.robertosedda.it\/?p=17767","url_meta":{"origin":7617,"position":0},"title":"Buone pratiche di apertura","author":"Rufus","date":"28\/01\/2020","format":false,"excerpt":"In mezzo alle varie notizie legate alla serie di casi di infezione virale che ha avuto origine a Wuhan, segnalo che ho letto sul Guardian che l'editore Wiley, uno dei pi\u00f9 importanti nel campo scientifico, ha steso un elenco di cinquantaquattro articoli scientifici legati al coronavirus e li ha messi\u2026","rel":"","context":"In &quot;Coordinate&quot;","block_context":{"text":"Coordinate","link":"https:\/\/www.robertosedda.it\/?cat=52"},"img":{"alt_text":"","src":"https:\/\/i0.wp.com\/www.robertosedda.it\/wp-content\/uploads\/2020\/01\/Wiley-open-source.png?fit=626%2C471&ssl=1&resize=350%2C200","width":350,"height":200},"classes":[]},{"id":7852,"url":"https:\/\/www.robertosedda.it\/?p=7852","url_meta":{"origin":7617,"position":1},"title":"Pubblicatevi da soli (uhm&#8230;)","author":"Rufus","date":"27\/06\/2014","format":false,"excerpt":"Mi \u00e8 capitato l'altro giorno sotto gli occhi un breve articolo di Laura Hazard Owen che segnala che nel 2013 la quota di mercato degli e-book negli Stati Uniti \u00e8 ulteriormente cresciuta (del 10% circa, fino a pi\u00f9 o meno 512 milioni di copie), anche se i ricavi per gli\u2026","rel":"","context":"In &quot;Coordinate&quot;","block_context":{"text":"Coordinate","link":"https:\/\/www.robertosedda.it\/?cat=52"},"img":{"alt_text":"","src":"https:\/\/i0.wp.com\/www.robertosedda.it\/wp-content\/uploads\/2014\/06\/Vendite-giornaliere-bestsellr-di-genere.png?fit=854%2C558&ssl=1&resize=350%2C200","width":350,"height":200,"srcset":"https:\/\/i0.wp.com\/www.robertosedda.it\/wp-content\/uploads\/2014\/06\/Vendite-giornaliere-bestsellr-di-genere.png?fit=854%2C558&ssl=1&resize=350%2C200 1x, https:\/\/i0.wp.com\/www.robertosedda.it\/wp-content\/uploads\/2014\/06\/Vendite-giornaliere-bestsellr-di-genere.png?fit=854%2C558&ssl=1&resize=700%2C400 2x"},"classes":[]},{"id":11077,"url":"https:\/\/www.robertosedda.it\/?p=11077","url_meta":{"origin":7617,"position":2},"title":"REBLOG: Perch\u00e9 tutti i libri italiani sono scritti allo stesso modo?","author":"Rufus","date":"23\/10\/2015","format":false,"excerpt":"Un bell'articolo del\u00a0Post con la storia dei caratteri tipografici, gli \"atomi\" dell'editoria.","rel":"","context":"In &quot;Segnalazioni&quot;","block_context":{"text":"Segnalazioni","link":"https:\/\/www.robertosedda.it\/?cat=95"},"img":{"alt_text":"","src":"","width":0,"height":0},"classes":[]},{"id":12510,"url":"https:\/\/www.robertosedda.it\/?p=12510","url_meta":{"origin":7617,"position":3},"title":"REBLOG: Il gigantesco Dino Battaglia","author":"Rufus","date":"13\/09\/2016","format":false,"excerpt":"Per chi segue il blog e non conosce questo grandissimo fumettista, una buona occasione \u00e8 l'articolo de\u00a0Lo spazio bianco che analizza la nuova ristampa (a cura di Nicola Pesce Editore) degli adattamenti che Battaglia fece dei racconti di E.A. Poe per Linus e\u00a0Il Giornalino.","rel":"","context":"In &quot;Coordinate&quot;","block_context":{"text":"Coordinate","link":"https:\/\/www.robertosedda.it\/?cat=52"},"img":{"alt_text":"","src":"https:\/\/i0.wp.com\/www.robertosedda.it\/wp-content\/uploads\/2016\/09\/battaglia-poe-npe-maschera-morte-rossa.jpg?fit=270%2C357&ssl=1&resize=350%2C200","width":350,"height":200},"classes":[]},{"id":4971,"url":"https:\/\/www.robertosedda.it\/?p=4971","url_meta":{"origin":7617,"position":4},"title":"Due rangers del Texas","author":"Rufus","date":"08\/11\/2013","format":false,"excerpt":"Saguaro numero 18,\u00a0La trib\u00f9 del cielo (Sergio Bonelli Editore ottobre 2013, Mignacco\/Foder\u00e0) Ho l'impressione che molti lettori di fumetti, pubblicati dalla Bonelli e no, snobbino un pochino Saguaro, ma devo dire che a me piace, anche abbastanza. Sono sicuramente di parte perch\u00e9 amo molto i gialli di Tony Hillerman ambientati\u2026","rel":"","context":"In &quot;Cappe e spade&quot;","block_context":{"text":"Cappe e spade","link":"https:\/\/www.robertosedda.it\/?cat=70"},"img":{"alt_text":"","src":"https:\/\/i0.wp.com\/www.robertosedda.it\/wp-content\/uploads\/2013\/11\/Saguaro-18-ottobre-2013.jpg?fit=227%2C300&ssl=1&resize=350%2C200","width":350,"height":200},"classes":[]},{"id":1727,"url":"https:\/\/www.robertosedda.it\/?p=1727","url_meta":{"origin":7617,"position":5},"title":"Belle foto della Sardegna","author":"Rufus","date":"19\/12\/2012","format":"image","excerpt":"Mio cognato Alberto, maledetto toscano, ha la passione per la fotografia e ottiene risultati mi sembra non disprezzabili, a parte coi fenicotteri (ma questa \u00e8 un'altra storia e sar\u00e0 raccontata un'altra volta). \u00c8 anche l'autore di alcune delle foto che compaiono in testata - quelle pi\u00f9 belle, le altre sono\u2026","rel":"","context":"In &quot;Coordinate&quot;","block_context":{"text":"Coordinate","link":"https:\/\/www.robertosedda.it\/?cat=52"},"img":{"alt_text":"Poster","src":"https:\/\/i0.wp.com\/www.robertosedda.it\/wp-content\/uploads\/2012\/12\/Temporary-Poster-5-1024x722.jpg?resize=350%2C200","width":350,"height":200,"srcset":"https:\/\/i0.wp.com\/www.robertosedda.it\/wp-content\/uploads\/2012\/12\/Temporary-Poster-5-1024x722.jpg?resize=350%2C200 1x, https:\/\/i0.wp.com\/www.robertosedda.it\/wp-content\/uploads\/2012\/12\/Temporary-Poster-5-1024x722.jpg?resize=700%2C400 2x"},"classes":[]}],"_links":{"self":[{"href":"https:\/\/www.robertosedda.it\/index.php?rest_route=\/wp\/v2\/posts\/7617"}],"collection":[{"href":"https:\/\/www.robertosedda.it\/index.php?rest_route=\/wp\/v2\/posts"}],"about":[{"href":"https:\/\/www.robertosedda.it\/index.php?rest_route=\/wp\/v2\/types\/post"}],"author":[{"embeddable":true,"href":"https:\/\/www.robertosedda.it\/index.php?rest_route=\/wp\/v2\/users\/1"}],"replies":[{"embeddable":true,"href":"https:\/\/www.robertosedda.it\/index.php?rest_route=%2Fwp%2Fv2%2Fcomments&post=7617"}],"version-history":[{"count":3,"href":"https:\/\/www.robertosedda.it\/index.php?rest_route=\/wp\/v2\/posts\/7617\/revisions"}],"predecessor-version":[{"id":7626,"href":"https:\/\/www.robertosedda.it\/index.php?rest_route=\/wp\/v2\/posts\/7617\/revisions\/7626"}],"wp:featuredmedia":[{"embeddable":true,"href":"https:\/\/www.robertosedda.it\/index.php?rest_route=\/wp\/v2\/media\/7624"}],"wp:attachment":[{"href":"https:\/\/www.robertosedda.it\/index.php?rest_route=%2Fwp%2Fv2%2Fmedia&parent=7617"}],"wp:term":[{"taxonomy":"category","embeddable":true,"href":"https:\/\/www.robertosedda.it\/index.php?rest_route=%2Fwp%2Fv2%2Fcategories&post=7617"},{"taxonomy":"post_tag","embeddable":true,"href":"https:\/\/www.robertosedda.it\/index.php?rest_route=%2Fwp%2Fv2%2Ftags&post=7617"}],"curies":[{"name":"wp","href":"https:\/\/api.w.org\/{rel}","templated":true}]}}