{"id":7524,"date":"2014-05-26T12:13:39","date_gmt":"2014-05-26T10:13:39","guid":{"rendered":"http:\/\/www.robertosedda.it\/?p=7524"},"modified":"2022-06-15T10:10:34","modified_gmt":"2022-06-15T08:10:34","slug":"consigli-non-richiesti-dopo-le-elezioni-europee","status":"publish","type":"post","link":"https:\/\/www.robertosedda.it\/?p=7524","title":{"rendered":"Consigli non richiesti dopo le elezioni europee"},"content":{"rendered":"<p><a href=\"https:\/\/i0.wp.com\/www.robertosedda.it\/wp-content\/uploads\/2014\/05\/Feudalesimo-e-libert\u00e0-6.jpg\"><img data-attachment-id=\"7526\" data-permalink=\"https:\/\/www.robertosedda.it\/?attachment_id=7526\" data-orig-file=\"https:\/\/i0.wp.com\/www.robertosedda.it\/wp-content\/uploads\/2014\/05\/Feudalesimo-e-libert\u00e0-6.jpg?fit=960%2C706&amp;ssl=1\" data-orig-size=\"960,706\" data-comments-opened=\"1\" data-image-meta=\"{&quot;aperture&quot;:&quot;0&quot;,&quot;credit&quot;:&quot;&quot;,&quot;camera&quot;:&quot;&quot;,&quot;caption&quot;:&quot;&quot;,&quot;created_timestamp&quot;:&quot;0&quot;,&quot;copyright&quot;:&quot;&quot;,&quot;focal_length&quot;:&quot;0&quot;,&quot;iso&quot;:&quot;0&quot;,&quot;shutter_speed&quot;:&quot;0&quot;,&quot;title&quot;:&quot;&quot;}\" data-image-title=\"Feudalesimo e libert\u00e0 6\" data-image-description=\"\" data-image-caption=\"\" data-medium-file=\"https:\/\/i0.wp.com\/www.robertosedda.it\/wp-content\/uploads\/2014\/05\/Feudalesimo-e-libert\u00e0-6.jpg?fit=300%2C220&amp;ssl=1\" data-large-file=\"https:\/\/i0.wp.com\/www.robertosedda.it\/wp-content\/uploads\/2014\/05\/Feudalesimo-e-libert\u00e0-6.jpg?fit=510%2C375&amp;ssl=1\" decoding=\"async\" loading=\"lazy\" class=\"aligncenter size-large wp-image-7526\" src=\"https:\/\/i0.wp.com\/www.robertosedda.it\/wp-content\/uploads\/2014\/05\/Feudalesimo-e-libert\u00e0-6.jpg?resize=510%2C375\" alt=\"Feudalesimo e libert\u00e0 6\" width=\"510\" height=\"375\" srcset=\"https:\/\/i0.wp.com\/www.robertosedda.it\/wp-content\/uploads\/2014\/05\/Feudalesimo-e-libert\u00e0-6.jpg?resize=510%2C375&amp;ssl=1 510w, https:\/\/i0.wp.com\/www.robertosedda.it\/wp-content\/uploads\/2014\/05\/Feudalesimo-e-libert\u00e0-6.jpg?resize=150%2C110&amp;ssl=1 150w, https:\/\/i0.wp.com\/www.robertosedda.it\/wp-content\/uploads\/2014\/05\/Feudalesimo-e-libert\u00e0-6.jpg?resize=300%2C220&amp;ssl=1 300w, https:\/\/i0.wp.com\/www.robertosedda.it\/wp-content\/uploads\/2014\/05\/Feudalesimo-e-libert\u00e0-6.jpg?resize=700%2C514&amp;ssl=1 700w, https:\/\/i0.wp.com\/www.robertosedda.it\/wp-content\/uploads\/2014\/05\/Feudalesimo-e-libert\u00e0-6.jpg?w=960&amp;ssl=1 960w\" sizes=\"(max-width: 510px) 100vw, 510px\" data-recalc-dims=\"1\" \/><\/a>Ci sarebbero molte cose da dire su queste elezioni europee, ma mi ha colpito un aspetto probabilmente minore.<\/p>\n<p>Tempo fa girava in Italia questa barzelletta:<\/p>\n<blockquote><p>Si racconta che quando Dio cre\u00f2 il mondo affinch\u00e9 gli uomini vi prosperassero decise di concedere loro due virt\u00f9. E cos\u00ec fece. Gli svizzeri li fece ordinati e rispettosi delle leggi. Gli inglesi perseveranti e studiosi. I giapponesi lavoratori e pazienti. I francesi colti e raffinati. Gli spagnoli allegri e accoglienti. Quando arriv\u00f2 agli italiani si rivolse all&#8217;angelo che prendeva nota e gli disse: \u00abGli italiani saranno intelligenti, buone persone e di Forza Italia!\u00bb. Quando termin\u00f2 con la creazione l&#8217;angelo gli disse: \u00abSignore hai dato a tutti i popoli due virt\u00f9 ma agli italiani tre, questo far\u00e0 si che prevarranno su tutti gli altri\u00bb. \u00abPorca miseria! \u00c8\u00a0vero! Ma le virt\u00f9 divine non si possono pi\u00f9 togliere, che gli italiani abbiano tre virt\u00f9! Per\u00f2 ogni persona non potr\u00e0 averne pi\u00f9 di due insieme\u00bb. Fu cos\u00ec che: L&#8217;italiano che \u00e8 di Forza Italia e buona persona, non pu\u00f2 essere intelligente, colui che \u00e8 intelligente e di Forza Italia, non pu\u00f2 essere una buona persona. E quello che \u00e8 intelligente e buona persona non pu\u00f2 essere di Forza Italia.<\/p><\/blockquote>\n<p>Ovviamente la raccontavano quelli di sinistra, soprattutto dopo le (incomprensibili?) vittorie di Berlusconi.<\/p>\n<p><a href=\"https:\/\/i0.wp.com\/www.robertosedda.it\/wp-content\/uploads\/2014\/05\/Feudalesimo-e-libert\u00e0-4.jpg\"><img data-attachment-id=\"7528\" data-permalink=\"https:\/\/www.robertosedda.it\/?attachment_id=7528\" data-orig-file=\"https:\/\/i0.wp.com\/www.robertosedda.it\/wp-content\/uploads\/2014\/05\/Feudalesimo-e-libert\u00e0-4.jpg?fit=678%2C960&amp;ssl=1\" data-orig-size=\"678,960\" data-comments-opened=\"1\" data-image-meta=\"{&quot;aperture&quot;:&quot;0&quot;,&quot;credit&quot;:&quot;&quot;,&quot;camera&quot;:&quot;&quot;,&quot;caption&quot;:&quot;&quot;,&quot;created_timestamp&quot;:&quot;0&quot;,&quot;copyright&quot;:&quot;&quot;,&quot;focal_length&quot;:&quot;0&quot;,&quot;iso&quot;:&quot;0&quot;,&quot;shutter_speed&quot;:&quot;0&quot;,&quot;title&quot;:&quot;&quot;}\" data-image-title=\"Feudalesimo e libert\u00e0 4\" data-image-description=\"\" data-image-caption=\"\" data-medium-file=\"https:\/\/i0.wp.com\/www.robertosedda.it\/wp-content\/uploads\/2014\/05\/Feudalesimo-e-libert\u00e0-4.jpg?fit=211%2C300&amp;ssl=1\" data-large-file=\"https:\/\/i0.wp.com\/www.robertosedda.it\/wp-content\/uploads\/2014\/05\/Feudalesimo-e-libert\u00e0-4.jpg?fit=510%2C722&amp;ssl=1\" decoding=\"async\" loading=\"lazy\" class=\"alignleft size-medium wp-image-7528\" src=\"https:\/\/i0.wp.com\/www.robertosedda.it\/wp-content\/uploads\/2014\/05\/Feudalesimo-e-libert\u00e0-4.jpg?resize=211%2C300\" alt=\"Feudalesimo e libert\u00e0 4\" width=\"211\" height=\"300\" srcset=\"https:\/\/i0.wp.com\/www.robertosedda.it\/wp-content\/uploads\/2014\/05\/Feudalesimo-e-libert\u00e0-4.jpg?resize=211%2C300&amp;ssl=1 211w, https:\/\/i0.wp.com\/www.robertosedda.it\/wp-content\/uploads\/2014\/05\/Feudalesimo-e-libert\u00e0-4.jpg?resize=105%2C150&amp;ssl=1 105w, https:\/\/i0.wp.com\/www.robertosedda.it\/wp-content\/uploads\/2014\/05\/Feudalesimo-e-libert\u00e0-4.jpg?resize=510%2C722&amp;ssl=1 510w, https:\/\/i0.wp.com\/www.robertosedda.it\/wp-content\/uploads\/2014\/05\/Feudalesimo-e-libert\u00e0-4.jpg?w=678&amp;ssl=1 678w\" sizes=\"(max-width: 211px) 100vw, 211px\" data-recalc-dims=\"1\" \/><\/a>Vedo\u00a0oggi, dopo la vittoria di Renzi, che parecchie persone dell&#8217;area grillina (e non solo) utilizzano lo stesso tipo di argomentazioni per spiegare l&#8217;accaduto: gli italiani sono fessi, si sono fatti abbindolare, si sono venduti per 80 euro e un piatto di lenticchie, sono mafiosi nell&#8217;anima, scelgono sempre l&#8217;imbonitore di turno, non vogliono il cambiamento, gli va sempre bene votare l&#8217;ennesimo pregiudicato, sono prede dei clientelismi dei partiti organizzati, e cos\u00ec via.<\/p>\n<p>Non si pu\u00f2 essere allo stesso tempo, apparentemente, intelligenti, buone persone e votare il nemico di turno.<\/p>\n<p>La cosa, a parte il parallelismo, mi suggerisce due riflessioni.<\/p>\n<p>La prima \u00e8 un consiglio agli amici del <em>PD<\/em>. Calma e gesso. Prima di esultare per la vittoria storica il fatto che si usi a vostro carico la\u00a0<em>stessa<\/em> argomentazione che veniva attribuita all&#8217;odiata <em>Forza Italia<\/em>\u00a0dovrebbe suggerire un attimo di esitazione. Dopotutto \u00e8 un sentimento che apparentemente accomuna un elettore su cinque, forse su quattro: quindi non sono pochi a pensare che voi siate i disonesti e la rovina d&#8217;Italia.\u00a0Se questo vi provoca\u00a0un istante di vertigine, vi capisco: del resto, non credo <a href=\"https:\/\/i0.wp.com\/www.robertosedda.it\/wp-content\/uploads\/2014\/05\/Feudalesimo-e-libert\u00e0-5.jpg\"><img data-attachment-id=\"7529\" data-permalink=\"https:\/\/www.robertosedda.it\/?attachment_id=7529\" data-orig-file=\"https:\/\/i0.wp.com\/www.robertosedda.it\/wp-content\/uploads\/2014\/05\/Feudalesimo-e-libert\u00e0-5.jpg?fit=678%2C960&amp;ssl=1\" data-orig-size=\"678,960\" data-comments-opened=\"1\" data-image-meta=\"{&quot;aperture&quot;:&quot;0&quot;,&quot;credit&quot;:&quot;&quot;,&quot;camera&quot;:&quot;&quot;,&quot;caption&quot;:&quot;&quot;,&quot;created_timestamp&quot;:&quot;0&quot;,&quot;copyright&quot;:&quot;&quot;,&quot;focal_length&quot;:&quot;0&quot;,&quot;iso&quot;:&quot;0&quot;,&quot;shutter_speed&quot;:&quot;0&quot;,&quot;title&quot;:&quot;&quot;}\" data-image-title=\"Feudalesimo e libert\u00e0 5\" data-image-description=\"\" data-image-caption=\"\" data-medium-file=\"https:\/\/i0.wp.com\/www.robertosedda.it\/wp-content\/uploads\/2014\/05\/Feudalesimo-e-libert\u00e0-5.jpg?fit=211%2C300&amp;ssl=1\" data-large-file=\"https:\/\/i0.wp.com\/www.robertosedda.it\/wp-content\/uploads\/2014\/05\/Feudalesimo-e-libert\u00e0-5.jpg?fit=510%2C722&amp;ssl=1\" decoding=\"async\" loading=\"lazy\" class=\"alignright size-medium wp-image-7529\" src=\"https:\/\/i0.wp.com\/www.robertosedda.it\/wp-content\/uploads\/2014\/05\/Feudalesimo-e-libert\u00e0-5.jpg?resize=211%2C300\" alt=\"Feudalesimo e libert\u00e0 5\" width=\"211\" height=\"300\" srcset=\"https:\/\/i0.wp.com\/www.robertosedda.it\/wp-content\/uploads\/2014\/05\/Feudalesimo-e-libert\u00e0-5.jpg?resize=211%2C300&amp;ssl=1 211w, https:\/\/i0.wp.com\/www.robertosedda.it\/wp-content\/uploads\/2014\/05\/Feudalesimo-e-libert\u00e0-5.jpg?resize=105%2C150&amp;ssl=1 105w, https:\/\/i0.wp.com\/www.robertosedda.it\/wp-content\/uploads\/2014\/05\/Feudalesimo-e-libert\u00e0-5.jpg?resize=510%2C722&amp;ssl=1 510w, https:\/\/i0.wp.com\/www.robertosedda.it\/wp-content\/uploads\/2014\/05\/Feudalesimo-e-libert\u00e0-5.jpg?w=678&amp;ssl=1 678w\" sizes=\"(max-width: 211px) 100vw, 211px\" data-recalc-dims=\"1\" \/><\/a>che l&#8217;accusa sia (tutta) vera.\u00a0Ma, non so come, mi pare che il\u00a0liquidare questo sentimento con una scrollata di spalle, in nome di una diversit\u00e0 berlingueriana &#8211; di onest\u00e0, di politica per servizio &#8211; che non esiste pi\u00f9 da vent&#8217;anni, o di\u00a0una identit\u00e0 di sinistra che in molti obiettivamente\u00a0faticano a riconoscervi, sia il perdere un&#8217;occasione di autoanalisi. Lo so che sentirsi mettere nel mucchio con tutti gli altri partiti brucia e sembra una cretinata galattica. In parte lo \u00e8. In parte forse no, e comunque meglio bruciare che perdersi.<\/p>\n<p>Sull&#8217;altra sponda credo che il\u00a0<em>M5S<\/em> dovrebbe imparare dalla storia dell&#8217;odiato\u00a0<em>PD<\/em>. Demonizzare Berlusconi ha mai fatto vincere il <em>PD<\/em>? Mai. Rivendicare una superiorit\u00e0 morale e culturale del proprio elettorato nei confronti del popolo bue che votava\u00a0<em>Forza Italia<\/em>\u00a0ha mai fatto vincere il\u00a0<em>PD<\/em>? Mai e poi mai. Considerarsi gli unici che ci vedono in un paese di ciechi (e stupidi) ha mai fatto vincere il\u00a0<em>PD<\/em>? Ancora una volta: mai. Insistere su questa linea ha\u00a0<em>allontanato<\/em> la sinistra dal sentimento reale del paese e, nel lungo periodo, ha indebolito la sua base elettorale e le sue radici culturali e ha consegnato le sue piazzeforti al nemico. Occhio che non capiti anche a voi.<\/p>\n","protected":false},"excerpt":{"rendered":"<p>Ci sarebbero molte cose da dire su queste elezioni europee, ma mi ha colpito un aspetto probabilmente minore. Tempo fa<\/p>\n","protected":false},"author":1,"featured_media":7526,"comment_status":"open","ping_status":"open","sticky":false,"template":"","format":"standard","meta":{"_mi_skip_tracking":false,"_monsterinsights_sitenote_active":false,"_monsterinsights_sitenote_note":"","_monsterinsights_sitenote_category":0,"jetpack_post_was_ever_published":false,"_jetpack_newsletter_access":"","jetpack_publicize_message":"","jetpack_is_tweetstorm":false,"jetpack_publicize_feature_enabled":true,"jetpack_social_post_already_shared":true,"jetpack_social_options":{"image_generator_settings":{"template":"highway","enabled":false}}},"categories":[52,57,17,59,16],"tags":[],"jetpack_publicize_connections":[],"jetpack_featured_media_url":"https:\/\/i0.wp.com\/www.robertosedda.it\/wp-content\/uploads\/2014\/05\/Feudalesimo-e-libert\u00e0-6.jpg?fit=960%2C706&ssl=1","jetpack_sharing_enabled":true,"jetpack_shortlink":"https:\/\/wp.me\/p4jV2T-1Xm","jetpack_likes_enabled":true,"jetpack-related-posts":[{"id":16619,"url":"https:\/\/www.robertosedda.it\/?p=16619","url_meta":{"origin":7524,"position":0},"title":"Entrare nel sepolcro","author":"Rufus","date":"26\/04\/2019","format":false,"excerpt":"La settimana scorsa il gruppo La Pira si \u00e8 preparato alla Pasqua con una lectio divina sul brano del Vangelo di Giovanni che viene letto nella Messa del giorno di Pasqua (la notte, invece, si legge il brano della Resurrezione tratto da quello dei sinottici che corrisponde al ciclo liturgico\u2026","rel":"","context":"In &quot;Coordinate&quot;","block_context":{"text":"Coordinate","link":"https:\/\/www.robertosedda.it\/?cat=52"},"img":{"alt_text":"","src":"https:\/\/i0.wp.com\/www.robertosedda.it\/wp-content\/uploads\/2019\/04\/sepolcro-vuoto-2.jpg?fit=1200%2C645&ssl=1&resize=350%2C200","width":350,"height":200,"srcset":"https:\/\/i0.wp.com\/www.robertosedda.it\/wp-content\/uploads\/2019\/04\/sepolcro-vuoto-2.jpg?fit=1200%2C645&ssl=1&resize=350%2C200 1x, https:\/\/i0.wp.com\/www.robertosedda.it\/wp-content\/uploads\/2019\/04\/sepolcro-vuoto-2.jpg?fit=1200%2C645&ssl=1&resize=700%2C400 2x, https:\/\/i0.wp.com\/www.robertosedda.it\/wp-content\/uploads\/2019\/04\/sepolcro-vuoto-2.jpg?fit=1200%2C645&ssl=1&resize=1050%2C600 3x"},"classes":[]},{"id":15122,"url":"https:\/\/www.robertosedda.it\/?p=15122","url_meta":{"origin":7524,"position":1},"title":"Se mai ti metteranno a morte","author":"Rufus","date":"10\/05\/2018","format":"video","excerpt":"Ho riletto da poco\u00a0The maltese falcon, di Dashiell Hammett (si trova in libera circolazione), una delle pietre fondanti del genere hard boiled. Se non avete presente, il\u00a0trailer del film che ne fu tratto, con Humphrey Bogart, dovrebbe chiarirvi le idee. https:\/\/www.youtube.com\/watch?v=biQYsESrWUI Il protagonista \u00e8 Sam Spade, un investigatore privato che\u2026","rel":"","context":"In &quot;Coordinate&quot;","block_context":{"text":"Coordinate","link":"https:\/\/www.robertosedda.it\/?cat=52"},"img":{"alt_text":"","src":"https:\/\/i0.wp.com\/www.robertosedda.it\/wp-content\/uploads\/2018\/05\/Maltese-falcon.jpg?fit=380%2C540&ssl=1&resize=350%2C200","width":350,"height":200},"classes":[]},{"id":7479,"url":"https:\/\/www.robertosedda.it\/?p=7479","url_meta":{"origin":7524,"position":2},"title":"Due parole sulle elezioni europee","author":"Rufus","date":"20\/05\/2014","format":false,"excerpt":"Sono abbastanza disturbato dal modo con il quale il dibattito elettorale in vista delle prossime europee si sta focalizzando esclusivamente su tematiche politiche nazionali. La causa \u00e8, ovviamente, nella polarizzazione della polemica fra le posizioni di PD e M5S, che competono per il primato in una logica tutta interna che\u2026","rel":"","context":"In &quot;Coordinate&quot;","block_context":{"text":"Coordinate","link":"https:\/\/www.robertosedda.it\/?cat=52"},"img":{"alt_text":"","src":"https:\/\/i0.wp.com\/www.robertosedda.it\/wp-content\/uploads\/2014\/05\/Feudalesimo-e-libert\u00e0-1.jpg?fit=679%2C960&ssl=1&resize=350%2C200","width":350,"height":200},"classes":[]},{"id":15681,"url":"https:\/\/www.robertosedda.it\/?p=15681","url_meta":{"origin":7524,"position":3},"title":"Una citazione che mi sono dimenticato ieri","author":"Rufus","date":"18\/09\/2018","format":false,"excerpt":"Stridente, rispetto all'oggi. Il ragazzo calabrese 22, sabato Ieri sera, mentre il maestro ci dava notizie del povero Robetti, che dovr\u00e0 camminare con le stampelle, entr\u00f2 il Direttore con un nuovo iscritto, un ragazzo di viso molto bruno, coi capelli neri, con gli occhi grandi e neri, con le sopracciglia\u2026","rel":"","context":"In &quot;Coordinate&quot;","block_context":{"text":"Coordinate","link":"https:\/\/www.robertosedda.it\/?cat=52"},"img":{"alt_text":"","src":"https:\/\/i0.wp.com\/www.robertosedda.it\/wp-content\/uploads\/2018\/09\/Cuore.jpg?fit=260%2C400&ssl=1&resize=350%2C200","width":350,"height":200},"classes":[]},{"id":13832,"url":"https:\/\/www.robertosedda.it\/?p=13832","url_meta":{"origin":7524,"position":4},"title":"Nessuna piet\u00e0, siamo inglesi","author":"Rufus","date":"09\/06\/2017","format":false,"excerpt":"Stanotte, lo confesso, ho fatto le ore piccole per seguire le elezioni inglesi. Quando sono andato a dormire, peraltro, Corbyn era in testa di due punti percentuali e una decina di seggi: facile dire che questo dipendeva dalla particolare conformazione politica e demografica dei collegi\u00a0scrutinati fino a quel momento; stamattina,\u2026","rel":"","context":"In &quot;Antropologia&quot;","block_context":{"text":"Antropologia","link":"https:\/\/www.robertosedda.it\/?cat=97"},"img":{"alt_text":"","src":"https:\/\/i0.wp.com\/www.robertosedda.it\/wp-content\/uploads\/2017\/06\/Scalpare.jpg?fit=1024%2C718&ssl=1&resize=350%2C200","width":350,"height":200,"srcset":"https:\/\/i0.wp.com\/www.robertosedda.it\/wp-content\/uploads\/2017\/06\/Scalpare.jpg?fit=1024%2C718&ssl=1&resize=350%2C200 1x, https:\/\/i0.wp.com\/www.robertosedda.it\/wp-content\/uploads\/2017\/06\/Scalpare.jpg?fit=1024%2C718&ssl=1&resize=700%2C400 2x"},"classes":[]},{"id":18097,"url":"https:\/\/www.robertosedda.it\/?p=18097","url_meta":{"origin":7524,"position":5},"title":"Lectio in albis","author":"Rufus","date":"18\/04\/2020","format":false,"excerpt":"Domani il gruppo La Pira fa la sua lectio periodica. I materiali che utilizzeremo sono quelli che trovate qui sotto, e possono essere utili anche ad altri che vogliono fare una esperienza simile. Il metodo \u00e8 spiegato in questo vecchio articolo; anche quando il gruppo non si riunisce (virtualmente, in\u2026","rel":"","context":"In &quot;Coordinate&quot;","block_context":{"text":"Coordinate","link":"https:\/\/www.robertosedda.it\/?cat=52"},"img":{"alt_text":"","src":"https:\/\/i0.wp.com\/www.robertosedda.it\/wp-content\/uploads\/2020\/04\/Pentecoste-Rupnik.jpg?fit=430%2C540&ssl=1&resize=350%2C200","width":350,"height":200},"classes":[]}],"_links":{"self":[{"href":"https:\/\/www.robertosedda.it\/index.php?rest_route=\/wp\/v2\/posts\/7524"}],"collection":[{"href":"https:\/\/www.robertosedda.it\/index.php?rest_route=\/wp\/v2\/posts"}],"about":[{"href":"https:\/\/www.robertosedda.it\/index.php?rest_route=\/wp\/v2\/types\/post"}],"author":[{"embeddable":true,"href":"https:\/\/www.robertosedda.it\/index.php?rest_route=\/wp\/v2\/users\/1"}],"replies":[{"embeddable":true,"href":"https:\/\/www.robertosedda.it\/index.php?rest_route=%2Fwp%2Fv2%2Fcomments&post=7524"}],"version-history":[{"count":4,"href":"https:\/\/www.robertosedda.it\/index.php?rest_route=\/wp\/v2\/posts\/7524\/revisions"}],"predecessor-version":[{"id":7581,"href":"https:\/\/www.robertosedda.it\/index.php?rest_route=\/wp\/v2\/posts\/7524\/revisions\/7581"}],"wp:featuredmedia":[{"embeddable":true,"href":"https:\/\/www.robertosedda.it\/index.php?rest_route=\/wp\/v2\/media\/7526"}],"wp:attachment":[{"href":"https:\/\/www.robertosedda.it\/index.php?rest_route=%2Fwp%2Fv2%2Fmedia&parent=7524"}],"wp:term":[{"taxonomy":"category","embeddable":true,"href":"https:\/\/www.robertosedda.it\/index.php?rest_route=%2Fwp%2Fv2%2Fcategories&post=7524"},{"taxonomy":"post_tag","embeddable":true,"href":"https:\/\/www.robertosedda.it\/index.php?rest_route=%2Fwp%2Fv2%2Ftags&post=7524"}],"curies":[{"name":"wp","href":"https:\/\/api.w.org\/{rel}","templated":true}]}}