{"id":7516,"date":"2014-05-25T15:41:07","date_gmt":"2014-05-25T13:41:07","guid":{"rendered":"http:\/\/www.robertosedda.it\/?p=7516"},"modified":"2014-06-13T18:25:42","modified_gmt":"2014-06-13T16:25:42","slug":"pubblicato-il-resoconto-del-seminario-su-cagliari","status":"publish","type":"post","link":"https:\/\/www.robertosedda.it\/?p=7516","title":{"rendered":"Pubblicato il resoconto del seminario su Cagliari"},"content":{"rendered":"<p><a href=\"https:\/\/i0.wp.com\/www.robertosedda.it\/wp-content\/uploads\/2014\/05\/Report-otto-marzo-2014-Cagliari.jpg\"><img data-attachment-id=\"7518\" data-permalink=\"https:\/\/www.robertosedda.it\/?attachment_id=7518\" data-orig-file=\"https:\/\/i0.wp.com\/www.robertosedda.it\/wp-content\/uploads\/2014\/05\/Report-otto-marzo-2014-Cagliari.jpg?fit=1654%2C2339&amp;ssl=1\" data-orig-size=\"1654,2339\" data-comments-opened=\"1\" data-image-meta=\"{&quot;aperture&quot;:&quot;0&quot;,&quot;credit&quot;:&quot;&quot;,&quot;camera&quot;:&quot;&quot;,&quot;caption&quot;:&quot;&quot;,&quot;created_timestamp&quot;:&quot;0&quot;,&quot;copyright&quot;:&quot;&quot;,&quot;focal_length&quot;:&quot;0&quot;,&quot;iso&quot;:&quot;0&quot;,&quot;shutter_speed&quot;:&quot;0&quot;,&quot;title&quot;:&quot;&quot;}\" data-image-title=\"Report otto marzo 2014 Cagliari\" data-image-description=\"\" data-image-caption=\"\" data-medium-file=\"https:\/\/i0.wp.com\/www.robertosedda.it\/wp-content\/uploads\/2014\/05\/Report-otto-marzo-2014-Cagliari.jpg?fit=212%2C300&amp;ssl=1\" data-large-file=\"https:\/\/i0.wp.com\/www.robertosedda.it\/wp-content\/uploads\/2014\/05\/Report-otto-marzo-2014-Cagliari.jpg?fit=510%2C721&amp;ssl=1\" decoding=\"async\" loading=\"lazy\" class=\"alignleft size-medium wp-image-7518\" src=\"https:\/\/i0.wp.com\/www.robertosedda.it\/wp-content\/uploads\/2014\/05\/Report-otto-marzo-2014-Cagliari.jpg?resize=212%2C300\" alt=\"Report otto marzo 2014 Cagliari\" width=\"212\" height=\"300\" srcset=\"https:\/\/i0.wp.com\/www.robertosedda.it\/wp-content\/uploads\/2014\/05\/Report-otto-marzo-2014-Cagliari.jpg?resize=212%2C300&amp;ssl=1 212w, https:\/\/i0.wp.com\/www.robertosedda.it\/wp-content\/uploads\/2014\/05\/Report-otto-marzo-2014-Cagliari.jpg?resize=106%2C150&amp;ssl=1 106w, https:\/\/i0.wp.com\/www.robertosedda.it\/wp-content\/uploads\/2014\/05\/Report-otto-marzo-2014-Cagliari.jpg?resize=510%2C721&amp;ssl=1 510w, https:\/\/i0.wp.com\/www.robertosedda.it\/wp-content\/uploads\/2014\/05\/Report-otto-marzo-2014-Cagliari.jpg?resize=700%2C989&amp;ssl=1 700w, https:\/\/i0.wp.com\/www.robertosedda.it\/wp-content\/uploads\/2014\/05\/Report-otto-marzo-2014-Cagliari.jpg?w=1654&amp;ssl=1 1654w, https:\/\/i0.wp.com\/www.robertosedda.it\/wp-content\/uploads\/2014\/05\/Report-otto-marzo-2014-Cagliari.jpg?w=1600 1600w\" sizes=\"(max-width: 212px) 100vw, 212px\" data-recalc-dims=\"1\" \/><\/a>Il gruppo <em>La Pira<\/em> ha finalmente completato il <em>report<\/em> del <a title=\"Una mattina di sabato, sotto un magnifico retablo, a discutere di Cagliari\" href=\"http:\/\/www.robertosedda.it\/?p=6672\">seminario di studio sulla situazione della citt\u00e0 di Cagliari<\/a> che si \u00e8 tenuto ormai pi\u00f9 di due mesi fa, l&#8217;8 marzo.<\/p>\n<p>Per il momento il gruppo non ha un proprio sito e il <em>report<\/em> \u00e8 stato inviato direttamente ai partecipanti: ho pensato che potesse essere utile metterlo anche qui sul <em>blog<\/em>, quindi se volete <a href=\"http:\/\/www.robertosedda.it\/wp-content\/uploads\/2014\/05\/Report-otto-marzo-2014-Cagliari.pdf\">lo potete scaricare liberamente<\/a>.<\/p>\n<p>Anche Enrico Lobina, che ha partecipato al seminario, <a href=\"http:\/\/www.enricolobina.org\/wp\/2014\/05\/24\/le-attese-della-citta-dialogo-col-gruppo-diocesano-giorgio-la-pira\/\">ha messo in distribuzione il <em>report<\/em> sul suo <em>blog<\/em> con una prima serie di osservazioni<\/a>, delle quali l&#8217;intero gruppo gli \u00e8 enormemente grato e che raccomando di leggere.<\/p>\n<p>Se altri partecipanti al seminario dovessero pubblicare ulteriori osservazioni cercher\u00f2 di segnalarle qui sotto nei commenti.<\/p>\n","protected":false},"excerpt":{"rendered":"<p>Il gruppo La Pira ha finalmente completato il report del seminario di studio sulla situazione della citt\u00e0 di Cagliari che<\/p>\n","protected":false},"author":1,"featured_media":7518,"comment_status":"open","ping_status":"open","sticky":false,"template":"","format":"standard","meta":{"_mi_skip_tracking":false,"_monsterinsights_sitenote_active":false,"_monsterinsights_sitenote_note":"","_monsterinsights_sitenote_category":0,"jetpack_post_was_ever_published":false,"_jetpack_newsletter_access":"","jetpack_publicize_message":"","jetpack_is_tweetstorm":false,"jetpack_publicize_feature_enabled":true,"jetpack_social_post_already_shared":true,"jetpack_social_options":{"image_generator_settings":{"template":"highway","enabled":false}}},"categories":[52,49,54,62,12],"tags":[],"jetpack_publicize_connections":[],"jetpack_featured_media_url":"https:\/\/i0.wp.com\/www.robertosedda.it\/wp-content\/uploads\/2014\/05\/Report-otto-marzo-2014-Cagliari.jpg?fit=1654%2C2339&ssl=1","jetpack_sharing_enabled":true,"jetpack_shortlink":"https:\/\/wp.me\/p4jV2T-1Xe","jetpack_likes_enabled":true,"jetpack-related-posts":[{"id":15651,"url":"https:\/\/www.robertosedda.it\/?p=15651","url_meta":{"origin":7516,"position":0},"title":"Seminari africani","author":"Rufus","date":"06\/09\/2018","format":false,"excerpt":"Segnalo un ciclo di seminari all'Universit\u00e0 che, soprattutto in questo periodo, mi pare oltremodo interessante (detto in altro modo, magari qualcuno potrebbe dire meno sciocchezze - o credere a meno schiocchezze). I seminari si terranno nell'Aula CM 7 del Campus Aresu, in via S. Giorgio 12. Ciclo di seminari di\u2026","rel":"","context":"In &quot;Coordinate&quot;","block_context":{"text":"Coordinate","link":"https:\/\/www.robertosedda.it\/?cat=52"},"img":{"alt_text":"","src":"https:\/\/i0.wp.com\/www.robertosedda.it\/wp-content\/uploads\/2018\/09\/Seminari-Africa.jpg?fit=606%2C855&ssl=1&resize=350%2C200","width":350,"height":200},"classes":[]},{"id":14599,"url":"https:\/\/www.robertosedda.it\/?p=14599","url_meta":{"origin":7516,"position":1},"title":"REBLOG: L&#8217;Africa colonizzata","author":"Rufus","date":"30\/01\/2018","format":false,"excerpt":"Nel mese di Febraio, nella Facolt\u00e0 di Scienze Giuridiche, Economiche e Politiche, un ciclo di seminari fondamentale per chi vuole capire di pi\u00f9 della storia dell'Africa per capire anche quella di oggi. Queste le informazioni pubblicate sul sito dell'Universit\u00e0 di Cagliari: Nel mese di febbraio, il Corso di laurea magistrale\u2026","rel":"","context":"In &quot;Coordinate&quot;","block_context":{"text":"Coordinate","link":"https:\/\/www.robertosedda.it\/?cat=52"},"img":{"alt_text":"","src":"https:\/\/i0.wp.com\/www.robertosedda.it\/wp-content\/uploads\/2018\/01\/e681315ed8808619c289866076491a32_d0-300x300.jpg?resize=350%2C200","width":350,"height":200},"classes":[]},{"id":6087,"url":"https:\/\/www.robertosedda.it\/?p=6087","url_meta":{"origin":7516,"position":2},"title":"Peccato, non sono potuto andare&#8230;","author":"Rufus","date":"01\/02\/2014","format":"gallery","excerpt":"Stamattina io e Andrea Salidu abbiamo ripreso in mano i contenuti del seminario su Impariamo a stare in rete e li abbiamo proposti al GIT di Cagliari di Banca Etica, come occasione di formazione interna. \u00c8 stata una mattinata molto piacevole e insomma grazie a tutti dell'attenzione e a Gaetano\u2026","rel":"","context":"In &quot;Coordinate&quot;","block_context":{"text":"Coordinate","link":"https:\/\/www.robertosedda.it\/?cat=52"},"img":{"alt_text":"","src":"https:\/\/i0.wp.com\/www.robertosedda.it\/wp-content\/uploads\/2014\/02\/Impariamo-a-stare-in-rete-GIT-1.jpg?resize=350%2C200","width":350,"height":200},"classes":[]},{"id":3277,"url":"https:\/\/www.robertosedda.it\/?p=3277","url_meta":{"origin":7516,"position":3},"title":"\u00c8 andata proprio bene","author":"Rufus","date":"28\/05\/2013","format":"gallery","excerpt":"Ieri i Fabbricastorie hanno ricominciato a fare incontri pubblici a Cagliari con il seminario su \u00abFabbricar Storie...\u00a0 inventare racconti e improvvisare storie\u00bb di cui vi avevo gi\u00e0 parlato. \u00c8 andata molto bene, come potete vedere da un certo punto in poi: stanno tutti ridendo. E perci\u00f2 replicheremo, probabilmente entro giugno.","rel":"","context":"In &quot;Coordinate&quot;","block_context":{"text":"Coordinate","link":"https:\/\/www.robertosedda.it\/?cat=52"},"img":{"alt_text":"","src":"https:\/\/i0.wp.com\/www.robertosedda.it\/wp-content\/uploads\/2013\/05\/2013-05-27-18.50.48.jpg?fit=1200%2C900&ssl=1&resize=350%2C200","width":350,"height":200,"srcset":"https:\/\/i0.wp.com\/www.robertosedda.it\/wp-content\/uploads\/2013\/05\/2013-05-27-18.50.48.jpg?fit=1200%2C900&ssl=1&resize=350%2C200 1x, https:\/\/i0.wp.com\/www.robertosedda.it\/wp-content\/uploads\/2013\/05\/2013-05-27-18.50.48.jpg?fit=1200%2C900&ssl=1&resize=700%2C400 2x, https:\/\/i0.wp.com\/www.robertosedda.it\/wp-content\/uploads\/2013\/05\/2013-05-27-18.50.48.jpg?fit=1200%2C900&ssl=1&resize=1050%2C600 3x"},"classes":[]},{"id":6672,"url":"https:\/\/www.robertosedda.it\/?p=6672","url_meta":{"origin":7516,"position":4},"title":"Una mattina di sabato, sotto un magnifico retablo, a discutere di Cagliari","author":"Rufus","date":"10\/03\/2014","format":false,"excerpt":"Domande di politica e quel gruppo a cui non viene mai detto di no Non so se ricordate un articolo di un po' di tempo fa in cui mi facevo, e facevo a tutti, delle domande su Cagliari. Erano domande politiche, ma nella discussione successiva, sia sulla rete che di\u2026","rel":"","context":"In &quot;Coordinate&quot;","block_context":{"text":"Coordinate","link":"https:\/\/www.robertosedda.it\/?cat=52"},"img":{"alt_text":"","src":"https:\/\/i0.wp.com\/www.robertosedda.it\/wp-content\/uploads\/2013\/11\/SantEfisio.jpg?fit=640%2C428&ssl=1&resize=350%2C200","width":350,"height":200},"classes":[]},{"id":10162,"url":"https:\/\/www.robertosedda.it\/?p=10162","url_meta":{"origin":7516,"position":5},"title":"#ioleggoperch\u00e9 ultimo posto dove ritirare le copie","author":"Rufus","date":"02\/05\/2015","format":false,"excerpt":"Sapete che ho sparso copie gratuite di due romanzi in vari posti della citt\u00e0 e ogni giorno sto pubblicando degli indizi su dove trovarle? Se non lo sapete leggete qui. Oggi segnalo dove trovare le ultime copie di Warrior Cats. Potremmo dire cos\u00ec: Ci sono molte gelaterie a Cagliari. Ma\u2026","rel":"","context":"In &quot;Coordinate&quot;","block_context":{"text":"Coordinate","link":"https:\/\/www.robertosedda.it\/?cat=52"},"img":{"alt_text":"","src":"https:\/\/i0.wp.com\/www.robertosedda.it\/wp-content\/uploads\/2015\/04\/Warrior-Cats.jpg?fit=259%2C390&ssl=1&resize=350%2C200","width":350,"height":200},"classes":[]}],"_links":{"self":[{"href":"https:\/\/www.robertosedda.it\/index.php?rest_route=\/wp\/v2\/posts\/7516"}],"collection":[{"href":"https:\/\/www.robertosedda.it\/index.php?rest_route=\/wp\/v2\/posts"}],"about":[{"href":"https:\/\/www.robertosedda.it\/index.php?rest_route=\/wp\/v2\/types\/post"}],"author":[{"embeddable":true,"href":"https:\/\/www.robertosedda.it\/index.php?rest_route=\/wp\/v2\/users\/1"}],"replies":[{"embeddable":true,"href":"https:\/\/www.robertosedda.it\/index.php?rest_route=%2Fwp%2Fv2%2Fcomments&post=7516"}],"version-history":[{"count":1,"href":"https:\/\/www.robertosedda.it\/index.php?rest_route=\/wp\/v2\/posts\/7516\/revisions"}],"predecessor-version":[{"id":7519,"href":"https:\/\/www.robertosedda.it\/index.php?rest_route=\/wp\/v2\/posts\/7516\/revisions\/7519"}],"wp:featuredmedia":[{"embeddable":true,"href":"https:\/\/www.robertosedda.it\/index.php?rest_route=\/wp\/v2\/media\/7518"}],"wp:attachment":[{"href":"https:\/\/www.robertosedda.it\/index.php?rest_route=%2Fwp%2Fv2%2Fmedia&parent=7516"}],"wp:term":[{"taxonomy":"category","embeddable":true,"href":"https:\/\/www.robertosedda.it\/index.php?rest_route=%2Fwp%2Fv2%2Fcategories&post=7516"},{"taxonomy":"post_tag","embeddable":true,"href":"https:\/\/www.robertosedda.it\/index.php?rest_route=%2Fwp%2Fv2%2Ftags&post=7516"}],"curies":[{"name":"wp","href":"https:\/\/api.w.org\/{rel}","templated":true}]}}