{"id":7406,"date":"2014-05-14T18:42:37","date_gmt":"2014-05-14T16:42:37","guid":{"rendered":"http:\/\/www.robertosedda.it\/?p=7406"},"modified":"2015-10-20T09:02:18","modified_gmt":"2015-10-20T07:02:18","slug":"misteri-copertine-corrado-augias-e-michela-murgia-e-la-madonna","status":"publish","type":"post","link":"https:\/\/www.robertosedda.it\/?p=7406","title":{"rendered":"Misteri, copertine, Corrado Augias e Michela Murgia&#8230; e la Madonna"},"content":{"rendered":"<p>L&#8217;altro giorno, in libreria, mi cade l&#8217;occhio sull&#8217;ultimo libro di Corrado Augias, <em>Inchiesta su Maria. La storia vera della fanciulla che divenne mito<\/em>. Ora, \u00e8 un titolo che gi\u00e0 meriterebbe dei commenti (moooolto negativi), ma non \u00e8 di questo che voglio parlare. Il fatto \u00e8 che la copertina mi ricordava qualcosa, solo che non capivo cosa.<\/p>\n<p>Poi mi \u00e8 venuto in mente: assomiglia alla copertina di <em>Ave Mary<\/em> di Michela Murgia.<img data-attachment-id=\"7408\" data-permalink=\"https:\/\/www.robertosedda.it\/?attachment_id=7408\" data-orig-file=\"https:\/\/i0.wp.com\/www.robertosedda.it\/wp-content\/uploads\/2014\/05\/Murgia-Ave-Mary.jpg?fit=1648%2C2584&amp;ssl=1\" data-orig-size=\"1648,2584\" data-comments-opened=\"1\" data-image-meta=\"{&quot;aperture&quot;:&quot;0&quot;,&quot;credit&quot;:&quot;&quot;,&quot;camera&quot;:&quot;&quot;,&quot;caption&quot;:&quot;&quot;,&quot;created_timestamp&quot;:&quot;0&quot;,&quot;copyright&quot;:&quot;&quot;,&quot;focal_length&quot;:&quot;0&quot;,&quot;iso&quot;:&quot;0&quot;,&quot;shutter_speed&quot;:&quot;0&quot;,&quot;title&quot;:&quot;&quot;}\" data-image-title=\"Murgia Ave Mary\" data-image-description=\"\" data-image-caption=\"\" data-medium-file=\"https:\/\/i0.wp.com\/www.robertosedda.it\/wp-content\/uploads\/2014\/05\/Murgia-Ave-Mary.jpg?fit=191%2C300&amp;ssl=1\" data-large-file=\"https:\/\/i0.wp.com\/www.robertosedda.it\/wp-content\/uploads\/2014\/05\/Murgia-Ave-Mary.jpg?fit=510%2C799&amp;ssl=1\" decoding=\"async\" loading=\"lazy\" class=\"alignleft wp-image-7408 size-medium\" src=\"https:\/\/i0.wp.com\/www.robertosedda.it\/wp-content\/uploads\/2014\/05\/Murgia-Ave-Mary.jpg?resize=191%2C300\" alt=\"Murgia Ave Mary\" width=\"191\" height=\"300\" srcset=\"https:\/\/i0.wp.com\/www.robertosedda.it\/wp-content\/uploads\/2014\/05\/Murgia-Ave-Mary.jpg?resize=191%2C300&amp;ssl=1 191w, https:\/\/i0.wp.com\/www.robertosedda.it\/wp-content\/uploads\/2014\/05\/Murgia-Ave-Mary.jpg?resize=95%2C150&amp;ssl=1 95w, https:\/\/i0.wp.com\/www.robertosedda.it\/wp-content\/uploads\/2014\/05\/Murgia-Ave-Mary.jpg?resize=510%2C799&amp;ssl=1 510w, https:\/\/i0.wp.com\/www.robertosedda.it\/wp-content\/uploads\/2014\/05\/Murgia-Ave-Mary.jpg?resize=700%2C1097&amp;ssl=1 700w, https:\/\/i0.wp.com\/www.robertosedda.it\/wp-content\/uploads\/2014\/05\/Murgia-Ave-Mary.jpg?w=1648&amp;ssl=1 1648w\" sizes=\"(max-width: 191px) 100vw, 191px\" data-recalc-dims=\"1\" \/><img data-attachment-id=\"7407\" data-permalink=\"https:\/\/www.robertosedda.it\/?attachment_id=7407\" data-orig-file=\"https:\/\/i0.wp.com\/www.robertosedda.it\/wp-content\/uploads\/2014\/05\/Augias-Maria.jpg?fit=600%2C929&amp;ssl=1\" data-orig-size=\"600,929\" data-comments-opened=\"1\" data-image-meta=\"{&quot;aperture&quot;:&quot;0&quot;,&quot;credit&quot;:&quot;&quot;,&quot;camera&quot;:&quot;&quot;,&quot;caption&quot;:&quot;&quot;,&quot;created_timestamp&quot;:&quot;0&quot;,&quot;copyright&quot;:&quot;&quot;,&quot;focal_length&quot;:&quot;0&quot;,&quot;iso&quot;:&quot;0&quot;,&quot;shutter_speed&quot;:&quot;0&quot;,&quot;title&quot;:&quot;&quot;}\" data-image-title=\"Augias Maria\" data-image-description=\"\" data-image-caption=\"\" data-medium-file=\"https:\/\/i0.wp.com\/www.robertosedda.it\/wp-content\/uploads\/2014\/05\/Augias-Maria.jpg?fit=193%2C300&amp;ssl=1\" data-large-file=\"https:\/\/i0.wp.com\/www.robertosedda.it\/wp-content\/uploads\/2014\/05\/Augias-Maria.jpg?fit=510%2C789&amp;ssl=1\" decoding=\"async\" loading=\"lazy\" class=\"alignleft wp-image-7407 size-medium\" src=\"https:\/\/i0.wp.com\/www.robertosedda.it\/wp-content\/uploads\/2014\/05\/Augias-Maria.jpg?resize=193%2C300\" alt=\"Augias Maria\" width=\"193\" height=\"300\" srcset=\"https:\/\/i0.wp.com\/www.robertosedda.it\/wp-content\/uploads\/2014\/05\/Augias-Maria.jpg?resize=193%2C300&amp;ssl=1 193w, https:\/\/i0.wp.com\/www.robertosedda.it\/wp-content\/uploads\/2014\/05\/Augias-Maria.jpg?resize=96%2C150&amp;ssl=1 96w, https:\/\/i0.wp.com\/www.robertosedda.it\/wp-content\/uploads\/2014\/05\/Augias-Maria.jpg?resize=510%2C789&amp;ssl=1 510w, https:\/\/i0.wp.com\/www.robertosedda.it\/wp-content\/uploads\/2014\/05\/Augias-Maria.jpg?w=600&amp;ssl=1 600w\" sizes=\"(max-width: 193px) 100vw, 193px\" data-recalc-dims=\"1\" \/><\/p>\n<p>E mi sono chiesto: possibile che abbiano scelto lo stesso quadro? Non \u00e8 una cosa un po&#8217; clamorosa, che si dovrebbe evitare? Sicuramente non l&#8217;hanno fatto: eppure l&#8217;immagine sembra <em>davvero<\/em> la stessa.<\/p>\n<p>Siccome \u00e8 noto in tutto l&#8217;universo mondo che il vostro amichevole Rufus di quartiere si appassiona ai misteri inutili e alle questioni da poco, mi ci sono messo al lavoro sul serio.<\/p>\n<p>Un rapido controllo sulla copia di casa di\u00a0<em>Ave Mary<\/em> rivela che l&#8217;immagine di copertina \u00e8 una <em>Vergine in preghiera<\/em>, ora custodita alla <em>National Gallery<\/em>, di Giovanni Battista Salvi detto il Sassoferrato. Il quadro intero \u00e8 questo:<\/p>\n<figure id=\"attachment_7412\" aria-describedby=\"caption-attachment-7412\" style=\"width: 477px\" class=\"wp-caption aligncenter\"><a href=\"https:\/\/i0.wp.com\/www.robertosedda.it\/wp-content\/uploads\/2014\/05\/Vergine-in-preghiera.jpg\"><img data-attachment-id=\"7412\" data-permalink=\"https:\/\/www.robertosedda.it\/?attachment_id=7412\" data-orig-file=\"https:\/\/i0.wp.com\/www.robertosedda.it\/wp-content\/uploads\/2014\/05\/Vergine-in-preghiera.jpg?fit=477%2C600&amp;ssl=1\" data-orig-size=\"477,600\" data-comments-opened=\"1\" data-image-meta=\"{&quot;aperture&quot;:&quot;0&quot;,&quot;credit&quot;:&quot;&quot;,&quot;camera&quot;:&quot;&quot;,&quot;caption&quot;:&quot;&quot;,&quot;created_timestamp&quot;:&quot;0&quot;,&quot;copyright&quot;:&quot;&quot;,&quot;focal_length&quot;:&quot;0&quot;,&quot;iso&quot;:&quot;0&quot;,&quot;shutter_speed&quot;:&quot;0&quot;,&quot;title&quot;:&quot;&quot;}\" data-image-title=\"Vergine in preghiera\" data-image-description=\"\" data-image-caption=\"\" data-medium-file=\"https:\/\/i0.wp.com\/www.robertosedda.it\/wp-content\/uploads\/2014\/05\/Vergine-in-preghiera.jpg?fit=238%2C300&amp;ssl=1\" data-large-file=\"https:\/\/i0.wp.com\/www.robertosedda.it\/wp-content\/uploads\/2014\/05\/Vergine-in-preghiera.jpg?fit=477%2C600&amp;ssl=1\" decoding=\"async\" loading=\"lazy\" class=\"wp-image-7412 size-full\" src=\"https:\/\/i0.wp.com\/www.robertosedda.it\/wp-content\/uploads\/2014\/05\/Vergine-in-preghiera.jpg?resize=477%2C600\" alt=\"Vergine in preghiera\" width=\"477\" height=\"600\" srcset=\"https:\/\/i0.wp.com\/www.robertosedda.it\/wp-content\/uploads\/2014\/05\/Vergine-in-preghiera.jpg?w=477&amp;ssl=1 477w, https:\/\/i0.wp.com\/www.robertosedda.it\/wp-content\/uploads\/2014\/05\/Vergine-in-preghiera.jpg?resize=119%2C150&amp;ssl=1 119w, https:\/\/i0.wp.com\/www.robertosedda.it\/wp-content\/uploads\/2014\/05\/Vergine-in-preghiera.jpg?resize=238%2C300&amp;ssl=1 238w\" sizes=\"(max-width: 477px) 100vw, 477px\" data-recalc-dims=\"1\" \/><\/a><figcaption id=\"caption-attachment-7412\" class=\"wp-caption-text\">Fonte: Wikimedia<\/figcaption><\/figure>\n<p>A questo punto ero un po&#8217; perplesso: \u00e8 lo stesso del libro di Augias? \u00c8 diverso? Un po&#8217; mi sembrava lo stesso quadro, un po&#8217; mi pareva di notare dei particolari lievemente differenti. Alla fine ho scoperto un altro quadro del Sassoferrato che presenta lo stesso tema, gli stessi abiti e probabilmente la stessa modella, ma ha alcune differenze:<\/p>\n<p><a href=\"https:\/\/i0.wp.com\/www.robertosedda.it\/wp-content\/uploads\/2014\/05\/Madonna-in-preghiera.jpg\"><img data-attachment-id=\"7417\" data-permalink=\"https:\/\/www.robertosedda.it\/?attachment_id=7417\" data-orig-file=\"https:\/\/i0.wp.com\/www.robertosedda.it\/wp-content\/uploads\/2014\/05\/Madonna-in-preghiera.jpg?fit=374%2C500&amp;ssl=1\" data-orig-size=\"374,500\" data-comments-opened=\"1\" data-image-meta=\"{&quot;aperture&quot;:&quot;0&quot;,&quot;credit&quot;:&quot;&quot;,&quot;camera&quot;:&quot;&quot;,&quot;caption&quot;:&quot;&quot;,&quot;created_timestamp&quot;:&quot;0&quot;,&quot;copyright&quot;:&quot;&quot;,&quot;focal_length&quot;:&quot;0&quot;,&quot;iso&quot;:&quot;0&quot;,&quot;shutter_speed&quot;:&quot;0&quot;,&quot;title&quot;:&quot;&quot;}\" data-image-title=\"Madonna in preghiera\" data-image-description=\"\" data-image-caption=\"\" data-medium-file=\"https:\/\/i0.wp.com\/www.robertosedda.it\/wp-content\/uploads\/2014\/05\/Madonna-in-preghiera.jpg?fit=224%2C300&amp;ssl=1\" data-large-file=\"https:\/\/i0.wp.com\/www.robertosedda.it\/wp-content\/uploads\/2014\/05\/Madonna-in-preghiera.jpg?fit=374%2C500&amp;ssl=1\" decoding=\"async\" loading=\"lazy\" class=\"aligncenter size-full wp-image-7417\" src=\"https:\/\/i0.wp.com\/www.robertosedda.it\/wp-content\/uploads\/2014\/05\/Madonna-in-preghiera.jpg?resize=374%2C500\" alt=\"Madonna in preghiera\" width=\"374\" height=\"500\" srcset=\"https:\/\/i0.wp.com\/www.robertosedda.it\/wp-content\/uploads\/2014\/05\/Madonna-in-preghiera.jpg?w=374&amp;ssl=1 374w, https:\/\/i0.wp.com\/www.robertosedda.it\/wp-content\/uploads\/2014\/05\/Madonna-in-preghiera.jpg?resize=112%2C150&amp;ssl=1 112w, https:\/\/i0.wp.com\/www.robertosedda.it\/wp-content\/uploads\/2014\/05\/Madonna-in-preghiera.jpg?resize=224%2C300&amp;ssl=1 224w\" sizes=\"(max-width: 374px) 100vw, 374px\" data-recalc-dims=\"1\" \/><\/a>Soddisfatto del lavoro investigativo, e anche un po&#8217; di quello che questa somiglianza rivela sul modo di lavorare della bottega di un pittore barocco (ci doveva essere un armadio pieno di costumi, e quello del quadro era quello &#8220;da Madonna&#8221;), mi rimaneva comunque il dubbio sulle copertine: Giovanni Battista Salvi non \u00e8 propriamente Caravaggio, e in ogni caso ci sono pittori a migliaia e Madonne a bizzeffe; possibile che per ogni libro che si pubblica in Italia sulla Vergine Maria si debba usare solo lui?<\/p>\n<p>\u00c8 stato a questo punto che l&#8217;istinto del giocatore di ruolo ha preso il sopravvento, e un sacco di possibili spiegazioni mi si sono affollate alla mente: le elenco qui sotto, lasciandovi liberi di scegliere la vostra preferita (o di aggiungerne altre).<\/p>\n<ol>\n<li><strong>Ipotesi ludica<\/strong>: il direttore editoriale di Rizzoli e quello di Einaudi hanno un&#8217;amichevole competizione in corso, non dissimile dal vecchio gioco di <em>\u00c8 arrivato un bastimento<\/em>, <em>carico carico di&#8230;<\/em> Giovanni Battista Salvi. Se uno pubblica un libro con in copertina l&#8217;opera di un pittore, l&#8217;altro deve pareggiare con un altro quadro dello stesso pittore entro un anno, altrimenti paga una cena.<\/li>\n<li><strong>Ipotesi cthuloide<\/strong>: oscuri redattori annidati nei pi\u00f9 reconditi sotterranei di antiche case editrici conoscono la profezia dell&#8217;arabo pazzo Al-Azhared: quando saranno pubblicati sette quadri di Sassoferrato in copertina di libri scritti da sette autori diversi, con sette ipotesi sulla Madonna elaborate a partire da sette manoscritti proibiti la cui sapienza \u00e8 stata distillata da sette scrittori ben adusi a frequentare lo schermo televisivo, allora i Grandi Antichi torneranno.<\/li>\n<li><strong>Ipotesi sentimentale<\/strong>: Augias \u00e8 segretamente innamorato di Michela Murgia ma, essendo notoriamente un gentiluomo d&#8217;altri tempi e non sapendo come dichiararsi, dopo avere scartato l&#8217;ipotesi di scrivere\u00a0<em>I misteri di Cabras<\/em> e dedicarglielo ha optato per rivolgerle un tenero omaggio pubblicando un libro con una copertina simile alla sua.<\/li>\n<li><strong>Ipotesi grandi magazzini<\/strong>: alla <em>National Gallery <\/em>sono in fase di sconti: se compri i diritti di un\u00a0D\u00fcrer per metterlo sulla copertina di un libro ti danno in <em>bundle<\/em> un Sassoferrato gratis, e poi da qualche parte bisogna pure pubblicarlo.<\/li>\n<li><strong>Ipotesi speculativa<\/strong>: il grafico di Rizzoli e quello di Einaudi sono segretamente gli unici discendenti del Sassoferrato e hanno trovato in una vecchia cassa in soffitta numerosi dipinti dell&#8217;antenato. Per far salire le quotazioni dei quadri hanno deciso di pubblicare <em>ovunque<\/em> le opere del loro avo, per massimizzare le ricchezze che ammasseranno vendendo la loro scoperta ai collezionisti giapponesi.<\/li>\n<li><strong>Ipotesi del pubblico bue<\/strong>: in Italia, si sa, non si leggono libri e quindi il pubblico \u00e8 distratto. Per far capire che l&#8217;argomento del libro \u00e8 proprio quello, <em>sai, quello di quell&#8217;altro libro, ti ricordi?<\/em>, bisogna usare mezzi energici. Scartata l&#8217;ipotesi di picchiare i lettori cool giornale arrotolato gridando a voce alta: \u00abTe&#8217; qu\u00e0, Bobi, te&#8217; qu\u00e0\u00bb, questo \u00e8 stato considerato un segnale sufficientemente esplicito.<\/li>\n<li><strong>Ipotesi<\/strong> <em><strong>noir<\/strong><\/em>: un tempo le bande di spie comunicavano pubblicando annunci in codice sui quotidiani. Adesso usano libri segnalati da copertine predefinite, da cui prendere le iniziali di pagine predeterminate.<\/li>\n<li><strong>Ipotesi marziana<\/strong>: ripetitori stellari inviano messaggi ipnotici per soggiogare la Terra. Su Aldebaran, prima di mandare messaggi veramente decisivi come: <em>rivelateci la formula segreta della Coca-Cola<\/em>, gli alieni si esercitano con attivit\u00e0 senza senso, come vedere quanti quadri di Giovanni Battista Salvi riescono a far mettere in copertina.<\/li>\n<li><strong>Ipotesi <em>fuzzy<\/em><\/strong>: \u00e8 un caso &#8211; ogni volta che una farfalla sbatte le ali in Amazzonia viene pubblicato un libro con la copertina di Giovan Battista Salvi.<\/li>\n<li><strong>Ultima<\/strong> <strong>ipotesi<\/strong>: c&#8217;\u00e8 un certo grado di faciloneria nell&#8217;industria editoriale italiana&#8230;<\/li>\n<\/ol>\n","protected":false},"excerpt":{"rendered":"<p>L&#8217;altro giorno, in libreria, mi cade l&#8217;occhio sull&#8217;ultimo libro di Corrado Augias, Inchiesta su Maria. La storia vera della fanciulla<\/p>\n","protected":false},"author":1,"featured_media":7412,"comment_status":"open","ping_status":"open","sticky":false,"template":"","format":"standard","meta":{"_mi_skip_tracking":false,"_monsterinsights_sitenote_active":false,"_monsterinsights_sitenote_note":"","_monsterinsights_sitenote_category":0,"jetpack_post_was_ever_published":false,"_jetpack_newsletter_access":"","jetpack_publicize_message":"","jetpack_is_tweetstorm":false,"jetpack_publicize_feature_enabled":true,"jetpack_social_post_already_shared":true,"jetpack_social_options":{"image_generator_settings":{"template":"highway","enabled":false}}},"categories":[52,56,61,19],"tags":[],"jetpack_publicize_connections":[],"jetpack_featured_media_url":"https:\/\/i0.wp.com\/www.robertosedda.it\/wp-content\/uploads\/2014\/05\/Vergine-in-preghiera.jpg?fit=477%2C600&ssl=1","jetpack_sharing_enabled":true,"jetpack_shortlink":"https:\/\/wp.me\/p4jV2T-1Vs","jetpack_likes_enabled":true,"jetpack-related-posts":[{"id":3776,"url":"https:\/\/www.robertosedda.it\/?p=3776","url_meta":{"origin":7406,"position":0},"title":"Popolarit\u00e0","author":"Rufus","date":"01\/07\/2013","format":false,"excerpt":"Nell'articolo di Michela Murgia sulla sua candidatura alla presidenza della Regione Sardegna c'\u00e8 una frase che mi ha colpito. ProgReS \u00e8 un partito giovane e dinamico, dove la media degli aderenti \u00e8 intorno ai 30 anni e la competenza pi\u00f9 diffusa \u00e8 la laurea. Hmmmm. La laurea. Io e Michela\u2026","rel":"","context":"In &quot;Coordinate&quot;","block_context":{"text":"Coordinate","link":"https:\/\/www.robertosedda.it\/?cat=52"},"img":{"alt_text":"","src":"https:\/\/i0.wp.com\/www.robertosedda.it\/wp-content\/uploads\/2013\/07\/Michela-Murgia.jpg?fit=960%2C639&ssl=1&resize=350%2C200","width":350,"height":200,"srcset":"https:\/\/i0.wp.com\/www.robertosedda.it\/wp-content\/uploads\/2013\/07\/Michela-Murgia.jpg?fit=960%2C639&ssl=1&resize=350%2C200 1x, https:\/\/i0.wp.com\/www.robertosedda.it\/wp-content\/uploads\/2013\/07\/Michela-Murgia.jpg?fit=960%2C639&ssl=1&resize=700%2C400 2x"},"classes":[]},{"id":577,"url":"https:\/\/www.robertosedda.it\/?p=577","url_meta":{"origin":7406,"position":1},"title":"La grande famiglia","author":"Rufus","date":"22\/08\/2012","format":false,"excerpt":"Per otto anni sono stata animatrice parrocchiale nell\u2019Azione Cattolica. Trovo questa frase, per noi abbastanza usuale, ad aprire il secondo capitolo di un libro \u201cdi richiamo\u201d appena uscito, Ave Mary di Michela Murgia, scritttrice ormai affermata dopo aver vinto con Accabbadora il premio Campiello e opinionista seguitissima, sia sul suo\u2026","rel":"","context":"In &quot;Azione Cattolica&quot;","block_context":{"text":"Azione Cattolica","link":"https:\/\/www.robertosedda.it\/?cat=76"},"img":{"alt_text":"","src":"","width":0,"height":0},"classes":[]},{"id":10243,"url":"https:\/\/www.robertosedda.it\/?p=10243","url_meta":{"origin":7406,"position":2},"title":"Giustizia per Gino D&#8217;Achille","author":"Rufus","date":"22\/05\/2015","format":false,"excerpt":"Ok, ditemi il nome di un illustratore\u00a0fantasy dell'epoca eroica. Mmmm, Frazetta? L'illustratore principe delle copertine dei libri di Conan? Una buona scelta, naturalmente. Apprezzerete, fra l'altro, che non vi ho messo una donnina delle solite. Oppure Boris Vallejo, un altro che \u00e8 comparso sulle copertine di met\u00e0 dei libri\u00a0fantasy\u00a0del mondo.\u2026","rel":"","context":"In &quot;Coordinate&quot;","block_context":{"text":"Coordinate","link":"https:\/\/www.robertosedda.it\/?cat=52"},"img":{"alt_text":"","src":"https:\/\/i0.wp.com\/www.robertosedda.it\/wp-content\/uploads\/2015\/05\/Gino-DAchille.jpg?fit=591%2C411&ssl=1&resize=350%2C200","width":350,"height":200},"classes":[]},{"id":6491,"url":"https:\/\/www.robertosedda.it\/?p=6491","url_meta":{"origin":7406,"position":3},"title":"Mi espongo alla berlina: elezioni regionali","author":"Rufus","date":"18\/02\/2014","format":false,"excerpt":"Ai bei vecchi tempi di it.arti.cinema si usava il tag \"miespongoallaberlina\" per introdurre post in cui si lodavano film universalmente considerati brutti o si facevano altre cose estremamente imprudenti. Lo metto come titolo a questo articolo perch\u00e9 sto per fare una cosa che davvero non si dovrebbe fare: commentare i\u2026","rel":"","context":"In &quot;Coordinate&quot;","block_context":{"text":"Coordinate","link":"https:\/\/www.robertosedda.it\/?cat=52"},"img":{"alt_text":"","src":"https:\/\/i0.wp.com\/www.robertosedda.it\/wp-content\/uploads\/2014\/02\/Vittoria-Pigliaru.jpg?fit=960%2C637&ssl=1&resize=350%2C200","width":350,"height":200,"srcset":"https:\/\/i0.wp.com\/www.robertosedda.it\/wp-content\/uploads\/2014\/02\/Vittoria-Pigliaru.jpg?fit=960%2C637&ssl=1&resize=350%2C200 1x, https:\/\/i0.wp.com\/www.robertosedda.it\/wp-content\/uploads\/2014\/02\/Vittoria-Pigliaru.jpg?fit=960%2C637&ssl=1&resize=700%2C400 2x"},"classes":[]},{"id":905,"url":"https:\/\/www.robertosedda.it\/?p=905","url_meta":{"origin":7406,"position":4},"title":"Aggiornamenti e segnalazioni","author":"Rufus","date":"21\/09\/2012","format":false,"excerpt":"Nel mondo Nei giorni scorsi ho segnalato in giro\u00a0un articolo di Internazionale che aiuta a farsi un'idea della situazione in Libia, smistandovi verso ulteriori approfondimenti. Lo trovate qui.\u00a0Collegato al tema un articolo di Luca Sofri sul modo con cui viene\u00a0raccontata la violenza e su ci\u00f2 che pu\u00f2 e deve essere\u2026","rel":"","context":"In &quot;Coordinate&quot;","block_context":{"text":"Coordinate","link":"https:\/\/www.robertosedda.it\/?cat=52"},"img":{"alt_text":"","src":"","width":0,"height":0},"classes":[]},{"id":4220,"url":"https:\/\/www.robertosedda.it\/?p=4220","url_meta":{"origin":7406,"position":5},"title":"Buone vacanze!","author":"Rufus","date":"03\/08\/2013","format":false,"excerpt":"Passer\u00f2 i prossimi giorni a Tonara, nel centro della Sardegna, quindi anche il blog si prende una vacanza. Mi porto dietro il\u00a0computer (luned\u00ec c'\u00e8 una\u00a0Skype call con i coordinatori dei vari gruppi di soci dell'Area Centro di Banca Etica) ma non conto di scrivere frequentemente sul blog:\u00a0 potr\u00e0 capitare ogni\u2026","rel":"","context":"In &quot;Coordinate&quot;","block_context":{"text":"Coordinate","link":"https:\/\/www.robertosedda.it\/?cat=52"},"img":{"alt_text":"","src":"https:\/\/i0.wp.com\/www.robertosedda.it\/wp-content\/uploads\/2013\/08\/ALIM0692.jpg?fit=1200%2C900&ssl=1&resize=350%2C200","width":350,"height":200,"srcset":"https:\/\/i0.wp.com\/www.robertosedda.it\/wp-content\/uploads\/2013\/08\/ALIM0692.jpg?fit=1200%2C900&ssl=1&resize=350%2C200 1x, https:\/\/i0.wp.com\/www.robertosedda.it\/wp-content\/uploads\/2013\/08\/ALIM0692.jpg?fit=1200%2C900&ssl=1&resize=700%2C400 2x, https:\/\/i0.wp.com\/www.robertosedda.it\/wp-content\/uploads\/2013\/08\/ALIM0692.jpg?fit=1200%2C900&ssl=1&resize=1050%2C600 3x"},"classes":[]}],"_links":{"self":[{"href":"https:\/\/www.robertosedda.it\/index.php?rest_route=\/wp\/v2\/posts\/7406"}],"collection":[{"href":"https:\/\/www.robertosedda.it\/index.php?rest_route=\/wp\/v2\/posts"}],"about":[{"href":"https:\/\/www.robertosedda.it\/index.php?rest_route=\/wp\/v2\/types\/post"}],"author":[{"embeddable":true,"href":"https:\/\/www.robertosedda.it\/index.php?rest_route=\/wp\/v2\/users\/1"}],"replies":[{"embeddable":true,"href":"https:\/\/www.robertosedda.it\/index.php?rest_route=%2Fwp%2Fv2%2Fcomments&post=7406"}],"version-history":[{"count":10,"href":"https:\/\/www.robertosedda.it\/index.php?rest_route=\/wp\/v2\/posts\/7406\/revisions"}],"predecessor-version":[{"id":11050,"href":"https:\/\/www.robertosedda.it\/index.php?rest_route=\/wp\/v2\/posts\/7406\/revisions\/11050"}],"wp:featuredmedia":[{"embeddable":true,"href":"https:\/\/www.robertosedda.it\/index.php?rest_route=\/wp\/v2\/media\/7412"}],"wp:attachment":[{"href":"https:\/\/www.robertosedda.it\/index.php?rest_route=%2Fwp%2Fv2%2Fmedia&parent=7406"}],"wp:term":[{"taxonomy":"category","embeddable":true,"href":"https:\/\/www.robertosedda.it\/index.php?rest_route=%2Fwp%2Fv2%2Fcategories&post=7406"},{"taxonomy":"post_tag","embeddable":true,"href":"https:\/\/www.robertosedda.it\/index.php?rest_route=%2Fwp%2Fv2%2Ftags&post=7406"}],"curies":[{"name":"wp","href":"https:\/\/api.w.org\/{rel}","templated":true}]}}