{"id":7303,"date":"2014-05-09T12:44:41","date_gmt":"2014-05-09T10:44:41","guid":{"rendered":"http:\/\/www.robertosedda.it\/?p=7303"},"modified":"2024-06-11T15:42:39","modified_gmt":"2024-06-11T13:42:39","slug":"il-giardino-dei-giochi-non-proibiti","status":"publish","type":"post","link":"https:\/\/www.robertosedda.it\/?p=7303","title":{"rendered":"Il giardino dei giochi (non proibiti)"},"content":{"rendered":"<p>Il mio amico Alberto Pintus ha pubblicato\u00a0su\u00a0<em>Facebook<\/em> una\u00a0foto molto suggestiva, facendo notare, giustamente, che si tratta di un&#8217;idea molto bella:<a href=\"https:\/\/i0.wp.com\/www.robertosedda.it\/wp-content\/uploads\/2014\/05\/Giardino-degli-Scacchi-Firenze.jpg\"><img data-attachment-id=\"7304\" data-permalink=\"https:\/\/www.robertosedda.it\/?attachment_id=7304\" data-orig-file=\"https:\/\/i0.wp.com\/www.robertosedda.it\/wp-content\/uploads\/2014\/05\/Giardino-degli-Scacchi-Firenze.jpg?fit=600%2C450&amp;ssl=1\" data-orig-size=\"600,450\" data-comments-opened=\"1\" data-image-meta=\"{&quot;aperture&quot;:&quot;0&quot;,&quot;credit&quot;:&quot;&quot;,&quot;camera&quot;:&quot;&quot;,&quot;caption&quot;:&quot;&quot;,&quot;created_timestamp&quot;:&quot;0&quot;,&quot;copyright&quot;:&quot;&quot;,&quot;focal_length&quot;:&quot;0&quot;,&quot;iso&quot;:&quot;0&quot;,&quot;shutter_speed&quot;:&quot;0&quot;,&quot;title&quot;:&quot;&quot;}\" data-image-title=\"Giardino degli Scacchi Firenze\" data-image-description=\"\" data-image-caption=\"\" data-medium-file=\"https:\/\/i0.wp.com\/www.robertosedda.it\/wp-content\/uploads\/2014\/05\/Giardino-degli-Scacchi-Firenze.jpg?fit=300%2C225&amp;ssl=1\" data-large-file=\"https:\/\/i0.wp.com\/www.robertosedda.it\/wp-content\/uploads\/2014\/05\/Giardino-degli-Scacchi-Firenze.jpg?fit=510%2C382&amp;ssl=1\" decoding=\"async\" loading=\"lazy\" class=\"aligncenter size-large wp-image-7304\" src=\"https:\/\/i0.wp.com\/www.robertosedda.it\/wp-content\/uploads\/2014\/05\/Giardino-degli-Scacchi-Firenze.jpg?resize=510%2C382\" alt=\"Giardino degli Scacchi Firenze\" width=\"510\" height=\"382\" srcset=\"https:\/\/i0.wp.com\/www.robertosedda.it\/wp-content\/uploads\/2014\/05\/Giardino-degli-Scacchi-Firenze.jpg?resize=510%2C382&amp;ssl=1 510w, https:\/\/i0.wp.com\/www.robertosedda.it\/wp-content\/uploads\/2014\/05\/Giardino-degli-Scacchi-Firenze.jpg?resize=150%2C112&amp;ssl=1 150w, https:\/\/i0.wp.com\/www.robertosedda.it\/wp-content\/uploads\/2014\/05\/Giardino-degli-Scacchi-Firenze.jpg?resize=300%2C225&amp;ssl=1 300w, https:\/\/i0.wp.com\/www.robertosedda.it\/wp-content\/uploads\/2014\/05\/Giardino-degli-Scacchi-Firenze.jpg?resize=268%2C200&amp;ssl=1 268w, https:\/\/i0.wp.com\/www.robertosedda.it\/wp-content\/uploads\/2014\/05\/Giardino-degli-Scacchi-Firenze.jpg?w=600&amp;ssl=1 600w\" sizes=\"(max-width: 510px) 100vw, 510px\" data-recalc-dims=\"1\" \/><\/a><\/p>\n<p>Ho fatto una rapida ricerca via\u00a0<em>web<\/em>\u00a0e ho visto che la cosa \u00e8 stata realizzata a Firenze e chiamata, appropriatamente, <em>Il giardino degli scacchi\u00a0<\/em>(c&#8217;\u00e8 <a href=\"http:\/\/www.nove.firenze.it\/unarea-dedicata-agli-scacchi-nel-giardino-di-via-danti.htm\">una discreta spiegazione sul sito\u00a0<em>Nove da Firenze<\/em><\/a>).<\/p>\n<p>Come giustamente fa notare Alberto, \u00e8 una cosa carina, facilmente realizzabile e non particolarmente costosa (a Firenze i tre tavolini sono stati donati da un privato, ma comunque non sono operazioni onerose).<\/p>\n<p>Naturalmente il fatto che i tavolini ci siano non comporta, automaticamente, che vengano anche usati: su questo forse\u00a0<em>Nove da Firenze<\/em> \u00e8 un tantino ottimistico<\/p>\n<blockquote><p>uno spazio con tre tavoli dotati di altrettante scacchiere per permettere agli appassionati di giocare all&#8217;aperto e di socializzare<\/p><\/blockquote>\n<p>mentre io non vedo proprio frotte di giovani e anziani appassionati darsi convegno immantinente nel nuovo arengo scacchistico, ma non \u00e8 questo l&#8217;obiettivo. L&#8217;arredo urbano non \u00e8 solo utilitaristico, esprime una visione della\u00a0citt\u00e0 e della persona. Non si mettono attrezzature ludiche a disposizione solo perch\u00e9 siano usate, ma perch\u00e9 si veda che ci sono: \u00e8 come per le statue &#8211; non tutti capiranno i\u00a0<em>Dormienti<\/em> dei Giardini Pubblici di Cagliari, ma finch\u00e9 sono l\u00ec qualcuno potr\u00e0 notarli ed essere toccato dalla bellezza, e la citt\u00e0 che mette un&#8217;opera d&#8217;arte in un suo giardino sta facendo un&#8217;affermazione di principio che dice che lo spazio pubblico non \u00e8 fatto solo di panchine e segnali stradali. Per le attrezzature ludiche \u00e8 lo stesso, il riconoscimento di un ulteriore spazio della cultura e della convivenza civile.<\/p>\n<figure id=\"attachment_7305\" aria-describedby=\"caption-attachment-7305\" style=\"width: 300px\" class=\"wp-caption alignleft\"><a href=\"https:\/\/i0.wp.com\/www.robertosedda.it\/wp-content\/uploads\/2014\/05\/Il_gioco_del_mulino.jpg\"><img data-attachment-id=\"7305\" data-permalink=\"https:\/\/www.robertosedda.it\/?attachment_id=7305\" data-orig-file=\"https:\/\/i0.wp.com\/www.robertosedda.it\/wp-content\/uploads\/2014\/05\/Il_gioco_del_mulino.jpg?fit=1587%2C1054&amp;ssl=1\" data-orig-size=\"1587,1054\" data-comments-opened=\"1\" data-image-meta=\"{&quot;aperture&quot;:&quot;8&quot;,&quot;credit&quot;:&quot;&quot;,&quot;camera&quot;:&quot;NIKON D90&quot;,&quot;caption&quot;:&quot;&quot;,&quot;created_timestamp&quot;:&quot;1331988594&quot;,&quot;copyright&quot;:&quot;&quot;,&quot;focal_length&quot;:&quot;70&quot;,&quot;iso&quot;:&quot;200&quot;,&quot;shutter_speed&quot;:&quot;0.001&quot;,&quot;title&quot;:&quot;&quot;}\" data-image-title=\"Il_gioco_del_mulino\" data-image-description=\"\" data-image-caption=\"&lt;p&gt;Fonte: Wikimedia&lt;\/p&gt;\n\" data-medium-file=\"https:\/\/i0.wp.com\/www.robertosedda.it\/wp-content\/uploads\/2014\/05\/Il_gioco_del_mulino.jpg?fit=300%2C199&amp;ssl=1\" data-large-file=\"https:\/\/i0.wp.com\/www.robertosedda.it\/wp-content\/uploads\/2014\/05\/Il_gioco_del_mulino.jpg?fit=510%2C338&amp;ssl=1\" decoding=\"async\" loading=\"lazy\" class=\"size-medium wp-image-7305\" src=\"https:\/\/i0.wp.com\/www.robertosedda.it\/wp-content\/uploads\/2014\/05\/Il_gioco_del_mulino.jpg?resize=300%2C199\" alt=\"Fonte: Wikimedia\" width=\"300\" height=\"199\" srcset=\"https:\/\/i0.wp.com\/www.robertosedda.it\/wp-content\/uploads\/2014\/05\/Il_gioco_del_mulino.jpg?resize=300%2C199&amp;ssl=1 300w, https:\/\/i0.wp.com\/www.robertosedda.it\/wp-content\/uploads\/2014\/05\/Il_gioco_del_mulino.jpg?resize=150%2C99&amp;ssl=1 150w, https:\/\/i0.wp.com\/www.robertosedda.it\/wp-content\/uploads\/2014\/05\/Il_gioco_del_mulino.jpg?resize=510%2C338&amp;ssl=1 510w, https:\/\/i0.wp.com\/www.robertosedda.it\/wp-content\/uploads\/2014\/05\/Il_gioco_del_mulino.jpg?resize=700%2C464&amp;ssl=1 700w, https:\/\/i0.wp.com\/www.robertosedda.it\/wp-content\/uploads\/2014\/05\/Il_gioco_del_mulino.jpg?w=1587&amp;ssl=1 1587w\" sizes=\"(max-width: 300px) 100vw, 300px\" data-recalc-dims=\"1\" \/><\/a><figcaption id=\"caption-attachment-7305\" class=\"wp-caption-text\">Fonte: Wikimedia<\/figcaption><\/figure>\n<p>Considerato questo, e pensando che <a title=\"Pepe Mujica ed il coraggio del nuovo\" href=\"http:\/\/www.robertosedda.it\/?p=7294\">qualche volta qualche consigliere comunale passa da queste parti<\/a>, mi permetto di suggerire che se si volesse fare qualcosa del genere a Cagliari (collocazioni a caso: la galleria della MEM, le panchine coperte del parco dell&#8217;Ex-Vetreria, il nuovo giardino sotto le mura &#8211; l&#8217;importante \u00e8 che ci sia un posto di ristoro o qualcuno in servizio per custodire le pedine e fornirle a richiesta) si potrebbe usarlo per\u00a0allargare la visione di chi passa verso altre genti ed altre culture, predisponendo lo spazio non solo per gli scacchi ma anche per altri giochi: istintivamente mi viene in mente la dama, ovviamente, il\u00a0<a href=\"http:\/\/it.wikipedia.org\/wiki\/Mulino_(gioco)\"><em>mulino<\/em><\/a>\u00a0e il\u00a0<em>backgammon<\/em> per rimanere in ambito europeo, ma sarebbe l&#8217;occasione buona per protendersi oltreconfine: sapete che <a title=\"Il maestro di go\" href=\"http:\/\/www.robertosedda.it\/?p=3879\">ho una debolezza\u00a0per il\u00a0<\/a><em><a title=\"Il maestro di go\" href=\"http:\/\/www.robertosedda.it\/?p=3879\">go<\/a><\/em>, ma sarebbe bellissimo avere un tavolo con una scacchiera per l&#8217;<em>awele <\/em>(qui sotto in una bellissima versione, dal sito\u00a0<em><a href=\"http:\/\/jeuxdecartes42.voila.net\/\">jeuxdecartes<\/a><\/em>)<a href=\"https:\/\/i0.wp.com\/www.robertosedda.it\/wp-content\/uploads\/2014\/05\/awele6.jpg\"><img data-attachment-id=\"7306\" data-permalink=\"https:\/\/www.robertosedda.it\/?attachment_id=7306\" data-orig-file=\"https:\/\/i0.wp.com\/www.robertosedda.it\/wp-content\/uploads\/2014\/05\/awele6.jpg?fit=480%2C181&amp;ssl=1\" data-orig-size=\"480,181\" data-comments-opened=\"1\" data-image-meta=\"{&quot;aperture&quot;:&quot;0&quot;,&quot;credit&quot;:&quot;&quot;,&quot;camera&quot;:&quot;&quot;,&quot;caption&quot;:&quot;&quot;,&quot;created_timestamp&quot;:&quot;0&quot;,&quot;copyright&quot;:&quot;&quot;,&quot;focal_length&quot;:&quot;0&quot;,&quot;iso&quot;:&quot;0&quot;,&quot;shutter_speed&quot;:&quot;0&quot;,&quot;title&quot;:&quot;&quot;}\" data-image-title=\"awele6\" data-image-description=\"\" data-image-caption=\"\" data-medium-file=\"https:\/\/i0.wp.com\/www.robertosedda.it\/wp-content\/uploads\/2014\/05\/awele6.jpg?fit=300%2C113&amp;ssl=1\" data-large-file=\"https:\/\/i0.wp.com\/www.robertosedda.it\/wp-content\/uploads\/2014\/05\/awele6.jpg?fit=480%2C181&amp;ssl=1\" decoding=\"async\" loading=\"lazy\" class=\"aligncenter size-full wp-image-7306\" src=\"https:\/\/i0.wp.com\/www.robertosedda.it\/wp-content\/uploads\/2014\/05\/awele6.jpg?resize=480%2C181\" alt=\"awele6\" width=\"480\" height=\"181\" srcset=\"https:\/\/i0.wp.com\/www.robertosedda.it\/wp-content\/uploads\/2014\/05\/awele6.jpg?w=480&amp;ssl=1 480w, https:\/\/i0.wp.com\/www.robertosedda.it\/wp-content\/uploads\/2014\/05\/awele6.jpg?resize=150%2C56&amp;ssl=1 150w, https:\/\/i0.wp.com\/www.robertosedda.it\/wp-content\/uploads\/2014\/05\/awele6.jpg?resize=300%2C113&amp;ssl=1 300w\" sizes=\"(max-width: 480px) 100vw, 480px\" data-recalc-dims=\"1\" \/><\/a><\/p>\n<p>e il mondo africano e asiatico \u00e8 pieno di altri bellissimi giochi di scacchiera (per farvi un&#8217;idea di quanti giochi esistano potete visitare <a href=\"http:\/\/www.pergioco.net\/Giochi\/GiochiDiTavoliere\/+Tavoliere.htm\">questa pagina<\/a>\u00a0o naturalmente consultare\u00a0<em>Il dizionario dei giochi<\/em> di Angiolino e Sidoti).<\/p>\n<p>Forse io sono un appassionato, ma secondo me un <em>giardino dei giochi<\/em> di questo genere a Cagliari ci starebbe proprio bene, non trovate?<\/p>\n","protected":false},"excerpt":{"rendered":"<p>Il mio amico Alberto Pintus ha pubblicato\u00a0su\u00a0Facebook una\u00a0foto molto suggestiva, facendo notare, giustamente, che si tratta di un&#8217;idea molto bella:<\/p>\n","protected":false},"author":1,"featured_media":7304,"comment_status":"open","ping_status":"open","sticky":false,"template":"","format":"standard","meta":{"_mi_skip_tracking":false,"_monsterinsights_sitenote_active":false,"_monsterinsights_sitenote_note":"","_monsterinsights_sitenote_category":0,"jetpack_post_was_ever_published":false,"_jetpack_newsletter_access":"","jetpack_publicize_message":"","jetpack_is_tweetstorm":false,"jetpack_publicize_feature_enabled":true,"jetpack_social_post_already_shared":true,"jetpack_social_options":{"image_generator_settings":{"template":"highway","enabled":false}}},"categories":[52,9,55,77],"tags":[],"jetpack_publicize_connections":[],"jetpack_featured_media_url":"https:\/\/i0.wp.com\/www.robertosedda.it\/wp-content\/uploads\/2014\/05\/Giardino-degli-Scacchi-Firenze.jpg?fit=600%2C450&ssl=1","jetpack_sharing_enabled":true,"jetpack_shortlink":"https:\/\/wp.me\/p4jV2T-1TN","jetpack_likes_enabled":true,"jetpack-related-posts":[{"id":4602,"url":"https:\/\/www.robertosedda.it\/?p=4602","url_meta":{"origin":7303,"position":0},"title":"Il gruppo La Pira va a Firenze","author":"Rufus","date":"10\/10\/2013","format":false,"excerpt":"Curioso: Primicerio. Come... Credo di avere detto da qualche parte che il gruppo \"La Pira\" dell'AC di Cagliari ha una propria mailing list. Io ne sono il moderatore, quindi spetta\u00a0a me approvare le nuove richieste di iscrizione. Un giorno di un paio di mesi fa mi arriva la richiesta di\u2026","rel":"","context":"In &quot;Coordinate&quot;","block_context":{"text":"Coordinate","link":"https:\/\/www.robertosedda.it\/?cat=52"},"img":{"alt_text":"","src":"https:\/\/i0.wp.com\/www.robertosedda.it\/wp-content\/uploads\/2013\/10\/Alberto-e-Grazia-La-Pira-aereoporto-2.jpg?fit=1200%2C900&ssl=1&resize=350%2C200","width":350,"height":200,"srcset":"https:\/\/i0.wp.com\/www.robertosedda.it\/wp-content\/uploads\/2013\/10\/Alberto-e-Grazia-La-Pira-aereoporto-2.jpg?fit=1200%2C900&ssl=1&resize=350%2C200 1x, https:\/\/i0.wp.com\/www.robertosedda.it\/wp-content\/uploads\/2013\/10\/Alberto-e-Grazia-La-Pira-aereoporto-2.jpg?fit=1200%2C900&ssl=1&resize=700%2C400 2x, https:\/\/i0.wp.com\/www.robertosedda.it\/wp-content\/uploads\/2013\/10\/Alberto-e-Grazia-La-Pira-aereoporto-2.jpg?fit=1200%2C900&ssl=1&resize=1050%2C600 3x"},"classes":[]},{"id":4605,"url":"https:\/\/www.robertosedda.it\/?p=4605","url_meta":{"origin":7303,"position":1},"title":"Le foto di Firenze","author":"Rufus","date":"10\/10\/2013","format":"gallery","excerpt":"Queste sono tutte le foto che ho fatto a Firenze. Le raccolgo tutte\u00a0qui per comodit\u00e0 della Fondazione e di chi ha partecipato al I ritrovo nazionale di associazioni, gruppi, circoli nel nome di Giorgio La Pira Spes contra spem, oltre che di Grazia e Alberto, che della raccolta sono i\u2026","rel":"","context":"In &quot;Coordinate&quot;","block_context":{"text":"Coordinate","link":"https:\/\/www.robertosedda.it\/?cat=52"},"img":{"alt_text":"","src":"https:\/\/i0.wp.com\/www.robertosedda.it\/wp-content\/uploads\/2013\/10\/Alberto-e-Grazia-La-Pira-aereoporto-2.jpg?resize=350%2C200","width":350,"height":200},"classes":[]},{"id":3179,"url":"https:\/\/www.robertosedda.it\/?p=3179","url_meta":{"origin":7303,"position":2},"title":"Proverbi e cantautori all&#8217;Assemblea di Banca Etica (e altro&#8230;)","author":"Rufus","date":"20\/05\/2013","format":"video","excerpt":"Questo fine settimana sono stato a Firenze, insieme a un altro migliaio di persone, per l'Assemblea di Banca Etica. Fra tutti gli intervenuti c'era anche una folta delegazione spagnola: l'Assemblea sanciva l'ingresso della \"quinta area\", l'area spagnola dopo le quattro italiane, nella compagine sociale. Il venerd\u00ec notte ci siamo visti\u2026","rel":"","context":"In &quot;Coordinate&quot;","block_context":{"text":"Coordinate","link":"https:\/\/www.robertosedda.it\/?cat=52"},"img":{"alt_text":"","src":"https:\/\/i0.wp.com\/img.youtube.com\/vi\/RN3KZ35mTo8\/0.jpg?resize=350%2C200","width":350,"height":200},"classes":[]},{"id":11084,"url":"https:\/\/www.robertosedda.it\/?p=11084","url_meta":{"origin":7303,"position":3},"title":"Imprevisti","author":"Rufus","date":"27\/10\/2015","format":false,"excerpt":"Questo articolo potrebbe iniziare Caro diario, cose da ricordare se ci si deve sposare... Che poi a me la cosa non mi riguarda, ma insomma, ci sono cose che \u00e8 sempre bene ricordarsi. Tipo che ci sono Alberto e Cristiana, che Alberto \u00e8\u00a0mio testimone di nozze e Cristiana \u00e8\u00a0mia cugina,\u2026","rel":"","context":"In &quot;Coordinate&quot;","block_context":{"text":"Coordinate","link":"https:\/\/www.robertosedda.it\/?cat=52"},"img":{"alt_text":"","src":"https:\/\/i0.wp.com\/www.robertosedda.it\/wp-content\/uploads\/2015\/10\/Alberto-e-Cristiana.jpg?fit=1154%2C575&ssl=1&resize=350%2C200","width":350,"height":200,"srcset":"https:\/\/i0.wp.com\/www.robertosedda.it\/wp-content\/uploads\/2015\/10\/Alberto-e-Cristiana.jpg?fit=1154%2C575&ssl=1&resize=350%2C200 1x, https:\/\/i0.wp.com\/www.robertosedda.it\/wp-content\/uploads\/2015\/10\/Alberto-e-Cristiana.jpg?fit=1154%2C575&ssl=1&resize=700%2C400 2x, https:\/\/i0.wp.com\/www.robertosedda.it\/wp-content\/uploads\/2015\/10\/Alberto-e-Cristiana.jpg?fit=1154%2C575&ssl=1&resize=1050%2C600 3x"},"classes":[]},{"id":17620,"url":"https:\/\/www.robertosedda.it\/?p=17620","url_meta":{"origin":7303,"position":4},"title":"Ok, boomer","author":"Rufus","date":"18\/12\/2019","format":false,"excerpt":"Mi capita, ogni tanto, di vedere comparare i giochi di ruolo di un tempo con quelli di oggi. Si tratta, in realt\u00e0, di una comparazione spuria, non solo perch\u00e9 in vari casi i giochi di ruolo di allora sono abbastanza simili a quelli di oggi, ma anche perch\u00e9 ogni tanto\u2026","rel":"","context":"In &quot;Coordinate&quot;","block_context":{"text":"Coordinate","link":"https:\/\/www.robertosedda.it\/?cat=52"},"img":{"alt_text":"","src":"https:\/\/i0.wp.com\/www.robertosedda.it\/wp-content\/uploads\/2019\/12\/Cyberpunk.jpg?fit=448%2C600&ssl=1&resize=350%2C200","width":350,"height":200},"classes":[]},{"id":11091,"url":"https:\/\/www.robertosedda.it\/?p=11091","url_meta":{"origin":7303,"position":5},"title":"Lo zio Rufus si \u00e8 fatto mettere sotto","author":"Rufus","date":"29\/10\/2015","format":false,"excerpt":"La settimana scorsa il mio socio, compare e compagno Andrea Assorgia mi ha detto che si era iscritto a una specializzazione\u00a0su\u00a0Coursera: cinque corsi collegati fra loro su come progettare e costruire un\u00a0videogame\u00a0usando un programma specifico che si chiama\u00a0Unity3D. Almeno uno dei corsi era interessante anche per chi non \u00e8 un\u2026","rel":"","context":"In &quot;Coordinate&quot;","block_context":{"text":"Coordinate","link":"https:\/\/www.robertosedda.it\/?cat=52"},"img":{"alt_text":"","src":"https:\/\/i0.wp.com\/www.robertosedda.it\/wp-content\/uploads\/2015\/10\/Casey-O_Donnell.jpg?fit=965%2C514&ssl=1&resize=350%2C200","width":350,"height":200,"srcset":"https:\/\/i0.wp.com\/www.robertosedda.it\/wp-content\/uploads\/2015\/10\/Casey-O_Donnell.jpg?fit=965%2C514&ssl=1&resize=350%2C200 1x, https:\/\/i0.wp.com\/www.robertosedda.it\/wp-content\/uploads\/2015\/10\/Casey-O_Donnell.jpg?fit=965%2C514&ssl=1&resize=700%2C400 2x"},"classes":[]}],"_links":{"self":[{"href":"https:\/\/www.robertosedda.it\/index.php?rest_route=\/wp\/v2\/posts\/7303"}],"collection":[{"href":"https:\/\/www.robertosedda.it\/index.php?rest_route=\/wp\/v2\/posts"}],"about":[{"href":"https:\/\/www.robertosedda.it\/index.php?rest_route=\/wp\/v2\/types\/post"}],"author":[{"embeddable":true,"href":"https:\/\/www.robertosedda.it\/index.php?rest_route=\/wp\/v2\/users\/1"}],"replies":[{"embeddable":true,"href":"https:\/\/www.robertosedda.it\/index.php?rest_route=%2Fwp%2Fv2%2Fcomments&post=7303"}],"version-history":[{"count":1,"href":"https:\/\/www.robertosedda.it\/index.php?rest_route=\/wp\/v2\/posts\/7303\/revisions"}],"predecessor-version":[{"id":7307,"href":"https:\/\/www.robertosedda.it\/index.php?rest_route=\/wp\/v2\/posts\/7303\/revisions\/7307"}],"wp:featuredmedia":[{"embeddable":true,"href":"https:\/\/www.robertosedda.it\/index.php?rest_route=\/wp\/v2\/media\/7304"}],"wp:attachment":[{"href":"https:\/\/www.robertosedda.it\/index.php?rest_route=%2Fwp%2Fv2%2Fmedia&parent=7303"}],"wp:term":[{"taxonomy":"category","embeddable":true,"href":"https:\/\/www.robertosedda.it\/index.php?rest_route=%2Fwp%2Fv2%2Fcategories&post=7303"},{"taxonomy":"post_tag","embeddable":true,"href":"https:\/\/www.robertosedda.it\/index.php?rest_route=%2Fwp%2Fv2%2Ftags&post=7303"}],"curies":[{"name":"wp","href":"https:\/\/api.w.org\/{rel}","templated":true}]}}