{"id":7268,"date":"2014-05-03T17:47:10","date_gmt":"2014-05-03T15:47:10","guid":{"rendered":"http:\/\/www.robertosedda.it\/?p=7268"},"modified":"2022-05-04T12:34:08","modified_gmt":"2022-05-04T10:34:08","slug":"trova-le-differenze","status":"publish","type":"post","link":"https:\/\/www.robertosedda.it\/?p=7268","title":{"rendered":"Trova le differenze"},"content":{"rendered":"<p>Le due foto che seguono sono state scattate a Prato, a casa di mia sorella, una mezza dozzina di anni fa. Siamo io e mia mamma, sul divano, che leggiamo.<\/p>\n<p><a href=\"https:\/\/i0.wp.com\/www.robertosedda.it\/wp-content\/uploads\/2014\/05\/Io-e-mamma-1.jpg\"><img data-attachment-id=\"7269\" data-permalink=\"https:\/\/www.robertosedda.it\/?attachment_id=7269\" data-orig-file=\"https:\/\/i0.wp.com\/www.robertosedda.it\/wp-content\/uploads\/2014\/05\/Io-e-mamma-1.jpg?fit=2816%2C2112&amp;ssl=1\" data-orig-size=\"2816,2112\" data-comments-opened=\"1\" data-image-meta=\"{&quot;aperture&quot;:&quot;4.4&quot;,&quot;credit&quot;:&quot;&quot;,&quot;camera&quot;:&quot;COOLPIX S6&quot;,&quot;caption&quot;:&quot;&quot;,&quot;created_timestamp&quot;:&quot;1198670981&quot;,&quot;copyright&quot;:&quot;&quot;,&quot;focal_length&quot;:&quot;12.2&quot;,&quot;iso&quot;:&quot;200&quot;,&quot;shutter_speed&quot;:&quot;0.76923076923077&quot;,&quot;title&quot;:&quot;&quot;}\" data-image-title=\"Io e mamma 1\" data-image-description=\"\" data-image-caption=\"\" data-medium-file=\"https:\/\/i0.wp.com\/www.robertosedda.it\/wp-content\/uploads\/2014\/05\/Io-e-mamma-1.jpg?fit=300%2C225&amp;ssl=1\" data-large-file=\"https:\/\/i0.wp.com\/www.robertosedda.it\/wp-content\/uploads\/2014\/05\/Io-e-mamma-1.jpg?fit=510%2C382&amp;ssl=1\" decoding=\"async\" loading=\"lazy\" class=\"aligncenter size-large wp-image-7269\" src=\"https:\/\/i0.wp.com\/www.robertosedda.it\/wp-content\/uploads\/2014\/05\/Io-e-mamma-1.jpg?resize=510%2C382\" alt=\"Io e mamma 1\" width=\"510\" height=\"382\" srcset=\"https:\/\/i0.wp.com\/www.robertosedda.it\/wp-content\/uploads\/2014\/05\/Io-e-mamma-1.jpg?resize=510%2C382&amp;ssl=1 510w, https:\/\/i0.wp.com\/www.robertosedda.it\/wp-content\/uploads\/2014\/05\/Io-e-mamma-1.jpg?resize=150%2C112&amp;ssl=1 150w, https:\/\/i0.wp.com\/www.robertosedda.it\/wp-content\/uploads\/2014\/05\/Io-e-mamma-1.jpg?resize=300%2C225&amp;ssl=1 300w, https:\/\/i0.wp.com\/www.robertosedda.it\/wp-content\/uploads\/2014\/05\/Io-e-mamma-1.jpg?resize=268%2C200&amp;ssl=1 268w, https:\/\/i0.wp.com\/www.robertosedda.it\/wp-content\/uploads\/2014\/05\/Io-e-mamma-1.jpg?resize=700%2C525&amp;ssl=1 700w, https:\/\/i0.wp.com\/www.robertosedda.it\/wp-content\/uploads\/2014\/05\/Io-e-mamma-1.jpg?w=1600 1600w, https:\/\/i0.wp.com\/www.robertosedda.it\/wp-content\/uploads\/2014\/05\/Io-e-mamma-1.jpg?w=2400 2400w\" sizes=\"(max-width: 510px) 100vw, 510px\" data-recalc-dims=\"1\" \/><\/a> <a href=\"https:\/\/i0.wp.com\/www.robertosedda.it\/wp-content\/uploads\/2014\/05\/Io-e-mamma-2.jpg\"><img data-attachment-id=\"7270\" data-permalink=\"https:\/\/www.robertosedda.it\/?attachment_id=7270\" data-orig-file=\"https:\/\/i0.wp.com\/www.robertosedda.it\/wp-content\/uploads\/2014\/05\/Io-e-mamma-2.jpg?fit=2816%2C2112&amp;ssl=1\" data-orig-size=\"2816,2112\" data-comments-opened=\"1\" data-image-meta=\"{&quot;aperture&quot;:&quot;4.4&quot;,&quot;credit&quot;:&quot;&quot;,&quot;camera&quot;:&quot;COOLPIX S6&quot;,&quot;caption&quot;:&quot;&quot;,&quot;created_timestamp&quot;:&quot;1198671026&quot;,&quot;copyright&quot;:&quot;&quot;,&quot;focal_length&quot;:&quot;12.2&quot;,&quot;iso&quot;:&quot;200&quot;,&quot;shutter_speed&quot;:&quot;0.76923076923077&quot;,&quot;title&quot;:&quot;&quot;}\" data-image-title=\"Io e mamma 2\" data-image-description=\"\" data-image-caption=\"\" data-medium-file=\"https:\/\/i0.wp.com\/www.robertosedda.it\/wp-content\/uploads\/2014\/05\/Io-e-mamma-2.jpg?fit=300%2C225&amp;ssl=1\" data-large-file=\"https:\/\/i0.wp.com\/www.robertosedda.it\/wp-content\/uploads\/2014\/05\/Io-e-mamma-2.jpg?fit=510%2C382&amp;ssl=1\" decoding=\"async\" loading=\"lazy\" class=\"aligncenter size-large wp-image-7270\" src=\"https:\/\/i0.wp.com\/www.robertosedda.it\/wp-content\/uploads\/2014\/05\/Io-e-mamma-2.jpg?resize=510%2C382\" alt=\"Io e mamma 2\" width=\"510\" height=\"382\" srcset=\"https:\/\/i0.wp.com\/www.robertosedda.it\/wp-content\/uploads\/2014\/05\/Io-e-mamma-2.jpg?resize=510%2C382&amp;ssl=1 510w, https:\/\/i0.wp.com\/www.robertosedda.it\/wp-content\/uploads\/2014\/05\/Io-e-mamma-2.jpg?resize=150%2C112&amp;ssl=1 150w, https:\/\/i0.wp.com\/www.robertosedda.it\/wp-content\/uploads\/2014\/05\/Io-e-mamma-2.jpg?resize=300%2C225&amp;ssl=1 300w, https:\/\/i0.wp.com\/www.robertosedda.it\/wp-content\/uploads\/2014\/05\/Io-e-mamma-2.jpg?resize=268%2C200&amp;ssl=1 268w, https:\/\/i0.wp.com\/www.robertosedda.it\/wp-content\/uploads\/2014\/05\/Io-e-mamma-2.jpg?resize=700%2C525&amp;ssl=1 700w, https:\/\/i0.wp.com\/www.robertosedda.it\/wp-content\/uploads\/2014\/05\/Io-e-mamma-2.jpg?w=1600 1600w, https:\/\/i0.wp.com\/www.robertosedda.it\/wp-content\/uploads\/2014\/05\/Io-e-mamma-2.jpg?w=2400 2400w\" sizes=\"(max-width: 510px) 100vw, 510px\" data-recalc-dims=\"1\" \/><\/a>Guardatele bene.<\/p>\n<p>Non sono\u00a0una la versione in bianco e nero dell&#8217;altra. N\u00e9 sono state stampate ribaltate.<\/p>\n<p>Piuttosto, non solo siamo seduti fianco a fianco, nella stessa postura e impegnati nella stessa attivit\u00e0. Abbiamo anche la stessa velocit\u00e0 di lettura e siamo passati dalla pagina sinistra alla pagina destra nello stesso momento.<\/p>\n<p>Che sintonia&#8230;<\/p>\n","protected":false},"excerpt":{"rendered":"<p>Le due foto che seguono sono state scattate a Prato, a casa di mia sorella, una mezza dozzina di anni<\/p>\n","protected":false},"author":1,"featured_media":7270,"comment_status":"open","ping_status":"open","sticky":false,"template":"","format":"standard","meta":{"_mi_skip_tracking":false,"_monsterinsights_sitenote_active":false,"_monsterinsights_sitenote_note":"","_monsterinsights_sitenote_category":0,"jetpack_post_was_ever_published":false,"_jetpack_newsletter_access":"","jetpack_publicize_message":"","jetpack_is_tweetstorm":false,"jetpack_publicize_feature_enabled":true,"jetpack_social_post_already_shared":true,"jetpack_social_options":{"image_generator_settings":{"template":"highway","enabled":false}}},"categories":[52,86,53,18,16],"tags":[],"jetpack_publicize_connections":[],"jetpack_featured_media_url":"https:\/\/i0.wp.com\/www.robertosedda.it\/wp-content\/uploads\/2014\/05\/Io-e-mamma-2.jpg?fit=2816%2C2112&ssl=1","jetpack_sharing_enabled":true,"jetpack_shortlink":"https:\/\/wp.me\/p4jV2T-1Te","jetpack_likes_enabled":true,"jetpack-related-posts":[{"id":2410,"url":"https:\/\/www.robertosedda.it\/?p=2410","url_meta":{"origin":7268,"position":0},"title":"La vita cambia","author":"Rufus","date":"04\/03\/2013","format":false,"excerpt":"Quando ho compiuto i quarantacinque anni ho fatto, con una certa sorpresa, la riflessione di non essere poi cambiato cos\u00ec tanto rispetto ai vent'anni. A vent'anni stavo in Azione Cattolica: oggi - come quando ho compiuto i quarantacinque - ne faccio ancora parte, occupa ancora tanto dei miei pensieri e\u2026","rel":"","context":"In &quot;Coordinate&quot;","block_context":{"text":"Coordinate","link":"https:\/\/www.robertosedda.it\/?cat=52"},"img":{"alt_text":"","src":"https:\/\/i0.wp.com\/www.robertosedda.it\/wp-content\/uploads\/2013\/03\/ALIM2711.jpg?fit=1200%2C900&ssl=1&resize=350%2C200","width":350,"height":200,"srcset":"https:\/\/i0.wp.com\/www.robertosedda.it\/wp-content\/uploads\/2013\/03\/ALIM2711.jpg?fit=1200%2C900&ssl=1&resize=350%2C200 1x, https:\/\/i0.wp.com\/www.robertosedda.it\/wp-content\/uploads\/2013\/03\/ALIM2711.jpg?fit=1200%2C900&ssl=1&resize=700%2C400 2x, https:\/\/i0.wp.com\/www.robertosedda.it\/wp-content\/uploads\/2013\/03\/ALIM2711.jpg?fit=1200%2C900&ssl=1&resize=1050%2C600 3x"},"classes":[]},{"id":12847,"url":"https:\/\/www.robertosedda.it\/?p=12847","url_meta":{"origin":7268,"position":1},"title":"A Scivu, di nuovo","author":"Rufus","date":"21\/11\/2016","format":false,"excerpt":"Non ho raccontato mai qui che nel fine settimana della festa di Tutti i Santi sono andato con Maria Bonaria a rivedere i posti del mio famoso campeggio adolescenziale a Scivu. Anzi: \u00e8 stata Maria Bonaria, dopo aver letto l'articolo, a propormi - a decidere - di andarci e organizzare\u2026","rel":"","context":"In &quot;Coordinate&quot;","block_context":{"text":"Coordinate","link":"https:\/\/www.robertosedda.it\/?cat=52"},"img":{"alt_text":"","src":"https:\/\/i0.wp.com\/www.robertosedda.it\/wp-content\/uploads\/2016\/11\/20161031_100029.jpg?fit=1200%2C720&ssl=1&resize=350%2C200","width":350,"height":200,"srcset":"https:\/\/i0.wp.com\/www.robertosedda.it\/wp-content\/uploads\/2016\/11\/20161031_100029.jpg?fit=1200%2C720&ssl=1&resize=350%2C200 1x, https:\/\/i0.wp.com\/www.robertosedda.it\/wp-content\/uploads\/2016\/11\/20161031_100029.jpg?fit=1200%2C720&ssl=1&resize=700%2C400 2x, https:\/\/i0.wp.com\/www.robertosedda.it\/wp-content\/uploads\/2016\/11\/20161031_100029.jpg?fit=1200%2C720&ssl=1&resize=1050%2C600 3x"},"classes":[]},{"id":15160,"url":"https:\/\/www.robertosedda.it\/?p=15160","url_meta":{"origin":7268,"position":2},"title":"Suscettibilit\u00e0 shardaniche","author":"Rufus","date":"16\/05\/2018","format":false,"excerpt":"Sono andato luned\u00ec, in Facolt\u00e0 di Studi Umanistici, ad assistere alla conferenza\u00a0Gli Shardana in Egitto e in Mediterraneo. Archeologia, storia e mito... Ci sono andato, principalmente, perch\u00e9 sul tema degli Shardana e pi\u00f9 un generale sullo studio della\u00a0 storia antica della Sardegna abbondano le ricostruzioni fantasiose e mi pareva questa\u2026","rel":"","context":"In &quot;Coordinate&quot;","block_context":{"text":"Coordinate","link":"https:\/\/www.robertosedda.it\/?cat=52"},"img":{"alt_text":"","src":"https:\/\/i0.wp.com\/www.robertosedda.it\/wp-content\/uploads\/2018\/05\/Shardana.jpg?fit=1169%2C958&ssl=1&resize=350%2C200","width":350,"height":200,"srcset":"https:\/\/i0.wp.com\/www.robertosedda.it\/wp-content\/uploads\/2018\/05\/Shardana.jpg?fit=1169%2C958&ssl=1&resize=350%2C200 1x, https:\/\/i0.wp.com\/www.robertosedda.it\/wp-content\/uploads\/2018\/05\/Shardana.jpg?fit=1169%2C958&ssl=1&resize=700%2C400 2x, https:\/\/i0.wp.com\/www.robertosedda.it\/wp-content\/uploads\/2018\/05\/Shardana.jpg?fit=1169%2C958&ssl=1&resize=1050%2C600 3x"},"classes":[]},{"id":4480,"url":"https:\/\/www.robertosedda.it\/?p=4480","url_meta":{"origin":7268,"position":3},"title":"A prova di George Clooney","author":"Rufus","date":"19\/09\/2013","format":false,"excerpt":"La mia famiglia e quella di mia sorella, sebbene vivano fianco a fianco sullo stesso pianerottolo, sono separate radicalmente su una questione di fondamentale importanza: come si debba fare il caff\u00e8. Io e Maria Bonaria, tradizionalisti di sinistra, usiamo la macchinetta espresso (ovviamente col caff\u00e8 del commercio equo), con le\u2026","rel":"","context":"Con 2 commenti","block_context":{"text":"Con 2 commenti","link":"https:\/\/www.robertosedda.it\/?p=4480#comments"},"img":{"alt_text":"","src":"https:\/\/i0.wp.com\/www.robertosedda.it\/wp-content\/uploads\/2013\/03\/ALIM2711.jpg?fit=1200%2C900&ssl=1&resize=350%2C200","width":350,"height":200,"srcset":"https:\/\/i0.wp.com\/www.robertosedda.it\/wp-content\/uploads\/2013\/03\/ALIM2711.jpg?fit=1200%2C900&ssl=1&resize=350%2C200 1x, https:\/\/i0.wp.com\/www.robertosedda.it\/wp-content\/uploads\/2013\/03\/ALIM2711.jpg?fit=1200%2C900&ssl=1&resize=700%2C400 2x, https:\/\/i0.wp.com\/www.robertosedda.it\/wp-content\/uploads\/2013\/03\/ALIM2711.jpg?fit=1200%2C900&ssl=1&resize=1050%2C600 3x"},"classes":[]},{"id":9637,"url":"https:\/\/www.robertosedda.it\/?p=9637","url_meta":{"origin":7268,"position":4},"title":"Incitamento all&#8217;odio razziale","author":"Rufus","date":"20\/02\/2015","format":false,"excerpt":"Stamattina, mentre faccio colazione, trasalisco. Il conduttore della rassegna stampa di Radio3 legge l'editoriale di Mario Ajello sul\u00a0Messaggero, dedicato ai disordini provocati dai tifosi del\u00a0Feyenoord. Sono andato a cercarlo perch\u00e9 non ci credevo. Lo riporto qui sotto perch\u00e9 non mi va di regalare click. \u00c8 un capolavoro. Del male. Mette\u2026","rel":"","context":"In &quot;Coordinate&quot;","block_context":{"text":"Coordinate","link":"https:\/\/www.robertosedda.it\/?cat=52"},"img":{"alt_text":"Mario Ajello barbari","src":"https:\/\/i0.wp.com\/www.robertosedda.it\/wp-content\/uploads\/2015\/02\/Mario-Ajello-barbari.jpg?resize=350%2C200","width":350,"height":200},"classes":[]},{"id":6819,"url":"https:\/\/www.robertosedda.it\/?p=6819","url_meta":{"origin":7268,"position":5},"title":"Film a met\u00e0 &#8211; 1","author":"Rufus","date":"24\/03\/2014","format":"video","excerpt":"Lei (Spike Jonze, USA 2013) A\u00a0dir\u00a0la verit\u00e0 non ho visto Lei. Ho visto Her (cio\u00e8 l'edizione originale inglese, sottotitolata in italiano) al cinema Odissea in una imprevista visione in lingua originale. Pu\u00f2 darsi che questo spieghi in parte\u00a0una certa\u00a0fatica che mi ha causato la visione:\u00a0ho anche\u00a0la sensazione che forse il\u2026","rel":"","context":"In &quot;Coordinate&quot;","block_context":{"text":"Coordinate","link":"https:\/\/www.robertosedda.it\/?cat=52"},"img":{"alt_text":"","src":"https:\/\/i0.wp.com\/www.robertosedda.it\/wp-content\/uploads\/2014\/03\/Her-Jonze-3.jpg?fit=458%2C679&ssl=1&resize=350%2C200","width":350,"height":200},"classes":[]}],"_links":{"self":[{"href":"https:\/\/www.robertosedda.it\/index.php?rest_route=\/wp\/v2\/posts\/7268"}],"collection":[{"href":"https:\/\/www.robertosedda.it\/index.php?rest_route=\/wp\/v2\/posts"}],"about":[{"href":"https:\/\/www.robertosedda.it\/index.php?rest_route=\/wp\/v2\/types\/post"}],"author":[{"embeddable":true,"href":"https:\/\/www.robertosedda.it\/index.php?rest_route=\/wp\/v2\/users\/1"}],"replies":[{"embeddable":true,"href":"https:\/\/www.robertosedda.it\/index.php?rest_route=%2Fwp%2Fv2%2Fcomments&post=7268"}],"version-history":[{"count":2,"href":"https:\/\/www.robertosedda.it\/index.php?rest_route=\/wp\/v2\/posts\/7268\/revisions"}],"predecessor-version":[{"id":7272,"href":"https:\/\/www.robertosedda.it\/index.php?rest_route=\/wp\/v2\/posts\/7268\/revisions\/7272"}],"wp:featuredmedia":[{"embeddable":true,"href":"https:\/\/www.robertosedda.it\/index.php?rest_route=\/wp\/v2\/media\/7270"}],"wp:attachment":[{"href":"https:\/\/www.robertosedda.it\/index.php?rest_route=%2Fwp%2Fv2%2Fmedia&parent=7268"}],"wp:term":[{"taxonomy":"category","embeddable":true,"href":"https:\/\/www.robertosedda.it\/index.php?rest_route=%2Fwp%2Fv2%2Fcategories&post=7268"},{"taxonomy":"post_tag","embeddable":true,"href":"https:\/\/www.robertosedda.it\/index.php?rest_route=%2Fwp%2Fv2%2Ftags&post=7268"}],"curies":[{"name":"wp","href":"https:\/\/api.w.org\/{rel}","templated":true}]}}