{"id":7217,"date":"2014-04-28T17:54:15","date_gmt":"2014-04-28T15:54:15","guid":{"rendered":"http:\/\/www.robertosedda.it\/?p=7217"},"modified":"2014-04-29T10:48:25","modified_gmt":"2014-04-29T08:48:25","slug":"ho-esplorato-deospace-social-network-cattolico","status":"publish","type":"post","link":"https:\/\/www.robertosedda.it\/?p=7217","title":{"rendered":"Ho esplorato DeoSpace, social network cattolico"},"content":{"rendered":"<p>Mentre cercavo una versione digitale del decreto\u00a0<em>Inter Mirifica\u00a0<\/em>del Concilio Vaticano II mi sono imbattuto in una serie di agenzie di stampa di fine marzo che annunciavano l&#8217;inaugurazione di un <em>social network\u00a0<\/em> cattolico, di nome <em>DeoSpace<\/em>. Incuriosito ho seguito il\u00a0<em>link<\/em> e mi sono iscritto, vagabondandoci un po&#8217; dentro.\u00a0\u00c8 stata una sperimentazione molto breve, sinora, per\u00f2 penso che alcune osservazioni possano essere interessanti. La versione breve pu\u00f2 essere limitata a due\u00a0parole\u00a0&#8211;\u00a0un pasticcio\u00a0&#8211; mentre\u00a0quella lunga richiede un po&#8217; di argomentazioni.<\/p>\n<h2><a href=\"https:\/\/i0.wp.com\/www.robertosedda.it\/wp-content\/uploads\/2014\/04\/DeoSpace-1.jpg\"><img data-attachment-id=\"7220\" data-permalink=\"https:\/\/www.robertosedda.it\/?attachment_id=7220\" data-orig-file=\"https:\/\/i0.wp.com\/www.robertosedda.it\/wp-content\/uploads\/2014\/04\/DeoSpace-1.jpg?fit=967%2C633&amp;ssl=1\" data-orig-size=\"967,633\" data-comments-opened=\"1\" data-image-meta=\"{&quot;aperture&quot;:&quot;0&quot;,&quot;credit&quot;:&quot;&quot;,&quot;camera&quot;:&quot;&quot;,&quot;caption&quot;:&quot;&quot;,&quot;created_timestamp&quot;:&quot;0&quot;,&quot;copyright&quot;:&quot;&quot;,&quot;focal_length&quot;:&quot;0&quot;,&quot;iso&quot;:&quot;0&quot;,&quot;shutter_speed&quot;:&quot;0&quot;,&quot;title&quot;:&quot;&quot;}\" data-image-title=\"DeoSpace 1\" data-image-description=\"\" data-image-caption=\"\" data-medium-file=\"https:\/\/i0.wp.com\/www.robertosedda.it\/wp-content\/uploads\/2014\/04\/DeoSpace-1.jpg?fit=300%2C196&amp;ssl=1\" data-large-file=\"https:\/\/i0.wp.com\/www.robertosedda.it\/wp-content\/uploads\/2014\/04\/DeoSpace-1.jpg?fit=510%2C333&amp;ssl=1\" decoding=\"async\" loading=\"lazy\" class=\"aligncenter size-full wp-image-7220\" src=\"https:\/\/i0.wp.com\/www.robertosedda.it\/wp-content\/uploads\/2014\/04\/DeoSpace-1.jpg?resize=800%2C524\" alt=\"DeoSpace 1\" width=\"800\" height=\"524\" srcset=\"https:\/\/i0.wp.com\/www.robertosedda.it\/wp-content\/uploads\/2014\/04\/DeoSpace-1.jpg?w=967&amp;ssl=1 967w, https:\/\/i0.wp.com\/www.robertosedda.it\/wp-content\/uploads\/2014\/04\/DeoSpace-1.jpg?resize=150%2C98&amp;ssl=1 150w, https:\/\/i0.wp.com\/www.robertosedda.it\/wp-content\/uploads\/2014\/04\/DeoSpace-1.jpg?resize=300%2C196&amp;ssl=1 300w, https:\/\/i0.wp.com\/www.robertosedda.it\/wp-content\/uploads\/2014\/04\/DeoSpace-1.jpg?resize=510%2C333&amp;ssl=1 510w, https:\/\/i0.wp.com\/www.robertosedda.it\/wp-content\/uploads\/2014\/04\/DeoSpace-1.jpg?resize=700%2C458&amp;ssl=1 700w\" sizes=\"(max-width: 800px) 100vw, 800px\" data-recalc-dims=\"1\" \/><\/a>Da un punto di vista tecnico<\/h2>\n<h3>La registrazione<\/h3>\n<p>Si accede a <em>DeoSpace<\/em> dopo una breve fase di registrazione e il consueto invito a coinvolgere altri utenti dando accesso alla propria casella di posta e ai contatti di altri\u00a0<em>social network\u00a0<\/em>(in alternativa si pu\u00f2 accedere con un\u00a0<em>account<\/em> di\u00a0<em>Facebook<\/em> o\u00a0<em>Twitter<\/em>). Le informazioni richieste sono scarne (sesso, data di nascita, religione, citt\u00e0, sito\u00a0<em>web<\/em> e identit\u00e0 di Facebook e <em>Twitter<\/em>). Non sono richieste informazioni sugli studi n\u00e9 sul lavoro e ho trovato piuttosto curiosa la voce sulla religione &#8211; dopotutto dovrebbe essere un\u00a0<em>social<\/em> cattolico, quindi la religione potrebbe anche essere presupposta &#8211; soprattutto perch\u00e9\u00a0non solo non sono previste sottocategorie, che so, sull&#8217;impegno pastorale\u00a0&#8211;\u00a0catechista, sacerdote&#8230; &#8211; ma nemmeno la possibilit\u00e0 di presentarsi in maniera pi\u00f9\u00a0dettagliata.<\/p>\n<h3>Dopo la registrazione<\/h3>\n<p>All&#8217;ingresso<em> DeoSpace<\/em>\u00a0offre una bacheca analoga a quella di\u00a0<em>Facebook<\/em>, anche se un po&#8217; pi\u00f9\u00a0<em>naif<\/em>. Al centro gli aggiornamenti dei propri contatti &#8211; la mia bacheca \u00e8 desolatamente vuota, perch\u00e9 io ancora non ho contatti, ma su questo torneremo &#8211; e ai lati una serie di funzioni: a sinistra l&#8217;elenco degli utenti <em>online<\/em>, gli iscritti recenti e le persone che potresti conoscere, oltre che i comandi per la gestione o modifica del proprio profilo; a destra la presentazione dei due prelati americani a cui si deve ufficialmente l&#8217;iniziativa, il cardinale Oscar Rodriguez e il vescovo Kevin Farrell, i\u00a0<em>tweet<\/em> di Papa Francesco e dell&#8217;agenzia di stampa vaticana, gli eventi prossimi &#8211; di\u00a0<em>tutta\u00a0<\/em>la rete, non quelli personali &#8211; e una serie di suggerimenti di gruppi, eventi o album fotografici da visitare. Non sembra che nessuna di queste parti sia personalizzabile o che possa essere ridotta, il che rende la pagina un po&#8217; ingombrante, o aggressiva: d&#8217;altra parte, anche quella di\u00a0<em>Facebook<\/em> \u00e8 piuttosto zeppa di cose, quindi forse quella di <em>DeoSpace<\/em> non fa una grande impressione semplicemente perch\u00e9 la grafica \u00e8 un po&#8217; pi\u00f9 poverella o perch\u00e9 sono meno abituato.<\/p>\n<p>La somiglianza con <em>Facebook <\/em>\u00e8 ancora pi\u00f9 evidente se si entra in un profilo personale, come quello di questa signora che, bont\u00e0 sua, appena mi sono iscritto mi ha mandato un <em>poke<\/em><\/p>\n<p><a href=\"https:\/\/i0.wp.com\/www.robertosedda.it\/wp-content\/uploads\/2014\/04\/DeoSpace-3.jpg\"><img data-attachment-id=\"7222\" data-permalink=\"https:\/\/www.robertosedda.it\/?attachment_id=7222\" data-orig-file=\"https:\/\/i0.wp.com\/www.robertosedda.it\/wp-content\/uploads\/2014\/04\/DeoSpace-3.jpg?fit=964%2C654&amp;ssl=1\" data-orig-size=\"964,654\" data-comments-opened=\"1\" data-image-meta=\"{&quot;aperture&quot;:&quot;0&quot;,&quot;credit&quot;:&quot;&quot;,&quot;camera&quot;:&quot;&quot;,&quot;caption&quot;:&quot;&quot;,&quot;created_timestamp&quot;:&quot;0&quot;,&quot;copyright&quot;:&quot;&quot;,&quot;focal_length&quot;:&quot;0&quot;,&quot;iso&quot;:&quot;0&quot;,&quot;shutter_speed&quot;:&quot;0&quot;,&quot;title&quot;:&quot;&quot;}\" data-image-title=\"DeoSpace 3\" data-image-description=\"\" data-image-caption=\"\" data-medium-file=\"https:\/\/i0.wp.com\/www.robertosedda.it\/wp-content\/uploads\/2014\/04\/DeoSpace-3.jpg?fit=300%2C203&amp;ssl=1\" data-large-file=\"https:\/\/i0.wp.com\/www.robertosedda.it\/wp-content\/uploads\/2014\/04\/DeoSpace-3.jpg?fit=510%2C345&amp;ssl=1\" decoding=\"async\" loading=\"lazy\" class=\"aligncenter size-full wp-image-7222\" src=\"https:\/\/i0.wp.com\/www.robertosedda.it\/wp-content\/uploads\/2014\/04\/DeoSpace-3.jpg?resize=800%2C543\" alt=\"DeoSpace 3\" width=\"800\" height=\"543\" srcset=\"https:\/\/i0.wp.com\/www.robertosedda.it\/wp-content\/uploads\/2014\/04\/DeoSpace-3.jpg?w=964&amp;ssl=1 964w, https:\/\/i0.wp.com\/www.robertosedda.it\/wp-content\/uploads\/2014\/04\/DeoSpace-3.jpg?resize=150%2C101&amp;ssl=1 150w, https:\/\/i0.wp.com\/www.robertosedda.it\/wp-content\/uploads\/2014\/04\/DeoSpace-3.jpg?resize=300%2C203&amp;ssl=1 300w, https:\/\/i0.wp.com\/www.robertosedda.it\/wp-content\/uploads\/2014\/04\/DeoSpace-3.jpg?resize=510%2C345&amp;ssl=1 510w, https:\/\/i0.wp.com\/www.robertosedda.it\/wp-content\/uploads\/2014\/04\/DeoSpace-3.jpg?resize=700%2C474&amp;ssl=1 700w\" sizes=\"(max-width: 800px) 100vw, 800px\" data-recalc-dims=\"1\" \/><\/a>La differenza principale con <em>Facebook<\/em> \u00e8 la presenza di un men\u00f9 di navigazione piuttosto evidente. Se l\u00ec esistono solo due possibilit\u00e0, la <em>home<\/em> e il profilo personale (al limite tre se si contano le caselle delle notifiche) qui le possibilit\u00e0 sono molteplici<img data-attachment-id=\"7221\" data-permalink=\"https:\/\/www.robertosedda.it\/?attachment_id=7221\" data-orig-file=\"https:\/\/i0.wp.com\/www.robertosedda.it\/wp-content\/uploads\/2014\/04\/DeoSpace-2.jpg?fit=952%2C171&amp;ssl=1\" data-orig-size=\"952,171\" data-comments-opened=\"1\" data-image-meta=\"{&quot;aperture&quot;:&quot;0&quot;,&quot;credit&quot;:&quot;&quot;,&quot;camera&quot;:&quot;&quot;,&quot;caption&quot;:&quot;&quot;,&quot;created_timestamp&quot;:&quot;0&quot;,&quot;copyright&quot;:&quot;&quot;,&quot;focal_length&quot;:&quot;0&quot;,&quot;iso&quot;:&quot;0&quot;,&quot;shutter_speed&quot;:&quot;0&quot;,&quot;title&quot;:&quot;&quot;}\" data-image-title=\"DeoSpace 2\" data-image-description=\"\" data-image-caption=\"\" data-medium-file=\"https:\/\/i0.wp.com\/www.robertosedda.it\/wp-content\/uploads\/2014\/04\/DeoSpace-2.jpg?fit=300%2C53&amp;ssl=1\" data-large-file=\"https:\/\/i0.wp.com\/www.robertosedda.it\/wp-content\/uploads\/2014\/04\/DeoSpace-2.jpg?fit=510%2C91&amp;ssl=1\" decoding=\"async\" loading=\"lazy\" class=\"aligncenter size-full wp-image-7221\" src=\"https:\/\/i0.wp.com\/www.robertosedda.it\/wp-content\/uploads\/2014\/04\/DeoSpace-2.jpg?resize=800%2C144\" alt=\"DeoSpace 2\" width=\"800\" height=\"144\" srcset=\"https:\/\/i0.wp.com\/www.robertosedda.it\/wp-content\/uploads\/2014\/04\/DeoSpace-2.jpg?w=952&amp;ssl=1 952w, https:\/\/i0.wp.com\/www.robertosedda.it\/wp-content\/uploads\/2014\/04\/DeoSpace-2.jpg?resize=150%2C26&amp;ssl=1 150w, https:\/\/i0.wp.com\/www.robertosedda.it\/wp-content\/uploads\/2014\/04\/DeoSpace-2.jpg?resize=300%2C53&amp;ssl=1 300w, https:\/\/i0.wp.com\/www.robertosedda.it\/wp-content\/uploads\/2014\/04\/DeoSpace-2.jpg?resize=510%2C91&amp;ssl=1 510w, https:\/\/i0.wp.com\/www.robertosedda.it\/wp-content\/uploads\/2014\/04\/DeoSpace-2.jpg?resize=700%2C125&amp;ssl=1 700w\" sizes=\"(max-width: 800px) 100vw, 800px\" data-recalc-dims=\"1\" \/>Quella pi\u00f9 interessante, e pi\u00f9 caratteristica, sembra essere la <em>spirituality board<\/em>, che \u00e8 sostanzialmente una collezione di articoli (le &#8220;note&#8221; di\u00a0<em>Facebook<\/em>) postate dagli utenti e divise in categorie abbastanza rigide: il Papa e i vescovi, i santi, la Bibbia, la Madonna, nostro Signore oppure &#8220;miscellanea&#8221; &#8211; in ogni caso qualcosa di &#8220;spirituale&#8221;, qualunque cosa questo voglia dire. All&#8217;interno di ogni <em>board<\/em> il proprietario pu\u00f2 postare degli articoli con foto (<em>pin<\/em>). La cosa non \u00e8 proprio di navigazione facilissima anche perch\u00e9 diversi utenti, evidentemente anche loro confusi, hanno pensato bene di intitolare le loro <em>board<\/em> con le stesse categorie, rendendo ogni ricerca piuttosto caotica.<\/p>\n<p>Molte delle altre voci del men\u00f9 riportano a aree del <em>network <\/em>&#8211;\u00a0<em>chatroom<\/em>, gruppi, eventi, video &#8211; trasversali rispetto a quella che sembrerebbe essere l&#8217;impostazione primaria del <em>social<\/em>, cio\u00e8 una collezione di profili personali, mentre altre come la funzione di ricerca degli utenti o la pagina <em>about<\/em> non sembrano essere cos\u00ec importanti da meritare uno spazio apposito nel men\u00f9. In questo senso <em>DeoSpace<\/em> sembra essere una sorta di incrocio fra <em>Facebook<\/em> e i vecchi <em>forum<\/em>, una combinazione che non mi sembra modernissima e che genera una serie di apparenti sovrapposizioni &#8211; per esempio fra <em>board<\/em>, gruppi e album fotografici &#8211; che tendono a rendere faticosa la navigazione. Detto in altri termini, <em>DeoSpace<\/em> sembra di essere ricco di opzioni ridondanti e tali da generare confusione, ridondanti non perch\u00e9 si voglia consentire all&#8217;utente di arrivare a ci\u00f2 che desidera per percorsi differenti, ma perch\u00e9 in fase di progettazione non si \u00e8 &#8220;asciugata&#8221; sufficientemente l&#8217;architettura della rete.<\/p>\n<h2>Da un punto di vista operativo<\/h2>\n<h3>Un alto costo d&#8217;ingresso<\/h3>\n<p>Questa difficolt\u00e0 a capire dove si \u00e8 arrivati e cosa si deve fare rende l&#8217;esperienza iniziale di navigazione su <em>DeoSpace<\/em> piuttosto poco soddisfacente.<\/p>\n<p>Si potrebbe dire, naturalmente, che la cosa dipende dal fatto che si tratta di un <em>social<\/em> ancora molto poco popolato (io sono pi\u00f9 o meno il duemilacinquecentesimo utente), il che rende il tutto ancora un po&#8217; appeso per aria: per dire, io non conosco nessuno degli utenti, italiani non ce ne sono molti, non ho voglia di mettermi a fare amicizia con sconosciuti, il materiale pubblicato non \u00e8 molto interessante e oltretutto per la maggior parte in inglese (<em>DeoSpace<\/em> \u00e8 un&#8217;iniziativa sostanzialmente statunitense con tre lingue ufficiali: inglese, spagnolo e italiano &#8211; peraltro la traduzione italiana \u00e8 ancora molto rozza).<img data-attachment-id=\"7223\" data-permalink=\"https:\/\/www.robertosedda.it\/?attachment_id=7223\" data-orig-file=\"https:\/\/i0.wp.com\/www.robertosedda.it\/wp-content\/uploads\/2014\/04\/DeoSpace-4.jpg?fit=950%2C654&amp;ssl=1\" data-orig-size=\"950,654\" data-comments-opened=\"1\" data-image-meta=\"{&quot;aperture&quot;:&quot;0&quot;,&quot;credit&quot;:&quot;&quot;,&quot;camera&quot;:&quot;&quot;,&quot;caption&quot;:&quot;&quot;,&quot;created_timestamp&quot;:&quot;0&quot;,&quot;copyright&quot;:&quot;&quot;,&quot;focal_length&quot;:&quot;0&quot;,&quot;iso&quot;:&quot;0&quot;,&quot;shutter_speed&quot;:&quot;0&quot;,&quot;title&quot;:&quot;&quot;}\" data-image-title=\"DeoSpace 4\" data-image-description=\"\" data-image-caption=\"\" data-medium-file=\"https:\/\/i0.wp.com\/www.robertosedda.it\/wp-content\/uploads\/2014\/04\/DeoSpace-4.jpg?fit=300%2C206&amp;ssl=1\" data-large-file=\"https:\/\/i0.wp.com\/www.robertosedda.it\/wp-content\/uploads\/2014\/04\/DeoSpace-4.jpg?fit=510%2C351&amp;ssl=1\" decoding=\"async\" loading=\"lazy\" class=\"aligncenter size-full wp-image-7223\" src=\"https:\/\/i0.wp.com\/www.robertosedda.it\/wp-content\/uploads\/2014\/04\/DeoSpace-4.jpg?resize=800%2C551\" alt=\"DeoSpace 4\" width=\"800\" height=\"551\" srcset=\"https:\/\/i0.wp.com\/www.robertosedda.it\/wp-content\/uploads\/2014\/04\/DeoSpace-4.jpg?w=950&amp;ssl=1 950w, https:\/\/i0.wp.com\/www.robertosedda.it\/wp-content\/uploads\/2014\/04\/DeoSpace-4.jpg?resize=150%2C103&amp;ssl=1 150w, https:\/\/i0.wp.com\/www.robertosedda.it\/wp-content\/uploads\/2014\/04\/DeoSpace-4.jpg?resize=300%2C206&amp;ssl=1 300w, https:\/\/i0.wp.com\/www.robertosedda.it\/wp-content\/uploads\/2014\/04\/DeoSpace-4.jpg?resize=510%2C351&amp;ssl=1 510w, https:\/\/i0.wp.com\/www.robertosedda.it\/wp-content\/uploads\/2014\/04\/DeoSpace-4.jpg?resize=700%2C481&amp;ssl=1 700w\" sizes=\"(max-width: 800px) 100vw, 800px\" data-recalc-dims=\"1\" \/><\/p>\n<h3>A cosa mi serve?<\/h3>\n<p>Si tratta per\u00f2 di una spiegazione non del tutto soddisfacente, proprio perch\u00e9 non \u00e8 facile capire il <em>centro<\/em> attorno a cui ruota <em>DeoSpace<\/em>. Diciamolo in un altro modo: ogni altro <em>social network<\/em> si \u00e8 costruito attorno a un&#8217;idea forte: per il <em>Facebook<\/em> degli inizi erano le foto degli utenti (e il\u00a0<em>voyeurismo<\/em> altrui), per <em>Anobii<\/em> i libri, per <em>LinkedIn<\/em> i curriculum personali, su <em>Twitter<\/em> il flusso comunicativo. Persino il <em>ZoES<\/em> di Banca Etica, per quanto non abbia avuto molto successo, aveva un suo obiettivo: fare vetrina di aziende sostenibili e scambiare buone prassi fra utenti attenti agli stili di consumo.<\/p>\n<p>Non \u00e8 invece facile capire quale sia l&#8217;idea forte di <em>DeoSpace<\/em>, se non quella di fare un altro <em>Facebook<\/em>, che per\u00f2 detto cos\u00ec sembrerebbe prefigurare un sicuro fallimento. Tutto <em>DeoSpace<\/em> sembra un po&#8217; proiettare l&#8217;immagine\u00a0di una comprensione non del tutto completa della realt\u00e0 della rete e delle relazioni che vi stabiliscono, come di un compito un po&#8217; fatto a tavolino,\u00a0come se fosse stato fatto dopo la sola lettura di <a title=\"Le impreviste delusioni di padre Spadaro (e quel certo moralismo\u2026)\" href=\"http:\/\/www.robertosedda.it\/?p=2109\"><em>Web 2.0<\/em><\/a> di padre Spadaro e un po&#8217; di giri su<em> Facebook<\/em>. Un esempio? Nonostante sia annunciato in maniera molto evidente che sono i fondatori e i garanti del <em>social network<\/em> sia il cardinal Rodriguez che mons. Farrell hanno dei profili creati a novembre 2013 e sostanzialmente mai aggiornati. Lo stesso vale per Mario Cappello, <em>managing director<\/em>. \u00c8 difficile fare reti di relazione sul <em>web<\/em> senza starci.<\/p>\n<h2>Da un punto di vista teologico-pastorale<\/h2>\n<p>In realt\u00e0 un elemento particolarmente caratterizzante ci sarebbe, e cio\u00e8 la s<em>pirituality board. <\/em>La quale per\u00f2, anche facendo la tara al fatto che <em>DeoSpace<\/em> non sembra particolarmente popolato, non \u00e8\u00a0n\u00e9 particolarmente interessante da leggere &#8211; c&#8217;\u00e8 troppa enfasi sulla spiritualit\u00e0 personale, e troppe poche notizie &#8211; n\u00e9 sembra avere, neanche in prospettiva, la capacit\u00e0 di fornire materiali di utilizzo pastorale immediato che ha una realt\u00e0 come <em>Qumran<\/em>.<\/p>\n<p>La <em>spirituality board<\/em> sembra piuttosto un megafono utilizzabile da tutti mediante il quale gridare: \u00abSono cristiano!, sono cristiano!\u00bb e infatti parlo del Papa e dei santi. Il che, in realt\u00e0, non sempre dice effettivamente della mia fede n\u00e9, peraltro, \u00e8 sempre un buon modo di testimoniare. \u00c8 molto rassicurante, questo s\u00ec, soprattutto in un contesto sociale in cui si pu\u00f2 percepire che i valori in cui si crede sono minacciati e che il discorso religioso cozza contro diffidenze, incomprensioni, travisamenti o puri e semplici attacchi. Vedere tanti altri che invece postano i messaggi di Medjugorie, le foto di padre Pio o di Papa Francesco, il rosario dei bambini o qualunque altra cosa permette di sentirsi meno soli, di pensare di poter opporre numero a numero, potenza a potenza: non a caso una delle foto pi\u00f9 citate oggi su <em>Deo Space<\/em> era di questo genere<a href=\"https:\/\/i0.wp.com\/www.robertosedda.it\/wp-content\/uploads\/2014\/04\/Papa-Francesco.jpg\"><img data-attachment-id=\"7226\" data-permalink=\"https:\/\/www.robertosedda.it\/?attachment_id=7226\" data-orig-file=\"https:\/\/i0.wp.com\/www.robertosedda.it\/wp-content\/uploads\/2014\/04\/Papa-Francesco.jpg?fit=625%2C458&amp;ssl=1\" data-orig-size=\"625,458\" data-comments-opened=\"1\" data-image-meta=\"{&quot;aperture&quot;:&quot;0&quot;,&quot;credit&quot;:&quot;&quot;,&quot;camera&quot;:&quot;&quot;,&quot;caption&quot;:&quot;&quot;,&quot;created_timestamp&quot;:&quot;0&quot;,&quot;copyright&quot;:&quot;&quot;,&quot;focal_length&quot;:&quot;0&quot;,&quot;iso&quot;:&quot;0&quot;,&quot;shutter_speed&quot;:&quot;0&quot;,&quot;title&quot;:&quot;&quot;}\" data-image-title=\"Papa Francesco\" data-image-description=\"\" data-image-caption=\"\" data-medium-file=\"https:\/\/i0.wp.com\/www.robertosedda.it\/wp-content\/uploads\/2014\/04\/Papa-Francesco.jpg?fit=300%2C219&amp;ssl=1\" data-large-file=\"https:\/\/i0.wp.com\/www.robertosedda.it\/wp-content\/uploads\/2014\/04\/Papa-Francesco.jpg?fit=510%2C373&amp;ssl=1\" decoding=\"async\" loading=\"lazy\" class=\"aligncenter size-full wp-image-7226\" src=\"https:\/\/i0.wp.com\/www.robertosedda.it\/wp-content\/uploads\/2014\/04\/Papa-Francesco.jpg?resize=625%2C458\" alt=\"Papa Francesco\" width=\"625\" height=\"458\" srcset=\"https:\/\/i0.wp.com\/www.robertosedda.it\/wp-content\/uploads\/2014\/04\/Papa-Francesco.jpg?w=625&amp;ssl=1 625w, https:\/\/i0.wp.com\/www.robertosedda.it\/wp-content\/uploads\/2014\/04\/Papa-Francesco.jpg?resize=150%2C109&amp;ssl=1 150w, https:\/\/i0.wp.com\/www.robertosedda.it\/wp-content\/uploads\/2014\/04\/Papa-Francesco.jpg?resize=300%2C219&amp;ssl=1 300w, https:\/\/i0.wp.com\/www.robertosedda.it\/wp-content\/uploads\/2014\/04\/Papa-Francesco.jpg?resize=510%2C373&amp;ssl=1 510w\" sizes=\"(max-width: 625px) 100vw, 625px\" data-recalc-dims=\"1\" \/><\/a>Basta intendersi: questa non \u00e8 evangelizzazione (non \u00e8 neanche molto in linea con un Dio che si fa uomo e si lascia sconfiggere sulla croce, piuttosto che invocare dodici legioni di angeli, ma questo \u00e8 un altro discorso). L&#8217;evangelizzazione richiede l&#8217;annuncio del Vangelo a chi non lo conosce, non il rafforzarsi a vicenda fra di noi, lontano dal mondo brutto e cattivo.<\/p>\n<p>Il problema \u00e8 che <em>DeoSpace<\/em>, invece, dichiara che vuol fare evangelizzazione:<\/p>\n<blockquote><p>DeoSpace.com\u2122! Deo for God and Space for cyberspace, the virtual environment\/digital continent that is our domain of evangelization. An international Internet infrastructure that reaches out to the world in every major language with the salvific proclamation of Christ and His Church. THE Catholic social network!<\/p><\/blockquote>\n<p>C&#8217;\u00e8 una certa contraddizione fra &#8220;il continente virtuale che vogliamo evangelizzare&#8221; e &#8220;IL <em>social nework<\/em> cattolico&#8221;, nell&#8217;idea di una &#8220;struttura<em> internet<\/em> che si protende nel mondo&#8221; e che riunisce insieme&#8230; i soli cattolici.<\/p>\n","protected":false},"excerpt":{"rendered":"<p>Mentre cercavo una versione digitale del decreto\u00a0Inter Mirifica\u00a0del Concilio Vaticano II mi sono imbattuto in una serie di agenzie di<\/p>\n","protected":false},"author":1,"featured_media":7222,"comment_status":"open","ping_status":"open","sticky":false,"template":"","format":"standard","meta":{"_mi_skip_tracking":false,"_monsterinsights_sitenote_active":false,"_monsterinsights_sitenote_note":"","_monsterinsights_sitenote_category":0,"jetpack_post_was_ever_published":false,"_jetpack_newsletter_access":"","jetpack_publicize_message":"","jetpack_is_tweetstorm":false,"jetpack_publicize_feature_enabled":true,"jetpack_social_post_already_shared":true,"jetpack_social_options":{"image_generator_settings":{"template":"highway","enabled":false}}},"categories":[52,54,17,62,16],"tags":[],"jetpack_publicize_connections":[],"jetpack_featured_media_url":"https:\/\/i0.wp.com\/www.robertosedda.it\/wp-content\/uploads\/2014\/04\/DeoSpace-3.jpg?fit=964%2C654&ssl=1","jetpack_sharing_enabled":true,"jetpack_shortlink":"https:\/\/wp.me\/p4jV2T-1Sp","jetpack_likes_enabled":true,"jetpack-related-posts":[{"id":9735,"url":"https:\/\/www.robertosedda.it\/?p=9735","url_meta":{"origin":7217,"position":0},"title":"Il romanzo di Rut","author":"Rufus","date":"05\/03\/2015","format":"video","excerpt":"Ho gi\u00e0 accennato al fatto\u00a0che ho dedicato una puntata recente di\u00a0Oggi parliamo di libri al Libro di Rut, uno dei testi\u00a0minori dell'Antico Testamento. Pu\u00f2 stupirsi\u00a0della sua inclusione in un ciclo di puntate dedicate alle grandi storie d'amore solo chi non conosce l'enorme variet\u00e0 di registri narrativi e di generi letterari\u2026","rel":"","context":"In &quot;Coordinate&quot;","block_context":{"text":"Coordinate","link":"https:\/\/www.robertosedda.it\/?cat=52"},"img":{"alt_text":"","src":"https:\/\/i0.wp.com\/img.youtube.com\/vi\/iX3b0-kQaT4\/0.jpg?resize=350%2C200","width":350,"height":200},"classes":[]},{"id":905,"url":"https:\/\/www.robertosedda.it\/?p=905","url_meta":{"origin":7217,"position":1},"title":"Aggiornamenti e segnalazioni","author":"Rufus","date":"21\/09\/2012","format":false,"excerpt":"Nel mondo Nei giorni scorsi ho segnalato in giro\u00a0un articolo di Internazionale che aiuta a farsi un'idea della situazione in Libia, smistandovi verso ulteriori approfondimenti. Lo trovate qui.\u00a0Collegato al tema un articolo di Luca Sofri sul modo con cui viene\u00a0raccontata la violenza e su ci\u00f2 che pu\u00f2 e deve essere\u2026","rel":"","context":"In &quot;Coordinate&quot;","block_context":{"text":"Coordinate","link":"https:\/\/www.robertosedda.it\/?cat=52"},"img":{"alt_text":"","src":"","width":0,"height":0},"classes":[]},{"id":2109,"url":"https:\/\/www.robertosedda.it\/?p=2109","url_meta":{"origin":7217,"position":2},"title":"Le impreviste delusioni di padre Spadaro (e quel certo moralismo&#8230;)","author":"Rufus","date":"30\/01\/2013","format":false,"excerpt":"Aperture di credito Qualche settimana fa grazie a un articolo sul sito dell'Azione Cattolica ho scoperto padre Antonio Spadaro: gesuita, direttore della Civilt\u00e0 Cattolica, teologo esperto delle dinamiche del web, animatore culturale e acuto critico di Flannery O'Connor\u00a0(si dice anche che sia lui il consulente principale del Papa per la\u2026","rel":"","context":"In &quot;Coordinate&quot;","block_context":{"text":"Coordinate","link":"https:\/\/www.robertosedda.it\/?cat=52"},"img":{"alt_text":"","src":"https:\/\/i0.wp.com\/www.robertosedda.it\/wp-content\/uploads\/2013\/01\/Web-2.0-Spadaro.jpg?fit=276%2C437&ssl=1&resize=350%2C200","width":350,"height":200},"classes":[]},{"id":9407,"url":"https:\/\/www.robertosedda.it\/?p=9407","url_meta":{"origin":7217,"position":3},"title":"L&#8217;ecumenismo in citt\u00e0 nel segno dell&#8217;incontro","author":"Rufus","date":"19\/01\/2015","format":false,"excerpt":"Ieri l'inserto mensile di\u00a0Avvenire dedicato alla diocesi di Cagliari aveva un'intera pagina dedicata all'Ottavario di Preghiera per l'Unit\u00e0 dei Cristiani che conteneva anche un mio articolo. Si tratta di un testo davvero breve e tutto sommato poco importante, ma considerato il fatto che non mi era mai capitato di essere\u2026","rel":"","context":"In &quot;Coordinate&quot;","block_context":{"text":"Coordinate","link":"https:\/\/www.robertosedda.it\/?cat=52"},"img":{"alt_text":"","src":"https:\/\/i0.wp.com\/www.robertosedda.it\/wp-content\/uploads\/2015\/01\/Settimana-di-preghiera-unit\u00e0-cristiani.jpg?fit=826%2C314&ssl=1&resize=350%2C200","width":350,"height":200,"srcset":"https:\/\/i0.wp.com\/www.robertosedda.it\/wp-content\/uploads\/2015\/01\/Settimana-di-preghiera-unit\u00e0-cristiani.jpg?fit=826%2C314&ssl=1&resize=350%2C200 1x, https:\/\/i0.wp.com\/www.robertosedda.it\/wp-content\/uploads\/2015\/01\/Settimana-di-preghiera-unit\u00e0-cristiani.jpg?fit=826%2C314&ssl=1&resize=700%2C400 2x"},"classes":[]},{"id":2938,"url":"https:\/\/www.robertosedda.it\/?p=2938","url_meta":{"origin":7217,"position":4},"title":"Divagazioni sul Presidente della Repubblica &#8211; 2","author":"Rufus","date":"20\/04\/2013","format":false,"excerpt":"Mentre scrivo non so se Rodot\u00e0, alla fine, ce la far\u00e0, o se torner\u00e0 in campo Marini o se D'Alema che gioca dietro le quinte avr\u00e0 un improvviso guizzo e brucer\u00e0 tutti sul traguardo. O forse salter\u00e0 fuori un altro candidato imprevisto, chiss\u00e0. (EDIT: a quanto pare eleggono Napolitano: ma\u2026","rel":"","context":"In &quot;Coordinate&quot;","block_context":{"text":"Coordinate","link":"https:\/\/www.robertosedda.it\/?cat=52"},"img":{"alt_text":"","src":"https:\/\/i0.wp.com\/www.robertosedda.it\/wp-content\/uploads\/2013\/04\/D_alema-ruini.jpg?fit=800%2C532&ssl=1&resize=350%2C200","width":350,"height":200,"srcset":"https:\/\/i0.wp.com\/www.robertosedda.it\/wp-content\/uploads\/2013\/04\/D_alema-ruini.jpg?fit=800%2C532&ssl=1&resize=350%2C200 1x, https:\/\/i0.wp.com\/www.robertosedda.it\/wp-content\/uploads\/2013\/04\/D_alema-ruini.jpg?fit=800%2C532&ssl=1&resize=700%2C400 2x"},"classes":[]},{"id":1935,"url":"https:\/\/www.robertosedda.it\/?p=1935","url_meta":{"origin":7217,"position":5},"title":"Falsi amici&#8230; social","author":"Rufus","date":"11\/01\/2013","format":false,"excerpt":"Come sapete sto cominciando a farmi un po' di formazione sul lavorare sul web, tramite i social network e non solo. Perci\u00f2 un titolo come Dieci regole per chi lavora con i social network, di un articolo proposto da Internazionale, non poteva che interessarmi. Peccato che nel caso specifico (e\u2026","rel":"","context":"In &quot;Coordinate&quot;","block_context":{"text":"Coordinate","link":"https:\/\/www.robertosedda.it\/?cat=52"},"img":{"alt_text":"","src":"https:\/\/i0.wp.com\/www.robertosedda.it\/wp-content\/uploads\/2013\/01\/Schermata-1.png?fit=979%2C683&ssl=1&resize=350%2C200","width":350,"height":200,"srcset":"https:\/\/i0.wp.com\/www.robertosedda.it\/wp-content\/uploads\/2013\/01\/Schermata-1.png?fit=979%2C683&ssl=1&resize=350%2C200 1x, https:\/\/i0.wp.com\/www.robertosedda.it\/wp-content\/uploads\/2013\/01\/Schermata-1.png?fit=979%2C683&ssl=1&resize=700%2C400 2x"},"classes":[]}],"_links":{"self":[{"href":"https:\/\/www.robertosedda.it\/index.php?rest_route=\/wp\/v2\/posts\/7217"}],"collection":[{"href":"https:\/\/www.robertosedda.it\/index.php?rest_route=\/wp\/v2\/posts"}],"about":[{"href":"https:\/\/www.robertosedda.it\/index.php?rest_route=\/wp\/v2\/types\/post"}],"author":[{"embeddable":true,"href":"https:\/\/www.robertosedda.it\/index.php?rest_route=\/wp\/v2\/users\/1"}],"replies":[{"embeddable":true,"href":"https:\/\/www.robertosedda.it\/index.php?rest_route=%2Fwp%2Fv2%2Fcomments&post=7217"}],"version-history":[{"count":10,"href":"https:\/\/www.robertosedda.it\/index.php?rest_route=\/wp\/v2\/posts\/7217\/revisions"}],"predecessor-version":[{"id":7232,"href":"https:\/\/www.robertosedda.it\/index.php?rest_route=\/wp\/v2\/posts\/7217\/revisions\/7232"}],"wp:featuredmedia":[{"embeddable":true,"href":"https:\/\/www.robertosedda.it\/index.php?rest_route=\/wp\/v2\/media\/7222"}],"wp:attachment":[{"href":"https:\/\/www.robertosedda.it\/index.php?rest_route=%2Fwp%2Fv2%2Fmedia&parent=7217"}],"wp:term":[{"taxonomy":"category","embeddable":true,"href":"https:\/\/www.robertosedda.it\/index.php?rest_route=%2Fwp%2Fv2%2Fcategories&post=7217"},{"taxonomy":"post_tag","embeddable":true,"href":"https:\/\/www.robertosedda.it\/index.php?rest_route=%2Fwp%2Fv2%2Ftags&post=7217"}],"curies":[{"name":"wp","href":"https:\/\/api.w.org\/{rel}","templated":true}]}}