{"id":707,"date":"2012-08-23T17:50:41","date_gmt":"2012-08-23T15:50:41","guid":{"rendered":"http:\/\/www.robertosedda.it\/?p=707"},"modified":"2014-02-05T16:20:17","modified_gmt":"2014-02-05T15:20:17","slug":"la-banda","status":"publish","type":"post","link":"https:\/\/www.robertosedda.it\/?p=707","title":{"rendered":"La banda"},"content":{"rendered":"<div class=\"jetpack-video-wrapper\"><span class=\"embed-youtube\" style=\"text-align:center; display: block;\"><iframe class=\"youtube-player\" width=\"800\" height=\"450\" src=\"https:\/\/www.youtube.com\/embed\/UT76kHQt748?version=3&#038;rel=1&#038;showsearch=0&#038;showinfo=1&#038;iv_load_policy=1&#038;fs=1&#038;hl=it-IT&#038;autohide=2&#038;wmode=transparent\" allowfullscreen=\"true\" style=\"border:0;\" sandbox=\"allow-scripts allow-same-origin allow-popups allow-presentation\"><\/iframe><\/span><\/div>\n<p>Un film leggero leggero dedicato al tema delle goffaggini, sia personali che relazionali, tutto riempito di personaggi che non dicono e non sanno dire. Un film cos\u00ec esile che finisce quai, quasi ma non proprio, per diventare lezioso e manierista, ed evita questo rischio giusto per un momento.<\/p>\n<p>Interessante, molto pi\u00f9 dei temi ovvi della coesistenza, interculturalit\u00e0 <em>etc<\/em>, che ci sono ma appena accennati, il fatto che i personaggi, egiziani ed israeliani indifferentemente, sono tutti profondamente globalizzati, come \u00e8 globalizzata la lo vita e gli elementi materiali di cui \u00e8 costruita: cos\u00ec non si tratta di riconoscersi uguali <em>nonostante<\/em> le differenze, ma di appurare che queste differenze, in fondo, non ci sono proprio. E in questo senso i film funzionerebbe, su un piano base, se la banda fosse, per dire, siciliana e il paesino in cui si perdono si trovasse nella bassa bergamasca.<\/p>\n","protected":false},"excerpt":{"rendered":"<p>Un film leggero leggero dedicato al tema delle goffaggini, sia personali che relazionali, tutto riempito di personaggi che non dicono<\/p>\n","protected":false},"author":1,"featured_media":0,"comment_status":"open","ping_status":"open","sticky":false,"template":"","format":"video","meta":{"_mi_skip_tracking":false,"_monsterinsights_sitenote_active":false,"_monsterinsights_sitenote_note":"","_monsterinsights_sitenote_category":0,"jetpack_post_was_ever_published":false,"_jetpack_newsletter_access":"","jetpack_publicize_message":"","jetpack_is_tweetstorm":false,"jetpack_publicize_feature_enabled":true,"jetpack_social_post_already_shared":false,"jetpack_social_options":{"image_generator_settings":{"template":"highway","enabled":false}}},"categories":[52,14,56,82,12],"tags":[],"jetpack_publicize_connections":[],"jetpack_featured_media_url":"","jetpack_sharing_enabled":true,"jetpack_shortlink":"https:\/\/wp.me\/p4jV2T-bp","jetpack_likes_enabled":true,"jetpack-related-posts":[{"id":18291,"url":"https:\/\/www.robertosedda.it\/?p=18291","url_meta":{"origin":707,"position":0},"title":"Battaglie perse","author":"Rufus","date":"09\/09\/2020","format":false,"excerpt":"https:\/\/www.youtube.com\/watch?v=AL8chWFuM-s Ho visto l'altro giorno alla Manifattura Tabacchi L'agnello di Mario Piredda, un film che ultimamente in Sardegna sta riempiendo le sale ovunque venga proiettato. Mi ha fatto molto piacere vedere nel film due persone che conosco benissimo come Piero Marcialis e Michele Dr Drer Atzori, tutti e due impegnati\u2026","rel":"","context":"In &quot;Coordinate&quot;","block_context":{"text":"Coordinate","link":"https:\/\/www.robertosedda.it\/?cat=52"},"img":{"alt_text":"","src":"https:\/\/i0.wp.com\/www.robertosedda.it\/wp-content\/uploads\/2020\/09\/Lagnello.jpg?fit=1200%2C675&ssl=1&resize=350%2C200","width":350,"height":200,"srcset":"https:\/\/i0.wp.com\/www.robertosedda.it\/wp-content\/uploads\/2020\/09\/Lagnello.jpg?fit=1200%2C675&ssl=1&resize=350%2C200 1x, https:\/\/i0.wp.com\/www.robertosedda.it\/wp-content\/uploads\/2020\/09\/Lagnello.jpg?fit=1200%2C675&ssl=1&resize=700%2C400 2x, https:\/\/i0.wp.com\/www.robertosedda.it\/wp-content\/uploads\/2020\/09\/Lagnello.jpg?fit=1200%2C675&ssl=1&resize=1050%2C600 3x"},"classes":[]},{"id":15707,"url":"https:\/\/www.robertosedda.it\/?p=15707","url_meta":{"origin":707,"position":1},"title":"Vagabonda nel gelo","author":"Rufus","date":"03\/10\/2018","format":"video","excerpt":"Senza tetto n\u00e9 legge (Agn\u00e8s Varda, Francia 1985) Ho recuperato l'altro giorno, a trent'anni dall'uscita, Senza tetto n\u00e9 legge di Agn\u00e8s Varda, grazie al ciclo di film sulla disobbedienza che \u00e8 a attualmente in programmazione al Laboratorio28. Costruito come un lungo flashback, risolto apparentemente come un documentario, con l'alternarsi delle\u2026","rel":"","context":"In &quot;Coordinate&quot;","block_context":{"text":"Coordinate","link":"https:\/\/www.robertosedda.it\/?cat=52"},"img":{"alt_text":"","src":"https:\/\/i0.wp.com\/www.robertosedda.it\/wp-content\/uploads\/2018\/10\/Senza-tetto-n\u00e9-legge.jpg?fit=458%2C655&ssl=1&resize=350%2C200","width":350,"height":200},"classes":[]},{"id":15688,"url":"https:\/\/www.robertosedda.it\/?p=15688","url_meta":{"origin":707,"position":2},"title":"Irruzioni e rotture non riuscite","author":"Rufus","date":"25\/09\/2018","format":"video","excerpt":"https:\/\/www.youtube.com\/watch?v=k_Opj9MVQgI La profezia dell'armadillo (Emanuele Scaringi, Italia 2018) Sono andato a vedere la settimana scorsa\u00a0La profezia dell'armadillo, tratto dal primo fortunatissimo libro di\u00a0Zerocalcare. Non avevo letto il libro e prima di fare la recensione del film mi sono voluto togliere il dubbio e me lo sono comprato e letto. \u00c8\u2026","rel":"","context":"In &quot;Coordinate&quot;","block_context":{"text":"Coordinate","link":"https:\/\/www.robertosedda.it\/?cat=52"},"img":{"alt_text":"","src":"https:\/\/i0.wp.com\/www.robertosedda.it\/wp-content\/uploads\/2018\/09\/Profezia-delllarmadillo.jpeg?fit=1200%2C605&ssl=1&resize=350%2C200","width":350,"height":200,"srcset":"https:\/\/i0.wp.com\/www.robertosedda.it\/wp-content\/uploads\/2018\/09\/Profezia-delllarmadillo.jpeg?fit=1200%2C605&ssl=1&resize=350%2C200 1x, https:\/\/i0.wp.com\/www.robertosedda.it\/wp-content\/uploads\/2018\/09\/Profezia-delllarmadillo.jpeg?fit=1200%2C605&ssl=1&resize=700%2C400 2x, https:\/\/i0.wp.com\/www.robertosedda.it\/wp-content\/uploads\/2018\/09\/Profezia-delllarmadillo.jpeg?fit=1200%2C605&ssl=1&resize=1050%2C600 3x"},"classes":[]},{"id":19843,"url":"https:\/\/www.robertosedda.it\/?p=19843","url_meta":{"origin":707,"position":3},"title":"Standardizzati","author":"Rufus","date":"20\/07\/2022","format":false,"excerpt":"Ho messo da parte per segnalarlo un thread su Twitter di David Perell, un docente di scrittura creativa che qui per\u00f2 si avventura in un campo diverso, e cio\u00e8 quello della standardizzazione delle merci e delle immagini delle merci. https:\/\/twitter.com\/david_perell\/status\/1545819896004624384?s=20&t=3Krz9o2nLCOAofUKOyx6GA Gi\u00e0, perch\u00e9 col tempo i loghi molto diversi di queste\u2026","rel":"","context":"In &quot;Coordinate&quot;","block_context":{"text":"Coordinate","link":"https:\/\/www.robertosedda.it\/?cat=52"},"img":{"alt_text":"","src":"https:\/\/i0.wp.com\/www.robertosedda.it\/wp-content\/uploads\/2022\/07\/Loghi-1.jpg?fit=895%2C960&ssl=1&resize=350%2C200","width":350,"height":200,"srcset":"https:\/\/i0.wp.com\/www.robertosedda.it\/wp-content\/uploads\/2022\/07\/Loghi-1.jpg?fit=895%2C960&ssl=1&resize=350%2C200 1x, https:\/\/i0.wp.com\/www.robertosedda.it\/wp-content\/uploads\/2022\/07\/Loghi-1.jpg?fit=895%2C960&ssl=1&resize=700%2C400 2x"},"classes":[]},{"id":3909,"url":"https:\/\/www.robertosedda.it\/?p=3909","url_meta":{"origin":707,"position":4},"title":"\u00abFregatene! Tanto ci pensa Johnny\u00bb","author":"Rufus","date":"08\/07\/2013","format":"video","excerpt":"The Lone Ranger (USA, 2013) Avviso: questa recensione contiene anticipazioni sulla trama e velleitari tentativi di sarcasmo. Sono andato a vedere The Lone Ranger con molte aspettative: dopotutto era prodotto dallo stesso team dei Pirati dei Caraibi. Ecco, questo\u00a0si \u00e8 rivelato un problema. Perch\u00e9 Lone Ranger non \u00e8 un film\u2026","rel":"","context":"In &quot;Cappe e spade&quot;","block_context":{"text":"Cappe e spade","link":"https:\/\/www.robertosedda.it\/?cat=70"},"img":{"alt_text":"","src":"https:\/\/i0.wp.com\/www.robertosedda.it\/wp-content\/uploads\/2013\/07\/Luther_S1_Ruth_Wilson_001.jpg?fit=1200%2C800&ssl=1&resize=350%2C200","width":350,"height":200,"srcset":"https:\/\/i0.wp.com\/www.robertosedda.it\/wp-content\/uploads\/2013\/07\/Luther_S1_Ruth_Wilson_001.jpg?fit=1200%2C800&ssl=1&resize=350%2C200 1x, https:\/\/i0.wp.com\/www.robertosedda.it\/wp-content\/uploads\/2013\/07\/Luther_S1_Ruth_Wilson_001.jpg?fit=1200%2C800&ssl=1&resize=700%2C400 2x, https:\/\/i0.wp.com\/www.robertosedda.it\/wp-content\/uploads\/2013\/07\/Luther_S1_Ruth_Wilson_001.jpg?fit=1200%2C800&ssl=1&resize=1050%2C600 3x"},"classes":[]},{"id":690,"url":"https:\/\/www.robertosedda.it\/?p=690","url_meta":{"origin":707,"position":5},"title":"Parada!","author":"Rufus","date":"23\/08\/2012","format":"video","excerpt":"Solo una nota di avviso: di seguito rivelo parti forse non essenziali ma comunque significative della trama: chi \u00e8 fra coloro che desidera gustarsi il film in totale ignoranza \u00e8 meglio che smetta di leggere subito. Per certi aspetti, un clown nello zoo di Berlino. La storia \u00e8 abbastanza semplice:\u2026","rel":"","context":"In &quot;Coordinate&quot;","block_context":{"text":"Coordinate","link":"https:\/\/www.robertosedda.it\/?cat=52"},"img":{"alt_text":"","src":"https:\/\/i0.wp.com\/img.youtube.com\/vi\/hQ7_ZW9H7VI\/0.jpg?resize=350%2C200","width":350,"height":200},"classes":[]}],"_links":{"self":[{"href":"https:\/\/www.robertosedda.it\/index.php?rest_route=\/wp\/v2\/posts\/707"}],"collection":[{"href":"https:\/\/www.robertosedda.it\/index.php?rest_route=\/wp\/v2\/posts"}],"about":[{"href":"https:\/\/www.robertosedda.it\/index.php?rest_route=\/wp\/v2\/types\/post"}],"author":[{"embeddable":true,"href":"https:\/\/www.robertosedda.it\/index.php?rest_route=\/wp\/v2\/users\/1"}],"replies":[{"embeddable":true,"href":"https:\/\/www.robertosedda.it\/index.php?rest_route=%2Fwp%2Fv2%2Fcomments&post=707"}],"version-history":[{"count":7,"href":"https:\/\/www.robertosedda.it\/index.php?rest_route=\/wp\/v2\/posts\/707\/revisions"}],"predecessor-version":[{"id":6163,"href":"https:\/\/www.robertosedda.it\/index.php?rest_route=\/wp\/v2\/posts\/707\/revisions\/6163"}],"wp:attachment":[{"href":"https:\/\/www.robertosedda.it\/index.php?rest_route=%2Fwp%2Fv2%2Fmedia&parent=707"}],"wp:term":[{"taxonomy":"category","embeddable":true,"href":"https:\/\/www.robertosedda.it\/index.php?rest_route=%2Fwp%2Fv2%2Fcategories&post=707"},{"taxonomy":"post_tag","embeddable":true,"href":"https:\/\/www.robertosedda.it\/index.php?rest_route=%2Fwp%2Fv2%2Ftags&post=707"}],"curies":[{"name":"wp","href":"https:\/\/api.w.org\/{rel}","templated":true}]}}