{"id":6993,"date":"2014-04-17T17:15:20","date_gmt":"2014-04-17T15:15:20","guid":{"rendered":"http:\/\/www.robertosedda.it\/?p=6993"},"modified":"2014-04-17T17:19:06","modified_gmt":"2014-04-17T15:19:06","slug":"una-breve-nota-sul-dibattito-sul-turismo-cagliaritano","status":"publish","type":"post","link":"https:\/\/www.robertosedda.it\/?p=6993","title":{"rendered":"Una breve nota sul dibattito sul turismo cagliaritano"},"content":{"rendered":"<p><a href=\"https:\/\/i0.wp.com\/www.robertosedda.it\/wp-content\/uploads\/2013\/07\/20130703_190126.jpg\"><img data-attachment-id=\"3862\" data-permalink=\"https:\/\/www.robertosedda.it\/?attachment_id=3862\" data-orig-file=\"https:\/\/i0.wp.com\/www.robertosedda.it\/wp-content\/uploads\/2013\/07\/20130703_190126.jpg?fit=1600%2C1200&amp;ssl=1\" data-orig-size=\"1600,1200\" data-comments-opened=\"1\" data-image-meta=\"{&quot;aperture&quot;:&quot;2.8&quot;,&quot;credit&quot;:&quot;&quot;,&quot;camera&quot;:&quot;GT-B5330&quot;,&quot;caption&quot;:&quot;&quot;,&quot;created_timestamp&quot;:&quot;1372878085&quot;,&quot;copyright&quot;:&quot;&quot;,&quot;focal_length&quot;:&quot;2.7&quot;,&quot;iso&quot;:&quot;400&quot;,&quot;shutter_speed&quot;:&quot;0.12&quot;,&quot;title&quot;:&quot;&quot;}\" data-image-title=\"20130703_190126\" data-image-description=\"\" data-image-caption=\"\" data-medium-file=\"https:\/\/i0.wp.com\/www.robertosedda.it\/wp-content\/uploads\/2013\/07\/20130703_190126.jpg?fit=300%2C225&amp;ssl=1\" data-large-file=\"https:\/\/i0.wp.com\/www.robertosedda.it\/wp-content\/uploads\/2013\/07\/20130703_190126.jpg?fit=510%2C383&amp;ssl=1\" decoding=\"async\" loading=\"lazy\" class=\"alignleft size-medium wp-image-3862\" src=\"https:\/\/i0.wp.com\/www.robertosedda.it\/wp-content\/uploads\/2013\/07\/20130703_190126.jpg?resize=300%2C225\" alt=\"20130703_190126\" width=\"300\" height=\"225\" srcset=\"https:\/\/i0.wp.com\/www.robertosedda.it\/wp-content\/uploads\/2013\/07\/20130703_190126.jpg?resize=300%2C225&amp;ssl=1 300w, https:\/\/i0.wp.com\/www.robertosedda.it\/wp-content\/uploads\/2013\/07\/20130703_190126.jpg?resize=1024%2C768&amp;ssl=1 1024w, https:\/\/i0.wp.com\/www.robertosedda.it\/wp-content\/uploads\/2013\/07\/20130703_190126.jpg?resize=268%2C200&amp;ssl=1 268w, https:\/\/i0.wp.com\/www.robertosedda.it\/wp-content\/uploads\/2013\/07\/20130703_190126.jpg?resize=700%2C525&amp;ssl=1 700w, https:\/\/i0.wp.com\/www.robertosedda.it\/wp-content\/uploads\/2013\/07\/20130703_190126.jpg?w=1600&amp;ssl=1 1600w\" sizes=\"(max-width: 300px) 100vw, 300px\" data-recalc-dims=\"1\" \/><\/a>Mi capita spesso di ascoltare in macchina\u00a0<a href=\"http:\/\/www.radiox.it\/programmi\/my-cagliari-i-voti-alla-citta\/\">la rubrica <em>My Cagliari<\/em>, che\u00a0<em>Radio X\u00a0<\/em>dedica all&#8217;esperienza degli studenti <em>Erasmus<\/em> a Cagliari<\/a>. In cinque\u00a0brevi minuti viene chiesto a uno studente straniero ogni volta diverso di dare un voto e un parere su Cagliari, la sua mobilit\u00e0, i servizi turistici, il cibo, la vita notturna, l&#8217;Universit\u00e0 e diverse altre cose.<\/p>\n<p>\u00c8 gi\u00e0 interessante che la maggior parte delle risposte sia positiva: spiaggia, cibo e clima sono un importante punto d&#8217;appoggio, ma \u00e8 meno scontato rispetto alla percezione comune dei cagliaritani che la citt\u00e0 sia generalmente\u00a0considerata molto pulita, per esempio, o che vengano lodati i parchi cittadini, considerato che solo recentemente\u00a0l&#8217;abitudine a vivere intensamente questi spazi urbani si \u00e8 diffusa nella popolazione. Ci sono ovviamente alcuni problemi ricorrenti, soprattutto la carenza di piste ciclabili e di trasporti notturni e le scarse abilit\u00e0 linguistiche in uffici pubblici e altrove, e in fondo gi\u00e0 da un sondaggio estemporaneo come questo si potrebbe impostare un ragionamento su come migliorare l&#8217;offerta turistica cittadina.<\/p>\n<p>Secondo me la\u00a0cose pi\u00f9 interessante, per\u00f2, \u00e8 la risposta alla domanda su come si comportano i cagliaritani con gli studenti stranieri. Contrariamente a una diffusa precomprensione sul fatto che siamo maleducati, ostili e in generale poco portati al rapporto con lo straniero, si sente spesso questi studenti dire che i cagliaritani sono &#8220;gentili&#8221;, &#8220;molto disponibili ad aiutare&#8221; e &#8220;generosi&#8221;.<\/p>\n<p>Anche considerando che una parte degli intervistati\u00a0sono studentesse dell&#8217;Europa orientale e settentrionale, verso le quali almeno una quota\u00a0della popolazione maschile \u00e8 presumibilmente ben disposta in partenza, a me sembra un dato straordinario. Interessantissimo. Lo lego a un altro elemento ricorrente, l&#8217;uso frequente dell&#8217;aggettivo &#8220;tranquillo&#8221;. Cagliari \u00e8 <em>una citt\u00e0 tranquilla<\/em>, i cagliaritani sono <em>tranquilli<\/em>, la vita in citt\u00e0 <em>tranquilla<\/em>. \u00c8 un termine che ha molti significati, ma normalmente nelle interviste indica il fatto che la citt\u00e0 e i suoi abitanti non sono stressanti, non sono\u00a0ostili, non creano nello studente straniero un carico di preoccupazioni, ma al contrario inducono a una vita rilassante (e infatti spesso al posto di &#8220;tranquillo&#8221; qualche studente dice che i cagliaritani sono &#8220;rilassati&#8221;).<\/p>\n<p><a href=\"https:\/\/i0.wp.com\/www.robertosedda.it\/wp-content\/uploads\/2014\/04\/Mycagliari-Erasmus.jpg\"><img data-attachment-id=\"6994\" data-permalink=\"https:\/\/www.robertosedda.it\/?attachment_id=6994\" data-orig-file=\"https:\/\/i0.wp.com\/www.robertosedda.it\/wp-content\/uploads\/2014\/04\/Mycagliari-Erasmus.jpg?fit=620%2C310&amp;ssl=1\" data-orig-size=\"620,310\" data-comments-opened=\"1\" data-image-meta=\"{&quot;aperture&quot;:&quot;0&quot;,&quot;credit&quot;:&quot;&quot;,&quot;camera&quot;:&quot;&quot;,&quot;caption&quot;:&quot;&quot;,&quot;created_timestamp&quot;:&quot;0&quot;,&quot;copyright&quot;:&quot;&quot;,&quot;focal_length&quot;:&quot;0&quot;,&quot;iso&quot;:&quot;0&quot;,&quot;shutter_speed&quot;:&quot;0&quot;,&quot;title&quot;:&quot;&quot;}\" data-image-title=\"Mycagliari Erasmus\" data-image-description=\"\" data-image-caption=\"\" data-medium-file=\"https:\/\/i0.wp.com\/www.robertosedda.it\/wp-content\/uploads\/2014\/04\/Mycagliari-Erasmus.jpg?fit=300%2C150&amp;ssl=1\" data-large-file=\"https:\/\/i0.wp.com\/www.robertosedda.it\/wp-content\/uploads\/2014\/04\/Mycagliari-Erasmus.jpg?fit=510%2C255&amp;ssl=1\" decoding=\"async\" loading=\"lazy\" class=\"aligncenter size-full wp-image-6994\" src=\"https:\/\/i0.wp.com\/www.robertosedda.it\/wp-content\/uploads\/2014\/04\/Mycagliari-Erasmus.jpg?resize=620%2C310\" alt=\"Mycagliari Erasmus\" width=\"620\" height=\"310\" srcset=\"https:\/\/i0.wp.com\/www.robertosedda.it\/wp-content\/uploads\/2014\/04\/Mycagliari-Erasmus.jpg?w=620&amp;ssl=1 620w, https:\/\/i0.wp.com\/www.robertosedda.it\/wp-content\/uploads\/2014\/04\/Mycagliari-Erasmus.jpg?resize=150%2C75&amp;ssl=1 150w, https:\/\/i0.wp.com\/www.robertosedda.it\/wp-content\/uploads\/2014\/04\/Mycagliari-Erasmus.jpg?resize=300%2C150&amp;ssl=1 300w\" sizes=\"(max-width: 620px) 100vw, 620px\" data-recalc-dims=\"1\" \/><\/a>Cosa penso che voglia dire? Che siccome alla fine anche gli studenti che lamentano che i trasporti non sono abbastanza frequenti o che i musei sono chiusi o che la biblioteca della facolt\u00e0 \u00e8 un po&#8217; antiquata danno un giudizio molto positivo dell&#8217;esperienza complessiva di permanenza in citt\u00e0, vuol dire che la gentilezza dei cagliaritani \u00e8 una risorsa al pari dei panorami, del buon cibo e del mare, direi perfino una risorsa strategica, tanto pi\u00f9 importante in quanto esiste poca consapevolezza della sua esistenza e perci\u00f2 potrebbe diventare ancora pi\u00f9 importante.<\/p>\n<p>Ecco, se dovessi fare un piano turistico per la citt\u00e0 certamente offrirei pi\u00f9 circolari notturne e piste ciclabili. E farei corsi almeno di inglese per tutti i dipendenti pubblici.\u00a0Ma poi non mi preoccuperei particolarmente di far aprire i ristoranti anche nel giorno di chiusura o di tante altre cose che sono frequenti nel dibattito sulle politiche turistiche cittadine. Piuttosto\u00a0investirei sulla cordialit\u00e0\u00a0dei cagliaritani. Su una citt\u00e0 dai ritmi di vita rilassati. Sul favorire la gentilezza dei rapporti umani.<\/p>\n<p>Dopotutto anche al sindaco, a quanto dicono, piace il\u00a0<em>mojito<\/em>.<\/p>\n","protected":false},"excerpt":{"rendered":"<p>Mi capita spesso di ascoltare in macchina\u00a0la rubrica My Cagliari, che\u00a0Radio X\u00a0dedica all&#8217;esperienza degli studenti Erasmus a Cagliari. In cinque\u00a0brevi<\/p>\n","protected":false},"author":1,"featured_media":6994,"comment_status":"open","ping_status":"open","sticky":false,"template":"","format":"standard","meta":{"_mi_skip_tracking":false,"_monsterinsights_sitenote_active":false,"_monsterinsights_sitenote_note":"","_monsterinsights_sitenote_category":0,"jetpack_post_was_ever_published":false,"_jetpack_newsletter_access":"","jetpack_publicize_message":"","jetpack_is_tweetstorm":false,"jetpack_publicize_feature_enabled":true,"jetpack_social_post_already_shared":true,"jetpack_social_options":{"image_generator_settings":{"template":"highway","enabled":false}}},"categories":[52,57,53,17,88,16],"tags":[],"jetpack_publicize_connections":[],"jetpack_featured_media_url":"https:\/\/i0.wp.com\/www.robertosedda.it\/wp-content\/uploads\/2014\/04\/Mycagliari-Erasmus.jpg?fit=620%2C310&ssl=1","jetpack_sharing_enabled":true,"jetpack_shortlink":"https:\/\/wp.me\/p4jV2T-1ON","jetpack_likes_enabled":true,"jetpack-related-posts":[{"id":3632,"url":"https:\/\/www.robertosedda.it\/?p=3632","url_meta":{"origin":6993,"position":0},"title":"La Cagliari Unofficial Guide","author":"Rufus","date":"20\/06\/2013","format":"video","excerpt":"\u00c8 successo un po' gradatamente e non tutti ce ne siamo accorti, ma Cagliari \u00e8 diventata una citt\u00e0 turistica. Che sia l'effetto di tutta quella gente che mentre se ne stava a Villasimius o Nora intanto se ne veniva a fare la spesa o passare una giornata in citt\u00e0 (sentita\u2026","rel":"","context":"In &quot;Coordinate&quot;","block_context":{"text":"Coordinate","link":"https:\/\/www.robertosedda.it\/?cat=52"},"img":{"alt_text":"","src":"https:\/\/i0.wp.com\/www.robertosedda.it\/wp-content\/uploads\/2013\/06\/cagliari-unofficial-426x268.png?fit=426%2C268&ssl=1&resize=350%2C200","width":350,"height":200},"classes":[]},{"id":10953,"url":"https:\/\/www.robertosedda.it\/?p=10953","url_meta":{"origin":6993,"position":1},"title":"Non ve lo perdete","author":"Rufus","date":"01\/10\/2015","format":"video","excerpt":"Da domani \u00e8 a Cagliari\u00a0Mirafiori Lunapark, un film che diversi amici in giro per tutta Italia, soprattutto soci di Banca Etica, mi consigliano caldamente. Sar\u00e0 proiettato\u00a0al Teatro Alkestis\u00a0 dal 2 al 7 ottobre. Il regista Stefano Di Polito sar\u00e0 presente in sala venerd\u00ec 2 e sabato 3 ottobre alle ore\u2026","rel":"","context":"In &quot;Coordinate&quot;","block_context":{"text":"Coordinate","link":"https:\/\/www.robertosedda.it\/?cat=52"},"img":{"alt_text":"","src":"https:\/\/i0.wp.com\/img.youtube.com\/vi\/FyGwkc1SrYM\/0.jpg?resize=350%2C200","width":350,"height":200},"classes":[]},{"id":8278,"url":"https:\/\/www.robertosedda.it\/?p=8278","url_meta":{"origin":6993,"position":2},"title":"Ho salvato due turisti in viale Cimitero (\u00e8 per questo che il turismo cos\u00ec tanto svilupp\u00f2)","author":"Rufus","date":"01\/09\/2014","format":false,"excerpt":"Anni fa sono stato a Genova con Maria Bonaria, per un seminario formativo del\u00a0CPPP (che sarebbe il\u00a0Centro psicopedagogico per la pace\u00a0di Daniele Novara) e un po' di turismo. Una cosa che ci aveva colpito \u00e8 che appena tiravamo fuori la cartina c'era subito qualcuno, gentilissimo, che ci diceva: \u00abVi servono\u2026","rel":"","context":"In &quot;Coordinate&quot;","block_context":{"text":"Coordinate","link":"https:\/\/www.robertosedda.it\/?cat=52"},"img":{"alt_text":"","src":"https:\/\/i0.wp.com\/www.robertosedda.it\/wp-content\/uploads\/2014\/09\/DSCN0873.jpg?fit=1200%2C900&ssl=1&resize=350%2C200","width":350,"height":200,"srcset":"https:\/\/i0.wp.com\/www.robertosedda.it\/wp-content\/uploads\/2014\/09\/DSCN0873.jpg?fit=1200%2C900&ssl=1&resize=350%2C200 1x, https:\/\/i0.wp.com\/www.robertosedda.it\/wp-content\/uploads\/2014\/09\/DSCN0873.jpg?fit=1200%2C900&ssl=1&resize=700%2C400 2x, https:\/\/i0.wp.com\/www.robertosedda.it\/wp-content\/uploads\/2014\/09\/DSCN0873.jpg?fit=1200%2C900&ssl=1&resize=1050%2C600 3x"},"classes":[]},{"id":10162,"url":"https:\/\/www.robertosedda.it\/?p=10162","url_meta":{"origin":6993,"position":3},"title":"#ioleggoperch\u00e9 ultimo posto dove ritirare le copie","author":"Rufus","date":"02\/05\/2015","format":false,"excerpt":"Sapete che ho sparso copie gratuite di due romanzi in vari posti della citt\u00e0 e ogni giorno sto pubblicando degli indizi su dove trovarle? Se non lo sapete leggete qui. Oggi segnalo dove trovare le ultime copie di Warrior Cats. Potremmo dire cos\u00ec: Ci sono molte gelaterie a Cagliari. Ma\u2026","rel":"","context":"In &quot;Coordinate&quot;","block_context":{"text":"Coordinate","link":"https:\/\/www.robertosedda.it\/?cat=52"},"img":{"alt_text":"","src":"https:\/\/i0.wp.com\/www.robertosedda.it\/wp-content\/uploads\/2015\/04\/Warrior-Cats.jpg?fit=259%2C390&ssl=1&resize=350%2C200","width":350,"height":200},"classes":[]},{"id":14814,"url":"https:\/\/www.robertosedda.it\/?p=14814","url_meta":{"origin":6993,"position":4},"title":"Il futuro della rendita \u00e8 interessante, anche se non ci credereste","author":"Rufus","date":"09\/03\/2018","format":false,"excerpt":"Mi sembra molto utile segnalare il convegno\u00a0Il futuro della rendita (se cliccate sul link trovate il programma completo) organizzato dalla\u00a0Societ\u00e0 Italiana di Estimo e Valutazione (SIEV) assieme al Dipartimento di Ingegneria Civile, Ambientale e Architettura (DICAAR), e con il patrocinio dell'Istituto Nazionale di Urbanistica (INU) e che si terr\u00e0 a\u2026","rel":"","context":"In &quot;Coordinate&quot;","block_context":{"text":"Coordinate","link":"https:\/\/www.robertosedda.it\/?cat=52"},"img":{"alt_text":"","src":"https:\/\/i0.wp.com\/www.robertosedda.it\/wp-content\/uploads\/2018\/03\/Rendita.jpg?fit=1024%2C478&ssl=1&resize=350%2C200","width":350,"height":200,"srcset":"https:\/\/i0.wp.com\/www.robertosedda.it\/wp-content\/uploads\/2018\/03\/Rendita.jpg?fit=1024%2C478&ssl=1&resize=350%2C200 1x, https:\/\/i0.wp.com\/www.robertosedda.it\/wp-content\/uploads\/2018\/03\/Rendita.jpg?fit=1024%2C478&ssl=1&resize=700%2C400 2x"},"classes":[]},{"id":11872,"url":"https:\/\/www.robertosedda.it\/?p=11872","url_meta":{"origin":6993,"position":5},"title":"Dampyr a Cagliari: la recensione","author":"Rufus","date":"26\/04\/2016","format":false,"excerpt":"I misteri di Cagliari\u00a0(Dampyr\u00a0193, Boselli e Genzianella) Non ho avuto occasione avuto ancora occasione di parlare de\u00a0I misteri di Cagliari, l'albo di\u00a0Dampyr\u00a0ambientato in Sardegna. L'albo esibisce tutte le caratteristiche abituali della collana (meno una, sulla quale torneremo): a fronte di alcuni scenari ricorrenti (Praga, soprattutto, ma anche Londra, la California,\u2026","rel":"","context":"In &quot;Coordinate&quot;","block_context":{"text":"Coordinate","link":"https:\/\/www.robertosedda.it\/?cat=52"},"img":{"alt_text":"","src":"https:\/\/i0.wp.com\/www.robertosedda.it\/wp-content\/uploads\/2016\/04\/Dampyr-193-Cagliari.jpg?fit=640%2C840&ssl=1&resize=350%2C200","width":350,"height":200},"classes":[]}],"_links":{"self":[{"href":"https:\/\/www.robertosedda.it\/index.php?rest_route=\/wp\/v2\/posts\/6993"}],"collection":[{"href":"https:\/\/www.robertosedda.it\/index.php?rest_route=\/wp\/v2\/posts"}],"about":[{"href":"https:\/\/www.robertosedda.it\/index.php?rest_route=\/wp\/v2\/types\/post"}],"author":[{"embeddable":true,"href":"https:\/\/www.robertosedda.it\/index.php?rest_route=\/wp\/v2\/users\/1"}],"replies":[{"embeddable":true,"href":"https:\/\/www.robertosedda.it\/index.php?rest_route=%2Fwp%2Fv2%2Fcomments&post=6993"}],"version-history":[{"count":3,"href":"https:\/\/www.robertosedda.it\/index.php?rest_route=\/wp\/v2\/posts\/6993\/revisions"}],"predecessor-version":[{"id":6997,"href":"https:\/\/www.robertosedda.it\/index.php?rest_route=\/wp\/v2\/posts\/6993\/revisions\/6997"}],"wp:featuredmedia":[{"embeddable":true,"href":"https:\/\/www.robertosedda.it\/index.php?rest_route=\/wp\/v2\/media\/6994"}],"wp:attachment":[{"href":"https:\/\/www.robertosedda.it\/index.php?rest_route=%2Fwp%2Fv2%2Fmedia&parent=6993"}],"wp:term":[{"taxonomy":"category","embeddable":true,"href":"https:\/\/www.robertosedda.it\/index.php?rest_route=%2Fwp%2Fv2%2Fcategories&post=6993"},{"taxonomy":"post_tag","embeddable":true,"href":"https:\/\/www.robertosedda.it\/index.php?rest_route=%2Fwp%2Fv2%2Ftags&post=6993"}],"curies":[{"name":"wp","href":"https:\/\/api.w.org\/{rel}","templated":true}]}}