{"id":690,"date":"2012-08-23T16:45:39","date_gmt":"2012-08-23T14:45:39","guid":{"rendered":"http:\/\/www.robertosedda.it\/?p=690"},"modified":"2014-02-05T16:21:47","modified_gmt":"2014-02-05T15:21:47","slug":"parada","status":"publish","type":"post","link":"https:\/\/www.robertosedda.it\/?p=690","title":{"rendered":"Parada!"},"content":{"rendered":"<p>Solo una nota di avviso: di seguito rivelo parti forse non essenziali ma comunque significative della trama: chi \u00e8 fra coloro che desidera gustarsi il film in totale ignoranza \u00e8 meglio che smetta di leggere subito.<\/p>\n<p>Per certi aspetti, un clown nello zoo di Berlino.<\/p>\n<div class=\"jetpack-video-wrapper\"><span class=\"embed-youtube\" style=\"text-align:center; display: block;\"><iframe class=\"youtube-player\" width=\"800\" height=\"450\" src=\"https:\/\/www.youtube.com\/embed\/hQ7_ZW9H7VI?version=3&#038;rel=1&#038;showsearch=0&#038;showinfo=1&#038;iv_load_policy=1&#038;fs=1&#038;hl=it-IT&#038;autohide=2&#038;wmode=transparent\" allowfullscreen=\"true\" style=\"border:0;\" sandbox=\"allow-scripts allow-same-origin allow-popups allow-presentation\"><\/iframe><\/span><\/div>\n<p>La storia \u00e8 abbastanza semplice: si parte da Miloud, un ragazzo franco-algerino che a tempo perso fa il <em>clown<\/em> per ragazzini ricoverati in ospedali o orfanotrofi (alla Patch Adams). Come gli \u00e8 capitato in altre occasioni, Miloud parte con una ONG per una <em>&#8220;tourne\u00e9&#8221;<\/em> in Romania (siamo al primo periodo del dopo Ceausescu). L\u00ec giunto, viene coinvolto, con Mihai, un assistente sociale rumeno, Claudia, una cooperante italiana, don Giulio, un Salesiano anch&#8217;esso italiano, Stef\u00e0n, il presidente di una ONG rumena, nella vita dei ragazzi di strada che orbitano attorno alla stazione nord di Bucarest, vivendo di piccoli furti, prostituzione e espedienti.<\/p>\n<p>Il film segue con neutralit\u00e0, e senza cedere a facili romanticismi, il lavoro di Miloud e degli altri, dai primi tentativi di animazione alla fondazione di una nuova ONG, di nome <em>Parada,<\/em> appunto, dedicata a aiutare i ragazzi di strada tramite la creazione, sostanzialmente, di una scuola di circo.<\/p>\n<p>Per molti aspetti si tratta di un film molto duro, crudo, pi\u00f9 nelle cose che vengono raccontate che nel come accadono (manca totalmente di <em>effettacci<\/em>).<\/p>\n<p>Si pu\u00f2 dire che non \u00e8 tanto un film sulla giocoleria o i clowns, e neanche un film sui ragazzi e il loro disagio; piuttosto \u00e8 un film sui cooperanti, sul lavoro di strada, sui gradi di separazione che \u00e8 necessario (o\u00a0<em>non<\/em> necessario) avere rispetto al problema su cui si lavora e anche sul fatto che, alla fin fine, il determinante del successo \u00e8 quanto si \u00e8 capaci di pagare di persona.<\/p>\n<p>Sotto questo punto di vista \u00e8 un film <em>mitologico,<\/em> nel senso che narra i primordi di una organizzazione &#8220;di successo&#8221; ed \u00e8 fatto in collaborazione con la stessa organizzazione, quindi ha in qualche modo la funzione di fissare una &#8220;storia ufficiale&#8221;. Per\u00f2 \u00e8 interessante che si fermi veramente alla fase embrionale di vita, e ben prima che l&#8217;organizzazione inizi a stabilizzarsi.<\/p>\n<p>Il film \u00e8 costruito narrativamente su un triangolo di relazioni: Miloud (e Claudia e Mihai, suoi sostenitori), i ragazzini, e il gruppo &#8220;istituzionale&#8221;: poliziotti, funzionari, diplomatici e Stef\u00e0n, che \u00e8 il traditore. Sia il gruppo di Miloud che quello istituzionale si chiedono che cosa fare dei ragazzini, e la differenza fra loro \u00e8 data dal fatto che Miloud decide di compromettersi direttamente con loro (e infatti dorme nelle fogne, cosa che nessun altro \u00e8 disposto a fare), mentre gli altri predicano &#8220;distacco&#8221;, chi per pigrizia, chi per connivenza col male, chi per l&#8217;adesione pedissequa a protocolli d&#8217;azione <em>standard.<\/em><\/p>\n<p>Per\u00f2, alla fine hanno ragione sia Miloud che Stef\u00e0n, il paladino del distacco: dei bambini vengono salvati, ma molti altri (i pi\u00f9) rimangono&#8230; e rimarranno sempre. Alla fin fine, non \u00e8 detto che Stef\u00e0n sia meno &#8220;efficace&#8221;, con i suoi progetti ben scritti e il suo professionismo; ma certo il film tifa per Miloud, che \u00e8 disposto a pagare di persona.<\/p>\n<p>Come diceva Brecht:<\/p>\n<blockquote><p>Sento che a New York<br \/>\nAll&#8217;angolo della 26^ strada con Broadway<br \/>\nDurante i mesi d&#8217;inverno ogni sera c&#8217;e&#8217; un uomo<br \/>\nE ai senzatetto che si assembrano implorando<br \/>\nIntorno ai passanti procura un giaciglio per la notte.<br \/>\nIl mondo non cambia per questo<br \/>\nI rapporti fra le persone non migliorano<br \/>\nIl tempo dello sfruttamento non ne viene abbreviato<\/p>\n<p>Ma alcuni uomini hanno un giaciglio per la notte<br \/>\nIl vento per una nottata gli viene tenuto lontano<br \/>\nLa neve a loro assegnata cade sulla strada.<\/p>\n<p>Non mettere via il libro, tu, persona, che leggi.<\/p>\n<p>Alcune persone hanno un giaciglio per la notte<br \/>\nIl vento per una nottata gli viene tenuto lontano<br \/>\nLa neve a loro assegnata cade sulla strada.<br \/>\nMa il mondo non cambia per questo<br \/>\nI rapporti fra le persone non migliorano<br \/>\nIl tempo dello sfruttamento non ne viene abbreviato.<\/p><\/blockquote>\n<p>Non a caso, un quarto gruppo di personaggi rimane ai margini: sono i veri cattivi, gli sfruttatori, i ladri e gli assassini di bambini. Non uno di questi viene punito, e anzi se qualcuno nel film deve cadere, cade nel campo dei &#8220;buoni&#8221; (un numero spropositato di morti, per un film del genere).<\/p>\n<p>Alla fin fine, credo che questo sobrio tono non retorico sia il vero punto di forza del film, che gli permette di continuare a essere problematico e interessante. Anche l&#8217;inevitabile (e prevedibile) scena liberatoria finale \u00e8 collocata non in chiusura vera ma in sottofinale, lasciando a una pi\u00f9 mesta carrellata di luoghi di perdizione di segnare la nota definitiva.<\/p>\n<p>Sarei stato molto curioso, alla fine del film, di avviare un dibatitto (no, il dibattito no!): ma dei trenta spettatori presenti,\u00a0in due eravamo di Banca Etica (che ha finanziato <em>Parada,<\/em> credo), uno con la findanzata di <em>Emergency,<\/em> tre operatori di un campo di lavoro in Kossovo, uno del Servizio Civile Internazionale, e cos\u00ec via: una strana fruizione di gruppo totalmente casuale fra &#8220;addetti ai lavori&#8221;.<\/p>\n","protected":false},"excerpt":{"rendered":"<p>Solo una nota di avviso: di seguito rivelo parti forse non essenziali ma comunque significative della trama: chi \u00e8 fra<\/p>\n","protected":false},"author":1,"featured_media":0,"comment_status":"open","ping_status":"open","sticky":false,"template":"","format":"video","meta":{"_mi_skip_tracking":false,"_monsterinsights_sitenote_active":false,"_monsterinsights_sitenote_note":"","_monsterinsights_sitenote_category":0,"jetpack_post_was_ever_published":false,"_jetpack_newsletter_access":"","jetpack_publicize_message":"","jetpack_is_tweetstorm":false,"jetpack_publicize_feature_enabled":true,"jetpack_social_post_already_shared":false,"jetpack_social_options":{"image_generator_settings":{"template":"highway","enabled":false}}},"categories":[52,14,55,77,12],"tags":[],"jetpack_publicize_connections":[],"jetpack_featured_media_url":"","jetpack_sharing_enabled":true,"jetpack_shortlink":"https:\/\/wp.me\/s4jV2T-parada","jetpack_likes_enabled":true,"jetpack-related-posts":[{"id":6332,"url":"https:\/\/www.robertosedda.it\/?p=6332","url_meta":{"origin":690,"position":0},"title":"Una buona campagna sociale","author":"Rufus","date":"10\/02\/2014","format":"video","excerpt":"Mentre mi documentavo per un prossimo articolo sulle ONG internazionali e il rapporto talvolta conflittuale coi loro testimonial ho visto un video di Greenpeace che non avevo mai visto (si riferisce a una campagna attiva dal 2012) e che propongo perch\u00e9 lo trovo efficace e anche perch\u00e9 ha a che\u2026","rel":"","context":"In &quot;Coordinate&quot;","block_context":{"text":"Coordinate","link":"https:\/\/www.robertosedda.it\/?cat=52"},"img":{"alt_text":"","src":"https:\/\/i0.wp.com\/img.youtube.com\/vi\/XxFWo4sCzCs\/0.jpg?resize=350%2C200","width":350,"height":200},"classes":[]},{"id":7923,"url":"https:\/\/www.robertosedda.it\/?p=7923","url_meta":{"origin":690,"position":1},"title":"Anche i professori a volte sbagliano (un intervento di Nicol\u00f2 Migheli)","author":"Rufus","date":"08\/07\/2014","format":false,"excerpt":"L'articolo dei blogger del luned\u00ec\u00a0\u00e8 pubblicato oltre che su questo sito anche su quelli\u00a0di\u00a0Fondazione Sardinia,\u00a0Tramas de amistade,\u00a0Aladin pensiero,\u00a0Vito Biolchini,\u00a0Sardegna soprattutto,\u00a0Enrico Lobina,\u00a0Madrigopolis,\u00a0Forma paris\u00a0e\u00a0Tottus in pari. Anche i professori a volte sbagliano di Nicol\u00f2 Migheli Chiunque in questi ultimi vent'anni abbia seguito le tendenze demografiche della Sardegna ha consapevolezza che l'isola \u00e8\u2026","rel":"","context":"In &quot;Coordinate&quot;","block_context":{"text":"Coordinate","link":"https:\/\/www.robertosedda.it\/?cat=52"},"img":{"alt_text":"","src":"https:\/\/i0.wp.com\/www.robertosedda.it\/wp-content\/uploads\/2014\/07\/Nicol\u00f2-Migheli.jpg?fit=417%2C628&ssl=1&resize=350%2C200","width":350,"height":200},"classes":[]},{"id":14727,"url":"https:\/\/www.robertosedda.it\/?p=14727","url_meta":{"origin":690,"position":2},"title":"I piccoli misteri di questa campagna elettorale&#8230;","author":"Rufus","date":"26\/02\/2018","format":false,"excerpt":"... comprendono il perch\u00e9 sia su\u00a0Facebook\u00a0che su Instagram\u00a0mi arrivi periodicamente una pubblicit\u00e0 elettorale del\u00a0Movimento 5 Stelle firmata da\u00a0Avaaz, una organizzazione non governativa dalla quale non ti aspetti che si metta a interferire. Se la pubblicit\u00e0 non vi sembra a favore di Mura ma equidistante leggete di nuovo. Non \u00e8 imparziale,\u2026","rel":"","context":"In &quot;Coordinate&quot;","block_context":{"text":"Coordinate","link":"https:\/\/www.robertosedda.it\/?cat=52"},"img":{"alt_text":"","src":"https:\/\/i0.wp.com\/www.robertosedda.it\/wp-content\/uploads\/2018\/02\/Mura-Cappellacci-Avaaz.png?fit=339%2C461&ssl=1&resize=350%2C200","width":350,"height":200},"classes":[]},{"id":11369,"url":"https:\/\/www.robertosedda.it\/?p=11369","url_meta":{"origin":690,"position":3},"title":"Giornate indimenticabili","author":"Rufus","date":"04\/01\/2016","format":"video","excerpt":"Perfect day (Fernando Le\u00f3n de Aranoa, Spagna 2015) C'\u00e8 un posto dove si buttano cadaveri nei pozzi per inquinare l'acqua. Uomini, non animali, perch\u00e9 il bestiame in guerra \u00e8 troppo importante per l'alimentazione e quindi non pu\u00f2 essere sprecato. Cos\u00ec, in un qualche giorno del 1995 in una qualche parte\u2026","rel":"","context":"In &quot;Coordinate&quot;","block_context":{"text":"Coordinate","link":"https:\/\/www.robertosedda.it\/?cat=52"},"img":{"alt_text":"","src":"https:\/\/i0.wp.com\/img.youtube.com\/vi\/6_i00pmdIcA\/0.jpg?resize=350%2C200","width":350,"height":200},"classes":[]},{"id":4808,"url":"https:\/\/www.robertosedda.it\/?p=4808","url_meta":{"origin":690,"position":4},"title":"\u00c8 di nuovo quel momento&#8230;","author":"Rufus","date":"29\/10\/2013","format":false,"excerpt":"... in cui qualcosa non funziona sul sito. Abbiamo migrato da un server a un altro e nel viaggio ci siamo lasciati dietro tutte le foto caricate da met\u00e0 settembre in poi. Stiamo cercando di recuperarle, perch\u00e9 il ricaricarle tutte a mano si prospetta noioso anzichen\u00f2. Altrimenti le faremo ricomparire\u2026","rel":"","context":"Articolo simile","block_context":{"text":"Articolo simile","link":""},"img":{"alt_text":"","src":"https:\/\/i0.wp.com\/www.robertosedda.it\/wp-content\/uploads\/2013\/10\/Rufus-clown.jpg?fit=604%2C415&ssl=1&resize=350%2C200","width":350,"height":200},"classes":[]},{"id":1438,"url":"https:\/\/www.robertosedda.it\/?p=1438","url_meta":{"origin":690,"position":5},"title":"Aiutiamo la Norvegia","author":"Rufus","date":"23\/11\/2012","format":"video","excerpt":"Ci sono dei bambini da aiutare, in Norvegia. Bambini che congelano a morte. Serve caldo. E chi \u00e8 pi\u00f9 esperto del caldo degli africani? Da questo nasce l'idea di una ONG, Radi-Aid\u00a0(in inglese si pronuncia come irradiare), che lancia un appello corredato anche da un video stile Do they know\u2026","rel":"","context":"In &quot;Coordinate&quot;","block_context":{"text":"Coordinate","link":"https:\/\/www.robertosedda.it\/?cat=52"},"img":{"alt_text":"","src":"https:\/\/i0.wp.com\/www.robertosedda.it\/wp-content\/uploads\/2012\/11\/Aiutiamo-la-Norvegia.jpg?fit=768%2C451&ssl=1&resize=350%2C200","width":350,"height":200,"srcset":"https:\/\/i0.wp.com\/www.robertosedda.it\/wp-content\/uploads\/2012\/11\/Aiutiamo-la-Norvegia.jpg?fit=768%2C451&ssl=1&resize=350%2C200 1x, https:\/\/i0.wp.com\/www.robertosedda.it\/wp-content\/uploads\/2012\/11\/Aiutiamo-la-Norvegia.jpg?fit=768%2C451&ssl=1&resize=700%2C400 2x"},"classes":[]}],"_links":{"self":[{"href":"https:\/\/www.robertosedda.it\/index.php?rest_route=\/wp\/v2\/posts\/690"}],"collection":[{"href":"https:\/\/www.robertosedda.it\/index.php?rest_route=\/wp\/v2\/posts"}],"about":[{"href":"https:\/\/www.robertosedda.it\/index.php?rest_route=\/wp\/v2\/types\/post"}],"author":[{"embeddable":true,"href":"https:\/\/www.robertosedda.it\/index.php?rest_route=\/wp\/v2\/users\/1"}],"replies":[{"embeddable":true,"href":"https:\/\/www.robertosedda.it\/index.php?rest_route=%2Fwp%2Fv2%2Fcomments&post=690"}],"version-history":[{"count":25,"href":"https:\/\/www.robertosedda.it\/index.php?rest_route=\/wp\/v2\/posts\/690\/revisions"}],"predecessor-version":[{"id":6164,"href":"https:\/\/www.robertosedda.it\/index.php?rest_route=\/wp\/v2\/posts\/690\/revisions\/6164"}],"wp:attachment":[{"href":"https:\/\/www.robertosedda.it\/index.php?rest_route=%2Fwp%2Fv2%2Fmedia&parent=690"}],"wp:term":[{"taxonomy":"category","embeddable":true,"href":"https:\/\/www.robertosedda.it\/index.php?rest_route=%2Fwp%2Fv2%2Fcategories&post=690"},{"taxonomy":"post_tag","embeddable":true,"href":"https:\/\/www.robertosedda.it\/index.php?rest_route=%2Fwp%2Fv2%2Ftags&post=690"}],"curies":[{"name":"wp","href":"https:\/\/api.w.org\/{rel}","templated":true}]}}