{"id":687,"date":"2012-08-23T16:11:35","date_gmt":"2012-08-23T14:11:35","guid":{"rendered":"http:\/\/www.robertosedda.it\/?p=687"},"modified":"2012-08-23T16:11:35","modified_gmt":"2012-08-23T14:11:35","slug":"leconomista-mascherato","status":"publish","type":"post","link":"https:\/\/www.robertosedda.it\/?p=687","title":{"rendered":"L&#8217;economista mascherato"},"content":{"rendered":"<p><a href=\"https:\/\/i0.wp.com\/www.robertosedda.it\/wp-content\/uploads\/2012\/08\/the-undercover-economist-tim-hardford.jpg\"><img data-attachment-id=\"688\" data-permalink=\"https:\/\/www.robertosedda.it\/?attachment_id=688\" data-orig-file=\"https:\/\/i0.wp.com\/www.robertosedda.it\/wp-content\/uploads\/2012\/08\/the-undercover-economist-tim-hardford.jpg?fit=500%2C677&amp;ssl=1\" data-orig-size=\"500,677\" data-comments-opened=\"1\" data-image-meta=\"{&quot;aperture&quot;:&quot;0&quot;,&quot;credit&quot;:&quot;&quot;,&quot;camera&quot;:&quot;&quot;,&quot;caption&quot;:&quot;&quot;,&quot;created_timestamp&quot;:&quot;0&quot;,&quot;copyright&quot;:&quot;&quot;,&quot;focal_length&quot;:&quot;0&quot;,&quot;iso&quot;:&quot;0&quot;,&quot;shutter_speed&quot;:&quot;0&quot;,&quot;title&quot;:&quot;&quot;}\" data-image-title=\"the-undercover-economist-tim-hardford\" data-image-description=\"\" data-image-caption=\"\" data-medium-file=\"https:\/\/i0.wp.com\/www.robertosedda.it\/wp-content\/uploads\/2012\/08\/the-undercover-economist-tim-hardford.jpg?fit=221%2C300&amp;ssl=1\" data-large-file=\"https:\/\/i0.wp.com\/www.robertosedda.it\/wp-content\/uploads\/2012\/08\/the-undercover-economist-tim-hardford.jpg?fit=500%2C677&amp;ssl=1\" decoding=\"async\" loading=\"lazy\" class=\"alignright size-medium wp-image-688\" title=\"the-undercover-economist-tim-hardford\" src=\"https:\/\/i0.wp.com\/www.robertosedda.it\/wp-content\/uploads\/2012\/08\/the-undercover-economist-tim-hardford.jpg?resize=221%2C300\" alt=\"\" width=\"221\" height=\"300\" srcset=\"https:\/\/i0.wp.com\/www.robertosedda.it\/wp-content\/uploads\/2012\/08\/the-undercover-economist-tim-hardford.jpg?resize=221%2C300&amp;ssl=1 221w, https:\/\/i0.wp.com\/www.robertosedda.it\/wp-content\/uploads\/2012\/08\/the-undercover-economist-tim-hardford.jpg?w=500&amp;ssl=1 500w\" sizes=\"(max-width: 221px) 100vw, 221px\" data-recalc-dims=\"1\" \/><\/a>Sto leggendo questo divertente testo divulgativo di economia (l&#8217;<em>Economista Mascherato<\/em>, appunto) di <em>Tim Harford<\/em>, editorialista del <em>Financial Times<\/em>.<\/p>\n<p>\u00c8 un libro che spiega in termini economici le cose banali della nostra vita quotidiana, tipo perch\u00e9 il caff\u00e9 negli aereoporti \u00e8 uniformemente cattivo ma costa il doppio del bar sotto casa, perch\u00e9 c&#8217;\u00e8 sempre un ingorgo in centro a mezzogiorno, perch\u00e9 le sedi delle banche hanno portoni di bronzo, perch\u00e9 la CocaCola spende milioni di dollari in pubblicit\u00e0 insignificante e perch\u00e9 non esiste un oggetto come una buona macchina usata.<\/p>\n<p>Non solo si legge con molta facilit\u00e0 ma pian piano si scopre che va a toccare (a parte il prezzo del caff\u00e9&#8230;) questioni di grande rilevanza, come l&#8217;ambiente, la salute pubblica, la povert\u00e0 del sud del mondo e cos\u00ec via.<\/p>\n<p>\u00c8\u00a0fortemente consigliato per confrontarsi almeno una volta nella vita con l&#8217;eleganza, il rigore e, lasciatemelo dire, la bellezza del ragionamento economico classico. Si tratta di un regalo intellettuale che tutti prima o poi dovrebbero farsi.<\/p>\n<p>Naturalmente&#8230; sono tutte cavolate; nel senso che uno che ha studiato economia a fondo sapr\u00e0 che ci sono mille modelli che spiegano gli stessi fenomeni in maniera radicalmente diversa (e molto meno amichevole nei confronti del mercato e del capitale); tuttavia se si vuole arrivare a quel passo bisogna pur sempre passare per il pensiero economico ortodosso (e non schivarlo come certi teorici dell&#8217;economia alternativa dei miei stivali) e l&#8217;introduzione ininterrottamente spiritosa, provocante e&#8230; amichevole e gentile di Harford \u00e8 quanto di meglio io conosca.<\/p>\n","protected":false},"excerpt":{"rendered":"<p>Sto leggendo questo divertente testo divulgativo di economia (l&#8217;Economista Mascherato, appunto) di Tim Harford, editorialista del Financial Times. \u00c8 un<\/p>\n","protected":false},"author":1,"featured_media":688,"comment_status":"open","ping_status":"open","sticky":false,"template":"","format":"standard","meta":{"_mi_skip_tracking":false,"_monsterinsights_sitenote_active":false,"_monsterinsights_sitenote_note":"","_monsterinsights_sitenote_category":0,"jetpack_post_was_ever_published":false,"_jetpack_newsletter_access":"","jetpack_publicize_message":"","jetpack_is_tweetstorm":false,"jetpack_publicize_feature_enabled":true,"jetpack_social_post_already_shared":false,"jetpack_social_options":{"image_generator_settings":{"template":"highway","enabled":false}}},"categories":[52,55,13,77,12],"tags":[],"jetpack_publicize_connections":[],"jetpack_featured_media_url":"https:\/\/i0.wp.com\/www.robertosedda.it\/wp-content\/uploads\/2012\/08\/the-undercover-economist-tim-hardford.jpg?fit=500%2C677&ssl=1","jetpack_sharing_enabled":true,"jetpack_shortlink":"https:\/\/wp.me\/p4jV2T-b5","jetpack_likes_enabled":true,"jetpack-related-posts":[{"id":3692,"url":"https:\/\/www.robertosedda.it\/?p=3692","url_meta":{"origin":687,"position":0},"title":"La scienza grama","author":"Rufus","date":"01\/07\/2013","format":false,"excerpt":"In Inghilterra e negli Stati Uniti, paesi in cui ha conosciuto un rispetto di lungo termine molto maggiore che in Italia, l'economia politica gode addirittura di un nomignolo, peraltro poco incoraggiante: the dismal science, espressione di Carlyle che pi\u00f9 o meno vorrebbe dire \"la scienza grama\". Gli studenti di Scienze\u2026","rel":"","context":"In &quot;Coordinate&quot;","block_context":{"text":"Coordinate","link":"https:\/\/www.robertosedda.it\/?cat=52"},"img":{"alt_text":"","src":"https:\/\/i0.wp.com\/www.robertosedda.it\/wp-content\/uploads\/2013\/07\/freakonomics.jpg?fit=685%2C1053&ssl=1&resize=350%2C200","width":350,"height":200},"classes":[]},{"id":19076,"url":"https:\/\/www.robertosedda.it\/?p=19076","url_meta":{"origin":687,"position":1},"title":"Barbero non ha ragione (del tutto)","author":"Rufus","date":"21\/01\/2022","format":false,"excerpt":"Ieri la mia bolla Twittter reagiva con una certa veemenza, da una parte e dall'altra, a una battuta estemporanea di Barbero sugli economisti, battuta che ci rassicura, fra l'altro, sul fatto che certe vecchie faide accademiche, tipo storici contro economisti, economisti contro ingegneri, economisti contro sociologi o fisici contro economisti\u2026","rel":"","context":"In &quot;Coordinate&quot;","block_context":{"text":"Coordinate","link":"https:\/\/www.robertosedda.it\/?cat=52"},"img":{"alt_text":"","src":"https:\/\/i0.wp.com\/www.robertosedda.it\/wp-content\/uploads\/2022\/01\/Barbero-economisti.jpg?fit=1200%2C576&ssl=1&resize=350%2C200","width":350,"height":200,"srcset":"https:\/\/i0.wp.com\/www.robertosedda.it\/wp-content\/uploads\/2022\/01\/Barbero-economisti.jpg?fit=1200%2C576&ssl=1&resize=350%2C200 1x, https:\/\/i0.wp.com\/www.robertosedda.it\/wp-content\/uploads\/2022\/01\/Barbero-economisti.jpg?fit=1200%2C576&ssl=1&resize=700%2C400 2x, https:\/\/i0.wp.com\/www.robertosedda.it\/wp-content\/uploads\/2022\/01\/Barbero-economisti.jpg?fit=1200%2C576&ssl=1&resize=1050%2C600 3x"},"classes":[]},{"id":2410,"url":"https:\/\/www.robertosedda.it\/?p=2410","url_meta":{"origin":687,"position":2},"title":"La vita cambia","author":"Rufus","date":"04\/03\/2013","format":false,"excerpt":"Quando ho compiuto i quarantacinque anni ho fatto, con una certa sorpresa, la riflessione di non essere poi cambiato cos\u00ec tanto rispetto ai vent'anni. A vent'anni stavo in Azione Cattolica: oggi - come quando ho compiuto i quarantacinque - ne faccio ancora parte, occupa ancora tanto dei miei pensieri e\u2026","rel":"","context":"In &quot;Coordinate&quot;","block_context":{"text":"Coordinate","link":"https:\/\/www.robertosedda.it\/?cat=52"},"img":{"alt_text":"","src":"https:\/\/i0.wp.com\/www.robertosedda.it\/wp-content\/uploads\/2013\/03\/ALIM2711.jpg?fit=1200%2C900&ssl=1&resize=350%2C200","width":350,"height":200,"srcset":"https:\/\/i0.wp.com\/www.robertosedda.it\/wp-content\/uploads\/2013\/03\/ALIM2711.jpg?fit=1200%2C900&ssl=1&resize=350%2C200 1x, https:\/\/i0.wp.com\/www.robertosedda.it\/wp-content\/uploads\/2013\/03\/ALIM2711.jpg?fit=1200%2C900&ssl=1&resize=700%2C400 2x, https:\/\/i0.wp.com\/www.robertosedda.it\/wp-content\/uploads\/2013\/03\/ALIM2711.jpg?fit=1200%2C900&ssl=1&resize=1050%2C600 3x"},"classes":[]},{"id":19463,"url":"https:\/\/www.robertosedda.it\/?p=19463","url_meta":{"origin":687,"position":3},"title":"Diari di progettazione: parlare di conflitto","author":"Rufus","date":"07\/04\/2022","format":false,"excerpt":"Il 30 aprile, a Selegas, i soci di Banca Etica organizzano un seminario sul tema del conflitto, che fa seguito a una attivit\u00e0 precedente sulla gestione delle reti di lavoro. Il seminario lo conduco io, e sono molto in tensione. Intanto perch\u00e9, evidentemente, parlare di conflitto in questo periodo non\u2026","rel":"","context":"In &quot;Coordinate&quot;","block_context":{"text":"Coordinate","link":"https:\/\/www.robertosedda.it\/?cat=52"},"img":{"alt_text":"","src":"https:\/\/i0.wp.com\/www.robertosedda.it\/wp-content\/uploads\/2022\/04\/Galtung.jpg?fit=856%2C1200&ssl=1&resize=350%2C200","width":350,"height":200,"srcset":"https:\/\/i0.wp.com\/www.robertosedda.it\/wp-content\/uploads\/2022\/04\/Galtung.jpg?fit=856%2C1200&ssl=1&resize=350%2C200 1x, https:\/\/i0.wp.com\/www.robertosedda.it\/wp-content\/uploads\/2022\/04\/Galtung.jpg?fit=856%2C1200&ssl=1&resize=700%2C400 2x"},"classes":[]},{"id":7631,"url":"https:\/\/www.robertosedda.it\/?p=7631","url_meta":{"origin":687,"position":4},"title":"Povert\u00e0 intellettuale di certa scienza grama","author":"Rufus","date":"09\/06\/2014","format":false,"excerpt":"Gioved\u00ec sono stato con Maria Bonaria all'incontro col premio Nobel per l'economia Rober Aumann, abbandonando il resto del gruppo La Pira\u00a0che inopinatamente ha preferito andarsene a vedere il\u00a0rally. C'avevano ragione loro, c'avevano. Di fronte a una platea curiosamente priva di docenti di economia dell'Universit\u00e0 di Cagliari - o cos\u00ec mi\u2026","rel":"","context":"In &quot;Coordinate&quot;","block_context":{"text":"Coordinate","link":"https:\/\/www.robertosedda.it\/?cat=52"},"img":{"alt_text":"","src":"https:\/\/i0.wp.com\/www.robertosedda.it\/wp-content\/uploads\/2014\/06\/2014-06-05-21.29.56.jpg?fit=1200%2C900&ssl=1&resize=350%2C200","width":350,"height":200,"srcset":"https:\/\/i0.wp.com\/www.robertosedda.it\/wp-content\/uploads\/2014\/06\/2014-06-05-21.29.56.jpg?fit=1200%2C900&ssl=1&resize=350%2C200 1x, https:\/\/i0.wp.com\/www.robertosedda.it\/wp-content\/uploads\/2014\/06\/2014-06-05-21.29.56.jpg?fit=1200%2C900&ssl=1&resize=700%2C400 2x, https:\/\/i0.wp.com\/www.robertosedda.it\/wp-content\/uploads\/2014\/06\/2014-06-05-21.29.56.jpg?fit=1200%2C900&ssl=1&resize=1050%2C600 3x"},"classes":[]},{"id":13765,"url":"https:\/\/www.robertosedda.it\/?p=13765","url_meta":{"origin":687,"position":5},"title":"Nonostante tutti i suoi difetti","author":"Rufus","date":"24\/05\/2017","format":"video","excerpt":"Girovagando per Torino mi sono imbattuto in una locandina che annunciava una proiezione straordinaria di PIIGS (sottotitolo: Come imparai a preoccuparmi e a combattere l'austerity), un film di cui in diversi ambienti si parla molto e che ha peraltro una circolazione quasi clandestina, con proiezioni organizzate apposta qui e l\u00e0\u2026","rel":"","context":"In &quot;Banche e finanza&quot;","block_context":{"text":"Banche e finanza","link":"https:\/\/www.robertosedda.it\/?cat=72"},"img":{"alt_text":"","src":"https:\/\/i0.wp.com\/www.robertosedda.it\/wp-content\/uploads\/2017\/05\/pigs.png?fit=921%2C365&ssl=1&resize=350%2C200","width":350,"height":200,"srcset":"https:\/\/i0.wp.com\/www.robertosedda.it\/wp-content\/uploads\/2017\/05\/pigs.png?fit=921%2C365&ssl=1&resize=350%2C200 1x, https:\/\/i0.wp.com\/www.robertosedda.it\/wp-content\/uploads\/2017\/05\/pigs.png?fit=921%2C365&ssl=1&resize=700%2C400 2x"},"classes":[]}],"_links":{"self":[{"href":"https:\/\/www.robertosedda.it\/index.php?rest_route=\/wp\/v2\/posts\/687"}],"collection":[{"href":"https:\/\/www.robertosedda.it\/index.php?rest_route=\/wp\/v2\/posts"}],"about":[{"href":"https:\/\/www.robertosedda.it\/index.php?rest_route=\/wp\/v2\/types\/post"}],"author":[{"embeddable":true,"href":"https:\/\/www.robertosedda.it\/index.php?rest_route=\/wp\/v2\/users\/1"}],"replies":[{"embeddable":true,"href":"https:\/\/www.robertosedda.it\/index.php?rest_route=%2Fwp%2Fv2%2Fcomments&post=687"}],"version-history":[{"count":1,"href":"https:\/\/www.robertosedda.it\/index.php?rest_route=\/wp\/v2\/posts\/687\/revisions"}],"predecessor-version":[{"id":689,"href":"https:\/\/www.robertosedda.it\/index.php?rest_route=\/wp\/v2\/posts\/687\/revisions\/689"}],"wp:featuredmedia":[{"embeddable":true,"href":"https:\/\/www.robertosedda.it\/index.php?rest_route=\/wp\/v2\/media\/688"}],"wp:attachment":[{"href":"https:\/\/www.robertosedda.it\/index.php?rest_route=%2Fwp%2Fv2%2Fmedia&parent=687"}],"wp:term":[{"taxonomy":"category","embeddable":true,"href":"https:\/\/www.robertosedda.it\/index.php?rest_route=%2Fwp%2Fv2%2Fcategories&post=687"},{"taxonomy":"post_tag","embeddable":true,"href":"https:\/\/www.robertosedda.it\/index.php?rest_route=%2Fwp%2Fv2%2Ftags&post=687"}],"curies":[{"name":"wp","href":"https:\/\/api.w.org\/{rel}","templated":true}]}}