{"id":6864,"date":"2014-04-01T10:32:23","date_gmt":"2014-04-01T08:32:23","guid":{"rendered":"http:\/\/www.robertosedda.it\/?p=6864"},"modified":"2023-04-05T09:22:23","modified_gmt":"2023-04-05T07:22:23","slug":"venti-indipendentisti-oltre-la-provocazione-del-canton-marittimo-di-nicolo-migheli","status":"publish","type":"post","link":"https:\/\/www.robertosedda.it\/?p=6864","title":{"rendered":"Venti indipendentisti oltre la provocazione del Canton Marittimo (di Nicol\u00f2 Migheli)"},"content":{"rendered":"<p><a href=\"https:\/\/i0.wp.com\/www.robertosedda.it\/wp-content\/uploads\/2014\/04\/Nicol\u00f2-Migheli.jpg\"><img data-attachment-id=\"6866\" data-permalink=\"https:\/\/www.robertosedda.it\/?attachment_id=6866\" data-orig-file=\"https:\/\/i0.wp.com\/www.robertosedda.it\/wp-content\/uploads\/2014\/04\/Nicol\u00f2-Migheli.jpg?fit=720%2C960&amp;ssl=1\" data-orig-size=\"720,960\" data-comments-opened=\"1\" data-image-meta=\"{&quot;aperture&quot;:&quot;0&quot;,&quot;credit&quot;:&quot;&quot;,&quot;camera&quot;:&quot;&quot;,&quot;caption&quot;:&quot;&quot;,&quot;created_timestamp&quot;:&quot;0&quot;,&quot;copyright&quot;:&quot;&quot;,&quot;focal_length&quot;:&quot;0&quot;,&quot;iso&quot;:&quot;0&quot;,&quot;shutter_speed&quot;:&quot;0&quot;,&quot;title&quot;:&quot;&quot;}\" data-image-title=\"Nicol\u00f2 Migheli\" data-image-description=\"\" data-image-caption=\"\" data-medium-file=\"https:\/\/i0.wp.com\/www.robertosedda.it\/wp-content\/uploads\/2014\/04\/Nicol\u00f2-Migheli.jpg?fit=225%2C300&amp;ssl=1\" data-large-file=\"https:\/\/i0.wp.com\/www.robertosedda.it\/wp-content\/uploads\/2014\/04\/Nicol\u00f2-Migheli.jpg?fit=510%2C680&amp;ssl=1\" decoding=\"async\" loading=\"lazy\" class=\"alignleft size-medium wp-image-6866\" src=\"https:\/\/i0.wp.com\/www.robertosedda.it\/wp-content\/uploads\/2014\/04\/Nicol\u00f2-Migheli.jpg?resize=225%2C300\" alt=\"Nicol\u00f2 Migheli\" width=\"225\" height=\"300\" srcset=\"https:\/\/i0.wp.com\/www.robertosedda.it\/wp-content\/uploads\/2014\/04\/Nicol\u00f2-Migheli.jpg?resize=225%2C300&amp;ssl=1 225w, https:\/\/i0.wp.com\/www.robertosedda.it\/wp-content\/uploads\/2014\/04\/Nicol\u00f2-Migheli.jpg?resize=112%2C150&amp;ssl=1 112w, https:\/\/i0.wp.com\/www.robertosedda.it\/wp-content\/uploads\/2014\/04\/Nicol\u00f2-Migheli.jpg?resize=700%2C933&amp;ssl=1 700w, https:\/\/i0.wp.com\/www.robertosedda.it\/wp-content\/uploads\/2014\/04\/Nicol\u00f2-Migheli.jpg?w=720&amp;ssl=1 720w\" sizes=\"(max-width: 225px) 100vw, 225px\" data-recalc-dims=\"1\" \/><\/a>I\u00a0<em>blogger<\/em> del luned\u00ec, che a questo punto sarebbe pi\u00f9 corretto chiamare\u00a0<em>blogger<\/em> indipendentisti, procedono nei loro incontri. \u00c8 un po&#8217; che non ricevo direttamente l&#8217;articolo per la pubblicazione, ma vedo che tutti continuano a citare questo <em>blog<\/em>\u00a0come parte della catena e perci\u00f2 continuo a stare al gioco dei rimandi: peraltro\u00a0mai come in questa occasione con imbarazzo, perch\u00e9 devo dire con dispiacere che non condivido nulla dell&#8217;articolo di Nicol\u00f2 &#8211; non l&#8217;impostazione, non la qualit\u00e0 delle argomentazioni, non la visione, non le conclusioni, non, in generale, il fatto che il <em>focus<\/em> del gruppo sembri sempre meno concentrato a condividere visioni\u00a0<em>diverse<\/em> della Sardegna quanto a rilanciarsi reciprocamente la <em>stessa<\/em> visione. D&#8217;altra parte per me la possibilit\u00e0 di partecipare alle riunioni \u00e8 quella che \u00e8 (ieri appena\u00a0tornato da Barcellona sono andato a fare una valutazione sociale per Banca Etica) quindi suppongo di non avere troppo diritto di lamentarmi.\u00a0Oltretutto sono in debito con Nicol\u00f2 che, oltre a essere un uomo di rara simpatia, \u00e8 stato l&#8217;unico a cogliere l&#8217;influenza di Martin Buber <a title=\"Fedeli a Dio e al popolo\" href=\"http:\/\/www.robertosedda.it\/?p=5105\">la volta che \u00e8 toccato a me scrivere uno degli articoli del luned\u00ec<\/a>,\u00a0<em>no mean feat<\/em>: facciamo che mi sdebito per quanto sono stato\u00a0<em>tranchant<\/em> poco sopra ricordando il suo romanzo,\u00a0<a href=\"http:\/\/www.arkadiaeditore.it\/index.php?option=com_content&amp;view=article&amp;id=1511:novita-in-uscita-la-storia-vera-di-diego-henares-de-astorga&amp;catid=26:eclypse&amp;Itemid=32\"><em>La storia vera di Diego Henares de Astorga<\/em><\/a>.<\/p>\n<p>Oltre che su questo blog, questo articolo viene pubblicato anche sui siti<strong>\u00a0<\/strong><strong><a href=\"http:\/\/www.fondazionesardinia.eu\/ita\/\">Fondazione Sardinia<\/a><\/strong>,\u00a0<strong><a href=\"http:\/\/www.aladinpensiero.it\/\">Aladinpensiero.it<\/a>,\u00a0<\/strong><strong><a href=\"http:\/\/www.tramasdeamistade.org\/\">Tramas de Amistade<\/a><\/strong>,\u00a0<strong><a href=\"http:\/\/madrigopolis.blogspot.it\/\">Madrigopolis<\/a><\/strong>,\u00a0<strong><a href=\"http:\/\/www.sardegnasoprattutto.com\/\">Sardegna Soprattutto<\/a><\/strong>,\u00a0<strong><a href=\"http:\/\/www.formaparis.com\/blog\">Sportello Formaparis<\/a><\/strong>,\u00a0<strong><a href=\"http:\/\/tottusinpari.blog.tiscali.it\/\">Tottusinpari<\/a><\/strong>\u00a0e sui blog di\u00a0<strong><a href=\"http:\/\/www.enricolobina.org\/wp\/\">Enrico Lobina<\/a>\u00a0<\/strong>e<strong><a title=\"Un\u2019ardente pazienza\" href=\"http:\/\/www.vitobiolchini.it\"><strong> Vito Biolchini<\/strong><\/a>.\u00a0<\/strong><\/p>\n<h2>Crimea, Scozia, Veneto e Canton Marittimo: voglie di indipendenza tra sarcasmi e paure<\/h2>\n<h3>di Nicol\u00f2 Migheli<\/h3>\n<p>Certo \u00e8 che il referendum della Crimea ha innescato paure in tutta Europa. \u00c8 il meccanismo della consultazione popolare che spaventa, anche se poi si \u00e8 tradotto nella pi\u00f9 grande annessione di territori dopo la seconda guerra mondiale. Ancora una volta la domanda: \u00e8 pi\u00f9 importante l&#8217;autodecisione dei popoli o l&#8217;intangibilit\u00e0 delle frontiere sancita dal trattato di Helsinki?<\/p>\n<p>Il concomitante referendum online fatto in Veneto, bench\u00e9 dubbio, ha comunque confermato il desiderio di indipendenza che da anni soffia in quelle terre. Il 2014 si annuncia come cruciale. Cento anni dopo che la guerra europea port\u00f2 a fase finale i risorgimenti ottocenteschi facendo crollare gli imperi, dando uno stato a molte nazionalit\u00e0.<\/p>\n<p>In Spagna, nonostante l&#8217;opposizione del governo che lo ha dichiarato illegittimo, il referendum catalano si terr\u00e0. A novembre sar\u00e0 la volta di quello scozzese e l\u2019Inghilterra si prepara a modificare l\u2019<em>Union Jack<\/em>, togliendo il blu e la croce bianca di Sant&#8217;Andrea bandiera della Scozia. Segnali che hanno indotto Francesco\u00a0<strong>Merlo<\/strong>\u00a0a scrivere un\u00a0<strong><a href=\"http:\/\/tweb.interno.it\/news\/2014\/03\/27\/2014032702169301771.PDF\">articolo sulla Repubblica<\/a><\/strong>. Il giornalista mette insieme le rivendicazioni Sud tirolesi con gli indipendentismi da condominio. Il dubbioso referendum veneto con Sardegna Cantone Marittimo e i movimenti neoborbonici. La ricerca delle universit\u00e0 di Cagliari ed Edimburgo, \u00a0che rivelava un desiderio di indipendenza del quaranta per cento dei sardi, non ebbe ugual riscontro mediatico.<\/p>\n<p>Merlo scrive un paginone di sarcasmi che finge di informare e non spiega, un mega esorcismo contro la paura delle secessioni. Il giornalista non si chiede perch\u00e9 avvenga ora. Lasciando da parte Sardi e Sudtirolesi, che avrebbero molte ragioni storiche e culturali per essere indipendenti, perch\u00e9 l&#8217;Italia cova dentro di s\u00e9 il tarlo della disgregazione? Un paese ad identit\u00e0 labile che non \u00e8 riuscito a trovare unit\u00e0 nel contratto costituzionale non come la Francia che si riconosce in un patto repubblicano.<\/p>\n<p>In Italia \u00e8 in crisi quello che Slavoj\u00a0<strong>Zizek<\/strong>, citando \u00c8tienne\u00a0<strong>Balibar<\/strong>, chiama <em>\u00e9galibert\u00e9<\/em>, la libert\u00e0 nell&#8217;eguaglianza. \u00c8 in corso una precarizzazione delle esistenze, che si fanno pi\u00f9 evidenti nelle regioni meridionali. A questo si aggiunge la scoperta di essere governati da una oligarchia che perpetua il proprio potere, che diminuisce le rappresentanze locali perseguendo un disegno neo centralista; abolisce le provincie ma non i prefetti, bench\u00e9 entrambe le istituzioni facciano parte della stessa organizzazione di derivazione napoleonica.<\/p>\n<p>Il prossimo passo saranno le regioni, che verranno limitate nei poteri e capacit\u00e0 di spesa con la riforma del Titolo V della Costituzione. Uno stato che non riesce pi\u00f9 a garantire i servizi minimi con una amministrazione che \u00e8 sempre pi\u00f9 blocco a qualsiasi sviluppo. Una fuga dalle inefficienze dello stato, una richiesta di democrazia diretta, un desiderio di poter riprendere in mano le proprie esistenze.<\/p>\n<p>\u00c8 emblematica la vicenda di\u00a0<strong><a href=\"http:\/\/www.cantonmarittimo.com\/\">Sardegna Cantone Marittimo<\/a><\/strong>\u00a0che arriva dopo le illusioni e delusioni della zona franca integrale; nata come provocazione si sta trasformando in qualcosa che assomiglia ad un movimento di opinione. L&#8217;iniziativa rivela una condizione culturale pi\u00f9 che un desiderio politico. La Svizzera attrae non solo per la sua ricchezza, ma anche per un&#8217;ottima organizzazione amministrativa, per la democrazia partecipata esercitata in ogni occasione, per i referendum propositivi senza <em>quorum<\/em> usati in ogni occasione. Un luogo dove i cittadini contano ancora.<\/p>\n<p>Vi \u00e8 inoltre un altro elemento poco valutato. Il paese alpino non \u00e8 nella UE, ha la sua moneta. Questi ultimi due aspetti rispecchiano la demonizzazione fatta da pi\u00f9 parti dell\u2019euro diventato il capro espiatorio della crisi europea. Vi \u00e8 inoltre un rigetto della stessa UE vista come un organismo burocratico freddo e distante, che impone regole incomprensibili. Il luogo delle \u201clacrime e sangue\u201d. Ancora una volta un desiderio di fuga pi\u00f9 che una proposta di azione soggettiva. Un affidarsi ad altri nella speranza che siano loro a risolvere i nostri problemi. Con in pi\u00f9 un aspetto consolatorio: lo scoprire che gli svizzeri sono affascinati dall&#8217;idea, che considerano i sardi seri e laboriosi cos\u00ec come sono loro.<\/p>\n<p>Tutto serve per\u00f2. Chi ha promosso l&#8217;idea confessa sul suo profilo <em>Facebook<\/em> che in questi mesi ha scoperto quanto l&#8217;Italia sia stata ingiusta con noi, quanto i nostri diritti siano negati. \u00c8 indubbio che mai come in questi anni l&#8217;idea di autodeterminazione dei Sardi sia stata cos\u00ec popolare. La secessione che l&#8217;Italia sta compiendo nei nostri confronti muta il nostro rapporto con la Repubblica italiana.\u00a0 A poco valgono le paure della grande stampa italiana trasformate in sarcasmo. La talpa scava. Sempre pi\u00f9 Sardi scoprono che il destino del loro popolo pu\u00f2 essere nelle loro mani; che potranno vivere nel mondo da eguali agli altri popoli. Sentimento che fino ad ora non si traduce in scelte politiche maggioritarie.<\/p>\n<p>Quattrocentouno anni dopo il trattato di Utrecht che tolse la Sardegna alla Spagna, la storia sembra riprendere il suo cammino. Star\u00e0 a noi saperla vivere da protagonisti.<\/p>\n","protected":false},"excerpt":{"rendered":"<p>I\u00a0blogger del luned\u00ec, che a questo punto sarebbe pi\u00f9 corretto chiamare\u00a0blogger indipendentisti, procedono nei loro incontri. \u00c8 un po&#8217; che<\/p>\n","protected":false},"author":1,"featured_media":6866,"comment_status":"open","ping_status":"open","sticky":false,"template":"","format":"standard","meta":{"_mi_skip_tracking":false,"_monsterinsights_sitenote_active":false,"_monsterinsights_sitenote_note":"","_monsterinsights_sitenote_category":0,"jetpack_post_was_ever_published":false,"_jetpack_newsletter_access":"","jetpack_publicize_message":"","jetpack_is_tweetstorm":false,"jetpack_publicize_feature_enabled":true,"jetpack_social_post_already_shared":true,"jetpack_social_options":{"image_generator_settings":{"template":"highway","enabled":false}}},"categories":[52,57,17,59,16],"tags":[],"jetpack_publicize_connections":[],"jetpack_featured_media_url":"https:\/\/i0.wp.com\/www.robertosedda.it\/wp-content\/uploads\/2014\/04\/Nicol\u00f2-Migheli.jpg?fit=720%2C960&ssl=1","jetpack_sharing_enabled":true,"jetpack_shortlink":"https:\/\/wp.me\/p4jV2T-1MI","jetpack_likes_enabled":true,"jetpack-related-posts":[{"id":6944,"url":"https:\/\/www.robertosedda.it\/?p=6944","url_meta":{"origin":6864,"position":0},"title":"Votare o no? Almeno dite la vostra idea di Europa, per\u00f2","author":"Rufus","date":"10\/04\/2014","format":false,"excerpt":"A costo di dare un dolore al mio amico Alberto Pintus, devo dire che non trovo particolarmente convincenti le posizioni di coloro che suggeriscono che, poich\u00e9 la Sardegna \u00e8 rimasta nel collegio unico con la Sicilia per le elezioni europee, allora \u00e8 opportuno astenersi e non partecipare alla prossima tornata\u2026","rel":"","context":"In &quot;Coordinate&quot;","block_context":{"text":"Coordinate","link":"https:\/\/www.robertosedda.it\/?cat=52"},"img":{"alt_text":"","src":"https:\/\/i0.wp.com\/www.robertosedda.it\/wp-content\/uploads\/2014\/04\/Francesca-Barracciu-211x300.jpg?resize=350%2C200","width":350,"height":200},"classes":[]},{"id":11229,"url":"https:\/\/www.robertosedda.it\/?p=11229","url_meta":{"origin":6864,"position":1},"title":"La verit\u00e0 vi far\u00e0 liberi","author":"Rufus","date":"30\/11\/2015","format":false,"excerpt":"C'\u00e8 stato un tempo nel quale una parte del movimento indipendentista sardo ha lavorato seriamente a costituire e definire se stesso in maniera non-nazionalista (anche \"non-molte-altre-cose\", ma questo adesso ci interessa meno). \u00c8 interessante notare come quella tendenza si sia andata via via perdendo: oggi i partiti e movimenti indipendentisti\u2026","rel":"","context":"In &quot;Coordinate&quot;","block_context":{"text":"Coordinate","link":"https:\/\/www.robertosedda.it\/?cat=52"},"img":{"alt_text":"","src":"","width":0,"height":0},"classes":[]},{"id":6491,"url":"https:\/\/www.robertosedda.it\/?p=6491","url_meta":{"origin":6864,"position":2},"title":"Mi espongo alla berlina: elezioni regionali","author":"Rufus","date":"18\/02\/2014","format":false,"excerpt":"Ai bei vecchi tempi di it.arti.cinema si usava il tag \"miespongoallaberlina\" per introdurre post in cui si lodavano film universalmente considerati brutti o si facevano altre cose estremamente imprudenti. Lo metto come titolo a questo articolo perch\u00e9 sto per fare una cosa che davvero non si dovrebbe fare: commentare i\u2026","rel":"","context":"In &quot;Coordinate&quot;","block_context":{"text":"Coordinate","link":"https:\/\/www.robertosedda.it\/?cat=52"},"img":{"alt_text":"","src":"https:\/\/i0.wp.com\/www.robertosedda.it\/wp-content\/uploads\/2014\/02\/Vittoria-Pigliaru.jpg?fit=960%2C637&ssl=1&resize=350%2C200","width":350,"height":200,"srcset":"https:\/\/i0.wp.com\/www.robertosedda.it\/wp-content\/uploads\/2014\/02\/Vittoria-Pigliaru.jpg?fit=960%2C637&ssl=1&resize=350%2C200 1x, https:\/\/i0.wp.com\/www.robertosedda.it\/wp-content\/uploads\/2014\/02\/Vittoria-Pigliaru.jpg?fit=960%2C637&ssl=1&resize=700%2C400 2x"},"classes":[]},{"id":924,"url":"https:\/\/www.robertosedda.it\/?p=924","url_meta":{"origin":6864,"position":3},"title":"L&#8217;indipendentismo dell&#8217;edicolante","author":"Rufus","date":"24\/09\/2012","format":false,"excerpt":"Sabato mi sono fermato a prendere i giornali all'edicola. L'edicolante ha fatto l'abbonamento, perch\u00e9 si fida di Cellino e non crede che il Cagliari giocher\u00e0 pi\u00f9 a Trieste. L'edicolante\u00a0andr\u00e0 a vedere la Roma. L'edicolante sa che ci sar\u00e0 una nuova riunione e, vedrete, autorizzeranno il pubblico a entrare. Vedrete. Domenica\u2026","rel":"","context":"In &quot;Coordinate&quot;","block_context":{"text":"Coordinate","link":"https:\/\/www.robertosedda.it\/?cat=52"},"img":{"alt_text":"","src":"","width":0,"height":0},"classes":[]},{"id":5852,"url":"https:\/\/www.robertosedda.it\/?p=5852","url_meta":{"origin":6864,"position":4},"title":"Le elezioni che vengono, tra fantasmi e attese (di Salvatore Cubeddu)","author":"Rufus","date":"14\/01\/2014","format":false,"excerpt":"Mentre ieri ero impegnato a gestire PIN di famiglia e fare una serie di strane pratiche sul sito dell'INPS (questo \u00e8 anche il motivo per il quale ieri non ho pubblicato niente), i\u00a0blogger del luned\u00ec si sono riuniti, ripartendo mi pare quasi esattamente da dove si erano lasciati. Quello che\u2026","rel":"","context":"In &quot;Coordinate&quot;","block_context":{"text":"Coordinate","link":"https:\/\/www.robertosedda.it\/?cat=52"},"img":{"alt_text":"","src":"https:\/\/i0.wp.com\/www.robertosedda.it\/wp-content\/uploads\/2013\/12\/Salvatore-Cubeddu.jpg?fit=500%2C374&ssl=1&resize=350%2C200","width":350,"height":200},"classes":[]},{"id":7923,"url":"https:\/\/www.robertosedda.it\/?p=7923","url_meta":{"origin":6864,"position":5},"title":"Anche i professori a volte sbagliano (un intervento di Nicol\u00f2 Migheli)","author":"Rufus","date":"08\/07\/2014","format":false,"excerpt":"L'articolo dei blogger del luned\u00ec\u00a0\u00e8 pubblicato oltre che su questo sito anche su quelli\u00a0di\u00a0Fondazione Sardinia,\u00a0Tramas de amistade,\u00a0Aladin pensiero,\u00a0Vito Biolchini,\u00a0Sardegna soprattutto,\u00a0Enrico Lobina,\u00a0Madrigopolis,\u00a0Forma paris\u00a0e\u00a0Tottus in pari. Anche i professori a volte sbagliano di Nicol\u00f2 Migheli Chiunque in questi ultimi vent'anni abbia seguito le tendenze demografiche della Sardegna ha consapevolezza che l'isola \u00e8\u2026","rel":"","context":"In &quot;Coordinate&quot;","block_context":{"text":"Coordinate","link":"https:\/\/www.robertosedda.it\/?cat=52"},"img":{"alt_text":"","src":"https:\/\/i0.wp.com\/www.robertosedda.it\/wp-content\/uploads\/2014\/07\/Nicol\u00f2-Migheli.jpg?fit=417%2C628&ssl=1&resize=350%2C200","width":350,"height":200},"classes":[]}],"_links":{"self":[{"href":"https:\/\/www.robertosedda.it\/index.php?rest_route=\/wp\/v2\/posts\/6864"}],"collection":[{"href":"https:\/\/www.robertosedda.it\/index.php?rest_route=\/wp\/v2\/posts"}],"about":[{"href":"https:\/\/www.robertosedda.it\/index.php?rest_route=\/wp\/v2\/types\/post"}],"author":[{"embeddable":true,"href":"https:\/\/www.robertosedda.it\/index.php?rest_route=\/wp\/v2\/users\/1"}],"replies":[{"embeddable":true,"href":"https:\/\/www.robertosedda.it\/index.php?rest_route=%2Fwp%2Fv2%2Fcomments&post=6864"}],"version-history":[{"count":3,"href":"https:\/\/www.robertosedda.it\/index.php?rest_route=\/wp\/v2\/posts\/6864\/revisions"}],"predecessor-version":[{"id":8810,"href":"https:\/\/www.robertosedda.it\/index.php?rest_route=\/wp\/v2\/posts\/6864\/revisions\/8810"}],"wp:featuredmedia":[{"embeddable":true,"href":"https:\/\/www.robertosedda.it\/index.php?rest_route=\/wp\/v2\/media\/6866"}],"wp:attachment":[{"href":"https:\/\/www.robertosedda.it\/index.php?rest_route=%2Fwp%2Fv2%2Fmedia&parent=6864"}],"wp:term":[{"taxonomy":"category","embeddable":true,"href":"https:\/\/www.robertosedda.it\/index.php?rest_route=%2Fwp%2Fv2%2Fcategories&post=6864"},{"taxonomy":"post_tag","embeddable":true,"href":"https:\/\/www.robertosedda.it\/index.php?rest_route=%2Fwp%2Fv2%2Ftags&post=6864"}],"curies":[{"name":"wp","href":"https:\/\/api.w.org\/{rel}","templated":true}]}}