{"id":6856,"date":"2014-03-31T17:16:08","date_gmt":"2014-03-31T15:16:08","guid":{"rendered":"http:\/\/www.robertosedda.it\/?p=6856"},"modified":"2021-01-21T15:56:56","modified_gmt":"2021-01-21T14:56:56","slug":"unardente-pazienza","status":"publish","type":"post","link":"https:\/\/www.robertosedda.it\/?p=6856","title":{"rendered":"Un&#8217;ardente pazienza"},"content":{"rendered":"<p><a href=\"https:\/\/i0.wp.com\/www.robertosedda.it\/wp-content\/uploads\/2014\/03\/Assemblea-FIARE.jpeg\"><img data-attachment-id=\"6858\" data-permalink=\"https:\/\/www.robertosedda.it\/?attachment_id=6858\" data-orig-file=\"https:\/\/i0.wp.com\/www.robertosedda.it\/wp-content\/uploads\/2014\/03\/Assemblea-FIARE.jpeg?fit=2048%2C1536&amp;ssl=1\" data-orig-size=\"2048,1536\" data-comments-opened=\"1\" data-image-meta=\"{&quot;aperture&quot;:&quot;2.6&quot;,&quot;credit&quot;:&quot;&quot;,&quot;camera&quot;:&quot;YP-G70&quot;,&quot;caption&quot;:&quot;&quot;,&quot;created_timestamp&quot;:&quot;1396095504&quot;,&quot;copyright&quot;:&quot;&quot;,&quot;focal_length&quot;:&quot;3.79&quot;,&quot;iso&quot;:&quot;100&quot;,&quot;shutter_speed&quot;:&quot;0.071428571428571&quot;,&quot;title&quot;:&quot;&quot;}\" data-image-title=\"Assemblea FIARE\" data-image-description=\"\" data-image-caption=\"\" data-medium-file=\"https:\/\/i0.wp.com\/www.robertosedda.it\/wp-content\/uploads\/2014\/03\/Assemblea-FIARE.jpeg?fit=300%2C225&amp;ssl=1\" data-large-file=\"https:\/\/i0.wp.com\/www.robertosedda.it\/wp-content\/uploads\/2014\/03\/Assemblea-FIARE.jpeg?fit=510%2C383&amp;ssl=1\" decoding=\"async\" loading=\"lazy\" class=\"alignleft size-medium wp-image-6858\" src=\"https:\/\/i0.wp.com\/www.robertosedda.it\/wp-content\/uploads\/2014\/03\/Assemblea-FIARE.jpeg?resize=300%2C225\" alt=\"Assemblea FIARE\" width=\"300\" height=\"225\" srcset=\"https:\/\/i0.wp.com\/www.robertosedda.it\/wp-content\/uploads\/2014\/03\/Assemblea-FIARE.jpeg?resize=300%2C225&amp;ssl=1 300w, https:\/\/i0.wp.com\/www.robertosedda.it\/wp-content\/uploads\/2014\/03\/Assemblea-FIARE.jpeg?resize=150%2C112&amp;ssl=1 150w, https:\/\/i0.wp.com\/www.robertosedda.it\/wp-content\/uploads\/2014\/03\/Assemblea-FIARE.jpeg?resize=1024%2C768&amp;ssl=1 1024w, https:\/\/i0.wp.com\/www.robertosedda.it\/wp-content\/uploads\/2014\/03\/Assemblea-FIARE.jpeg?resize=268%2C200&amp;ssl=1 268w, https:\/\/i0.wp.com\/www.robertosedda.it\/wp-content\/uploads\/2014\/03\/Assemblea-FIARE.jpeg?resize=700%2C525&amp;ssl=1 700w, https:\/\/i0.wp.com\/www.robertosedda.it\/wp-content\/uploads\/2014\/03\/Assemblea-FIARE.jpeg?w=2048&amp;ssl=1 2048w, https:\/\/i0.wp.com\/www.robertosedda.it\/wp-content\/uploads\/2014\/03\/Assemblea-FIARE.jpeg?w=1600 1600w\" sizes=\"(max-width: 300px) 100vw, 300px\" data-recalc-dims=\"1\" \/><\/a>Questo scorso fine settimana sono stato a Barcellona per l&#8217;Assemblea di <em>FIARE<\/em>, i soci spagnoli di Banca Etica. Della visita alla citt\u00e0, l&#8217;unico posto che ho visto sinora dove un cagliaritano potrebbe sentirsi a casa, e della stessa assemblea parler\u00f2 magari un&#8217;altra volta. Oggi vi dir\u00f2 che sono rimasto molto colpito dalla citazione che ha concluso l&#8217;intervento di Cristina, la presidentessa del comitato etico di FIARE, un brano di Neruda che \u00e8 <em>davvero<\/em> secondo il mio cuore e che si pu\u00f2 applicare alla Banca Etica, all&#8217;Azione Cattolica, al gruppo <em>La Pira<\/em>, all&#8217;universo e tutto quanto:<\/p>\n<blockquote><p>Le nostre stelle polari sono la lotta e la speranza. Ma non c&#8217;\u00e8 lotta o speranza solitaria. In ogni uomo si riuniscono il passato, l&#8217;inerzia, gli errori, le passioni, le urgenze del nostro tempo, la velocit\u00e0 della storia. [&#8230;]<\/p>\n<p>Io scelsi la strada impervia di una responsabilit\u00e0 condivisa e, invece di confermare l&#8217;adorazione dell&#8217;individuo come il sole centrale del sistema, ho preferito dedicare con umilt\u00e0 il mio servizio a un numeroso esercito che a tratti pu\u00f2 errare, ma che procede instancabilmente e ogni giorno cammina trascinando tanto gli anacronistici recalcitranti quanto gli impazienti infatuati. Perch\u00e9 penso che i miei doveri di poeta mi prescrivevano non solo la fraternit\u00e0 con la rosa e la simmetria, con l&#8217;amore esaltato e con l&#8217;infinita nostalgia, ma anche con le ingrate fatiche umane che ho fatto mie nella poesia.<\/p>\n<p align=\"Justify\">Esattamente cento anni fa un povero e splendido poeta, il pi\u00f9 atroce dei disperati, scrisse questa profezia: \u00abA l&#8217;aurore, arm\u00e9s d&#8217;une ardente patience, nous entrerons aux splendides Villes\u00bb (all&#8217;aurora, armati di un&#8217;ardente pazienza, entreremo nelle splendide citt\u00e0).<\/p>\n<p>Io credo in questa profezia di Rimbaud, il veggente. Vengo da una remota provincia, da un paese separato da tutti gli altri a causa di una rasoiata di una geografia tagliente. Sono stato il pi\u00f9 abbandonato dei poeti e la mia poesia \u00e8 stata regionale, dolorosa e piangente. Ma ho sempre avuto fiducia nell&#8217;uomo. Non ho mai perso la speranza. Per questo forse son giunto fin qui con la mia poesia, e anche con la mia bandiera.<\/p>\n<p>Per concludere devo dire agli uomini di buona volont\u00e0, ai lavoratori, ai poeti che tutto il futuro \u00e8 stato espresso da questa frase di Rimbaud: solo con una ardente pazienza conquisteremo la splendida citt\u00e0 che dar\u00e0 luce, giustizia e dignit\u00e0 a ogni uomo.<\/p><\/blockquote>\n<p>P. S. Cercando il brano sul <em>web<\/em> (Cristina l&#8217;ha solo citato ma non ha indicato la fonte &#8211; comunque l&#8217;ho ritrovato con una certa fatica nel <a href=\"http:\/\/www.mundolatino.org\/cultura\/neruda\/neruda_3.htm\">discorso di accettazione del Nobel, a Stoccolma<\/a>), ho fatto una serie di scoperte:<\/p>\n<ul>\n<li><em>Ardente pazienza<\/em> \u00e8 anche il titolo originale del libro di Sk\u00e1rmeta che \u00e8 poi stato adattato ne <em>Il postino<\/em> con Troisi.<\/li>\n<li>Nella maggioranza delle referenze in italiano trovate da <em>Google<\/em> la frase <em>solo con una ardente pazienza conquisteremo la splendida citt\u00e0 che dar\u00e0 luce, giustizia e dignit\u00e0 a ogni uomo<\/em> \u00e8 posta come conclusione della nota poesia <em>Lentamente muore&#8230; <\/em>e non si cita affatto il discorso di Stoccolma.<\/li>\n<li>Come avete visto, la frase originaria \u00e8 in realt\u00e0 di Rimbaud (<a href=\"http:\/\/www.anthropiques.org\/?p=1350\">peraltro nei paesi francofoni, anche in occasioni importanti, \u00e8 attribuita a Rimbaud la forma con cui la frase \u00e8 ripresa da Neruda<\/a>, tutto il mondo evidentemente \u00e8 paese)&#8230;<\/li>\n<li>&#8230; ma la cosa in fondo \u00e8 poco importante, se si considera che in realt\u00e0 tutta la poesia <em>Lentamente muore&#8230;<\/em> non \u00e8 di Neruda, ma di Martha Medeiros!<\/li>\n<\/ul>\n","protected":false},"excerpt":{"rendered":"<p>Questo scorso fine settimana sono stato a Barcellona per l&#8217;Assemblea di FIARE, i soci spagnoli di Banca Etica. Della visita<\/p>\n","protected":false},"author":1,"featured_media":6858,"comment_status":"open","ping_status":"open","sticky":false,"template":"","format":"standard","meta":{"_mi_skip_tracking":false,"_monsterinsights_sitenote_active":false,"_monsterinsights_sitenote_note":"","_monsterinsights_sitenote_category":0,"jetpack_post_was_ever_published":false,"_jetpack_newsletter_access":"","jetpack_publicize_message":"Un'ardente pazienza #FIARE2014 http:\/\/wp.me\/p4jV2T-1MA","jetpack_is_tweetstorm":false,"jetpack_publicize_feature_enabled":true,"jetpack_social_post_already_shared":true,"jetpack_social_options":{"image_generator_settings":{"template":"highway","enabled":false}}},"categories":[52,49,53,75,12],"tags":[],"jetpack_publicize_connections":[],"jetpack_featured_media_url":"https:\/\/i0.wp.com\/www.robertosedda.it\/wp-content\/uploads\/2014\/03\/Assemblea-FIARE.jpeg?fit=2048%2C1536&ssl=1","jetpack_sharing_enabled":true,"jetpack_shortlink":"https:\/\/wp.me\/p4jV2T-1MA","jetpack_likes_enabled":true,"jetpack-related-posts":[{"id":3179,"url":"https:\/\/www.robertosedda.it\/?p=3179","url_meta":{"origin":6856,"position":0},"title":"Proverbi e cantautori all&#8217;Assemblea di Banca Etica (e altro&#8230;)","author":"Rufus","date":"20\/05\/2013","format":"video","excerpt":"Questo fine settimana sono stato a Firenze, insieme a un altro migliaio di persone, per l'Assemblea di Banca Etica. Fra tutti gli intervenuti c'era anche una folta delegazione spagnola: l'Assemblea sanciva l'ingresso della \"quinta area\", l'area spagnola dopo le quattro italiane, nella compagine sociale. Il venerd\u00ec notte ci siamo visti\u2026","rel":"","context":"In &quot;Coordinate&quot;","block_context":{"text":"Coordinate","link":"https:\/\/www.robertosedda.it\/?cat=52"},"img":{"alt_text":"","src":"https:\/\/i0.wp.com\/img.youtube.com\/vi\/RN3KZ35mTo8\/0.jpg?resize=350%2C200","width":350,"height":200},"classes":[]},{"id":5935,"url":"https:\/\/www.robertosedda.it\/?p=5935","url_meta":{"origin":6856,"position":1},"title":"Quello che ho detto all&#8217;Assemblea del GIT di Sassari","author":"Rufus","date":"27\/01\/2014","format":false,"excerpt":"Mercoled\u00ec scorso sono\u00a0andato a Sassari\u00a0con Gaetano Lauta, coordinatore dei soci di Banca Etica della Sardegna meridionale, all'assemblea dei cugini soci della Sardegna settentrionale. \u00c8 stata un'Assemblea molto bella e piuttosto intensa e, naturalmente, a un certo punto mi hanno fatto parlare. Ne ho approfittato per dire un paio delle cose\u2026","rel":"","context":"In &quot;Banche e finanza&quot;","block_context":{"text":"Banche e finanza","link":"https:\/\/www.robertosedda.it\/?cat=72"},"img":{"alt_text":"","src":"https:\/\/i0.wp.com\/www.robertosedda.it\/wp-content\/uploads\/2012\/11\/2012-11-18-10.14.20.jpg?fit=1200%2C900&ssl=1&resize=350%2C200","width":350,"height":200,"srcset":"https:\/\/i0.wp.com\/www.robertosedda.it\/wp-content\/uploads\/2012\/11\/2012-11-18-10.14.20.jpg?fit=1200%2C900&ssl=1&resize=350%2C200 1x, https:\/\/i0.wp.com\/www.robertosedda.it\/wp-content\/uploads\/2012\/11\/2012-11-18-10.14.20.jpg?fit=1200%2C900&ssl=1&resize=700%2C400 2x, https:\/\/i0.wp.com\/www.robertosedda.it\/wp-content\/uploads\/2012\/11\/2012-11-18-10.14.20.jpg?fit=1200%2C900&ssl=1&resize=1050%2C600 3x"},"classes":[]},{"id":11956,"url":"https:\/\/www.robertosedda.it\/?p=11956","url_meta":{"origin":6856,"position":2},"title":"Appello a un voto che non \u00e8 per me","author":"Rufus","date":"17\/05\/2016","format":false,"excerpt":"L'altro giorno ha suscitato panico l'idea, da me abilmente suggerita, che volessi candidarmi al Consiglio comunale.\u00a0Adesso passo direttamente all'appello al voto; ma \u00e8 per delle elezioni importanti, nelle quali per\u00f2\u00a0non sono candidato io (per fortuna di tutti). Per\u00f2 l'appello vale lo stesso e la lista, coi meccanismi partecipativi propri della\u2026","rel":"","context":"In &quot;Coordinate&quot;","block_context":{"text":"Coordinate","link":"https:\/\/www.robertosedda.it\/?cat=52"},"img":{"alt_text":"","src":"https:\/\/i0.wp.com\/www.robertosedda.it\/wp-content\/uploads\/2016\/05\/Dentico.jpg?fit=400%2C400&ssl=1&resize=350%2C200","width":350,"height":200},"classes":[]},{"id":802,"url":"https:\/\/www.robertosedda.it\/?p=802","url_meta":{"origin":6856,"position":3},"title":"Quella volta ai Lions&#8230;","author":"Rufus","date":"04\/09\/2012","format":"video","excerpt":"Di tutti i vari posti in cui mi \u00e8 capitato di parlare di Banca Etica nessuno probabilmente \u00e8 stato cos\u00ec fuori dall'ordinario come un'assemblea di commercialisti aderenti ai Lions. L'invito al convegno, svoltosi pi\u00f9 o meno un anno fa, nacque in maniera piuttosto casuale, e se accettai fu soprattutto perch\u00e9\u00a0mi\u2026","rel":"","context":"In &quot;Banche e finanza&quot;","block_context":{"text":"Banche e finanza","link":"https:\/\/www.robertosedda.it\/?cat=72"},"img":{"alt_text":"","src":"https:\/\/i0.wp.com\/img.youtube.com\/vi\/eQeL9iIZUXo\/0.jpg?resize=350%2C200","width":350,"height":200},"classes":[]},{"id":16265,"url":"https:\/\/www.robertosedda.it\/?p=16265","url_meta":{"origin":6856,"position":4},"title":"Tre anni entusiasmanti (o almeno belli)","author":"Rufus","date":"14\/02\/2019","format":false,"excerpt":"Con il 31 gennaio il GIT (cio\u00e8 il gruppo di segreteria\/coordinamento dei soci di Banca Etica di un certo territorio) \u00e8 scaduto. Sabato prossimo infatti c'\u00e8 l'assemblea di tutti i soci della Sardegna Meridionale per la nuova elezione. Poi domenica ce ne andiamo tutti quanti insieme in gita al Monte\u2026","rel":"","context":"In &quot;Banche e finanza&quot;","block_context":{"text":"Banche e finanza","link":"https:\/\/www.robertosedda.it\/?cat=72"},"img":{"alt_text":"","src":"https:\/\/i0.wp.com\/www.robertosedda.it\/wp-content\/uploads\/2017\/05\/18320612_1752601238100189_8065062830309173904_o.jpg?fit=1200%2C720&ssl=1&resize=350%2C200","width":350,"height":200,"srcset":"https:\/\/i0.wp.com\/www.robertosedda.it\/wp-content\/uploads\/2017\/05\/18320612_1752601238100189_8065062830309173904_o.jpg?fit=1200%2C720&ssl=1&resize=350%2C200 1x, https:\/\/i0.wp.com\/www.robertosedda.it\/wp-content\/uploads\/2017\/05\/18320612_1752601238100189_8065062830309173904_o.jpg?fit=1200%2C720&ssl=1&resize=700%2C400 2x, https:\/\/i0.wp.com\/www.robertosedda.it\/wp-content\/uploads\/2017\/05\/18320612_1752601238100189_8065062830309173904_o.jpg?fit=1200%2C720&ssl=1&resize=1050%2C600 3x"},"classes":[]},{"id":10205,"url":"https:\/\/www.robertosedda.it\/?p=10205","url_meta":{"origin":6856,"position":5},"title":"Articoli dimenticati","author":"Rufus","date":"08\/05\/2015","format":false,"excerpt":"Mi sono accorto oggi che non avevo riportato sul\u00a0blog l'articolo che ho pubblicato sul supplemento diocesano di\u00a0Avvenire\u00a0del 19 aprile 2015, dedicato a Banca Etica. Lo riposto qui: \u00e8 un articolo brevissimo e anche piuttosto anonimo (me lo dico da solo...), nel senso che occorreva prima di tutto presentare la Banca\u2026","rel":"","context":"In &quot;Banche e finanza&quot;","block_context":{"text":"Banche e finanza","link":"https:\/\/www.robertosedda.it\/?cat=72"},"img":{"alt_text":"","src":"https:\/\/i0.wp.com\/www.robertosedda.it\/wp-content\/uploads\/2015\/05\/Avvenire-Cagliari-testata.jpg?fit=648%2C218&ssl=1&resize=350%2C200","width":350,"height":200},"classes":[]}],"_links":{"self":[{"href":"https:\/\/www.robertosedda.it\/index.php?rest_route=\/wp\/v2\/posts\/6856"}],"collection":[{"href":"https:\/\/www.robertosedda.it\/index.php?rest_route=\/wp\/v2\/posts"}],"about":[{"href":"https:\/\/www.robertosedda.it\/index.php?rest_route=\/wp\/v2\/types\/post"}],"author":[{"embeddable":true,"href":"https:\/\/www.robertosedda.it\/index.php?rest_route=\/wp\/v2\/users\/1"}],"replies":[{"embeddable":true,"href":"https:\/\/www.robertosedda.it\/index.php?rest_route=%2Fwp%2Fv2%2Fcomments&post=6856"}],"version-history":[{"count":5,"href":"https:\/\/www.robertosedda.it\/index.php?rest_route=\/wp\/v2\/posts\/6856\/revisions"}],"predecessor-version":[{"id":18452,"href":"https:\/\/www.robertosedda.it\/index.php?rest_route=\/wp\/v2\/posts\/6856\/revisions\/18452"}],"wp:featuredmedia":[{"embeddable":true,"href":"https:\/\/www.robertosedda.it\/index.php?rest_route=\/wp\/v2\/media\/6858"}],"wp:attachment":[{"href":"https:\/\/www.robertosedda.it\/index.php?rest_route=%2Fwp%2Fv2%2Fmedia&parent=6856"}],"wp:term":[{"taxonomy":"category","embeddable":true,"href":"https:\/\/www.robertosedda.it\/index.php?rest_route=%2Fwp%2Fv2%2Fcategories&post=6856"},{"taxonomy":"post_tag","embeddable":true,"href":"https:\/\/www.robertosedda.it\/index.php?rest_route=%2Fwp%2Fv2%2Ftags&post=6856"}],"curies":[{"name":"wp","href":"https:\/\/api.w.org\/{rel}","templated":true}]}}