{"id":680,"date":"2012-08-23T16:05:46","date_gmt":"2012-08-23T14:05:46","guid":{"rendered":"http:\/\/www.robertosedda.it\/?p=680"},"modified":"2012-08-23T16:05:46","modified_gmt":"2012-08-23T14:05:46","slug":"le-pecore-e-il-pastore-2","status":"publish","type":"post","link":"https:\/\/www.robertosedda.it\/?p=680","title":{"rendered":"Le pecore e il pastore"},"content":{"rendered":"<p><a href=\"https:\/\/i0.wp.com\/www.robertosedda.it\/wp-content\/uploads\/2012\/08\/lepecoreeilpastore.jpg\"><img data-attachment-id=\"683\" data-permalink=\"https:\/\/www.robertosedda.it\/?attachment_id=683\" data-orig-file=\"https:\/\/i0.wp.com\/www.robertosedda.it\/wp-content\/uploads\/2012\/08\/lepecoreeilpastore.jpg?fit=224%2C314&amp;ssl=1\" data-orig-size=\"224,314\" data-comments-opened=\"1\" data-image-meta=\"{&quot;aperture&quot;:&quot;0&quot;,&quot;credit&quot;:&quot;&quot;,&quot;camera&quot;:&quot;&quot;,&quot;caption&quot;:&quot;&quot;,&quot;created_timestamp&quot;:&quot;0&quot;,&quot;copyright&quot;:&quot;&quot;,&quot;focal_length&quot;:&quot;0&quot;,&quot;iso&quot;:&quot;0&quot;,&quot;shutter_speed&quot;:&quot;0&quot;,&quot;title&quot;:&quot;&quot;}\" data-image-title=\"lepecoreeilpastore\" data-image-description=\"\" data-image-caption=\"\" data-medium-file=\"https:\/\/i0.wp.com\/www.robertosedda.it\/wp-content\/uploads\/2012\/08\/lepecoreeilpastore.jpg?fit=214%2C300&amp;ssl=1\" data-large-file=\"https:\/\/i0.wp.com\/www.robertosedda.it\/wp-content\/uploads\/2012\/08\/lepecoreeilpastore.jpg?fit=224%2C314&amp;ssl=1\" decoding=\"async\" loading=\"lazy\" class=\"alignright size-medium wp-image-683\" title=\"lepecoreeilpastore\" src=\"https:\/\/i0.wp.com\/www.robertosedda.it\/wp-content\/uploads\/2012\/08\/lepecoreeilpastore.jpg?resize=214%2C300\" alt=\"\" width=\"214\" height=\"300\" srcset=\"https:\/\/i0.wp.com\/www.robertosedda.it\/wp-content\/uploads\/2012\/08\/lepecoreeilpastore.jpg?resize=214%2C300&amp;ssl=1 214w, https:\/\/i0.wp.com\/www.robertosedda.it\/wp-content\/uploads\/2012\/08\/lepecoreeilpastore.jpg?w=224&amp;ssl=1 224w\" sizes=\"(max-width: 214px) 100vw, 214px\" data-recalc-dims=\"1\" \/><\/a>Un Camilleri in vesti di storico e non di giallista, <em>Le pecore e il pastore<\/em>, edito da Sellerio, un libriccino piccino picci\u00f2 e utile perci\u00f2 da leggere in viaggio.<\/p>\n<p>Si tratta della ricostruzione (vera, verissima) di un episodio della Sicilia degli anni &#8217;50: sullo sfondo delle lotte fra latifondisti e contadini per la gestione delle terre e la riforma agraria, un vescovo conservatore ma <em>sociale<\/em> e perci\u00f2 schierato con i contadini si piglia una fucilata e viene dato per morto. Operato in condizioni disperate da un geniale &#8220;chirurgo dei poveri&#8221; versa per diversi giorni in condizioni disperate.<\/p>\n<p>A\u00a0questo punto, in un convento di suore di clausura viene presa una decisione disperata: dieci suore decidono di offrire la loro vita in cambio di quella del Vescovo, e si lasciano volontariamente morire perch\u00e9 il loro pastore sopravviva.<\/p>\n<p>Camilleri tratteggia con finezza e grande partecipazione la figura del Vescovo e le lotte di quegli anni, d\u00e0 pennellate rapide e interessanti sulla societ\u00e0 siciliana e la sua religiosit\u00e0, compresa la storia misteriosa e miracolistica del convento di clausura in cui si svolge il dramma, e si arresta, rispettoso ma palesemente dubbioso, sulla soglia delle porte delle celle in cui le dieci, giovanissime, suore si lasciano morire di fame.<\/p>\n<p>Il libretto \u00e8 molto carino (tanti personaggi sono tratteggiati con finezza) e si lascia leggere con piacere, anche se sul fondo lascia un senso di disagio, di una scelta che si lascia comprendere ma non completamente accettare.<\/p>\n<p>&nbsp;<\/p>\n","protected":false},"excerpt":{"rendered":"<p>Un Camilleri in vesti di storico e non di giallista, Le pecore e il pastore, edito da Sellerio, un libriccino<\/p>\n","protected":false},"author":1,"featured_media":0,"comment_status":"open","ping_status":"open","sticky":false,"template":"","format":"standard","meta":{"_mi_skip_tracking":false,"_monsterinsights_sitenote_active":false,"_monsterinsights_sitenote_note":"","_monsterinsights_sitenote_category":0,"jetpack_post_was_ever_published":false,"_jetpack_newsletter_access":"","jetpack_publicize_message":"","jetpack_is_tweetstorm":false,"jetpack_publicize_feature_enabled":true,"jetpack_social_post_already_shared":false,"jetpack_social_options":{"image_generator_settings":{"template":"highway","enabled":false}}},"categories":[52,57,13,12,58],"tags":[],"jetpack_publicize_connections":[],"jetpack_featured_media_url":"","jetpack_sharing_enabled":true,"jetpack_shortlink":"https:\/\/wp.me\/p4jV2T-aY","jetpack_likes_enabled":true,"jetpack-related-posts":[{"id":1185,"url":"https:\/\/www.robertosedda.it\/?p=1185","url_meta":{"origin":680,"position":0},"title":"Fare i sardi (e Bellas mariposas)","author":"Rufus","date":"30\/10\/2012","format":false,"excerpt":"Era il 2007, credo. Una ventina di responsabili di cooperative sociali, associazioni e volontari di Banca Etica, provenienti da quasi tutta la Sardegna,\u00a0erano riuniti per un seminario di studio. Diversi di loro si alternavano a presentare progetti che le loro organizzazioni avevano intenzione di intraprendere nel futuro, per avere una\u2026","rel":"","context":"In &quot;Coordinate&quot;","block_context":{"text":"Coordinate","link":"https:\/\/www.robertosedda.it\/?cat=52"},"img":{"alt_text":"","src":"","width":0,"height":0},"classes":[]},{"id":14374,"url":"https:\/\/www.robertosedda.it\/?p=14374","url_meta":{"origin":680,"position":1},"title":"Mendicare (e la Chiesa)","author":"Rufus","date":"28\/11\/2017","format":false,"excerpt":"Questa estate in Alto Adige sono andato in chiesa (a Malles) e ho trovato questo: Era la copertina di un volantino stampato dai Gesuiti di Innsbruck e poi fatto proprio dalla diocesi: una breve lettura molto interessante che raccomando (non vi preoccupate per il tedesco: \u00e8 bilingue). Dice cose tipo:\u2026","rel":"","context":"In &quot;Coordinate&quot;","block_context":{"text":"Coordinate","link":"https:\/\/www.robertosedda.it\/?cat=52"},"img":{"alt_text":"","src":"https:\/\/i0.wp.com\/www.robertosedda.it\/wp-content\/uploads\/2017\/11\/Noi-e-i-mendicanti.jpg?fit=1000%2C565&ssl=1&resize=350%2C200","width":350,"height":200,"srcset":"https:\/\/i0.wp.com\/www.robertosedda.it\/wp-content\/uploads\/2017\/11\/Noi-e-i-mendicanti.jpg?fit=1000%2C565&ssl=1&resize=350%2C200 1x, https:\/\/i0.wp.com\/www.robertosedda.it\/wp-content\/uploads\/2017\/11\/Noi-e-i-mendicanti.jpg?fit=1000%2C565&ssl=1&resize=700%2C400 2x"},"classes":[]},{"id":19837,"url":"https:\/\/www.robertosedda.it\/?p=19837","url_meta":{"origin":680,"position":2},"title":"I rei non fanno il miracolo","author":"Rufus","date":"19\/07\/2022","format":false,"excerpt":"Sono andato l'altra sera, nella cornice del Cagliari FIlm Festival ospitato dalla Fondazione Siotto a vedere Il miracolo dei rei, documentario di Alessandra Usai sulla fondazione della colonia penale di Castiadas. C'era, nella volont\u00e0 di vedere il documentario, un piccolo motivo di famiglia: il bisnonno di Maria Bonaria era una\u2026","rel":"","context":"In &quot;Coordinate&quot;","block_context":{"text":"Coordinate","link":"https:\/\/www.robertosedda.it\/?cat=52"},"img":{"alt_text":"","src":"https:\/\/i0.wp.com\/www.robertosedda.it\/wp-content\/uploads\/2022\/07\/Cagliari-film-festival2.png?fit=1075%2C729&ssl=1&resize=350%2C200","width":350,"height":200,"srcset":"https:\/\/i0.wp.com\/www.robertosedda.it\/wp-content\/uploads\/2022\/07\/Cagliari-film-festival2.png?fit=1075%2C729&ssl=1&resize=350%2C200 1x, https:\/\/i0.wp.com\/www.robertosedda.it\/wp-content\/uploads\/2022\/07\/Cagliari-film-festival2.png?fit=1075%2C729&ssl=1&resize=700%2C400 2x, https:\/\/i0.wp.com\/www.robertosedda.it\/wp-content\/uploads\/2022\/07\/Cagliari-film-festival2.png?fit=1075%2C729&ssl=1&resize=1050%2C600 3x"},"classes":[]},{"id":673,"url":"https:\/\/www.robertosedda.it\/?p=673","url_meta":{"origin":680,"position":3},"title":"Da Londra","author":"Rufus","date":"23\/08\/2012","format":false,"excerpt":"Carissimi durante il fine settimana a Londra con Maria Bonaria alcune delle cose che abbiamo fatto o visto mi hanno suggerito dei pensieri \"lapirici\" che finalmente, adesso che ho un po' di tempo, vi rigiro. Non \u00e8 quindi un resoconto di cosa abbiamo mangiato o cosa abbiamo visto, ma due\u2026","rel":"","context":"In &quot;Coordinate&quot;","block_context":{"text":"Coordinate","link":"https:\/\/www.robertosedda.it\/?cat=52"},"img":{"alt_text":"","src":"","width":0,"height":0},"classes":[]},{"id":1555,"url":"https:\/\/www.robertosedda.it\/?p=1555","url_meta":{"origin":680,"position":4},"title":"Quel che ho detto (o volevo dire) a Eben Ezer &#8211; ovvero il cristiano e la crisi","author":"Rufus","date":"12\/12\/2012","format":false,"excerpt":"Gioved\u00ec 29 novembre ho partecipato a un dibattito\u00a0dal titolo\u00a0Vivere la crisi organizzato dal centro culturale protestante, a\u00a0Eben Ezer. Ospite principale della serata era il pastore Herbert Anders, che avevo gi\u00e0\u00a0conosciuto e apprezzato quando era a Cagliari, e il fondo del dibattito era fornito dall'encomiabile sforzo che Herbert e altri vanno\u2026","rel":"","context":"In &quot;Coordinate&quot;","block_context":{"text":"Coordinate","link":"https:\/\/www.robertosedda.it\/?cat=52"},"img":{"alt_text":"","src":"","width":0,"height":0},"classes":[]},{"id":68,"url":"https:\/\/www.robertosedda.it\/?p=68","url_meta":{"origin":680,"position":5},"title":"Val di Susa e autostoppisti spaziali","author":"Rufus","date":"27\/07\/2012","format":false,"excerpt":"La Guida galattica per autostoppisti \u00e8 un classico della fantascienza umoristica (e abbastanza lisergica) degli anni '70, e potrebbe sembrare a prima vista non il punto di partenza migliore per ragionare sulla TAV e la Val di Susa. Eppure, se avete voglia, diamo un'occhiata alla trama. Il romanzo si apre\u2026","rel":"","context":"In &quot;Coordinate&quot;","block_context":{"text":"Coordinate","link":"https:\/\/www.robertosedda.it\/?cat=52"},"img":{"alt_text":"","src":"https:\/\/i0.wp.com\/www.robertosedda.it\/wp-content\/uploads\/2012\/07\/Guida-galattica.webp?fit=300%2C444&ssl=1&resize=350%2C200","width":350,"height":200},"classes":[]}],"_links":{"self":[{"href":"https:\/\/www.robertosedda.it\/index.php?rest_route=\/wp\/v2\/posts\/680"}],"collection":[{"href":"https:\/\/www.robertosedda.it\/index.php?rest_route=\/wp\/v2\/posts"}],"about":[{"href":"https:\/\/www.robertosedda.it\/index.php?rest_route=\/wp\/v2\/types\/post"}],"author":[{"embeddable":true,"href":"https:\/\/www.robertosedda.it\/index.php?rest_route=\/wp\/v2\/users\/1"}],"replies":[{"embeddable":true,"href":"https:\/\/www.robertosedda.it\/index.php?rest_route=%2Fwp%2Fv2%2Fcomments&post=680"}],"version-history":[{"count":2,"href":"https:\/\/www.robertosedda.it\/index.php?rest_route=\/wp\/v2\/posts\/680\/revisions"}],"predecessor-version":[{"id":685,"href":"https:\/\/www.robertosedda.it\/index.php?rest_route=\/wp\/v2\/posts\/680\/revisions\/685"}],"wp:attachment":[{"href":"https:\/\/www.robertosedda.it\/index.php?rest_route=%2Fwp%2Fv2%2Fmedia&parent=680"}],"wp:term":[{"taxonomy":"category","embeddable":true,"href":"https:\/\/www.robertosedda.it\/index.php?rest_route=%2Fwp%2Fv2%2Fcategories&post=680"},{"taxonomy":"post_tag","embeddable":true,"href":"https:\/\/www.robertosedda.it\/index.php?rest_route=%2Fwp%2Fv2%2Ftags&post=680"}],"curies":[{"name":"wp","href":"https:\/\/api.w.org\/{rel}","templated":true}]}}