{"id":6777,"date":"2014-03-18T12:19:03","date_gmt":"2014-03-18T11:19:03","guid":{"rendered":"http:\/\/www.robertosedda.it\/?p=6777"},"modified":"2016-03-22T09:46:36","modified_gmt":"2016-03-22T08:46:36","slug":"fai-un-intervento-politico","status":"publish","type":"post","link":"https:\/\/www.robertosedda.it\/?p=6777","title":{"rendered":"\u00abFai un intervento politico&#8230;\u00bb"},"content":{"rendered":"<p>\u00abFai un intervento politico&#8230;\u00bb \u00e8 la raccomandazione che sto facendo a tutti quelli che mi chiedono: \u00abChe devo dire?\u00bb.<\/p>\n<p>Stasera modero il dibattito (che spero succoso, interessante e partecipato) durante <em>La finanza non \u00e8 un gioco<\/em>, l&#8217;appuntamento cagliaritano della festa della finanza etica\u00a0che in tutta Italia\u00a0celebra i quindici anni di Banca Etica, e diversi degli invitati mi hanno chiesto: \u00abChe devo dire?\u00bb.<\/p>\n<p>A tutti ho risposto: \u00abFai un intervento politico\u00bb.<\/p>\n<p><a href=\"https:\/\/i0.wp.com\/www.robertosedda.it\/wp-content\/uploads\/2014\/03\/Incontro-Sassari-quindici-anni.png\"><img data-attachment-id=\"6779\" data-permalink=\"https:\/\/www.robertosedda.it\/?attachment_id=6779\" data-orig-file=\"https:\/\/i0.wp.com\/www.robertosedda.it\/wp-content\/uploads\/2014\/03\/Incontro-Sassari-quindici-anni.png?fit=960%2C347&amp;ssl=1\" data-orig-size=\"960,347\" data-comments-opened=\"1\" data-image-meta=\"{&quot;aperture&quot;:&quot;0&quot;,&quot;credit&quot;:&quot;&quot;,&quot;camera&quot;:&quot;&quot;,&quot;caption&quot;:&quot;&quot;,&quot;created_timestamp&quot;:&quot;0&quot;,&quot;copyright&quot;:&quot;&quot;,&quot;focal_length&quot;:&quot;0&quot;,&quot;iso&quot;:&quot;0&quot;,&quot;shutter_speed&quot;:&quot;0&quot;,&quot;title&quot;:&quot;&quot;}\" data-image-title=\"Incontro Sassari quindici anni\" data-image-description=\"\" data-image-caption=\"\" data-medium-file=\"https:\/\/i0.wp.com\/www.robertosedda.it\/wp-content\/uploads\/2014\/03\/Incontro-Sassari-quindici-anni.png?fit=300%2C108&amp;ssl=1\" data-large-file=\"https:\/\/i0.wp.com\/www.robertosedda.it\/wp-content\/uploads\/2014\/03\/Incontro-Sassari-quindici-anni.png?fit=510%2C184&amp;ssl=1\" decoding=\"async\" loading=\"lazy\" class=\"alignright size-medium wp-image-6779\" src=\"https:\/\/i0.wp.com\/www.robertosedda.it\/wp-content\/uploads\/2014\/03\/Incontro-Sassari-quindici-anni.png?resize=300%2C108\" alt=\"Incontro Sassari quindici anni\" width=\"300\" height=\"108\" srcset=\"https:\/\/i0.wp.com\/www.robertosedda.it\/wp-content\/uploads\/2014\/03\/Incontro-Sassari-quindici-anni.png?resize=300%2C108&amp;ssl=1 300w, https:\/\/i0.wp.com\/www.robertosedda.it\/wp-content\/uploads\/2014\/03\/Incontro-Sassari-quindici-anni.png?resize=150%2C54&amp;ssl=1 150w, https:\/\/i0.wp.com\/www.robertosedda.it\/wp-content\/uploads\/2014\/03\/Incontro-Sassari-quindici-anni.png?resize=700%2C253&amp;ssl=1 700w, https:\/\/i0.wp.com\/www.robertosedda.it\/wp-content\/uploads\/2014\/03\/Incontro-Sassari-quindici-anni.png?w=960&amp;ssl=1 960w\" sizes=\"(max-width: 300px) 100vw, 300px\" data-recalc-dims=\"1\" \/><\/a>Un po&#8217; \u00e8 perch\u00e9 questa \u00e8 la divisione dei compiti rispetto al convegno che si terr\u00e0 dopodomani a Sassari: l\u00e0 si far\u00e0 il bilancio dei quindici anni di Banca Etica in Sardegna, oggi a Cagliari invece si parla di finanza in un&#8217;ottica pi\u00f9 globale.<\/p>\n<p>Ma questa \u00e8 ancora una risposta superficiale. Il tema che mi interessa, e verso il quale ho fatto in modo di spingere progressivamente il nostro appuntamento, martoriando temo la pazienza degli altri soci di Cagliari, \u00e8: <em>chi comanda<\/em>? <em>Chi<\/em>\u00a0deve<em> comandare<\/em>?<\/p>\n<p>Parlare di finanza oggi non vuol dire semplicemente parlare di meccanismi economici, ma vuol dire mettere il naso nella questione delle questioni: la caduta verticale della possibilit\u00e0 di autodeterminazione dei popoli, la perdita di potere e autonomia degli Stati nazionali e\u00a0lo svuotamento delle loro istituzioni democratiche, l&#8217;asservimento delle grandi istituzioni internazionali a interessi puramente economici.<\/p>\n<p>Vi sembra forte? Non so se lo sapete, ma Bill Gates \u00e8 il <em>terzo<\/em> finanziatore dell&#8217;Organizzazione Mondiale della Sanit\u00e0, dopo USA e Regno Unito. Vuol dire che nelle stanze dove si decide della salute globale un ricco capitalista ha pi\u00f9\u00a0peso di, poniamo, Giappone, Italia, Cina, Russia, Germania, Sudafrica, Brasile, cio\u00e8 di milioni di cittadini e dei loro rappresentanti. E Bill Gates, a paragone di certi squali della finanza mondiale, che agiscono nell&#8217;ombra, \u00e8 perfino rassicurante.<\/p>\n<p>Se questo \u00e8 lo scenario, questo \u00e8 quindi quello di cui vorrei parlare stasera, se gli invitati e il pubblico ci aiutano. &#8220;Intevento politico&#8221; vuol dire cercare di mettere le cose da dire in prospettiva: possiamo anche parlare, diciamo, del banchiere ambulante che manca a Cagliari (dopotutto continua a valere <em>pensare globalmente, agire localmente<\/em>) ma credo che vada riposto alla consapevolezza di tutti un tema generale di qualit\u00e0 della democrazia: <em>chi comanda<\/em>? Le persone, le istituzioni democratiche nazionali e internazionali, o la ricchezza senza volto? Il bene comune o la finanza <em>casin\u00f2<\/em>? La risposta\u00a0a queste domande \u00e8 forzatamente politica, strategica, anche se poi passa per interventi e compromissioni personali, scelte di consumo, stili di vita, lavoro sul campo e mille altre cose &#8211; ma dentro una visione <em>politica<\/em> delle cose.<\/p>\n<p>Ecco, questo \u00e8 quello di cui mi piacerebbe che si parlasse stasera. Forse non l&#8217;ho detto bene, ma spero di essermi spiegato. Del resto, io stasera faccio solo il moderatore del dibattito: le risposte e le opinioni spettano a tutti.<\/p>\n<p>Se avete voglia di dire la vostra, ci vediamo stasera.<\/p>\n<p>(Naturalmente, dice il proverbio africano: <em>abbiamo due orecchie e una sola bocca per ascoltare il doppio di quanto parliamo<\/em>. Venite stasera anche per ascoltare gli altri, in particolare Nicoletta: ne varr\u00e0 sicuramente la pena).<\/p>\n<p><a href=\"https:\/\/i0.wp.com\/www.robertosedda.it\/wp-content\/uploads\/2014\/03\/Locandina.jpg\"><img data-attachment-id=\"6778\" data-permalink=\"https:\/\/www.robertosedda.it\/?attachment_id=6778\" data-orig-file=\"https:\/\/i0.wp.com\/www.robertosedda.it\/wp-content\/uploads\/2014\/03\/Locandina.jpg?fit=664%2C960&amp;ssl=1\" data-orig-size=\"664,960\" data-comments-opened=\"1\" data-image-meta=\"{&quot;aperture&quot;:&quot;0&quot;,&quot;credit&quot;:&quot;&quot;,&quot;camera&quot;:&quot;&quot;,&quot;caption&quot;:&quot;&quot;,&quot;created_timestamp&quot;:&quot;0&quot;,&quot;copyright&quot;:&quot;&quot;,&quot;focal_length&quot;:&quot;0&quot;,&quot;iso&quot;:&quot;0&quot;,&quot;shutter_speed&quot;:&quot;0&quot;,&quot;title&quot;:&quot;&quot;}\" data-image-title=\"Locandina\" data-image-description=\"\" data-image-caption=\"\" data-medium-file=\"https:\/\/i0.wp.com\/www.robertosedda.it\/wp-content\/uploads\/2014\/03\/Locandina.jpg?fit=207%2C300&amp;ssl=1\" data-large-file=\"https:\/\/i0.wp.com\/www.robertosedda.it\/wp-content\/uploads\/2014\/03\/Locandina.jpg?fit=510%2C737&amp;ssl=1\" decoding=\"async\" loading=\"lazy\" class=\"aligncenter size-full wp-image-6778\" src=\"https:\/\/i0.wp.com\/www.robertosedda.it\/wp-content\/uploads\/2014\/03\/Locandina.jpg?resize=664%2C960\" alt=\"Locandina\" width=\"664\" height=\"960\" srcset=\"https:\/\/i0.wp.com\/www.robertosedda.it\/wp-content\/uploads\/2014\/03\/Locandina.jpg?w=664&amp;ssl=1 664w, https:\/\/i0.wp.com\/www.robertosedda.it\/wp-content\/uploads\/2014\/03\/Locandina.jpg?resize=103%2C150&amp;ssl=1 103w, https:\/\/i0.wp.com\/www.robertosedda.it\/wp-content\/uploads\/2014\/03\/Locandina.jpg?resize=207%2C300&amp;ssl=1 207w\" sizes=\"(max-width: 664px) 100vw, 664px\" data-recalc-dims=\"1\" \/><\/a><\/p>\n","protected":false},"excerpt":{"rendered":"<p>\u00abFai un intervento politico&#8230;\u00bb \u00e8 la raccomandazione che sto facendo a tutti quelli che mi chiedono: \u00abChe devo dire?\u00bb. Stasera<\/p>\n","protected":false},"author":1,"featured_media":6778,"comment_status":"open","ping_status":"open","sticky":false,"template":"","format":"standard","meta":{"_mi_skip_tracking":false,"_monsterinsights_sitenote_active":false,"_monsterinsights_sitenote_note":"","_monsterinsights_sitenote_category":0,"jetpack_post_was_ever_published":false,"_jetpack_newsletter_access":"","jetpack_publicize_message":"\u00abFai un intervento politico...\u00bb","jetpack_is_tweetstorm":false,"jetpack_publicize_feature_enabled":true,"jetpack_social_post_already_shared":true,"jetpack_social_options":{"image_generator_settings":{"template":"highway","enabled":false}}},"categories":[72,52,55,17,16],"tags":[],"jetpack_publicize_connections":[],"jetpack_featured_media_url":"https:\/\/i0.wp.com\/www.robertosedda.it\/wp-content\/uploads\/2014\/03\/Locandina.jpg?fit=664%2C960&ssl=1","jetpack_sharing_enabled":true,"jetpack_shortlink":"https:\/\/wp.me\/p4jV2T-1Lj","jetpack_likes_enabled":true,"jetpack-related-posts":[{"id":11039,"url":"https:\/\/www.robertosedda.it\/?p=11039","url_meta":{"origin":6777,"position":0},"title":"Quello che ho detto alla Carovana sul lavoro a Iglesias","author":"Rufus","date":"19\/10\/2015","format":false,"excerpt":"Sabato, accompagnato da Gaetano, sono andato a Iglesias per partecipare alla tavola rotonda sulla dignit\u00e0 del lavoro organizzata dalle chiese\u00a0evangeliche italiane. Con me sul palco c'erano le pastore Cristina Arcidiacono e Antonella Visintin, don Salvatore Benizzi e Raffaele Callia, direttori rispettivamente degli uffici della pastorale sociale\u00a0e della Caritas della diocesi\u2026","rel":"","context":"In &quot;Banche e finanza&quot;","block_context":{"text":"Banche e finanza","link":"https:\/\/www.robertosedda.it\/?cat=72"},"img":{"alt_text":"","src":"https:\/\/i0.wp.com\/www.robertosedda.it\/wp-content\/uploads\/2015\/10\/Carovana-dignit\u00e0-lavoro.jpg?fit=678%2C960&ssl=1&resize=350%2C200","width":350,"height":200},"classes":[]},{"id":6796,"url":"https:\/\/www.robertosedda.it\/?p=6796","url_meta":{"origin":6777,"position":1},"title":"Quel che ho detto alla festa dei quindici anni di Banca Etica a Sassari","author":"Rufus","date":"21\/03\/2014","format":false,"excerpt":"Ieri con Gaetano e Claudio siamo andati in trasferta (piuttosto stancante, devo dire, si vede che non ho pi\u00f9 l'et\u00e0) a Sassari per festeggiare anche l\u00ec i quindici anni di Banca Etica, insieme ai soci della Sardegna Settentrionale in un incontro davvero molto partecipato all'Universit\u00e0. Nell'occasione\u00a0mi hanno chiesto un saluto\u2026","rel":"","context":"In &quot;Banche e finanza&quot;","block_context":{"text":"Banche e finanza","link":"https:\/\/www.robertosedda.it\/?cat=72"},"img":{"alt_text":"","src":"https:\/\/i0.wp.com\/www.robertosedda.it\/wp-content\/uploads\/2014\/03\/Rufus-a-Cinque-su-quindici.jpg?fit=600%2C800&ssl=1&resize=350%2C200","width":350,"height":200},"classes":[]},{"id":6640,"url":"https:\/\/www.robertosedda.it\/?p=6640","url_meta":{"origin":6777,"position":2},"title":"Cominciate a segnarvi queste due date&#8230;","author":"Rufus","date":"04\/03\/2014","format":false,"excerpt":"Festeggiamenti! Festeggiamenti! In questo stesso momento in cui scrivo alla Sala delle Colonne della Camera dei Deputati viene presentata la ricerca sull'impatto sociale di Banca Etica nei suoi primi quindici anni di vita\u00a0(e no, questa volta non sono potuto andare). Con questa presentazione iniziano di fatto i quindici giorni di\u2026","rel":"","context":"In &quot;Banche e finanza&quot;","block_context":{"text":"Banche e finanza","link":"https:\/\/www.robertosedda.it\/?cat=72"},"img":{"alt_text":"","src":"https:\/\/i0.wp.com\/www.robertosedda.it\/wp-content\/uploads\/2014\/02\/Banca-Etica-15-anni.jpg?fit=510%2C250&ssl=1&resize=350%2C200","width":350,"height":200},"classes":[]},{"id":4744,"url":"https:\/\/www.robertosedda.it\/?p=4744","url_meta":{"origin":6777,"position":3},"title":"Sabato la finanza etica era a Olbia","author":"Rufus","date":"21\/10\/2013","format":"video","excerpt":"Il 19 ottobre sono intervenuto con Carlo Usai al convegno La finanza etica ti toglie un peso. C'era anche Gaetano Lauta, responsabile dei soci di Banca Etica di Cagliari, e sia gli organizzatori che il pubblico erano largamente presenti persone legate al Movimento Cinque Stelle. \u00c8 stato un dibattito molto\u2026","rel":"","context":"In &quot;Banche e finanza&quot;","block_context":{"text":"Banche e finanza","link":"https:\/\/www.robertosedda.it\/?cat=72"},"img":{"alt_text":"","src":"https:\/\/i0.wp.com\/www.robertosedda.it\/wp-content\/uploads\/2013\/10\/Finanza-etica-Olbia-219x300.jpeg?resize=350%2C200","width":350,"height":200},"classes":[]},{"id":10205,"url":"https:\/\/www.robertosedda.it\/?p=10205","url_meta":{"origin":6777,"position":4},"title":"Articoli dimenticati","author":"Rufus","date":"08\/05\/2015","format":false,"excerpt":"Mi sono accorto oggi che non avevo riportato sul\u00a0blog l'articolo che ho pubblicato sul supplemento diocesano di\u00a0Avvenire\u00a0del 19 aprile 2015, dedicato a Banca Etica. Lo riposto qui: \u00e8 un articolo brevissimo e anche piuttosto anonimo (me lo dico da solo...), nel senso che occorreva prima di tutto presentare la Banca\u2026","rel":"","context":"In &quot;Banche e finanza&quot;","block_context":{"text":"Banche e finanza","link":"https:\/\/www.robertosedda.it\/?cat=72"},"img":{"alt_text":"","src":"https:\/\/i0.wp.com\/www.robertosedda.it\/wp-content\/uploads\/2015\/05\/Avvenire-Cagliari-testata.jpg?fit=648%2C218&ssl=1&resize=350%2C200","width":350,"height":200},"classes":[]},{"id":6782,"url":"https:\/\/www.robertosedda.it\/?p=6782","url_meta":{"origin":6777,"position":5},"title":"Un piccolo gioco sulla finanza etica","author":"Rufus","date":"19\/03\/2014","format":false,"excerpt":"Ieri, alla festa per i quindici anni di Banca Etica a Cagliari, abbiamo giocato. Inizialmente avevamo pensato solo di giocare (da qui il titolo, La finanza non \u00e8 un gioco), poi gradualmente abbiamo cambiato idea e organizzato cose diverse. A proposito: \u00e8 andata benissimo, anche se si \u00e8 grattata appena\u2026","rel":"","context":"In &quot;Banche e finanza&quot;","block_context":{"text":"Banche e finanza","link":"https:\/\/www.robertosedda.it\/?cat=72"},"img":{"alt_text":"","src":"https:\/\/i0.wp.com\/www.robertosedda.it\/wp-content\/uploads\/2014\/03\/Gioco-dei-barattoli.jpg?fit=540%2C960&ssl=1&resize=350%2C200","width":350,"height":200},"classes":[]}],"_links":{"self":[{"href":"https:\/\/www.robertosedda.it\/index.php?rest_route=\/wp\/v2\/posts\/6777"}],"collection":[{"href":"https:\/\/www.robertosedda.it\/index.php?rest_route=\/wp\/v2\/posts"}],"about":[{"href":"https:\/\/www.robertosedda.it\/index.php?rest_route=\/wp\/v2\/types\/post"}],"author":[{"embeddable":true,"href":"https:\/\/www.robertosedda.it\/index.php?rest_route=\/wp\/v2\/users\/1"}],"replies":[{"embeddable":true,"href":"https:\/\/www.robertosedda.it\/index.php?rest_route=%2Fwp%2Fv2%2Fcomments&post=6777"}],"version-history":[{"count":2,"href":"https:\/\/www.robertosedda.it\/index.php?rest_route=\/wp\/v2\/posts\/6777\/revisions"}],"predecessor-version":[{"id":11707,"href":"https:\/\/www.robertosedda.it\/index.php?rest_route=\/wp\/v2\/posts\/6777\/revisions\/11707"}],"wp:featuredmedia":[{"embeddable":true,"href":"https:\/\/www.robertosedda.it\/index.php?rest_route=\/wp\/v2\/media\/6778"}],"wp:attachment":[{"href":"https:\/\/www.robertosedda.it\/index.php?rest_route=%2Fwp%2Fv2%2Fmedia&parent=6777"}],"wp:term":[{"taxonomy":"category","embeddable":true,"href":"https:\/\/www.robertosedda.it\/index.php?rest_route=%2Fwp%2Fv2%2Fcategories&post=6777"},{"taxonomy":"post_tag","embeddable":true,"href":"https:\/\/www.robertosedda.it\/index.php?rest_route=%2Fwp%2Fv2%2Ftags&post=6777"}],"curies":[{"name":"wp","href":"https:\/\/api.w.org\/{rel}","templated":true}]}}