{"id":6715,"date":"2014-03-17T18:34:43","date_gmt":"2014-03-17T17:34:43","guid":{"rendered":"http:\/\/www.robertosedda.it\/?p=6715"},"modified":"2022-03-22T16:20:20","modified_gmt":"2022-03-22T15:20:20","slug":"cosa-centra-la-noviolenza-col-museo-nivola-di-orani","status":"publish","type":"post","link":"https:\/\/www.robertosedda.it\/?p=6715","title":{"rendered":"Cosa c&#8217;entra la noviolenza col Museo Nivola di Orani?"},"content":{"rendered":"<h2>Un&#8217;ascendenza fortemente sentita<\/h2>\n<p><a href=\"https:\/\/i0.wp.com\/www.robertosedda.it\/wp-content\/uploads\/2013\/09\/Delitala.jpg\"><img data-attachment-id=\"4443\" data-permalink=\"https:\/\/www.robertosedda.it\/?attachment_id=4443\" data-orig-file=\"https:\/\/i0.wp.com\/www.robertosedda.it\/wp-content\/uploads\/2013\/09\/Delitala.jpg?fit=1600%2C1200&amp;ssl=1\" data-orig-size=\"1600,1200\" data-comments-opened=\"1\" data-image-meta=\"{&quot;aperture&quot;:&quot;2.8&quot;,&quot;credit&quot;:&quot;&quot;,&quot;camera&quot;:&quot;L-300&quot;,&quot;caption&quot;:&quot;&quot;,&quot;created_timestamp&quot;:&quot;1082313342&quot;,&quot;copyright&quot;:&quot;&quot;,&quot;focal_length&quot;:&quot;5.6&quot;,&quot;iso&quot;:&quot;100&quot;,&quot;shutter_speed&quot;:&quot;0.3536&quot;,&quot;title&quot;:&quot;EPSON DSC picture&quot;}\" data-image-title=\"EPSON DSC picture\" data-image-description=\"\" data-image-caption=\"\" data-medium-file=\"https:\/\/i0.wp.com\/www.robertosedda.it\/wp-content\/uploads\/2013\/09\/Delitala.jpg?fit=300%2C225&amp;ssl=1\" data-large-file=\"https:\/\/i0.wp.com\/www.robertosedda.it\/wp-content\/uploads\/2013\/09\/Delitala.jpg?fit=510%2C383&amp;ssl=1\" decoding=\"async\" loading=\"lazy\" class=\"alignleft size-medium wp-image-4443\" src=\"https:\/\/i0.wp.com\/www.robertosedda.it\/wp-content\/uploads\/2013\/09\/Delitala.jpg?resize=300%2C225\" alt=\"EPSON DSC picture\" width=\"300\" height=\"225\" srcset=\"https:\/\/i0.wp.com\/www.robertosedda.it\/wp-content\/uploads\/2013\/09\/Delitala.jpg?resize=300%2C225&amp;ssl=1 300w, https:\/\/i0.wp.com\/www.robertosedda.it\/wp-content\/uploads\/2013\/09\/Delitala.jpg?resize=150%2C112&amp;ssl=1 150w, https:\/\/i0.wp.com\/www.robertosedda.it\/wp-content\/uploads\/2013\/09\/Delitala.jpg?resize=1024%2C768&amp;ssl=1 1024w, https:\/\/i0.wp.com\/www.robertosedda.it\/wp-content\/uploads\/2013\/09\/Delitala.jpg?resize=268%2C200&amp;ssl=1 268w, https:\/\/i0.wp.com\/www.robertosedda.it\/wp-content\/uploads\/2013\/09\/Delitala.jpg?resize=700%2C525&amp;ssl=1 700w, https:\/\/i0.wp.com\/www.robertosedda.it\/wp-content\/uploads\/2013\/09\/Delitala.jpg?w=1600&amp;ssl=1 1600w\" sizes=\"(max-width: 300px) 100vw, 300px\" data-recalc-dims=\"1\" \/><\/a>Non so se ho mai raccontato qui sul <em>blog<\/em> di essere mezzo oranese &#8211; Delitala da parte di madre, e fierissimo di questa ascendenza &#8211; e quindi dotato di solidissime radici barbaricine.<\/p>\n<p>Se Cagliari \u00e8 la mia citt\u00e0 del cuore, senza merito perch\u00e9 vi sono nato e cresciuto, Orani \u00e8 il paese che mi sono voluto scegliere, decidendo a un certo punto della mia vita di frequentarlo, di usare la casa di famiglia, di farne un luogo dove ritornare periodicamente.<\/p>\n<p>Una volta, lo confesso, ho iniziato perfino una poesia, che faceva cos\u00ec<\/p>\n<blockquote><p>Benedetto monte dei padri,<br \/>\nGonare&#8230;<\/p><\/blockquote>\n<p>poi per fortuna di tutti lo spirito razionale ha prevalso e non sono mai andato oltre il terzo verso. Per fortuna. Per\u00f2, sar\u00e0 perch\u00e9 di terzo nome faccio Gonario (non lo sapevate, scommetto) a un certo punto della mia vita ho deciso di riappropriarmi di un pezzo di passato familiare che fino a quel momento avevo un po&#8217; ignorato, e quindi sono legatissimo a Orani.<\/p>\n<p>Il che vuol dire, naturalmente, che se mi piace l&#8217;opera di Costantino Nivola un po&#8217; \u00e8 per un aspetto razionale, cio\u00e8 riconosco il grande artista, un po&#8217; \u00e8 per un&#8217;affinit\u00e0 estetica che \u00e8 ovviamente inspiegabile e un po&#8217; \u00e8 per motivi affettivi, perch\u00e9 c&#8217;entra con la mia storia: un artista oranese, di sinistra, per un periodo (brevissimo, credo) oltretutto allievo di Mario Delitala. Come potrebbe non piacermi?<\/p>\n<p><a href=\"https:\/\/i0.wp.com\/www.robertosedda.it\/wp-content\/uploads\/2014\/03\/Ballo-tondo-a-Orani.jpg\"><img data-attachment-id=\"6774\" data-permalink=\"https:\/\/www.robertosedda.it\/?attachment_id=6774\" data-orig-file=\"https:\/\/i0.wp.com\/www.robertosedda.it\/wp-content\/uploads\/2014\/03\/Ballo-tondo-a-Orani.jpg?fit=604%2C453&amp;ssl=1\" data-orig-size=\"604,453\" data-comments-opened=\"1\" data-image-meta=\"{&quot;aperture&quot;:&quot;0&quot;,&quot;credit&quot;:&quot;&quot;,&quot;camera&quot;:&quot;&quot;,&quot;caption&quot;:&quot;&quot;,&quot;created_timestamp&quot;:&quot;0&quot;,&quot;copyright&quot;:&quot;&quot;,&quot;focal_length&quot;:&quot;0&quot;,&quot;iso&quot;:&quot;0&quot;,&quot;shutter_speed&quot;:&quot;0&quot;,&quot;title&quot;:&quot;&quot;}\" data-image-title=\"Ballo tondo a Orani\" data-image-description=\"\" data-image-caption=\"\" data-medium-file=\"https:\/\/i0.wp.com\/www.robertosedda.it\/wp-content\/uploads\/2014\/03\/Ballo-tondo-a-Orani.jpg?fit=300%2C225&amp;ssl=1\" data-large-file=\"https:\/\/i0.wp.com\/www.robertosedda.it\/wp-content\/uploads\/2014\/03\/Ballo-tondo-a-Orani.jpg?fit=510%2C383&amp;ssl=1\" decoding=\"async\" loading=\"lazy\" class=\"alignleft size-medium wp-image-6774\" src=\"https:\/\/i0.wp.com\/www.robertosedda.it\/wp-content\/uploads\/2014\/03\/Ballo-tondo-a-Orani.jpg?resize=300%2C225\" alt=\"Ballo tondo a Orani\" width=\"300\" height=\"225\" srcset=\"https:\/\/i0.wp.com\/www.robertosedda.it\/wp-content\/uploads\/2014\/03\/Ballo-tondo-a-Orani.jpg?resize=300%2C225&amp;ssl=1 300w, https:\/\/i0.wp.com\/www.robertosedda.it\/wp-content\/uploads\/2014\/03\/Ballo-tondo-a-Orani.jpg?resize=150%2C112&amp;ssl=1 150w, https:\/\/i0.wp.com\/www.robertosedda.it\/wp-content\/uploads\/2014\/03\/Ballo-tondo-a-Orani.jpg?resize=268%2C200&amp;ssl=1 268w, https:\/\/i0.wp.com\/www.robertosedda.it\/wp-content\/uploads\/2014\/03\/Ballo-tondo-a-Orani.jpg?w=604&amp;ssl=1 604w\" sizes=\"(max-width: 300px) 100vw, 300px\" data-recalc-dims=\"1\" \/><\/a>Tutta questa lunga introduzione per dire che quando <a href=\"http:\/\/notizie.tiscali.it\/regioni\/sardegna\/articoli\/14\/02\/05\/chiude-museo-nivola.html\">si annuncia che il museo <em>Nivola<\/em> di Orani \u00e8 a rischio chiusura<\/a> mi sento toccato su pi\u00f9 livelli. Come cittadino (<em>come?! il museo dedicato al pi\u00f9 importante artista di origine sarda del &#8216;900 rischia di chiudere? ma siamo matti?!<\/em>), ma soprattutto per questioni affettive: il museo \u00e8 praticamente una tappa obbligata ogni volta che porto amici ad Orani, ci sono stato un sacco di volte e poi, appunto, \u00e8 la gloria del paese dei miei nonni, e questo \u00e8 un motivo pi\u00f9 che sufficiente perch\u00e9 non debba chiudere.<\/p>\n<p>Parentesi: sul motivo della chiusura non mi dilungo, ma certo uno non pu\u00f2 che chiedersi\u00a0come venga gestita la politica di sostegno alla cultura da parte della Regione, quali ragionamenti stiano dietro a riduzioni prima del 20 e poi del 50% dei fondi erogati a una istituzione come il Museo. Fine della parentesi.<\/p>\n<p>Tutta questa lunga introduzione per dire che\u00a0il 9 marzo, domenica,\u00a0sono andato a Orani. Perch\u00e9 un gruppo di cittadini sardi ha avuto la bella idea di organizzare una gita a Orani che fosse anche manifestazione di solidariet\u00e0 nei confronti del Museo, una specie di <em>flashmob<\/em> di visitatori provenienti da tutta la Sardegna, e per me \u00e8 stata l&#8217;occasione di manifestare solidariet\u00e0 a una realt\u00e0 culturale da cui ho imparato molto e <em>anche<\/em> il pretesto per tornare con amici al paese dei nonni dopo un po&#8217; che non ci ero pi\u00f9 andato, far vedere la casa a chi non l&#8217;aveva mai vista, accendere il camino, farci due spaghi\u00a0(all&#8217;amatriciana, appena un chilo di pasta e una sleppa di guanciale grande cos\u00ec per sei persone in tutto) e insomma annaffiare di nuovo le radici.<\/p>\n<p><a href=\"https:\/\/i0.wp.com\/www.robertosedda.it\/wp-content\/uploads\/2014\/03\/Davanti-Sa-Itria-a-Orani.jpg\"><img data-attachment-id=\"6775\" data-permalink=\"https:\/\/www.robertosedda.it\/?attachment_id=6775\" data-orig-file=\"https:\/\/i0.wp.com\/www.robertosedda.it\/wp-content\/uploads\/2014\/03\/Davanti-Sa-Itria-a-Orani.jpg?fit=960%2C720&amp;ssl=1\" data-orig-size=\"960,720\" data-comments-opened=\"1\" data-image-meta=\"{&quot;aperture&quot;:&quot;0&quot;,&quot;credit&quot;:&quot;&quot;,&quot;camera&quot;:&quot;&quot;,&quot;caption&quot;:&quot;&quot;,&quot;created_timestamp&quot;:&quot;0&quot;,&quot;copyright&quot;:&quot;&quot;,&quot;focal_length&quot;:&quot;0&quot;,&quot;iso&quot;:&quot;0&quot;,&quot;shutter_speed&quot;:&quot;0&quot;,&quot;title&quot;:&quot;&quot;}\" data-image-title=\"Davanti Sa Itria a Orani\" data-image-description=\"\" data-image-caption=\"\" data-medium-file=\"https:\/\/i0.wp.com\/www.robertosedda.it\/wp-content\/uploads\/2014\/03\/Davanti-Sa-Itria-a-Orani.jpg?fit=300%2C225&amp;ssl=1\" data-large-file=\"https:\/\/i0.wp.com\/www.robertosedda.it\/wp-content\/uploads\/2014\/03\/Davanti-Sa-Itria-a-Orani.jpg?fit=510%2C383&amp;ssl=1\" decoding=\"async\" loading=\"lazy\" class=\"alignright size-medium wp-image-6775\" src=\"https:\/\/i0.wp.com\/www.robertosedda.it\/wp-content\/uploads\/2014\/03\/Davanti-Sa-Itria-a-Orani.jpg?resize=300%2C225\" alt=\"Davanti Sa Itria a Orani\" width=\"300\" height=\"225\" srcset=\"https:\/\/i0.wp.com\/www.robertosedda.it\/wp-content\/uploads\/2014\/03\/Davanti-Sa-Itria-a-Orani.jpg?resize=300%2C225&amp;ssl=1 300w, https:\/\/i0.wp.com\/www.robertosedda.it\/wp-content\/uploads\/2014\/03\/Davanti-Sa-Itria-a-Orani.jpg?resize=150%2C112&amp;ssl=1 150w, https:\/\/i0.wp.com\/www.robertosedda.it\/wp-content\/uploads\/2014\/03\/Davanti-Sa-Itria-a-Orani.jpg?resize=268%2C200&amp;ssl=1 268w, https:\/\/i0.wp.com\/www.robertosedda.it\/wp-content\/uploads\/2014\/03\/Davanti-Sa-Itria-a-Orani.jpg?resize=700%2C525&amp;ssl=1 700w, https:\/\/i0.wp.com\/www.robertosedda.it\/wp-content\/uploads\/2014\/03\/Davanti-Sa-Itria-a-Orani.jpg?w=960&amp;ssl=1 960w\" sizes=\"(max-width: 300px) 100vw, 300px\" data-recalc-dims=\"1\" \/><\/a>Ma il centro della giornata, ovviamente, \u00e8 stata la visita al Museo, il giro per il paese sulle tracce delle (bellissime) gigantografie delle foto scattate mentre Nivola decorava la facciata della chiesa de <em>Sa Itria<\/em> e ora appese nelle stesse piazze dove furono scattate negli anni &#8217;50. E una sosta, immancabile, davanti alla stessa facciata.<\/p>\n<p>Doverosamente abbiamo fatto l&#8217;abbonamento annuale per sostenere il Museo. Il mitico Pino, addirittura, siccome non era potuto venire, ha incaricato Maria Bonaria di comprare due biglietti in pi\u00f9, da parte sua, per fare anche lui la sua parte. Due biglietti intonsi che terr\u00e0 per ricordo.<\/p>\n<p>Abbiamo incontrato un sacco di vecchi amici cagliaritani e con loro ci siamo sentiti parte di un unico abbraccio nei confronti del Museo. Abbiamo chiacchierato con i dirigenti della Fondazione e abbiamo capito meglio i loro problemi e la schizofrenia della Regione, che prima spende tanto per ampliare la struttura ma poi taglia i fondi proprio quando le spese di gestione, a causa della struttura ingrandita, sono aumentati.<\/p>\n<p>Insomma, abbiamo fatto la nostra parte. L&#8217;idea di sostenere il Museo in questo modo, con questa gita, era bellissima. La giornata era bellissima e siamo stati molto bene. C&#8217;eravamo, siamo stati l\u00ec, ci siamo compromessi, abbiamo pagato (un pochino) di persona. Sentivamo che non potevamo non esserci e ci siamo stati.<\/p>\n<p>E mentre guidavo verso casa sulla 131 mi sono venuti un sacco di dubbi.<\/p>\n<h2>E finalmente arriviamo alla nonviolenza&#8230;<\/h2>\n<p>Pensavo: abbiamo votato col portafoglio.<\/p>\n<p><em>Votare col portafoglio<\/em> \u00e8 quell&#8217;idea di attivismo dei consumatori per cui premiano coi loro consumi attori economici positivi e penalizzano quelli con un&#8217;attivit\u00e0 economica negativa: inquinante, eticamente riprovevole e cos\u00ec via. Per esempio facendo la spesa al commercio equo (e premiando le cos\u00ec le Botteghe) e non\u00a0comprando invece\u00a0(cio\u00e8 punendo) i prodotti di una nota multinazionale che causa la morte di migliaia di bambini nel Sud del mondo. Prima o poi la multinazionale se ne accorge, perch\u00e9 la quota di mancate vendite finisce per farle male, ed \u00e8 incentivata a cambiare comportamento. Nel frattempo sostenere le Botteghe ha avuto l&#8217;effetto di premiare i pionieri etici che fanno innovazione sociale e di dimostrare che un&#8217;alternativa \u00e8 possibile.<\/p>\n<p>In realt\u00e0 il voto col portafoglio fa parte di una vasta gamma di attivit\u00e0 dal basso che compongono\u00a0quella categoria di azioni che nel dibattito culturale e politico italiano vengono riassunte con il termine di\u00a0<em>voice<\/em>, facendo riferimento a\u00a0Hirschman. Io personalmente ho l&#8217;impressione che nell&#8217;opera originale il termine avesse un senso diverso, ma comunque la <em>voice<\/em> sarebbe il segnale mediante il quale, con proteste, azioni dirette e altro l&#8217;opinione pubblica reclama un cambiamento e segnala la propria disponibilit\u00e0 a coinvolgersi in quella direzione. Per esempio l&#8217;iniziativa di domenica assomigliava molto al <em>cashmob<\/em>, in cui un gruppo di consumatori attua un acquisto di massa presso un rivenditore che si vuole premiare.<\/p>\n<p>Il segnale domenica a Orani era chiarissimo. E per darlo abbiamo speso del nostro, quindi certamente abbiamo votato col portafoglio.<\/p>\n<p>Tutto bene, dunque? Non sono sicuro.<\/p>\n<p>La domanda da porsi \u00e8: baster\u00e0? E l&#8217;impressione che ho \u00e8: presumibilmente no. Perch\u00e9 certamente, per quanto si possano comprare biglietti (e la mia famiglia ha certamente fatto la sua parte) il Museo non pu\u00f2 sostenersi solo con quelli. E perch\u00e9 sebbene si sia mandato un segnale politico molto preciso questo certamente non era sufficiente: anche se si \u00e8 ottenuta una buona visibilit\u00e0 sui giornali, il giorno dopo era gi\u00e0 un&#8217;altra storia e non eravamo abbastanza numerosi da fare realmente la differenza. Diciamo che abbiamo dato un po&#8217; pi\u00f9 di forza contrattuale ai dirigenti della <em>Fondazione<\/em>, ma non tanta, e probabilmente in realt\u00e0 le trattative con la Regione non terranno tanto conto del sostegno che abbiamo dimostrato ma di mille altre cose.<\/p>\n<p>Occhio: non sto dicendo che si \u00e8 fatto male a organizzare la cosa. Chi l&#8217;ha organizzata ha fatto benissimo. E penso che chi ha partecipato ha fatto ancora meglio (io fra loro).<\/p>\n<p>Sto dicendo che mentre guidavo avevo un dubbio e appena arrivato a casa sono andato a rileggermi Gandhi, trovando conferma dei miei dubbi, e che discutere dell&#8217;iniziativa pro Museo Nivola offre l&#8217;occasione di ragionare su come fare, e non fare, la lotta politica.<\/p>\n<p>Mi pare che secondo Gandhi la lotta nonviolenta comporta sempre la presenza di un <em>conflitto<\/em>, che eventualmente viene portato allo scoperto o esplicitato, e un conflitto comporta sempre una <em>controparte<\/em>. Nel caso della manifestazione di domenica la controparte non \u00e8 chiara e il conflitto non \u00e8 esplicitato, quindi chi agisce si preclude la possibilit\u00e0 di porsi (e porre alla controparte) degli obiettivi da raggiungere.<\/p>\n<p>Il che non vuol dire che dovevamo andare a manifestare sotto la Regione piuttosto che a Orani: la lotta nonviolenta conosce tutta una serie di azioni dimostrative diverse, in cui la visita al Museo si inserirebbe perfettamente. Ma le azioni dimostrative sono un <em>mezzo<\/em> di una lotta prolungata, non un <em>fine<\/em>.<\/p>\n<p>Non ci avevo mai pensato, ma questo tipo di ragionamento spiega anche perch\u00e9 un <em>cashmob<\/em> ha molti pi\u00f9 problemi, \u00e8 meno efficace e probabilmente non \u00e8 un gran strumento di lotta rispetto allo <em>slotmob<\/em> (in cui ci si riunisce per sostenere un tabaccaio o barista che ha rimosso le <em>slot machine<\/em>): perch\u00e9 nel primo caso ci sono esattamente gli stessi problemi della gita a Orani, mentre nel secondo caso si fa <em>pressione<\/em> diretta (altro caposaldo della lotta nonviolenta) sull&#8217;avversario: se non la smetti, ti avviso, ti toglieremo i tuoi punti vendita e i tuoi baristi uno a uno.<\/p>\n<p>Valeva lo stesso la pena di fare la manifestazione a favore del Museo Nivola e di parteciparci? La mia risposta la conoscete, perch\u00e9 ci sono andato. Ho l&#8217;impressione che Gandhi sarebbe meno possibilista di me. Perch\u00e9 agire il conflitto serve anche perch\u00e9 ogni conflitto che viene lasciato sedimentare, e quindi affrontato con tattiche dilatorie, rinviato o esorcizzato, peggiora. E una manifestazione di solidariet\u00e0 che rafforza il Museo temporaneamente ma che non affronta il nodo del problema (cio\u00e8 le politiche culturali della Regione e i criteri di assegnazione dei fondi) tende a rinviare nel tempo il momento in cui i nodi dovranno arrivare al pettine.<\/p>\n<p>Il problema, scopro, \u00e8 che Gandhi ha una visione in fondo dirigista della lotta nonviolenta. Perlomeno: ogni lotta ha la sua <em>leadership<\/em>, degli obiettivi e un gruppo che li persegue. Domenica non era chiaro chi conducesse la&#8230; lotta (la dirigenza della Fondazione Nivola? un gruppo spontaneo di cittadini e amanti della cultura?) e senza questo gruppo protagonista non c&#8217;\u00e8 nessuno che si faccia carico della gestione del conflitto e possa fare sia da interlocutore della Regione sia da interlocutore per i cittadini che sono disposti a sostenere l&#8217;obiettivo (la sopravvivenza del Museo) con le loro forze. L&#8217;autorganizzazione dal basso che non esprime una <em>leadership<\/em> si condanna cio\u00e8 all&#8217;impotenza, anche se \u00e8 in grado di esprimere cose bellissime come la festa di domenica scorsa.<\/p>\n<p>(Vedi le cose che si imparano a Orani, comunque, altro che <em>piccola Atene<\/em> quegli altri l\u00e0)<\/p>\n","protected":false},"excerpt":{"rendered":"<p>Un&#8217;ascendenza fortemente sentita Non so se ho mai raccontato qui sul blog di essere mezzo oranese &#8211; Delitala da parte<\/p>\n","protected":false},"author":1,"featured_media":6775,"comment_status":"open","ping_status":"open","sticky":false,"template":"","format":"standard","meta":{"_mi_skip_tracking":false,"_monsterinsights_sitenote_active":false,"_monsterinsights_sitenote_note":"","_monsterinsights_sitenote_category":0,"jetpack_post_was_ever_published":false,"_jetpack_newsletter_access":"","jetpack_publicize_message":"","jetpack_is_tweetstorm":false,"jetpack_publicize_feature_enabled":true,"jetpack_social_post_already_shared":true,"jetpack_social_options":{"image_generator_settings":{"template":"highway","enabled":false}}},"categories":[52,49,53,12,88],"tags":[],"jetpack_publicize_connections":[],"jetpack_featured_media_url":"https:\/\/i0.wp.com\/www.robertosedda.it\/wp-content\/uploads\/2014\/03\/Davanti-Sa-Itria-a-Orani.jpg?fit=960%2C720&ssl=1","jetpack_sharing_enabled":true,"jetpack_shortlink":"https:\/\/wp.me\/p4jV2T-1Kj","jetpack_likes_enabled":true,"jetpack-related-posts":[{"id":4441,"url":"https:\/\/www.robertosedda.it\/?p=4441","url_meta":{"origin":6715,"position":0},"title":"I biscotti e i traditori","author":"Rufus","date":"15\/09\/2013","format":false,"excerpt":"Diversi anni fa a Orani andai con Maria Bonaria a prendere il caff\u00e9 da una anziana comare, tzia Caterina. Col caff\u00e9 ci offr\u00ec i famosi biscotti di Orani, che hanno riempito di gioia la mia infanzia con la loro glassa arzigogolata, e ci rivel\u00f2 un segreto. \u00abQuesti sono quelli che\u2026","rel":"","context":"In &quot;Coordinate&quot;","block_context":{"text":"Coordinate","link":"https:\/\/www.robertosedda.it\/?cat=52"},"img":{"alt_text":"","src":"https:\/\/i0.wp.com\/www.robertosedda.it\/wp-content\/uploads\/2013\/09\/Delitala.jpg?fit=1200%2C900&ssl=1&resize=350%2C200","width":350,"height":200,"srcset":"https:\/\/i0.wp.com\/www.robertosedda.it\/wp-content\/uploads\/2013\/09\/Delitala.jpg?fit=1200%2C900&ssl=1&resize=350%2C200 1x, https:\/\/i0.wp.com\/www.robertosedda.it\/wp-content\/uploads\/2013\/09\/Delitala.jpg?fit=1200%2C900&ssl=1&resize=700%2C400 2x, https:\/\/i0.wp.com\/www.robertosedda.it\/wp-content\/uploads\/2013\/09\/Delitala.jpg?fit=1200%2C900&ssl=1&resize=1050%2C600 3x"},"classes":[]},{"id":9870,"url":"https:\/\/www.robertosedda.it\/?p=9870","url_meta":{"origin":6715,"position":1},"title":"Inaspettate lezioni di stili di vita igienici dalla Sardegna","author":"Rufus","date":"31\/03\/2015","format":false,"excerpt":"I pi\u00f9 attenti fra voi avranno notato una stranezza nell'articolo sulla degustazione dei vini della cantina Meloni: Terzo concetto che mi porto via dalla serata: magari una volta prendo una bottiglia ciascuna\u00a0di queste tre famiglie e metodicamente verifico la teoria [1]. La stranezza non sta, come potrebbero pensare i maligni,\u2026","rel":"","context":"In &quot;Biografie&quot;","block_context":{"text":"Biografie","link":"https:\/\/www.robertosedda.it\/?cat=83"},"img":{"alt_text":"","src":"https:\/\/i0.wp.com\/www.robertosedda.it\/wp-content\/uploads\/2015\/03\/154127_1687078572181_1434662_n.jpg?fit=720%2C540&ssl=1&resize=350%2C200","width":350,"height":200,"srcset":"https:\/\/i0.wp.com\/www.robertosedda.it\/wp-content\/uploads\/2015\/03\/154127_1687078572181_1434662_n.jpg?fit=720%2C540&ssl=1&resize=350%2C200 1x, https:\/\/i0.wp.com\/www.robertosedda.it\/wp-content\/uploads\/2015\/03\/154127_1687078572181_1434662_n.jpg?fit=720%2C540&ssl=1&resize=700%2C400 2x"},"classes":[]},{"id":9975,"url":"https:\/\/www.robertosedda.it\/?p=9975","url_meta":{"origin":6715,"position":2},"title":"Incontru a nuove pagine di vita","author":"Rufus","date":"15\/04\/2015","format":false,"excerpt":"Non ero mai stato al rito de S'incontru anche se naturalmente sapevo che in molti paesi della Sardegna \u00e8 una parte importante dei riti di Pasqua. Avevo visto delle foto conservate nella casa di Orani (la Pasqua del 1961, credo) e ne avevo sentito parlare, ma non c'ero mai stato,\u2026","rel":"","context":"In &quot;Coordinate&quot;","block_context":{"text":"Coordinate","link":"https:\/\/www.robertosedda.it\/?cat=52"},"img":{"alt_text":"","src":"https:\/\/i0.wp.com\/www.robertosedda.it\/wp-content\/uploads\/2015\/04\/Raganella.jpg?fit=768%2C1024&ssl=1&resize=350%2C200","width":350,"height":200,"srcset":"https:\/\/i0.wp.com\/www.robertosedda.it\/wp-content\/uploads\/2015\/04\/Raganella.jpg?fit=768%2C1024&ssl=1&resize=350%2C200 1x, https:\/\/i0.wp.com\/www.robertosedda.it\/wp-content\/uploads\/2015\/04\/Raganella.jpg?fit=768%2C1024&ssl=1&resize=700%2C400 2x"},"classes":[]},{"id":17237,"url":"https:\/\/www.robertosedda.it\/?p=17237","url_meta":{"origin":6715,"position":3},"title":"Ma lei \u00e8 quello&#8230;","author":"Rufus","date":"13\/09\/2019","format":false,"excerpt":"Il 21 e 22 settembre apriamo casa ad Orani!","rel":"","context":"In &quot;Coordinate&quot;","block_context":{"text":"Coordinate","link":"https:\/\/www.robertosedda.it\/?cat=52"},"img":{"alt_text":"","src":"https:\/\/i0.wp.com\/www.robertosedda.it\/wp-content\/uploads\/2019\/09\/Orani-Cortes-Apertas.png?fit=552%2C804&ssl=1&resize=350%2C200","width":350,"height":200},"classes":[]},{"id":10123,"url":"https:\/\/www.robertosedda.it\/?p=10123","url_meta":{"origin":6715,"position":4},"title":"Nuove foto Delitala (e poi basta, prometto)","author":"Rufus","date":"27\/04\/2015","format":"gallery","excerpt":"Frugando nella memoria della macchina fotografica per pubblicare le foto del raduno Delitala di Orani mi sono imbattuto in una cartella risalente ai primi di marzo, nella quale c'erano foto scattate il giorno che siamo andati a provare il ristorante dove poi domenica scorsa abbiamo mangiato (provare preventivamente la qualit\u00e0\u2026","rel":"","context":"In &quot;Coordinate&quot;","block_context":{"text":"Coordinate","link":"https:\/\/www.robertosedda.it\/?cat=52"},"img":{"alt_text":"","src":"https:\/\/i0.wp.com\/www.robertosedda.it\/wp-content\/uploads\/2015\/04\/2015-03-01-13.25.42.jpg?fit=1024%2C768&ssl=1&resize=350%2C200","width":350,"height":200,"srcset":"https:\/\/i0.wp.com\/www.robertosedda.it\/wp-content\/uploads\/2015\/04\/2015-03-01-13.25.42.jpg?fit=1024%2C768&ssl=1&resize=350%2C200 1x, https:\/\/i0.wp.com\/www.robertosedda.it\/wp-content\/uploads\/2015\/04\/2015-03-01-13.25.42.jpg?fit=1024%2C768&ssl=1&resize=700%2C400 2x"},"classes":[]},{"id":9372,"url":"https:\/\/www.robertosedda.it\/?p=9372","url_meta":{"origin":6715,"position":5},"title":"Due libri su Orani","author":"Rufus","date":"12\/01\/2015","format":false,"excerpt":"Invidio molto mia mamma alla quale \u00e8 stato appena regalato\u00a0Costantino Nivola. Ritorno a Itaca di Carlo Bavagnoli. Si tratta di un bellissimo libro fotografico che si giova oltretutto del fatto che documenta un momento davvero particolare della vita della Sardegna e in particolare di Orani. Le foto di Bavagnoli, in\u2026","rel":"","context":"In &quot;Coordinate&quot;","block_context":{"text":"Coordinate","link":"https:\/\/www.robertosedda.it\/?cat=52"},"img":{"alt_text":"","src":"https:\/\/i0.wp.com\/www.robertosedda.it\/wp-content\/uploads\/2015\/01\/Bavagnoli-Nivola-5.png?fit=482%2C480&ssl=1&resize=350%2C200","width":350,"height":200},"classes":[]}],"_links":{"self":[{"href":"https:\/\/www.robertosedda.it\/index.php?rest_route=\/wp\/v2\/posts\/6715"}],"collection":[{"href":"https:\/\/www.robertosedda.it\/index.php?rest_route=\/wp\/v2\/posts"}],"about":[{"href":"https:\/\/www.robertosedda.it\/index.php?rest_route=\/wp\/v2\/types\/post"}],"author":[{"embeddable":true,"href":"https:\/\/www.robertosedda.it\/index.php?rest_route=\/wp\/v2\/users\/1"}],"replies":[{"embeddable":true,"href":"https:\/\/www.robertosedda.it\/index.php?rest_route=%2Fwp%2Fv2%2Fcomments&post=6715"}],"version-history":[{"count":9,"href":"https:\/\/www.robertosedda.it\/index.php?rest_route=\/wp\/v2\/posts\/6715\/revisions"}],"predecessor-version":[{"id":19303,"href":"https:\/\/www.robertosedda.it\/index.php?rest_route=\/wp\/v2\/posts\/6715\/revisions\/19303"}],"wp:featuredmedia":[{"embeddable":true,"href":"https:\/\/www.robertosedda.it\/index.php?rest_route=\/wp\/v2\/media\/6775"}],"wp:attachment":[{"href":"https:\/\/www.robertosedda.it\/index.php?rest_route=%2Fwp%2Fv2%2Fmedia&parent=6715"}],"wp:term":[{"taxonomy":"category","embeddable":true,"href":"https:\/\/www.robertosedda.it\/index.php?rest_route=%2Fwp%2Fv2%2Fcategories&post=6715"},{"taxonomy":"post_tag","embeddable":true,"href":"https:\/\/www.robertosedda.it\/index.php?rest_route=%2Fwp%2Fv2%2Ftags&post=6715"}],"curies":[{"name":"wp","href":"https:\/\/api.w.org\/{rel}","templated":true}]}}