{"id":6603,"date":"2014-02-28T08:18:32","date_gmt":"2014-02-28T07:18:32","guid":{"rendered":"http:\/\/www.robertosedda.it\/?p=6603"},"modified":"2014-03-16T09:06:59","modified_gmt":"2014-03-16T08:06:59","slug":"un-breve-e-bizzarro-avviso-terminologico","status":"publish","type":"post","link":"https:\/\/www.robertosedda.it\/?p=6603","title":{"rendered":"Un breve e bizzarro avviso terminologico"},"content":{"rendered":"<p><a href=\"https:\/\/i0.wp.com\/www.robertosedda.it\/wp-content\/uploads\/2014\/02\/Roberto-Sedda.jpg\"><img data-attachment-id=\"6357\" data-permalink=\"https:\/\/www.robertosedda.it\/?attachment_id=6357\" data-orig-file=\"https:\/\/i0.wp.com\/www.robertosedda.it\/wp-content\/uploads\/2014\/02\/Roberto-Sedda.jpg?fit=477%2C720&amp;ssl=1\" data-orig-size=\"477,720\" data-comments-opened=\"1\" data-image-meta=\"{&quot;aperture&quot;:&quot;0&quot;,&quot;credit&quot;:&quot;&quot;,&quot;camera&quot;:&quot;&quot;,&quot;caption&quot;:&quot;&quot;,&quot;created_timestamp&quot;:&quot;0&quot;,&quot;copyright&quot;:&quot;&quot;,&quot;focal_length&quot;:&quot;0&quot;,&quot;iso&quot;:&quot;0&quot;,&quot;shutter_speed&quot;:&quot;0&quot;,&quot;title&quot;:&quot;&quot;}\" data-image-title=\"Roberto Sedda\" data-image-description=\"\" data-image-caption=\"\" data-medium-file=\"https:\/\/i0.wp.com\/www.robertosedda.it\/wp-content\/uploads\/2014\/02\/Roberto-Sedda.jpg?fit=198%2C300&amp;ssl=1\" data-large-file=\"https:\/\/i0.wp.com\/www.robertosedda.it\/wp-content\/uploads\/2014\/02\/Roberto-Sedda.jpg?fit=477%2C720&amp;ssl=1\" decoding=\"async\" loading=\"lazy\" class=\"size-medium wp-image-6357 alignright\" alt=\"Roberto Sedda\" src=\"https:\/\/i0.wp.com\/www.robertosedda.it\/wp-content\/uploads\/2014\/02\/Roberto-Sedda.jpg?resize=198%2C300\" width=\"198\" height=\"300\" srcset=\"https:\/\/i0.wp.com\/www.robertosedda.it\/wp-content\/uploads\/2014\/02\/Roberto-Sedda.jpg?resize=198%2C300&amp;ssl=1 198w, https:\/\/i0.wp.com\/www.robertosedda.it\/wp-content\/uploads\/2014\/02\/Roberto-Sedda.jpg?resize=99%2C150&amp;ssl=1 99w, https:\/\/i0.wp.com\/www.robertosedda.it\/wp-content\/uploads\/2014\/02\/Roberto-Sedda.jpg?w=477&amp;ssl=1 477w\" sizes=\"(max-width: 198px) 100vw, 198px\" data-recalc-dims=\"1\" \/><\/a>Una delle cose che mi piace moltissimo dei soci spagnoli di Banca Etica \u00e8 che usano con grandissima facilit\u00e0 una parola che in italiano ha conosciuto una sfortuna crescente: <em>compa\u00f1ero<\/em>, compagno, e che evidentemente da loro ha resistito meglio alle avversit\u00e0 della storia.<\/p>\n<p>E quindi ho deciso che se lo fanno loro lo posso fare anch&#8217;io: d&#8217;ora in poi il\u00a0 mio termine ufficiale per rivolgermi ad altri dentro la Banca (e credo anche altrove, quanto meno fra i <em>Fabbricastorie<\/em>) sar\u00e0 <em>compagno<\/em> o <em>compagna<\/em>. Senza troppi riferimenti politici\u00a0(diciamo: giusto un pochino).<\/p>\n<p>Dopotutto se c&#8217;\u00e8 chi risuscita il <em>cittadino<\/em> possiamo ben accelerare il flusso della storia e passare direttamente ai &#8220;compagni&#8221;\u00a0(sperando magari di poter saltare i <em>camerati<\/em>).<\/p>\n<p>E quindi,\u00a0\u00a0compagni e compagne, siete avvisati.<\/p>\n","protected":false},"excerpt":{"rendered":"<p>Una delle cose che mi piace moltissimo dei soci spagnoli di Banca Etica \u00e8 che usano con grandissima facilit\u00e0 una<\/p>\n","protected":false},"author":1,"featured_media":6357,"comment_status":"open","ping_status":"open","sticky":false,"template":"","format":"standard","meta":{"_mi_skip_tracking":false,"_monsterinsights_sitenote_active":false,"_monsterinsights_sitenote_note":"","_monsterinsights_sitenote_category":0,"jetpack_post_was_ever_published":false,"_jetpack_newsletter_access":"","jetpack_publicize_message":"","jetpack_is_tweetstorm":false,"jetpack_publicize_feature_enabled":true,"jetpack_social_post_already_shared":true,"jetpack_social_options":{"image_generator_settings":{"template":"highway","enabled":false}}},"categories":[52,53,75,18,16],"tags":[],"jetpack_publicize_connections":[],"jetpack_featured_media_url":"https:\/\/i0.wp.com\/www.robertosedda.it\/wp-content\/uploads\/2014\/02\/Roberto-Sedda.jpg?fit=477%2C720&ssl=1","jetpack_sharing_enabled":true,"jetpack_shortlink":"https:\/\/wp.me\/p4jV2T-1Iv","jetpack_likes_enabled":true,"jetpack-related-posts":[{"id":10839,"url":"https:\/\/www.robertosedda.it\/?p=10839","url_meta":{"origin":6603,"position":0},"title":"Stretti crinali","author":"Rufus","date":"16\/09\/2015","format":false,"excerpt":"Ho scritto oggi per varie questioni ai coordinatori dei gruppi dei soci di Banca Etica del centro Italia e nella mail ho incluso una poesia, che in realt\u00e0 ho gi\u00e0 postato a suo tempo qui sul\u00a0blog I GIACIGLI PER LA NOTTE Ho sentito dire che a New York all'angolo della\u2026","rel":"","context":"In &quot;Coordinate&quot;","block_context":{"text":"Coordinate","link":"https:\/\/www.robertosedda.it\/?cat=52"},"img":{"alt_text":"","src":"https:\/\/i0.wp.com\/www.robertosedda.it\/wp-content\/uploads\/2015\/09\/Brecht.jpg?fit=405%2C350&ssl=1&resize=350%2C200","width":350,"height":200},"classes":[]},{"id":20504,"url":"https:\/\/www.robertosedda.it\/?p=20504","url_meta":{"origin":6603,"position":1},"title":"Di candidature","author":"Rufus","date":"11\/06\/2024","format":false,"excerpt":"Sui selfie possiamo migliorare La settimana scorsa ho accettato la proposta di alcune compagne e compagni della CGIL di candidarmi al Senato Accademico dell'Universit\u00e0 di Cagliari. Siccome il blog, come sapete, serve soprattutto a me per conservare le cose che scrivo e tenere conto delle cose che faccio, pubblico qui\u2026","rel":"","context":"In &quot;Coordinate&quot;","block_context":{"text":"Coordinate","link":"https:\/\/www.robertosedda.it\/?cat=52"},"img":{"alt_text":"","src":"https:\/\/i0.wp.com\/www.robertosedda.it\/wp-content\/uploads\/2024\/06\/IMG_20201123_132353-scaled.jpg?fit=1200%2C900&ssl=1&resize=350%2C200","width":350,"height":200,"srcset":"https:\/\/i0.wp.com\/www.robertosedda.it\/wp-content\/uploads\/2024\/06\/IMG_20201123_132353-scaled.jpg?fit=1200%2C900&ssl=1&resize=350%2C200 1x, https:\/\/i0.wp.com\/www.robertosedda.it\/wp-content\/uploads\/2024\/06\/IMG_20201123_132353-scaled.jpg?fit=1200%2C900&ssl=1&resize=700%2C400 2x, https:\/\/i0.wp.com\/www.robertosedda.it\/wp-content\/uploads\/2024\/06\/IMG_20201123_132353-scaled.jpg?fit=1200%2C900&ssl=1&resize=1050%2C600 3x"},"classes":[]},{"id":16307,"url":"https:\/\/www.robertosedda.it\/?p=16307","url_meta":{"origin":6603,"position":2},"title":"Chiusure evitabili?","author":"Rufus","date":"05\/03\/2019","format":false,"excerpt":"Segnalo un articolo (in inglese, purtroppo, per eventuali difficolt\u00e0 chiedete in privato) col quale il responsabile di un grosso studio di produzione di eventi di gioco di ruolo dal vivo (e quando dico \"grossi\" intendo grossi) comunica la chiusura delle attivit\u00e0 per l'impossibilit\u00e0 di reggere ulteriormente il dissesto finanziario. A\u2026","rel":"","context":"In &quot;Segnalazioni&quot;","block_context":{"text":"Segnalazioni","link":"https:\/\/www.robertosedda.it\/?cat=95"},"img":{"alt_text":"","src":"https:\/\/i0.wp.com\/www.robertosedda.it\/wp-content\/uploads\/2019\/03\/Dziobak.jpg?fit=1200%2C800&ssl=1&resize=350%2C200","width":350,"height":200,"srcset":"https:\/\/i0.wp.com\/www.robertosedda.it\/wp-content\/uploads\/2019\/03\/Dziobak.jpg?fit=1200%2C800&ssl=1&resize=350%2C200 1x, https:\/\/i0.wp.com\/www.robertosedda.it\/wp-content\/uploads\/2019\/03\/Dziobak.jpg?fit=1200%2C800&ssl=1&resize=700%2C400 2x, https:\/\/i0.wp.com\/www.robertosedda.it\/wp-content\/uploads\/2019\/03\/Dziobak.jpg?fit=1200%2C800&ssl=1&resize=1050%2C600 3x"},"classes":[]},{"id":14384,"url":"https:\/\/www.robertosedda.it\/?p=14384","url_meta":{"origin":6603,"position":3},"title":"Quel che ho detto al convegno &#8220;Pace &#8211; Lavoro &#8211; Sviluppo&#8221; di Iglesias","author":"Rufus","date":"06\/12\/2017","format":false,"excerpt":"Domenica scorsa in compagnia di un po' di soci di Banca Etica sono andato al Convegno\u00a0Pace - Lavoro - Sviluppo dedicato al tema della riconversione della fabbrica di Domusnovas della RWM. Al convegno hanno preso la parola molti relatori, tanti di alto livello. Fra quelli che hanno parlato ma che\u2026","rel":"","context":"In &quot;Banche e finanza&quot;","block_context":{"text":"Banche e finanza","link":"https:\/\/www.robertosedda.it\/?cat=72"},"img":{"alt_text":"","src":"https:\/\/i0.wp.com\/www.robertosedda.it\/wp-content\/uploads\/2017\/12\/Arcobaleno.jpg?fit=510%2C458&ssl=1&resize=350%2C200","width":350,"height":200},"classes":[]},{"id":12183,"url":"https:\/\/www.robertosedda.it\/?p=12183","url_meta":{"origin":6603,"position":4},"title":"La cultura non si affonda","author":"Rufus","date":"29\/06\/2016","format":"video","excerpt":"Chi segue questo\u00a0blog sa che apprezzo molto la compagnia teatrale\u00a0\u00e7\u00e0jka e Francesco Origo, e in particolare il lavoro che fanno durante l'estate con i\u00a0Teatridimare. Quest'anno i Teatridimare si rivolgono al loro pubblico non solo nei modi usuali (\u00abveniteci a vedere\u00bb, diciamo), ma anche con una richiesta di supporto diretto, con\u2026","rel":"","context":"In &quot;Coordinate&quot;","block_context":{"text":"Coordinate","link":"https:\/\/www.robertosedda.it\/?cat=52"},"img":{"alt_text":"","src":"https:\/\/i0.wp.com\/img.youtube.com\/vi\/ZA6sVLCg0VI\/0.jpg?resize=350%2C200","width":350,"height":200},"classes":[]},{"id":11415,"url":"https:\/\/www.robertosedda.it\/?p=11415","url_meta":{"origin":6603,"position":5},"title":"Troppo da perdere","author":"Rufus","date":"19\/01\/2016","format":false,"excerpt":"Riflettevo in questi giorni ai tempi beati in cui non avevo il carico di nessuno. Lo dico dal punto di vista associativo o politico, naturalmente, anche se la cosa si applica anche all'ambito familiare: \u00e8 quella situazione\u00a0per la quale prima di fare una cosa ti senti costretto a considerare le\u2026","rel":"","context":"In &quot;Coordinate&quot;","block_context":{"text":"Coordinate","link":"https:\/\/www.robertosedda.it\/?cat=52"},"img":{"alt_text":"","src":"https:\/\/i0.wp.com\/www.robertosedda.it\/wp-content\/uploads\/2013\/10\/Rufus-clown.jpg?fit=604%2C415&ssl=1&resize=350%2C200","width":350,"height":200},"classes":[]}],"_links":{"self":[{"href":"https:\/\/www.robertosedda.it\/index.php?rest_route=\/wp\/v2\/posts\/6603"}],"collection":[{"href":"https:\/\/www.robertosedda.it\/index.php?rest_route=\/wp\/v2\/posts"}],"about":[{"href":"https:\/\/www.robertosedda.it\/index.php?rest_route=\/wp\/v2\/types\/post"}],"author":[{"embeddable":true,"href":"https:\/\/www.robertosedda.it\/index.php?rest_route=\/wp\/v2\/users\/1"}],"replies":[{"embeddable":true,"href":"https:\/\/www.robertosedda.it\/index.php?rest_route=%2Fwp%2Fv2%2Fcomments&post=6603"}],"version-history":[{"count":2,"href":"https:\/\/www.robertosedda.it\/index.php?rest_route=\/wp\/v2\/posts\/6603\/revisions"}],"predecessor-version":[{"id":6605,"href":"https:\/\/www.robertosedda.it\/index.php?rest_route=\/wp\/v2\/posts\/6603\/revisions\/6605"}],"wp:featuredmedia":[{"embeddable":true,"href":"https:\/\/www.robertosedda.it\/index.php?rest_route=\/wp\/v2\/media\/6357"}],"wp:attachment":[{"href":"https:\/\/www.robertosedda.it\/index.php?rest_route=%2Fwp%2Fv2%2Fmedia&parent=6603"}],"wp:term":[{"taxonomy":"category","embeddable":true,"href":"https:\/\/www.robertosedda.it\/index.php?rest_route=%2Fwp%2Fv2%2Fcategories&post=6603"},{"taxonomy":"post_tag","embeddable":true,"href":"https:\/\/www.robertosedda.it\/index.php?rest_route=%2Fwp%2Fv2%2Ftags&post=6603"}],"curies":[{"name":"wp","href":"https:\/\/api.w.org\/{rel}","templated":true}]}}