{"id":6599,"date":"2014-02-27T11:38:59","date_gmt":"2014-02-27T10:38:59","guid":{"rendered":"http:\/\/www.robertosedda.it\/?p=6599"},"modified":"2014-03-18T10:47:37","modified_gmt":"2014-03-18T09:47:37","slug":"sono-di-nuovo-alla-caccia-di-suggerimenti-musicali-fatevi-avanti","status":"publish","type":"post","link":"https:\/\/www.robertosedda.it\/?p=6599","title":{"rendered":"Sono di nuovo alla caccia di suggerimenti musicali: fatevi avanti!"},"content":{"rendered":"<p>A met\u00e0 marzo inizier\u00f2 un nuovo ciclo di trasmissioni di <em>Oggi parliamo di libri<\/em> in cui parler\u00f2 dei libri del cuore di tutti noi che lavoriamo alla radio: tecnici, giornalisti e tutti quelli che curano i programmi dedicati alla comunicazione, i viaggi, la salute, l&#8217;arte sacra e cos\u00ec via e che vanno in onda nella mia stessa fascia oraria.<\/p>\n<p>Come da tradizione del <em>blog<\/em> mi rivolgo a tutti i frequentatori per farmi suggerire quali brani musicali accoppiare a ciascun libro: ogni puntata, un libro e una canzone. Non avete limiti di genere, periodo o musicista: solo ci deve essere una qualche attinenza con il libro presentato di volta in volta.\u00a0 L&#8217;altra volta ho avuto delle belle sorprese, per esempio la scoperta di Zaz, e spero di essere stupito anche questa volta.<\/p>\n<div class=\"jetpack-video-wrapper\"><span class=\"embed-youtube\" style=\"text-align:center; display: block;\"><iframe class=\"youtube-player\" width=\"800\" height=\"450\" src=\"https:\/\/www.youtube.com\/embed\/7dtn9Gk4Q_E?version=3&#038;rel=1&#038;showsearch=0&#038;showinfo=1&#038;iv_load_policy=1&#038;fs=1&#038;hl=it-IT&#038;autohide=2&#038;wmode=transparent\" allowfullscreen=\"true\" style=\"border:0;\" sandbox=\"allow-scripts allow-same-origin allow-popups allow-presentation\"><\/iframe><\/span><\/div>\n<p>Per il momento sono sicuro di presentare i libri qui sotto in elenco, ma alcuni devono ancora inviarmi le loro segnalazioni\u00a0e quindi la lista finale sar\u00e0 pi\u00f9 lunga (non vi rivelo quale personaggio di <em>Radio Kalaritana<\/em> ha scelto ciascun libro, sono piccole sorprese che mi riservo di svelare man mano). Anche l&#8217;ordine delle puntate non sar\u00e0 quello che vedete adesso nell&#8217;elenco.<\/p>\n<h2>I libri di cui parler\u00f2 da met\u00e0 marzo in poi<\/h2>\n<ol>\n<li><em><strong>Il prigioniero di<\/strong> <strong>Zenda<\/strong><\/em> &#8211; Anthony Hope<\/li>\n<li><strong><em>Kitchen<\/em> <\/strong>&#8211; Banana Yoshimoto<\/li>\n<li><strong><em>L&#8217;ombra del vento<\/em><\/strong> &#8211; Carlo Ruiz Zaf\u00f3n<\/li>\n<li><strong><em>Io non ho pau<\/em><\/strong>ra &#8211; Niccol\u00f2 Ammaniti<\/li>\n<li><strong><em>Open<\/em> <\/strong>&#8211; Andre Agassi<\/li>\n<li><strong><em>La fine \u00e8 il mio inizio<\/em> <\/strong>&#8211; Tiziano Terzani<\/li>\n<li><strong><em>Il nome della rosa<\/em> <\/strong>&#8211; Umberto Eco<\/li>\n<li><strong><em>Venuto al mondo<\/em> <\/strong>&#8211; Margaret Mazzantini<\/li>\n<li><strong><em>Emma<\/em><\/strong> &#8211; Jane Austen<\/li>\n<li><strong><em>Canne al vento<\/em> <\/strong>&#8211; Grazia Deledda<\/li>\n<\/ol>\n","protected":false},"excerpt":{"rendered":"<p>A met\u00e0 marzo inizier\u00f2 un nuovo ciclo di trasmissioni di Oggi parliamo di libri in cui parler\u00f2 dei libri del<\/p>\n","protected":false},"author":1,"featured_media":0,"comment_status":"open","ping_status":"open","sticky":false,"template":"","format":"video","meta":{"_mi_skip_tracking":false,"_monsterinsights_sitenote_active":false,"_monsterinsights_sitenote_note":"","_monsterinsights_sitenote_category":0,"jetpack_post_was_ever_published":false,"_jetpack_newsletter_access":"","jetpack_publicize_message":"","jetpack_is_tweetstorm":false,"jetpack_publicize_feature_enabled":true,"jetpack_social_post_already_shared":true,"jetpack_social_options":{"image_generator_settings":{"template":"highway","enabled":false}}},"categories":[52,53,89,17,16],"tags":[],"jetpack_publicize_connections":[],"jetpack_featured_media_url":"","jetpack_sharing_enabled":true,"jetpack_shortlink":"https:\/\/wp.me\/p4jV2T-1Ir","jetpack_likes_enabled":true,"jetpack-related-posts":[{"id":7487,"url":"https:\/\/www.robertosedda.it\/?p=7487","url_meta":{"origin":6599,"position":0},"title":"Cose che si scoprono facendosi consigliare libri","author":"Rufus","date":"20\/05\/2014","format":"video","excerpt":"Io non ho paura\u00a0(Niccol\u00f2 Ammaniti, Einaudi 2001) a\u00a0Oggi parliamo di libri Con\u00a0Io non ho paura, come avrete sentito, ho avviato un nuovo ciclo di puntate di\u00a0Oggi parliamo di libri, in cui presento di volta in volta il \"libro del cuore\" di diversi colleghi collaboratori della radio. \u00c8 un ciclo di\u2026","rel":"","context":"In &quot;Coordinate&quot;","block_context":{"text":"Coordinate","link":"https:\/\/www.robertosedda.it\/?cat=52"},"img":{"alt_text":"","src":"https:\/\/i0.wp.com\/img.youtube.com\/vi\/6K9kX454kQA\/0.jpg?resize=350%2C200","width":350,"height":200},"classes":[]},{"id":9808,"url":"https:\/\/www.robertosedda.it\/?p=9808","url_meta":{"origin":6599,"position":1},"title":"Playlist da ascoltare mentre si leggono libri","author":"Rufus","date":"19\/03\/2015","format":"video","excerpt":"Ho lavorato oggi un pochetto sul mio canale\u00a0Youtube\u00a0(cosa che faccio pi\u00f9 o meno ogni tre anni) e ho preparato delle\u00a0playlist che raccolgono la musica utilizzata nelle varie stagioni di\u00a0Oggi parliamo di libri. Le metto anche qui sul\u00a0blog, perch\u00e9 magari per qualcuno possono essere divertenti.\u00a0Potete anche chiedervi quale possa\u00a0mai essere il\u2026","rel":"","context":"In &quot;Coordinate&quot;","block_context":{"text":"Coordinate","link":"https:\/\/www.robertosedda.it\/?cat=52"},"img":{"alt_text":"","src":"https:\/\/i0.wp.com\/img.youtube.com\/vi\/PL_THzLxZBsppKtvbNprReZW9KSsstQxgT\/0.jpg?resize=350%2C200","width":350,"height":200},"classes":[]},{"id":3241,"url":"https:\/\/www.robertosedda.it\/?p=3241","url_meta":{"origin":6599,"position":2},"title":"Quel primitivo di Jack London","author":"Rufus","date":"21\/05\/2013","format":"video","excerpt":"Ho messo in linea oggi la puntata di Oggi parliamo di libri dedicata a Jack London e al Il richiamo della foresta. Come ho spiegato in trasmissione la puntata doveva essere dedicata al western e poi ho parzialmente cambiato obiettivo: in London infatti non c'\u00e8 tanto una riflessione sul West\u2026","rel":"","context":"In &quot;Coordinate&quot;","block_context":{"text":"Coordinate","link":"https:\/\/www.robertosedda.it\/?cat=52"},"img":{"alt_text":"","src":"https:\/\/i0.wp.com\/img.youtube.com\/vi\/9QTWkpWFFzs\/0.jpg?resize=350%2C200","width":350,"height":200},"classes":[]},{"id":9751,"url":"https:\/\/www.robertosedda.it\/?p=9751","url_meta":{"origin":6599,"position":3},"title":"Il momento della pausa musicale, di nuovo","author":"Rufus","date":"08\/03\/2015","format":"video","excerpt":"La settimana prossima registro quattro nuove puntate di Oggi parliamo di libri e mi \u00e8 venuta voglia di nuovo di chiedervi consiglio sui brani musicali da utilizzare come pausa e commento. Le quattro puntate saranno dedicate: Ai libretti d'opera; lo so che qui i suggerimenti sembrano ovvi, ma voi stupitemi...\u2026","rel":"","context":"In &quot;Coordinate&quot;","block_context":{"text":"Coordinate","link":"https:\/\/www.robertosedda.it\/?cat=52"},"img":{"alt_text":"","src":"https:\/\/i0.wp.com\/img.youtube.com\/vi\/lASwxqAlnFs\/0.jpg?resize=350%2C200","width":350,"height":200},"classes":[]},{"id":2512,"url":"https:\/\/www.robertosedda.it\/?p=2512","url_meta":{"origin":6599,"position":4},"title":"La storia infinita a &#8220;Oggi parliamo di libri&#8221;","author":"Rufus","date":"10\/03\/2013","format":"video","excerpt":"Ho pubblicato oggi la puntata di Oggi parliamo di libri dedicata a La storia infinita. Questa era la puntata del 21 febbraio, quindi ho quasi smaltito l'arretrato: presto sar\u00f2 in grado di pubblicare le puntate volta per volta (e voi non sarete pi\u00f9 subissati di post con le registrazioni). Sono\u2026","rel":"","context":"In &quot;Coordinate&quot;","block_context":{"text":"Coordinate","link":"https:\/\/www.robertosedda.it\/?cat=52"},"img":{"alt_text":"","src":"https:\/\/i0.wp.com\/img.youtube.com\/vi\/JBrr-FbFUew\/0.jpg?resize=350%2C200","width":350,"height":200},"classes":[]},{"id":10253,"url":"https:\/\/www.robertosedda.it\/?p=10253","url_meta":{"origin":6599,"position":5},"title":"Gabriella, garofano e cannella","author":"Rufus","date":"25\/05\/2015","format":"video","excerpt":"Anni fa, quando ero ragazzino, la mia famiglia impazz\u00ec collettivamente per Jorge Amado. Credo che la prima a prendersi la passione fu mia zia Laura, o forse zia Lina. Dalle loro case romane l'eco di questo autore giunse fino a Enrica, e infine a mia mamma. C'erano libri di Amado\u2026","rel":"","context":"In &quot;Coordinate&quot;","block_context":{"text":"Coordinate","link":"https:\/\/www.robertosedda.it\/?cat=52"},"img":{"alt_text":"","src":"https:\/\/i0.wp.com\/img.youtube.com\/vi\/DW_seP5h6uc\/0.jpg?resize=350%2C200","width":350,"height":200},"classes":[]}],"_links":{"self":[{"href":"https:\/\/www.robertosedda.it\/index.php?rest_route=\/wp\/v2\/posts\/6599"}],"collection":[{"href":"https:\/\/www.robertosedda.it\/index.php?rest_route=\/wp\/v2\/posts"}],"about":[{"href":"https:\/\/www.robertosedda.it\/index.php?rest_route=\/wp\/v2\/types\/post"}],"author":[{"embeddable":true,"href":"https:\/\/www.robertosedda.it\/index.php?rest_route=\/wp\/v2\/users\/1"}],"replies":[{"embeddable":true,"href":"https:\/\/www.robertosedda.it\/index.php?rest_route=%2Fwp%2Fv2%2Fcomments&post=6599"}],"version-history":[{"count":3,"href":"https:\/\/www.robertosedda.it\/index.php?rest_route=\/wp\/v2\/posts\/6599\/revisions"}],"predecessor-version":[{"id":6602,"href":"https:\/\/www.robertosedda.it\/index.php?rest_route=\/wp\/v2\/posts\/6599\/revisions\/6602"}],"wp:attachment":[{"href":"https:\/\/www.robertosedda.it\/index.php?rest_route=%2Fwp%2Fv2%2Fmedia&parent=6599"}],"wp:term":[{"taxonomy":"category","embeddable":true,"href":"https:\/\/www.robertosedda.it\/index.php?rest_route=%2Fwp%2Fv2%2Fcategories&post=6599"},{"taxonomy":"post_tag","embeddable":true,"href":"https:\/\/www.robertosedda.it\/index.php?rest_route=%2Fwp%2Fv2%2Ftags&post=6599"}],"curies":[{"name":"wp","href":"https:\/\/api.w.org\/{rel}","templated":true}]}}